{"id":887738,"date":"2025-03-14T17:30:26","date_gmt":"2025-03-14T20:30:26","guid":{"rendered":"https:\/\/bahiaeconomica.com.br\/wp\/?p=887738"},"modified":"2025-03-14T17:14:16","modified_gmt":"2025-03-14T20:14:16","slug":"faturamento-da-industria-cresce-33-em-janeiro","status":"publish","type":"post","link":"https:\/\/bahiaeconomica.com.br\/wp\/2025\/03\/14\/faturamento-da-industria-cresce-33-em-janeiro\/","title":{"rendered":"FATURAMENTO DA IND\u00daSTRIA CRESCE 3,3% EM JANEIRO"},"content":{"rendered":"<p>Embalada pelo aquecimento da produ\u00e7\u00e3o e do consumo, o faturamento real (descontada a infla\u00e7\u00e3o) da ind\u00fastria de transforma\u00e7\u00e3o cresceu 3,3% em janeiro, divulgou nesta sexta-feira (14) a pesquisa Indicadores Industriais, da Confedera\u00e7\u00e3o Nacional da Ind\u00fastria (CNI). Em rela\u00e7\u00e3o a janeiro do ano passado, o faturamento subiu 12,8%.<\/p>\n<p>Segundo a CNI, a demanda por bens industrializados continua alta, o que se reflete no faturamento. A entidade, no entanto, adverte que ser\u00e1 dif\u00edcil manter esse ritmo por causa da desacelera\u00e7\u00e3o da economia provocada pelo aumento dos juros.<\/p>\n<p>O n\u00famero de horas trabalhadas na produ\u00e7\u00e3o cresceu 1,9% em janeiro na compara\u00e7\u00e3o com dezembro, revertendo a queda de 1,4% nos dois meses anteriores. Em rela\u00e7\u00e3o a janeiro de 2024, o indicador acumula alta de 5,4%.<\/p>\n<p>A utiliza\u00e7\u00e3o da capacidade instalada (UCI) manteve-se em 78,2% em janeiro na compara\u00e7\u00e3o com dezembro, na s\u00e9rie livre de efeitos sazonais (sem oscila\u00e7\u00f5es t\u00edpicas da \u00e9poca do ano). Em rela\u00e7\u00e3o a janeiro do ano passado, a UCI caiu 0,8 ponto percentual.<\/p>\n<p>O bom desempenho da ind\u00fastria, no entanto, n\u00e3o se reflete com tanta intensidade no mercado de trabalho. Em janeiro, o n\u00famero de postos de trabalho ativos no setor cresceu apenas 0,1%. A massa salarial caiu 0,3%, e o rendimento m\u00e9dio do trabalhador industrial caiu 0,8%. Segundo a CNI, a expectativa \u00e9 de interrup\u00e7\u00e3o da alta do emprego industrial por causa do aumento dos juros.<\/p>\n<p>Foto: CNI\/Jos\u00e9 Paulo Lacerda\/Direitos reservados<\/p>\n","protected":false},"excerpt":{"rendered":"<p>Embalada pelo aquecimento da produ\u00e7\u00e3o e do consumo, o faturamento real (descontada a infla\u00e7\u00e3o) da ind\u00fastria de transforma\u00e7\u00e3o cresceu 3,3% em janeiro, divulgou nesta sexta-feira (14) a pesquisa Indicadores Industriais, da Confedera\u00e7\u00e3o Nacional da Ind\u00fastria (CNI). Em rela\u00e7\u00e3o a janeiro do ano passado, o faturamento subiu 12,8%. Segundo a CNI, a demanda por bens industrializados [&hellip;]<\/p>\n","protected":false},"author":15,"featured_media":887739,"comment_status":"closed","ping_status":"closed","sticky":false,"template":"","format":"standard","meta":[],"categories":[3],"tags":[2241,12297],"acf":[],"yoast_head":"<!-- This site is optimized with the Yoast SEO plugin v20.8 - https:\/\/yoast.com\/wordpress\/plugins\/seo\/ -->\n<title>FATURAMENTO DA IND\u00daSTRIA CRESCE 3,3% EM JANEIRO - Bahia Economica<\/title>\n<meta name=\"description\" content=\"O maior portal de Economia da Bahia ECONOMIA \/ POL\u00cdTICA Bahia Economica Embalada pelo aquecimento da produ\u00e7\u00e3o e do consumo,\" \/>\n<meta name=\"robots\" content=\"index, follow, max-snippet:-1, max-image-preview:large, max-video-preview:-1\" \/>\n<link rel=\"canonical\" href=\"https:\/\/bahiaeconomica.com.br\/wp\/2025\/03\/14\/faturamento-da-industria-cresce-33-em-janeiro\/\" \/>\n<meta property=\"og:locale\" content=\"pt_BR\" \/>\n<meta property=\"og:type\" content=\"article\" \/>\n<meta property=\"og:title\" content=\"FATURAMENTO DA IND\u00daSTRIA CRESCE 3,3% EM JANEIRO - Bahia Economica\" \/>\n<meta property=\"og:description\" content=\"O maior portal de Economia da Bahia ECONOMIA \/ POL\u00cdTICA Bahia Economica Embalada pelo aquecimento da produ\u00e7\u00e3o e do consumo,\" \/>\n<meta property=\"og:url\" content=\"https:\/\/bahiaeconomica.com.br\/wp\/2025\/03\/14\/faturamento-da-industria-cresce-33-em-janeiro\/\" \/>\n<meta property=\"og:site_name\" content=\"Bahia Economica\" \/>\n<meta property=\"article:publisher\" content=\"https:\/\/www.facebook.com\/bahiaeconomica\" \/>\n<meta property=\"article:published_time\" content=\"2025-03-14T20:30:26+00:00\" \/>\n<meta property=\"article:modified_time\" content=\"2025-03-14T20:14:16+00:00\" \/>\n<meta property=\"og:image\" content=\"https:\/\/bahiaeconomica.com.br\/wp\/wp-content\/uploads\/2025\/03\/industrias_fabricas_de_motocicletas_industrias_fabricas_santos_fc2610100916.webp\" \/>\n\t<meta property=\"og:image:width\" content=\"1170\" \/>\n\t<meta property=\"og:image:height\" content=\"700\" \/>\n\t<meta property=\"og:image:type\" content=\"image\/webp\" \/>\n<meta name=\"author\" content=\"VICTORIA ISABEL\" \/>\n<meta name=\"twitter:card\" content=\"summary_large_image\" \/>\n<meta name=\"twitter:label1\" content=\"Escrito por\" \/>\n\t<meta name=\"twitter:data1\" content=\"VICTORIA ISABEL\" \/>\n\t<meta name=\"twitter:label2\" content=\"Est. tempo de leitura\" \/>\n\t<meta name=\"twitter:data2\" content=\"2 minutos\" \/>\n<script type=\"application\/ld+json\" class=\"yoast-schema-graph\">{\"@context\":\"https:\/\/schema.org\",\"@graph\":[{\"@type\":\"Article\",\"@id\":\"https:\/\/bahiaeconomica.com.br\/wp\/2025\/03\/14\/faturamento-da-industria-cresce-33-em-janeiro\/#article\",\"isPartOf\":{\"@id\":\"https:\/\/bahiaeconomica.com.br\/wp\/2025\/03\/14\/faturamento-da-industria-cresce-33-em-janeiro\/\"},\"author\":{\"name\":\"VICTORIA ISABEL\",\"@id\":\"https:\/\/bahiaeconomica.com.br\/wp\/#\/schema\/person\/b719ce0fb1c09f3c7a00d9243ced4a6f\"},\"headline\":\"FATURAMENTO DA IND\u00daSTRIA CRESCE 3,3% EM JANEIRO\",\"datePublished\":\"2025-03-14T20:30:26+00:00\",\"dateModified\":\"2025-03-14T20:14:16+00:00\",\"mainEntityOfPage\":{\"@id\":\"https:\/\/bahiaeconomica.com.br\/wp\/2025\/03\/14\/faturamento-da-industria-cresce-33-em-janeiro\/\"},\"wordCount\":251,\"publisher\":{\"@id\":\"https:\/\/bahiaeconomica.com.br\/wp\/#organization\"},\"keywords\":[\"faturamento\",\"IND\u00daSTRIA DE TRANSFORMA\u00c7\u00c3O\"],\"articleSection\":[\"ECONOMIA \/ POL\u00cdTICA\"],\"inLanguage\":\"pt-BR\"},{\"@type\":\"WebPage\",\"@id\":\"https:\/\/bahiaeconomica.com.br\/wp\/2025\/03\/14\/faturamento-da-industria-cresce-33-em-janeiro\/\",\"url\":\"https:\/\/bahiaeconomica.com.br\/wp\/2025\/03\/14\/faturamento-da-industria-cresce-33-em-janeiro\/\",\"name\":\"FATURAMENTO DA IND\u00daSTRIA CRESCE 3,3% EM JANEIRO - Bahia Economica\",\"isPartOf\":{\"@id\":\"https:\/\/bahiaeconomica.com.br\/wp\/#website\"},\"datePublished\":\"2025-03-14T20:30:26+00:00\",\"dateModified\":\"2025-03-14T20:14:16+00:00\",\"description\":\"O maior portal de Economia da Bahia ECONOMIA \/ POL\u00cdTICA Bahia Economica Embalada pelo aquecimento da produ\u00e7\u00e3o e do consumo,\",\"breadcrumb\":{\"@id\":\"https:\/\/bahiaeconomica.com.br\/wp\/2025\/03\/14\/faturamento-da-industria-cresce-33-em-janeiro\/#breadcrumb\"},\"inLanguage\":\"pt-BR\",\"potentialAction\":[{\"@type\":\"ReadAction\",\"target\":[\"https:\/\/bahiaeconomica.com.br\/wp\/2025\/03\/14\/faturamento-da-industria-cresce-33-em-janeiro\/\"]}]},{\"@type\":\"BreadcrumbList\",\"@id\":\"https:\/\/bahiaeconomica.com.br\/wp\/2025\/03\/14\/faturamento-da-industria-cresce-33-em-janeiro\/#breadcrumb\",\"itemListElement\":[{\"@type\":\"ListItem\",\"position\":1,\"name\":\"In\u00edcio\",\"item\":\"https:\/\/bahiaeconomica.com.br\/wp\/\"},{\"@type\":\"ListItem\",\"position\":2,\"name\":\"FATURAMENTO DA IND\u00daSTRIA CRESCE 3,3% EM JANEIRO\"}]},{\"@type\":\"WebSite\",\"@id\":\"https:\/\/bahiaeconomica.com.br\/wp\/#website\",\"url\":\"https:\/\/bahiaeconomica.com.br\/wp\/\",\"name\":\"Bahia Economica\",\"description\":\"O maior portal de Economia da Bahia\",\"publisher\":{\"@id\":\"https:\/\/bahiaeconomica.com.br\/wp\/#organization\"},\"potentialAction\":[{\"@type\":\"SearchAction\",\"target\":{\"@type\":\"EntryPoint\",\"urlTemplate\":\"https:\/\/bahiaeconomica.com.br\/wp\/?s={search_term_string}\"},\"query-input\":\"required name=search_term_string\"}],\"inLanguage\":\"pt-BR\"},{\"@type\":\"Organization\",\"@id\":\"https:\/\/bahiaeconomica.com.br\/wp\/#organization\",\"name\":\"Bahia Econ\u00f4mica\",\"url\":\"https:\/\/bahiaeconomica.com.br\/wp\/\",\"logo\":{\"@type\":\"ImageObject\",\"inLanguage\":\"pt-BR\",\"@id\":\"https:\/\/bahiaeconomica.com.br\/wp\/#\/schema\/logo\/image\/\",\"url\":\"https:\/\/bahiaeconomica.com.br\/wp\/wp-content\/uploads\/2020\/12\/cropped-BE.png\",\"contentUrl\":\"https:\/\/bahiaeconomica.com.br\/wp\/wp-content\/uploads\/2020\/12\/cropped-BE.png\",\"width\":512,\"height\":512,\"caption\":\"Bahia Econ\u00f4mica\"},\"image\":{\"@id\":\"https:\/\/bahiaeconomica.com.br\/wp\/#\/schema\/logo\/image\/\"},\"sameAs\":[\"https:\/\/www.facebook.com\/bahiaeconomica\"]},{\"@type\":\"Person\",\"@id\":\"https:\/\/bahiaeconomica.com.br\/wp\/#\/schema\/person\/b719ce0fb1c09f3c7a00d9243ced4a6f\",\"name\":\"VICTORIA ISABEL\",\"sameAs\":[\"http:\/\/www.bahiaeconomica.com.br\"],\"url\":\"https:\/\/bahiaeconomica.com.br\/wp\/author\/victoria-isabel\/\"}]}<\/script>\n<!-- \/ Yoast SEO plugin. -->","yoast_head_json":{"title":"FATURAMENTO DA IND\u00daSTRIA CRESCE 3,3% EM JANEIRO - Bahia Economica","description":"O maior portal de Economia da Bahia ECONOMIA \/ POL\u00cdTICA Bahia Economica Embalada pelo aquecimento da produ\u00e7\u00e3o e do consumo,","robots":{"index":"index","follow":"follow","max-snippet":"max-snippet:-1","max-image-preview":"max-image-preview:large","max-video-preview":"max-video-preview:-1"},"canonical":"https:\/\/bahiaeconomica.com.br\/wp\/2025\/03\/14\/faturamento-da-industria-cresce-33-em-janeiro\/","og_locale":"pt_BR","og_type":"article","og_title":"FATURAMENTO DA IND\u00daSTRIA CRESCE 3,3% EM JANEIRO - Bahia Economica","og_description":"O maior portal de Economia da Bahia ECONOMIA \/ POL\u00cdTICA Bahia Economica Embalada pelo aquecimento da produ\u00e7\u00e3o e do consumo,","og_url":"https:\/\/bahiaeconomica.com.br\/wp\/2025\/03\/14\/faturamento-da-industria-cresce-33-em-janeiro\/","og_site_name":"Bahia Economica","article_publisher":"https:\/\/www.facebook.com\/bahiaeconomica","article_published_time":"2025-03-14T20:30:26+00:00","article_modified_time":"2025-03-14T20:14:16+00:00","og_image":[{"width":1170,"height":700,"url":"https:\/\/bahiaeconomica.com.br\/wp\/wp-content\/uploads\/2025\/03\/industrias_fabricas_de_motocicletas_industrias_fabricas_santos_fc2610100916.webp","type":"image\/webp"}],"author":"VICTORIA ISABEL","twitter_card":"summary_large_image","twitter_misc":{"Escrito por":"VICTORIA ISABEL","Est. tempo de leitura":"2 minutos"},"schema":{"@context":"https:\/\/schema.org","@graph":[{"@type":"Article","@id":"https:\/\/bahiaeconomica.com.br\/wp\/2025\/03\/14\/faturamento-da-industria-cresce-33-em-janeiro\/#article","isPartOf":{"@id":"https:\/\/bahiaeconomica.com.br\/wp\/2025\/03\/14\/faturamento-da-industria-cresce-33-em-janeiro\/"},"author":{"name":"VICTORIA ISABEL","@id":"https:\/\/bahiaeconomica.com.br\/wp\/#\/schema\/person\/b719ce0fb1c09f3c7a00d9243ced4a6f"},"headline":"FATURAMENTO DA IND\u00daSTRIA CRESCE 3,3% EM JANEIRO","datePublished":"2025-03-14T20:30:26+00:00","dateModified":"2025-03-14T20:14:16+00:00","mainEntityOfPage":{"@id":"https:\/\/bahiaeconomica.com.br\/wp\/2025\/03\/14\/faturamento-da-industria-cresce-33-em-janeiro\/"},"wordCount":251,"publisher":{"@id":"https:\/\/bahiaeconomica.com.br\/wp\/#organization"},"keywords":["faturamento","IND\u00daSTRIA DE TRANSFORMA\u00c7\u00c3O"],"articleSection":["ECONOMIA \/ POL\u00cdTICA"],"inLanguage":"pt-BR"},{"@type":"WebPage","@id":"https:\/\/bahiaeconomica.com.br\/wp\/2025\/03\/14\/faturamento-da-industria-cresce-33-em-janeiro\/","url":"https:\/\/bahiaeconomica.com.br\/wp\/2025\/03\/14\/faturamento-da-industria-cresce-33-em-janeiro\/","name":"FATURAMENTO DA IND\u00daSTRIA CRESCE 3,3% EM JANEIRO - Bahia Economica","isPartOf":{"@id":"https:\/\/bahiaeconomica.com.br\/wp\/#website"},"datePublished":"2025-03-14T20:30:26+00:00","dateModified":"2025-03-14T20:14:16+00:00","description":"O maior portal de Economia da Bahia ECONOMIA \/ POL\u00cdTICA Bahia Economica Embalada pelo aquecimento da produ\u00e7\u00e3o e do consumo,","breadcrumb":{"@id":"https:\/\/bahiaeconomica.com.br\/wp\/2025\/03\/14\/faturamento-da-industria-cresce-33-em-janeiro\/#breadcrumb"},"inLanguage":"pt-BR","potentialAction":[{"@type":"ReadAction","target":["https:\/\/bahiaeconomica.com.br\/wp\/2025\/03\/14\/faturamento-da-industria-cresce-33-em-janeiro\/"]}]},{"@type":"BreadcrumbList","@id":"https:\/\/bahiaeconomica.com.br\/wp\/2025\/03\/14\/faturamento-da-industria-cresce-33-em-janeiro\/#breadcrumb","itemListElement":[{"@type":"ListItem","position":1,"name":"In\u00edcio","item":"https:\/\/bahiaeconomica.com.br\/wp\/"},{"@type":"ListItem","position":2,"name":"FATURAMENTO DA IND\u00daSTRIA CRESCE 3,3% EM JANEIRO"}]},{"@type":"WebSite","@id":"https:\/\/bahiaeconomica.com.br\/wp\/#website","url":"https:\/\/bahiaeconomica.com.br\/wp\/","name":"Bahia Economica","description":"O maior portal de Economia da Bahia","publisher":{"@id":"https:\/\/bahiaeconomica.com.br\/wp\/#organization"},"potentialAction":[{"@type":"SearchAction","target":{"@type":"EntryPoint","urlTemplate":"https:\/\/bahiaeconomica.com.br\/wp\/?s={search_term_string}"},"query-input":"required name=search_term_string"}],"inLanguage":"pt-BR"},{"@type":"Organization","@id":"https:\/\/bahiaeconomica.com.br\/wp\/#organization","name":"Bahia Econ\u00f4mica","url":"https:\/\/bahiaeconomica.com.br\/wp\/","logo":{"@type":"ImageObject","inLanguage":"pt-BR","@id":"https:\/\/bahiaeconomica.com.br\/wp\/#\/schema\/logo\/image\/","url":"https:\/\/bahiaeconomica.com.br\/wp\/wp-content\/uploads\/2020\/12\/cropped-BE.png","contentUrl":"https:\/\/bahiaeconomica.com.br\/wp\/wp-content\/uploads\/2020\/12\/cropped-BE.png","width":512,"height":512,"caption":"Bahia Econ\u00f4mica"},"image":{"@id":"https:\/\/bahiaeconomica.com.br\/wp\/#\/schema\/logo\/image\/"},"sameAs":["https:\/\/www.facebook.com\/bahiaeconomica"]},{"@type":"Person","@id":"https:\/\/bahiaeconomica.com.br\/wp\/#\/schema\/person\/b719ce0fb1c09f3c7a00d9243ced4a6f","name":"VICTORIA ISABEL","sameAs":["http:\/\/www.bahiaeconomica.com.br"],"url":"https:\/\/bahiaeconomica.com.br\/wp\/author\/victoria-isabel\/"}]}},"views":6,"_links":{"self":[{"href":"https:\/\/bahiaeconomica.com.br\/wp\/wp-json\/wp\/v2\/posts\/887738"}],"collection":[{"href":"https:\/\/bahiaeconomica.com.br\/wp\/wp-json\/wp\/v2\/posts"}],"about":[{"href":"https:\/\/bahiaeconomica.com.br\/wp\/wp-json\/wp\/v2\/types\/post"}],"author":[{"embeddable":true,"href":"https:\/\/bahiaeconomica.com.br\/wp\/wp-json\/wp\/v2\/users\/15"}],"replies":[{"embeddable":true,"href":"https:\/\/bahiaeconomica.com.br\/wp\/wp-json\/wp\/v2\/comments?post=887738"}],"version-history":[{"count":1,"href":"https:\/\/bahiaeconomica.com.br\/wp\/wp-json\/wp\/v2\/posts\/887738\/revisions"}],"predecessor-version":[{"id":887740,"href":"https:\/\/bahiaeconomica.com.br\/wp\/wp-json\/wp\/v2\/posts\/887738\/revisions\/887740"}],"wp:featuredmedia":[{"embeddable":true,"href":"https:\/\/bahiaeconomica.com.br\/wp\/wp-json\/wp\/v2\/media\/887739"}],"wp:attachment":[{"href":"https:\/\/bahiaeconomica.com.br\/wp\/wp-json\/wp\/v2\/media?parent=887738"}],"wp:term":[{"taxonomy":"category","embeddable":true,"href":"https:\/\/bahiaeconomica.com.br\/wp\/wp-json\/wp\/v2\/categories?post=887738"},{"taxonomy":"post_tag","embeddable":true,"href":"https:\/\/bahiaeconomica.com.br\/wp\/wp-json\/wp\/v2\/tags?post=887738"}],"curies":[{"name":"wp","href":"https:\/\/api.w.org\/{rel}","templated":true}]}}