{"id":887716,"date":"2025-03-14T17:08:40","date_gmt":"2025-03-14T20:08:40","guid":{"rendered":"https:\/\/bahiaeconomica.com.br\/wp\/?p=887716"},"modified":"2025-03-14T16:41:54","modified_gmt":"2025-03-14T19:41:54","slug":"semob-monta-esquema-de-transporte-para-o-classico-ba-vi","status":"publish","type":"post","link":"https:\/\/bahiaeconomica.com.br\/wp\/2025\/03\/14\/semob-monta-esquema-de-transporte-para-o-classico-ba-vi\/","title":{"rendered":"SEMOB MONTA ESQUEMA DE TRANSPORTE PARA O CL\u00c1SSICO BA-VI"},"content":{"rendered":"<p>Para garantir o atendimento ao p\u00fablico do cl\u00e1ssico Ba-Vi neste domingo (16), \u00e0s 18h, na Arena Fonte Nova, v\u00e1lido pelo Campeonato Baiano, a Secretaria de Mobilidade (Semob) montou um esquema especial de transporte. O planejamento inclui frota reguladora e a organiza\u00e7\u00e3o de pontos de t\u00e1xi e motot\u00e1xi em locais estrat\u00e9gicos para atender a demanda.<\/p>\n<p>Ser\u00e3o disponibilizados 13 ve\u00edculos da frota reguladora distribu\u00eddos nas esta\u00e7\u00f5es da Lapa, \u00c1guas Claras, Piraj\u00e1 e Acesso Norte que ficar\u00e3o dispon\u00edveis para serem utilizados pela equipe de fiscaliza\u00e7\u00e3o caso haja demanda, a partir das 16h.<\/p>\n<p>A linha 0503 &#8211; Brotas x Lapa, tera\u0301 seu itinera\u0301rio modificado no sentido Bairro \u2013 Centro. Os o\u0302nibus fara\u0303o retorno no Largo das Pitangueiras e seguem pela Rua Boa Vista de Brotas, Rua do Trovador, Avenida Laurindo Regis, Rua Professor Aloi\u0301sio de Carvalho Filho, Avenida Ogunja\u0301, Via Exclusiva, Avenida Vasco da Gama e deste ponto segue seu roteiro de origem.<\/p>\n<p>T\u00e1xi e motot\u00e1xi &#8211; Para dar maior comodidade aos torcedores, a Semob implementou pontos exclusivos de t\u00e1xi e motot\u00e1xi no acesso pelo Dique em frente \u00e0\u00a0loja\u00a0do\u00a0Bahia.<\/p>\n<p>Foto: Lucas Moura \/ Secom PMS<\/p>\n","protected":false},"excerpt":{"rendered":"<p>Para garantir o atendimento ao p\u00fablico do cl\u00e1ssico Ba-Vi neste domingo (16), \u00e0s 18h, na Arena Fonte Nova, v\u00e1lido pelo Campeonato Baiano, a Secretaria de Mobilidade (Semob) montou um esquema especial de transporte. O planejamento inclui frota reguladora e a organiza\u00e7\u00e3o de pontos de t\u00e1xi e motot\u00e1xi em locais estrat\u00e9gicos para atender a demanda. Ser\u00e3o [&hellip;]<\/p>\n","protected":false},"author":16,"featured_media":887719,"comment_status":"closed","ping_status":"closed","sticky":false,"template":"","format":"standard","meta":[],"categories":[5],"tags":[19666,82,1552],"acf":[],"yoast_head":"<!-- This site is optimized with the Yoast SEO plugin v20.8 - https:\/\/yoast.com\/wordpress\/plugins\/seo\/ -->\n<title>SEMOB MONTA ESQUEMA DE TRANSPORTE PARA O CL\u00c1SSICO BA-VI - Bahia Economica<\/title>\n<meta name=\"description\" content=\"O maior portal de Economia da Bahia MUNIC\u00cdPIOS Bahia Economica\" \/>\n<meta name=\"robots\" content=\"index, follow, max-snippet:-1, max-image-preview:large, max-video-preview:-1\" \/>\n<link rel=\"canonical\" href=\"https:\/\/bahiaeconomica.com.br\/wp\/2025\/03\/14\/semob-monta-esquema-de-transporte-para-o-classico-ba-vi\/\" \/>\n<meta property=\"og:locale\" content=\"pt_BR\" \/>\n<meta property=\"og:type\" content=\"article\" \/>\n<meta property=\"og:title\" content=\"SEMOB MONTA ESQUEMA DE TRANSPORTE PARA O CL\u00c1SSICO BA-VI - Bahia Economica\" \/>\n<meta property=\"og:description\" content=\"O maior portal de Economia da Bahia MUNIC\u00cdPIOS Bahia Economica\" \/>\n<meta property=\"og:url\" content=\"https:\/\/bahiaeconomica.com.br\/wp\/2025\/03\/14\/semob-monta-esquema-de-transporte-para-o-classico-ba-vi\/\" \/>\n<meta property=\"og:site_name\" content=\"Bahia Economica\" \/>\n<meta property=\"article:publisher\" content=\"https:\/\/www.facebook.com\/bahiaeconomica\" \/>\n<meta property=\"article:published_time\" content=\"2025-03-14T20:08:40+00:00\" \/>\n<meta property=\"article:modified_time\" content=\"2025-03-14T19:41:54+00:00\" \/>\n<meta property=\"og:image\" content=\"https:\/\/bahiaeconomica.com.br\/wp\/wp-content\/uploads\/2025\/03\/WhatsApp-Image-2025-01-31-at-13.13.58.webp\" \/>\n\t<meta property=\"og:image:width\" content=\"1280\" \/>\n\t<meta property=\"og:image:height\" content=\"852\" \/>\n\t<meta property=\"og:image:type\" content=\"image\/webp\" \/>\n<meta name=\"author\" content=\"LUIZA NASCIMENTO\" \/>\n<meta name=\"twitter:card\" content=\"summary_large_image\" \/>\n<meta name=\"twitter:label1\" content=\"Escrito por\" \/>\n\t<meta name=\"twitter:data1\" content=\"LUIZA NASCIMENTO\" \/>\n\t<meta name=\"twitter:label2\" content=\"Est. tempo de leitura\" \/>\n\t<meta name=\"twitter:data2\" content=\"1 minuto\" \/>\n<script type=\"application\/ld+json\" class=\"yoast-schema-graph\">{\"@context\":\"https:\/\/schema.org\",\"@graph\":[{\"@type\":\"Article\",\"@id\":\"https:\/\/bahiaeconomica.com.br\/wp\/2025\/03\/14\/semob-monta-esquema-de-transporte-para-o-classico-ba-vi\/#article\",\"isPartOf\":{\"@id\":\"https:\/\/bahiaeconomica.com.br\/wp\/2025\/03\/14\/semob-monta-esquema-de-transporte-para-o-classico-ba-vi\/\"},\"author\":{\"name\":\"LUIZA NASCIMENTO\",\"@id\":\"https:\/\/bahiaeconomica.com.br\/wp\/#\/schema\/person\/18273ac0fe04bfd4e7b101bf17d40152\"},\"headline\":\"SEMOB MONTA ESQUEMA DE TRANSPORTE PARA O CL\u00c1SSICO BA-VI\",\"datePublished\":\"2025-03-14T20:08:40+00:00\",\"dateModified\":\"2025-03-14T19:41:54+00:00\",\"mainEntityOfPage\":{\"@id\":\"https:\/\/bahiaeconomica.com.br\/wp\/2025\/03\/14\/semob-monta-esquema-de-transporte-para-o-classico-ba-vi\/\"},\"wordCount\":210,\"publisher\":{\"@id\":\"https:\/\/bahiaeconomica.com.br\/wp\/#organization\"},\"keywords\":[\"BA-VI\",\"Semob\",\"transporte\"],\"articleSection\":[\"MUNIC\u00cdPIOS\"],\"inLanguage\":\"pt-BR\"},{\"@type\":\"WebPage\",\"@id\":\"https:\/\/bahiaeconomica.com.br\/wp\/2025\/03\/14\/semob-monta-esquema-de-transporte-para-o-classico-ba-vi\/\",\"url\":\"https:\/\/bahiaeconomica.com.br\/wp\/2025\/03\/14\/semob-monta-esquema-de-transporte-para-o-classico-ba-vi\/\",\"name\":\"SEMOB MONTA ESQUEMA DE TRANSPORTE PARA O CL\u00c1SSICO BA-VI - Bahia Economica\",\"isPartOf\":{\"@id\":\"https:\/\/bahiaeconomica.com.br\/wp\/#website\"},\"datePublished\":\"2025-03-14T20:08:40+00:00\",\"dateModified\":\"2025-03-14T19:41:54+00:00\",\"description\":\"O maior portal de Economia da Bahia MUNIC\u00cdPIOS Bahia Economica\",\"breadcrumb\":{\"@id\":\"https:\/\/bahiaeconomica.com.br\/wp\/2025\/03\/14\/semob-monta-esquema-de-transporte-para-o-classico-ba-vi\/#breadcrumb\"},\"inLanguage\":\"pt-BR\",\"potentialAction\":[{\"@type\":\"ReadAction\",\"target\":[\"https:\/\/bahiaeconomica.com.br\/wp\/2025\/03\/14\/semob-monta-esquema-de-transporte-para-o-classico-ba-vi\/\"]}]},{\"@type\":\"BreadcrumbList\",\"@id\":\"https:\/\/bahiaeconomica.com.br\/wp\/2025\/03\/14\/semob-monta-esquema-de-transporte-para-o-classico-ba-vi\/#breadcrumb\",\"itemListElement\":[{\"@type\":\"ListItem\",\"position\":1,\"name\":\"In\u00edcio\",\"item\":\"https:\/\/bahiaeconomica.com.br\/wp\/\"},{\"@type\":\"ListItem\",\"position\":2,\"name\":\"SEMOB MONTA ESQUEMA DE TRANSPORTE PARA O CL\u00c1SSICO BA-VI\"}]},{\"@type\":\"WebSite\",\"@id\":\"https:\/\/bahiaeconomica.com.br\/wp\/#website\",\"url\":\"https:\/\/bahiaeconomica.com.br\/wp\/\",\"name\":\"Bahia Economica\",\"description\":\"O maior portal de Economia da Bahia\",\"publisher\":{\"@id\":\"https:\/\/bahiaeconomica.com.br\/wp\/#organization\"},\"potentialAction\":[{\"@type\":\"SearchAction\",\"target\":{\"@type\":\"EntryPoint\",\"urlTemplate\":\"https:\/\/bahiaeconomica.com.br\/wp\/?s={search_term_string}\"},\"query-input\":\"required name=search_term_string\"}],\"inLanguage\":\"pt-BR\"},{\"@type\":\"Organization\",\"@id\":\"https:\/\/bahiaeconomica.com.br\/wp\/#organization\",\"name\":\"Bahia Econ\u00f4mica\",\"url\":\"https:\/\/bahiaeconomica.com.br\/wp\/\",\"logo\":{\"@type\":\"ImageObject\",\"inLanguage\":\"pt-BR\",\"@id\":\"https:\/\/bahiaeconomica.com.br\/wp\/#\/schema\/logo\/image\/\",\"url\":\"https:\/\/bahiaeconomica.com.br\/wp\/wp-content\/uploads\/2020\/12\/cropped-BE.png\",\"contentUrl\":\"https:\/\/bahiaeconomica.com.br\/wp\/wp-content\/uploads\/2020\/12\/cropped-BE.png\",\"width\":512,\"height\":512,\"caption\":\"Bahia Econ\u00f4mica\"},\"image\":{\"@id\":\"https:\/\/bahiaeconomica.com.br\/wp\/#\/schema\/logo\/image\/\"},\"sameAs\":[\"https:\/\/www.facebook.com\/bahiaeconomica\"]},{\"@type\":\"Person\",\"@id\":\"https:\/\/bahiaeconomica.com.br\/wp\/#\/schema\/person\/18273ac0fe04bfd4e7b101bf17d40152\",\"name\":\"LUIZA NASCIMENTO\",\"sameAs\":[\"http:\/\/www.bahiaeconomica.com.br\"],\"url\":\"https:\/\/bahiaeconomica.com.br\/wp\/author\/luiza-nascimento\/\"}]}<\/script>\n<!-- \/ Yoast SEO plugin. -->","yoast_head_json":{"title":"SEMOB MONTA ESQUEMA DE TRANSPORTE PARA O CL\u00c1SSICO BA-VI - Bahia Economica","description":"O maior portal de Economia da Bahia MUNIC\u00cdPIOS Bahia Economica","robots":{"index":"index","follow":"follow","max-snippet":"max-snippet:-1","max-image-preview":"max-image-preview:large","max-video-preview":"max-video-preview:-1"},"canonical":"https:\/\/bahiaeconomica.com.br\/wp\/2025\/03\/14\/semob-monta-esquema-de-transporte-para-o-classico-ba-vi\/","og_locale":"pt_BR","og_type":"article","og_title":"SEMOB MONTA ESQUEMA DE TRANSPORTE PARA O CL\u00c1SSICO BA-VI - Bahia Economica","og_description":"O maior portal de Economia da Bahia MUNIC\u00cdPIOS Bahia Economica","og_url":"https:\/\/bahiaeconomica.com.br\/wp\/2025\/03\/14\/semob-monta-esquema-de-transporte-para-o-classico-ba-vi\/","og_site_name":"Bahia Economica","article_publisher":"https:\/\/www.facebook.com\/bahiaeconomica","article_published_time":"2025-03-14T20:08:40+00:00","article_modified_time":"2025-03-14T19:41:54+00:00","og_image":[{"width":1280,"height":852,"url":"https:\/\/bahiaeconomica.com.br\/wp\/wp-content\/uploads\/2025\/03\/WhatsApp-Image-2025-01-31-at-13.13.58.webp","type":"image\/webp"}],"author":"LUIZA NASCIMENTO","twitter_card":"summary_large_image","twitter_misc":{"Escrito por":"LUIZA NASCIMENTO","Est. tempo de leitura":"1 minuto"},"schema":{"@context":"https:\/\/schema.org","@graph":[{"@type":"Article","@id":"https:\/\/bahiaeconomica.com.br\/wp\/2025\/03\/14\/semob-monta-esquema-de-transporte-para-o-classico-ba-vi\/#article","isPartOf":{"@id":"https:\/\/bahiaeconomica.com.br\/wp\/2025\/03\/14\/semob-monta-esquema-de-transporte-para-o-classico-ba-vi\/"},"author":{"name":"LUIZA NASCIMENTO","@id":"https:\/\/bahiaeconomica.com.br\/wp\/#\/schema\/person\/18273ac0fe04bfd4e7b101bf17d40152"},"headline":"SEMOB MONTA ESQUEMA DE TRANSPORTE PARA O CL\u00c1SSICO BA-VI","datePublished":"2025-03-14T20:08:40+00:00","dateModified":"2025-03-14T19:41:54+00:00","mainEntityOfPage":{"@id":"https:\/\/bahiaeconomica.com.br\/wp\/2025\/03\/14\/semob-monta-esquema-de-transporte-para-o-classico-ba-vi\/"},"wordCount":210,"publisher":{"@id":"https:\/\/bahiaeconomica.com.br\/wp\/#organization"},"keywords":["BA-VI","Semob","transporte"],"articleSection":["MUNIC\u00cdPIOS"],"inLanguage":"pt-BR"},{"@type":"WebPage","@id":"https:\/\/bahiaeconomica.com.br\/wp\/2025\/03\/14\/semob-monta-esquema-de-transporte-para-o-classico-ba-vi\/","url":"https:\/\/bahiaeconomica.com.br\/wp\/2025\/03\/14\/semob-monta-esquema-de-transporte-para-o-classico-ba-vi\/","name":"SEMOB MONTA ESQUEMA DE TRANSPORTE PARA O CL\u00c1SSICO BA-VI - Bahia Economica","isPartOf":{"@id":"https:\/\/bahiaeconomica.com.br\/wp\/#website"},"datePublished":"2025-03-14T20:08:40+00:00","dateModified":"2025-03-14T19:41:54+00:00","description":"O maior portal de Economia da Bahia MUNIC\u00cdPIOS Bahia Economica","breadcrumb":{"@id":"https:\/\/bahiaeconomica.com.br\/wp\/2025\/03\/14\/semob-monta-esquema-de-transporte-para-o-classico-ba-vi\/#breadcrumb"},"inLanguage":"pt-BR","potentialAction":[{"@type":"ReadAction","target":["https:\/\/bahiaeconomica.com.br\/wp\/2025\/03\/14\/semob-monta-esquema-de-transporte-para-o-classico-ba-vi\/"]}]},{"@type":"BreadcrumbList","@id":"https:\/\/bahiaeconomica.com.br\/wp\/2025\/03\/14\/semob-monta-esquema-de-transporte-para-o-classico-ba-vi\/#breadcrumb","itemListElement":[{"@type":"ListItem","position":1,"name":"In\u00edcio","item":"https:\/\/bahiaeconomica.com.br\/wp\/"},{"@type":"ListItem","position":2,"name":"SEMOB MONTA ESQUEMA DE TRANSPORTE PARA O CL\u00c1SSICO BA-VI"}]},{"@type":"WebSite","@id":"https:\/\/bahiaeconomica.com.br\/wp\/#website","url":"https:\/\/bahiaeconomica.com.br\/wp\/","name":"Bahia Economica","description":"O maior portal de Economia da Bahia","publisher":{"@id":"https:\/\/bahiaeconomica.com.br\/wp\/#organization"},"potentialAction":[{"@type":"SearchAction","target":{"@type":"EntryPoint","urlTemplate":"https:\/\/bahiaeconomica.com.br\/wp\/?s={search_term_string}"},"query-input":"required name=search_term_string"}],"inLanguage":"pt-BR"},{"@type":"Organization","@id":"https:\/\/bahiaeconomica.com.br\/wp\/#organization","name":"Bahia Econ\u00f4mica","url":"https:\/\/bahiaeconomica.com.br\/wp\/","logo":{"@type":"ImageObject","inLanguage":"pt-BR","@id":"https:\/\/bahiaeconomica.com.br\/wp\/#\/schema\/logo\/image\/","url":"https:\/\/bahiaeconomica.com.br\/wp\/wp-content\/uploads\/2020\/12\/cropped-BE.png","contentUrl":"https:\/\/bahiaeconomica.com.br\/wp\/wp-content\/uploads\/2020\/12\/cropped-BE.png","width":512,"height":512,"caption":"Bahia Econ\u00f4mica"},"image":{"@id":"https:\/\/bahiaeconomica.com.br\/wp\/#\/schema\/logo\/image\/"},"sameAs":["https:\/\/www.facebook.com\/bahiaeconomica"]},{"@type":"Person","@id":"https:\/\/bahiaeconomica.com.br\/wp\/#\/schema\/person\/18273ac0fe04bfd4e7b101bf17d40152","name":"LUIZA NASCIMENTO","sameAs":["http:\/\/www.bahiaeconomica.com.br"],"url":"https:\/\/bahiaeconomica.com.br\/wp\/author\/luiza-nascimento\/"}]}},"views":5,"_links":{"self":[{"href":"https:\/\/bahiaeconomica.com.br\/wp\/wp-json\/wp\/v2\/posts\/887716"}],"collection":[{"href":"https:\/\/bahiaeconomica.com.br\/wp\/wp-json\/wp\/v2\/posts"}],"about":[{"href":"https:\/\/bahiaeconomica.com.br\/wp\/wp-json\/wp\/v2\/types\/post"}],"author":[{"embeddable":true,"href":"https:\/\/bahiaeconomica.com.br\/wp\/wp-json\/wp\/v2\/users\/16"}],"replies":[{"embeddable":true,"href":"https:\/\/bahiaeconomica.com.br\/wp\/wp-json\/wp\/v2\/comments?post=887716"}],"version-history":[{"count":1,"href":"https:\/\/bahiaeconomica.com.br\/wp\/wp-json\/wp\/v2\/posts\/887716\/revisions"}],"predecessor-version":[{"id":887720,"href":"https:\/\/bahiaeconomica.com.br\/wp\/wp-json\/wp\/v2\/posts\/887716\/revisions\/887720"}],"wp:featuredmedia":[{"embeddable":true,"href":"https:\/\/bahiaeconomica.com.br\/wp\/wp-json\/wp\/v2\/media\/887719"}],"wp:attachment":[{"href":"https:\/\/bahiaeconomica.com.br\/wp\/wp-json\/wp\/v2\/media?parent=887716"}],"wp:term":[{"taxonomy":"category","embeddable":true,"href":"https:\/\/bahiaeconomica.com.br\/wp\/wp-json\/wp\/v2\/categories?post=887716"},{"taxonomy":"post_tag","embeddable":true,"href":"https:\/\/bahiaeconomica.com.br\/wp\/wp-json\/wp\/v2\/tags?post=887716"}],"curies":[{"name":"wp","href":"https:\/\/api.w.org\/{rel}","templated":true}]}}