{"id":887263,"date":"2025-03-13T14:10:41","date_gmt":"2025-03-13T17:10:41","guid":{"rendered":"https:\/\/bahiaeconomica.com.br\/wp\/?p=887263"},"modified":"2025-03-13T14:10:41","modified_gmt":"2025-03-13T17:10:41","slug":"caminho-da-fe-ganha-180-novas-quaresmeiras","status":"publish","type":"post","link":"https:\/\/bahiaeconomica.com.br\/wp\/2025\/03\/13\/caminho-da-fe-ganha-180-novas-quaresmeiras\/","title":{"rendered":"CAMINHO DA F\u00c9 GANHA 180 NOVAS QUARESMEIRAS"},"content":{"rendered":"<p>No dia 13 de mar\u00e7o de 1992, a freira Maria Rita de Sousa Brito Lopes Pontes, ent\u00e3o Irm\u00e3 Dulce, falecia em Salvador aos 77 anos, tornando imortal o legado religioso e trabalho social, desenvolvido at\u00e9 hoje atrav\u00e9s das Obras Sociais Irm\u00e3 Dulce (Osid), localizada no Largo de Roma. Com intuito de relembrar a data e oferecer mais conforto aos baianos e turistas que percorrem o Caminho da F\u00e9, trecho que vai do Largo de Roma ao Bonfim, a Secretaria Municipal de Sustentabilidade, Resili\u00eancia, Bem-Estar e Prote\u00e7\u00e3o Animal (Secis) plantou 180 \u00e1rvores quaresmeiras na Avenida Dendezeiros.<\/p>\n<p>As novas esp\u00e9cies v\u00e3o permitir o sombreamento do percurso, que vai da Igreja Santu\u00e1rio Santa Dulce dos Pobres at\u00e9 a Colina Sagrada, no Bonfim. O titular da Secis, Ivan Euler, acompanhou o plantio das primeiras mudas, na Avenida Dendezeiros, e salientou que a a\u00e7\u00e3o integra o Plano Diretor de Arboriza\u00e7\u00e3o de Salvador, que desenvolve um cronograma de plantios por toda a capital baiana.<\/p>\n<p>&#8220;Plantar \u00e1rvores integra uma pol\u00edtica de valoriza\u00e7\u00e3o da nossa cidade. Essa a\u00e7\u00e3o espec\u00edfica tem um car\u00e1ter especial porque visa sombrear um trajeto religioso e tur\u00edstico muito importante. Milhares de baianos e turistas percorrem o Caminho da F\u00e9, por isso, o ideal \u00e9 que seja um percurso com sombra e ventilado. Escolhemos o dia de hoje, data que completa 33 anos que Dulce se despediu de n\u00f3s neste plano, para executar o plantio&#8221;, destacou.<\/p>\n<p>Sobre a escolha da esp\u00e9cie quaresmeira, o secret\u00e1rio explicou que a \u00e1rvore (<em>Tibouchina granulosa<\/em>), com altura de 8-12 m e 30-40 cm de di\u00e2metro, foi selecionada por ter um tamanho ideal para ser instalada em canteiros centrais e n\u00e3o comprometer a fia\u00e7\u00e3o el\u00e9trica.<\/p>\n<p>&#8220;\u00c9 um tipo de vegeta\u00e7\u00e3o que n\u00e3o compete com os fios e cabos mais altos. A gente vem plantando essa esp\u00e9cie em cal\u00e7adas, avenidas e canteiros centrais com o objetivo de arborizar, embelezar e diminuir as altas temperaturas, melhorando o clima da cidade&#8221;, explica Euler.<\/p>\n<p>O diretor do Sistema de \u00c1reas de Valor Ambiental e Cultural (Savam) da Secis, Jo\u00e3o Resch, disse que as quaresmeiras plantadas j\u00e1 estar\u00e3o floridas na Quaresma de 2026. &#8220;Olha que coincid\u00eancia espetacular! Al\u00e9m de lembramos de Santa Dulce, teremos \u00e1rvores floridas na \u00e9poca da Quaresma&#8221;, pontuou.<\/p>\n<p>Resch destacou que o Plano Diretor de Arboriza\u00e7\u00e3o de Salvador prev\u00ea novos plantios pr\u00f3ximos \u00e0s igrejas e templos. &#8220;Vamos plantar e arborizar a cidade toda. Esse \u00e9 nosso primeiro &#8216;plantio religioso&#8217;, mas j\u00e1 estamos estudando mais a\u00e7\u00f5es em trechos que possuem igrejas e caminhos como esse. Com certeza, esse trecho de hoje \u00e9 muito simb\u00f3lico, pela tradi\u00e7\u00e3o e forte religiosidade ligada ao Bonfim e \u00e0 Santa Dulce&#8221;, frisou.<\/p>\n<p>Antes do plantio, o local \u00e9 previamente visitado pelas equipes de t\u00e9cnicos da Secis para observa\u00e7\u00e3o das condi\u00e7\u00f5es gerais da \u00e1rea. Para ser aprovado s\u00e3o observados requisitos como quantidade de \u00e1rvores existentes, espa\u00e7amento, acesso para rega, solo em boas condi\u00e7\u00f5es, hist\u00f3rico do local, inexist\u00eancia de eventos que produzem danos \u00e0s mudas, exist\u00eancia de tubula\u00e7\u00e3o subterr\u00e2nea e fia\u00e7\u00e3o a\u00e9rea, pr\u00e9-exist\u00eancia de viveiro de insetos que podem causar danos \u00e0s esp\u00e9cies e declividade do solo.<\/p>\n<p>Ap\u00f3s a observa\u00e7\u00e3o dessas caracter\u00edsticas, \u00e9 feita uma rela\u00e7\u00e3o de esp\u00e9cies que se adequam melhor aos aspectos daquele ambiente. As esp\u00e9cies escolhidas para plantio obedeceram a premissas como sendo exclusivamente de mata atl\u00e2ntica e biomas associados, tamanho de copa, flora\u00e7\u00e3o, disponibilidade de aquisi\u00e7\u00e3o de mudas, adaptabilidade \u00e0 cidade, \u00edndice de rega e resist\u00eancia.<\/p>\n<p>Foto: Bruno Concha\/Secom PMS<\/p>\n","protected":false},"excerpt":{"rendered":"<p>No dia 13 de mar\u00e7o de 1992, a freira Maria Rita de Sousa Brito Lopes Pontes, ent\u00e3o Irm\u00e3 Dulce, falecia em Salvador aos 77 anos, tornando imortal o legado religioso e trabalho social, desenvolvido at\u00e9 hoje atrav\u00e9s das Obras Sociais Irm\u00e3 Dulce (Osid), localizada no Largo de Roma. Com intuito de relembrar a data e [&hellip;]<\/p>\n","protected":false},"author":24,"featured_media":887264,"comment_status":"closed","ping_status":"closed","sticky":false,"template":"","format":"standard","meta":[],"categories":[5],"tags":[1671,37520],"acf":[],"yoast_head":"<!-- This site is optimized with the Yoast SEO plugin v20.8 - https:\/\/yoast.com\/wordpress\/plugins\/seo\/ -->\n<title>CAMINHO DA F\u00c9 GANHA 180 NOVAS QUARESMEIRAS - Bahia Economica No dia 13 de mar\u00e7o de 1992, a freira Maria Rita de Sousa Brito Lopes Pontes, ent\u00e3o Irm\u00e3 Dulce, falecia em Salvador aos 77 anos, tornando imortal o legado religioso e trabalho social, desenvolvido at\u00e9 hoje atrav\u00e9s das Obras Sociais Irm\u00e3 Dulce (Osid), localizada no Largo de Roma.<\/title>\n<meta name=\"description\" content=\"O maior portal de Economia da Bahia MUNIC\u00cdPIOS Bahia Economica No dia 13 de mar\u00e7o de 1992, a freira Maria Rita de Sousa Brito Lopes Pontes, ent\u00e3o Irm\u00e3 Dulce, falecia em Salvador aos 77 anos, tornando imortal o legado religioso e trabalho social, desenvolvido at\u00e9 hoje atrav\u00e9s das Obras Sociais Irm\u00e3 Dulce (Osid), localizada no Largo de Roma.\" \/>\n<meta name=\"robots\" content=\"index, follow, max-snippet:-1, max-image-preview:large, max-video-preview:-1\" \/>\n<link rel=\"canonical\" href=\"https:\/\/bahiaeconomica.com.br\/wp\/2025\/03\/13\/caminho-da-fe-ganha-180-novas-quaresmeiras\/\" \/>\n<meta property=\"og:locale\" content=\"pt_BR\" \/>\n<meta property=\"og:type\" content=\"article\" \/>\n<meta property=\"og:title\" content=\"CAMINHO DA F\u00c9 GANHA 180 NOVAS QUARESMEIRAS - Bahia Economica No dia 13 de mar\u00e7o de 1992, a freira Maria Rita de Sousa Brito Lopes Pontes, ent\u00e3o Irm\u00e3 Dulce, falecia em Salvador aos 77 anos, tornando imortal o legado religioso e trabalho social, desenvolvido at\u00e9 hoje atrav\u00e9s das Obras Sociais Irm\u00e3 Dulce (Osid), localizada no Largo de Roma.\" \/>\n<meta property=\"og:description\" content=\"O maior portal de Economia da Bahia MUNIC\u00cdPIOS Bahia Economica No dia 13 de mar\u00e7o de 1992, a freira Maria Rita de Sousa Brito Lopes Pontes, ent\u00e3o Irm\u00e3 Dulce, falecia em Salvador aos 77 anos, tornando imortal o legado religioso e trabalho social, desenvolvido at\u00e9 hoje atrav\u00e9s das Obras Sociais Irm\u00e3 Dulce (Osid), localizada no Largo de Roma.\" \/>\n<meta property=\"og:url\" content=\"https:\/\/bahiaeconomica.com.br\/wp\/2025\/03\/13\/caminho-da-fe-ganha-180-novas-quaresmeiras\/\" \/>\n<meta property=\"og:site_name\" content=\"Bahia Economica\" \/>\n<meta property=\"article:publisher\" content=\"https:\/\/www.facebook.com\/bahiaeconomica\" \/>\n<meta property=\"article:published_time\" content=\"2025-03-13T17:10:41+00:00\" \/>\n<meta property=\"og:image\" content=\"https:\/\/bahiaeconomica.com.br\/wp\/wp-content\/uploads\/2025\/03\/13_03_2025_Plantio-de-180-Queresmeiras-na-Av-Dendezeiros_SECIS_Fot-Bruno-Concha_Secom_Pms-4-scaled.jpg\" \/>\n\t<meta property=\"og:image:width\" content=\"2560\" \/>\n\t<meta property=\"og:image:height\" content=\"1706\" \/>\n\t<meta property=\"og:image:type\" content=\"image\/jpeg\" \/>\n<meta name=\"author\" content=\"VICTOR OLIVEIRA\" \/>\n<meta name=\"twitter:card\" content=\"summary_large_image\" \/>\n<meta name=\"twitter:label1\" content=\"Escrito por\" \/>\n\t<meta name=\"twitter:data1\" content=\"VICTOR OLIVEIRA\" \/>\n\t<meta name=\"twitter:label2\" content=\"Est. tempo de leitura\" \/>\n\t<meta name=\"twitter:data2\" content=\"4 minutos\" \/>\n<script type=\"application\/ld+json\" class=\"yoast-schema-graph\">{\"@context\":\"https:\/\/schema.org\",\"@graph\":[{\"@type\":\"Article\",\"@id\":\"https:\/\/bahiaeconomica.com.br\/wp\/2025\/03\/13\/caminho-da-fe-ganha-180-novas-quaresmeiras\/#article\",\"isPartOf\":{\"@id\":\"https:\/\/bahiaeconomica.com.br\/wp\/2025\/03\/13\/caminho-da-fe-ganha-180-novas-quaresmeiras\/\"},\"author\":{\"name\":\"VICTOR OLIVEIRA\",\"@id\":\"https:\/\/bahiaeconomica.com.br\/wp\/#\/schema\/person\/a17956d0e1112b626f403fb06b8129a9\"},\"headline\":\"CAMINHO DA F\u00c9 GANHA 180 NOVAS QUARESMEIRAS\",\"datePublished\":\"2025-03-13T17:10:41+00:00\",\"dateModified\":\"2025-03-13T17:10:41+00:00\",\"mainEntityOfPage\":{\"@id\":\"https:\/\/bahiaeconomica.com.br\/wp\/2025\/03\/13\/caminho-da-fe-ganha-180-novas-quaresmeiras\/\"},\"wordCount\":618,\"publisher\":{\"@id\":\"https:\/\/bahiaeconomica.com.br\/wp\/#organization\"},\"keywords\":[\"irm\u00e3 dulce\",\"Quaresma. Caminho da F\u00e9\"],\"articleSection\":[\"MUNIC\u00cdPIOS\"],\"inLanguage\":\"pt-BR\"},{\"@type\":\"WebPage\",\"@id\":\"https:\/\/bahiaeconomica.com.br\/wp\/2025\/03\/13\/caminho-da-fe-ganha-180-novas-quaresmeiras\/\",\"url\":\"https:\/\/bahiaeconomica.com.br\/wp\/2025\/03\/13\/caminho-da-fe-ganha-180-novas-quaresmeiras\/\",\"name\":\"CAMINHO DA F\u00c9 GANHA 180 NOVAS QUARESMEIRAS - Bahia Economica No dia 13 de mar\u00e7o de 1992, a freira Maria Rita de Sousa Brito Lopes Pontes, ent\u00e3o Irm\u00e3 Dulce, falecia em Salvador aos 77 anos, tornando imortal o legado religioso e trabalho social, desenvolvido at\u00e9 hoje atrav\u00e9s das Obras Sociais Irm\u00e3 Dulce (Osid), localizada no Largo de Roma.\",\"isPartOf\":{\"@id\":\"https:\/\/bahiaeconomica.com.br\/wp\/#website\"},\"datePublished\":\"2025-03-13T17:10:41+00:00\",\"dateModified\":\"2025-03-13T17:10:41+00:00\",\"description\":\"O maior portal de Economia da Bahia MUNIC\u00cdPIOS Bahia Economica No dia 13 de mar\u00e7o de 1992, a freira Maria Rita de Sousa Brito Lopes Pontes, ent\u00e3o Irm\u00e3 Dulce, falecia em Salvador aos 77 anos, tornando imortal o legado religioso e trabalho social, desenvolvido at\u00e9 hoje atrav\u00e9s das Obras Sociais Irm\u00e3 Dulce (Osid), localizada no Largo de Roma.\",\"breadcrumb\":{\"@id\":\"https:\/\/bahiaeconomica.com.br\/wp\/2025\/03\/13\/caminho-da-fe-ganha-180-novas-quaresmeiras\/#breadcrumb\"},\"inLanguage\":\"pt-BR\",\"potentialAction\":[{\"@type\":\"ReadAction\",\"target\":[\"https:\/\/bahiaeconomica.com.br\/wp\/2025\/03\/13\/caminho-da-fe-ganha-180-novas-quaresmeiras\/\"]}]},{\"@type\":\"BreadcrumbList\",\"@id\":\"https:\/\/bahiaeconomica.com.br\/wp\/2025\/03\/13\/caminho-da-fe-ganha-180-novas-quaresmeiras\/#breadcrumb\",\"itemListElement\":[{\"@type\":\"ListItem\",\"position\":1,\"name\":\"In\u00edcio\",\"item\":\"https:\/\/bahiaeconomica.com.br\/wp\/\"},{\"@type\":\"ListItem\",\"position\":2,\"name\":\"CAMINHO DA F\u00c9 GANHA 180 NOVAS QUARESMEIRAS\"}]},{\"@type\":\"WebSite\",\"@id\":\"https:\/\/bahiaeconomica.com.br\/wp\/#website\",\"url\":\"https:\/\/bahiaeconomica.com.br\/wp\/\",\"name\":\"Bahia Economica\",\"description\":\"O maior portal de Economia da Bahia\",\"publisher\":{\"@id\":\"https:\/\/bahiaeconomica.com.br\/wp\/#organization\"},\"potentialAction\":[{\"@type\":\"SearchAction\",\"target\":{\"@type\":\"EntryPoint\",\"urlTemplate\":\"https:\/\/bahiaeconomica.com.br\/wp\/?s={search_term_string}\"},\"query-input\":\"required name=search_term_string\"}],\"inLanguage\":\"pt-BR\"},{\"@type\":\"Organization\",\"@id\":\"https:\/\/bahiaeconomica.com.br\/wp\/#organization\",\"name\":\"Bahia Econ\u00f4mica\",\"url\":\"https:\/\/bahiaeconomica.com.br\/wp\/\",\"logo\":{\"@type\":\"ImageObject\",\"inLanguage\":\"pt-BR\",\"@id\":\"https:\/\/bahiaeconomica.com.br\/wp\/#\/schema\/logo\/image\/\",\"url\":\"https:\/\/bahiaeconomica.com.br\/wp\/wp-content\/uploads\/2020\/12\/cropped-BE.png\",\"contentUrl\":\"https:\/\/bahiaeconomica.com.br\/wp\/wp-content\/uploads\/2020\/12\/cropped-BE.png\",\"width\":512,\"height\":512,\"caption\":\"Bahia Econ\u00f4mica\"},\"image\":{\"@id\":\"https:\/\/bahiaeconomica.com.br\/wp\/#\/schema\/logo\/image\/\"},\"sameAs\":[\"https:\/\/www.facebook.com\/bahiaeconomica\"]},{\"@type\":\"Person\",\"@id\":\"https:\/\/bahiaeconomica.com.br\/wp\/#\/schema\/person\/a17956d0e1112b626f403fb06b8129a9\",\"name\":\"VICTOR OLIVEIRA\",\"sameAs\":[\"http:\/\/www.bahiaeconomica.com.br\"],\"url\":\"https:\/\/bahiaeconomica.com.br\/wp\/author\/victor-oliveira\/\"}]}<\/script>\n<!-- \/ Yoast SEO plugin. -->","yoast_head_json":{"title":"CAMINHO DA F\u00c9 GANHA 180 NOVAS QUARESMEIRAS - Bahia Economica No dia 13 de mar\u00e7o de 1992, a freira Maria Rita de Sousa Brito Lopes Pontes, ent\u00e3o Irm\u00e3 Dulce, falecia em Salvador aos 77 anos, tornando imortal o legado religioso e trabalho social, desenvolvido at\u00e9 hoje atrav\u00e9s das Obras Sociais Irm\u00e3 Dulce (Osid), localizada no Largo de Roma.","description":"O maior portal de Economia da Bahia MUNIC\u00cdPIOS Bahia Economica No dia 13 de mar\u00e7o de 1992, a freira Maria Rita de Sousa Brito Lopes Pontes, ent\u00e3o Irm\u00e3 Dulce, falecia em Salvador aos 77 anos, tornando imortal o legado religioso e trabalho social, desenvolvido at\u00e9 hoje atrav\u00e9s das Obras Sociais Irm\u00e3 Dulce (Osid), localizada no Largo de Roma.","robots":{"index":"index","follow":"follow","max-snippet":"max-snippet:-1","max-image-preview":"max-image-preview:large","max-video-preview":"max-video-preview:-1"},"canonical":"https:\/\/bahiaeconomica.com.br\/wp\/2025\/03\/13\/caminho-da-fe-ganha-180-novas-quaresmeiras\/","og_locale":"pt_BR","og_type":"article","og_title":"CAMINHO DA F\u00c9 GANHA 180 NOVAS QUARESMEIRAS - Bahia Economica No dia 13 de mar\u00e7o de 1992, a freira Maria Rita de Sousa Brito Lopes Pontes, ent\u00e3o Irm\u00e3 Dulce, falecia em Salvador aos 77 anos, tornando imortal o legado religioso e trabalho social, desenvolvido at\u00e9 hoje atrav\u00e9s das Obras Sociais Irm\u00e3 Dulce (Osid), localizada no Largo de Roma.","og_description":"O maior portal de Economia da Bahia MUNIC\u00cdPIOS Bahia Economica No dia 13 de mar\u00e7o de 1992, a freira Maria Rita de Sousa Brito Lopes Pontes, ent\u00e3o Irm\u00e3 Dulce, falecia em Salvador aos 77 anos, tornando imortal o legado religioso e trabalho social, desenvolvido at\u00e9 hoje atrav\u00e9s das Obras Sociais Irm\u00e3 Dulce (Osid), localizada no Largo de Roma.","og_url":"https:\/\/bahiaeconomica.com.br\/wp\/2025\/03\/13\/caminho-da-fe-ganha-180-novas-quaresmeiras\/","og_site_name":"Bahia Economica","article_publisher":"https:\/\/www.facebook.com\/bahiaeconomica","article_published_time":"2025-03-13T17:10:41+00:00","og_image":[{"width":2560,"height":1706,"url":"https:\/\/bahiaeconomica.com.br\/wp\/wp-content\/uploads\/2025\/03\/13_03_2025_Plantio-de-180-Queresmeiras-na-Av-Dendezeiros_SECIS_Fot-Bruno-Concha_Secom_Pms-4-scaled.jpg","type":"image\/jpeg"}],"author":"VICTOR OLIVEIRA","twitter_card":"summary_large_image","twitter_misc":{"Escrito por":"VICTOR OLIVEIRA","Est. tempo de leitura":"4 minutos"},"schema":{"@context":"https:\/\/schema.org","@graph":[{"@type":"Article","@id":"https:\/\/bahiaeconomica.com.br\/wp\/2025\/03\/13\/caminho-da-fe-ganha-180-novas-quaresmeiras\/#article","isPartOf":{"@id":"https:\/\/bahiaeconomica.com.br\/wp\/2025\/03\/13\/caminho-da-fe-ganha-180-novas-quaresmeiras\/"},"author":{"name":"VICTOR OLIVEIRA","@id":"https:\/\/bahiaeconomica.com.br\/wp\/#\/schema\/person\/a17956d0e1112b626f403fb06b8129a9"},"headline":"CAMINHO DA F\u00c9 GANHA 180 NOVAS QUARESMEIRAS","datePublished":"2025-03-13T17:10:41+00:00","dateModified":"2025-03-13T17:10:41+00:00","mainEntityOfPage":{"@id":"https:\/\/bahiaeconomica.com.br\/wp\/2025\/03\/13\/caminho-da-fe-ganha-180-novas-quaresmeiras\/"},"wordCount":618,"publisher":{"@id":"https:\/\/bahiaeconomica.com.br\/wp\/#organization"},"keywords":["irm\u00e3 dulce","Quaresma. Caminho da F\u00e9"],"articleSection":["MUNIC\u00cdPIOS"],"inLanguage":"pt-BR"},{"@type":"WebPage","@id":"https:\/\/bahiaeconomica.com.br\/wp\/2025\/03\/13\/caminho-da-fe-ganha-180-novas-quaresmeiras\/","url":"https:\/\/bahiaeconomica.com.br\/wp\/2025\/03\/13\/caminho-da-fe-ganha-180-novas-quaresmeiras\/","name":"CAMINHO DA F\u00c9 GANHA 180 NOVAS QUARESMEIRAS - Bahia Economica No dia 13 de mar\u00e7o de 1992, a freira Maria Rita de Sousa Brito Lopes Pontes, ent\u00e3o Irm\u00e3 Dulce, falecia em Salvador aos 77 anos, tornando imortal o legado religioso e trabalho social, desenvolvido at\u00e9 hoje atrav\u00e9s das Obras Sociais Irm\u00e3 Dulce (Osid), localizada no Largo de Roma.","isPartOf":{"@id":"https:\/\/bahiaeconomica.com.br\/wp\/#website"},"datePublished":"2025-03-13T17:10:41+00:00","dateModified":"2025-03-13T17:10:41+00:00","description":"O maior portal de Economia da Bahia MUNIC\u00cdPIOS Bahia Economica No dia 13 de mar\u00e7o de 1992, a freira Maria Rita de Sousa Brito Lopes Pontes, ent\u00e3o Irm\u00e3 Dulce, falecia em Salvador aos 77 anos, tornando imortal o legado religioso e trabalho social, desenvolvido at\u00e9 hoje atrav\u00e9s das Obras Sociais Irm\u00e3 Dulce (Osid), localizada no Largo de Roma.","breadcrumb":{"@id":"https:\/\/bahiaeconomica.com.br\/wp\/2025\/03\/13\/caminho-da-fe-ganha-180-novas-quaresmeiras\/#breadcrumb"},"inLanguage":"pt-BR","potentialAction":[{"@type":"ReadAction","target":["https:\/\/bahiaeconomica.com.br\/wp\/2025\/03\/13\/caminho-da-fe-ganha-180-novas-quaresmeiras\/"]}]},{"@type":"BreadcrumbList","@id":"https:\/\/bahiaeconomica.com.br\/wp\/2025\/03\/13\/caminho-da-fe-ganha-180-novas-quaresmeiras\/#breadcrumb","itemListElement":[{"@type":"ListItem","position":1,"name":"In\u00edcio","item":"https:\/\/bahiaeconomica.com.br\/wp\/"},{"@type":"ListItem","position":2,"name":"CAMINHO DA F\u00c9 GANHA 180 NOVAS QUARESMEIRAS"}]},{"@type":"WebSite","@id":"https:\/\/bahiaeconomica.com.br\/wp\/#website","url":"https:\/\/bahiaeconomica.com.br\/wp\/","name":"Bahia Economica","description":"O maior portal de Economia da Bahia","publisher":{"@id":"https:\/\/bahiaeconomica.com.br\/wp\/#organization"},"potentialAction":[{"@type":"SearchAction","target":{"@type":"EntryPoint","urlTemplate":"https:\/\/bahiaeconomica.com.br\/wp\/?s={search_term_string}"},"query-input":"required name=search_term_string"}],"inLanguage":"pt-BR"},{"@type":"Organization","@id":"https:\/\/bahiaeconomica.com.br\/wp\/#organization","name":"Bahia Econ\u00f4mica","url":"https:\/\/bahiaeconomica.com.br\/wp\/","logo":{"@type":"ImageObject","inLanguage":"pt-BR","@id":"https:\/\/bahiaeconomica.com.br\/wp\/#\/schema\/logo\/image\/","url":"https:\/\/bahiaeconomica.com.br\/wp\/wp-content\/uploads\/2020\/12\/cropped-BE.png","contentUrl":"https:\/\/bahiaeconomica.com.br\/wp\/wp-content\/uploads\/2020\/12\/cropped-BE.png","width":512,"height":512,"caption":"Bahia Econ\u00f4mica"},"image":{"@id":"https:\/\/bahiaeconomica.com.br\/wp\/#\/schema\/logo\/image\/"},"sameAs":["https:\/\/www.facebook.com\/bahiaeconomica"]},{"@type":"Person","@id":"https:\/\/bahiaeconomica.com.br\/wp\/#\/schema\/person\/a17956d0e1112b626f403fb06b8129a9","name":"VICTOR OLIVEIRA","sameAs":["http:\/\/www.bahiaeconomica.com.br"],"url":"https:\/\/bahiaeconomica.com.br\/wp\/author\/victor-oliveira\/"}]}},"views":3,"_links":{"self":[{"href":"https:\/\/bahiaeconomica.com.br\/wp\/wp-json\/wp\/v2\/posts\/887263"}],"collection":[{"href":"https:\/\/bahiaeconomica.com.br\/wp\/wp-json\/wp\/v2\/posts"}],"about":[{"href":"https:\/\/bahiaeconomica.com.br\/wp\/wp-json\/wp\/v2\/types\/post"}],"author":[{"embeddable":true,"href":"https:\/\/bahiaeconomica.com.br\/wp\/wp-json\/wp\/v2\/users\/24"}],"replies":[{"embeddable":true,"href":"https:\/\/bahiaeconomica.com.br\/wp\/wp-json\/wp\/v2\/comments?post=887263"}],"version-history":[{"count":1,"href":"https:\/\/bahiaeconomica.com.br\/wp\/wp-json\/wp\/v2\/posts\/887263\/revisions"}],"predecessor-version":[{"id":887270,"href":"https:\/\/bahiaeconomica.com.br\/wp\/wp-json\/wp\/v2\/posts\/887263\/revisions\/887270"}],"wp:featuredmedia":[{"embeddable":true,"href":"https:\/\/bahiaeconomica.com.br\/wp\/wp-json\/wp\/v2\/media\/887264"}],"wp:attachment":[{"href":"https:\/\/bahiaeconomica.com.br\/wp\/wp-json\/wp\/v2\/media?parent=887263"}],"wp:term":[{"taxonomy":"category","embeddable":true,"href":"https:\/\/bahiaeconomica.com.br\/wp\/wp-json\/wp\/v2\/categories?post=887263"},{"taxonomy":"post_tag","embeddable":true,"href":"https:\/\/bahiaeconomica.com.br\/wp\/wp-json\/wp\/v2\/tags?post=887263"}],"curies":[{"name":"wp","href":"https:\/\/api.w.org\/{rel}","templated":true}]}}