{"id":886972,"date":"2025-03-12T17:20:00","date_gmt":"2025-03-12T20:20:00","guid":{"rendered":"https:\/\/bahiaeconomica.com.br\/wp\/?p=886972"},"modified":"2025-03-12T16:37:37","modified_gmt":"2025-03-12T19:37:37","slug":"financiamento-de-veiculos-deve-se-manter-aquecido-em-2025-dizem-especialistas","status":"publish","type":"post","link":"https:\/\/bahiaeconomica.com.br\/wp\/2025\/03\/12\/financiamento-de-veiculos-deve-se-manter-aquecido-em-2025-dizem-especialistas\/","title":{"rendered":"FINANCIAMENTO DE VE\u00cdCULOS DEVE SE MANTER AQUECIDO EM 2025, DIZEM ESPECIALISTAS"},"content":{"rendered":"<p>Em 2024, o mercado automotivo brasileiro cresceu 14%, superando a m\u00e9dia global de 2% nas vendas de ve\u00edculos zero-quil\u00f4metro. Esse avan\u00e7o se deve, em grande parte, ao acesso facilitado ao financiamento. Segundo a Anef (Associa\u00e7\u00e3o Nacional das Empresas Financeiras das Montadoras), 46% das compras de ve\u00edculos leves no ano passado foram financiadas, totalizando R$ 272,7 bilh\u00f5es em cr\u00e9dito concedido.<\/p>\n<p>O n\u00famero de ve\u00edculos financiados aumentou mais de 30% em rela\u00e7\u00e3o a 2023, de acordo com a B3, respons\u00e1vel pelo registro de gravames no pa\u00eds. De janeiro a novembro de 2024, as novas concess\u00f5es de financiamentos somaram R$ 192,2 bilh\u00f5es, um crescimento de 24,4% em compara\u00e7\u00e3o com o mesmo per\u00edodo de 2023.<\/p>\n<p>Dados do Banco Central e da Febraban (Federa\u00e7\u00e3o Brasileira dos Bancos) indicam uma expans\u00e3o cont\u00ednua no cr\u00e9dito para ve\u00edculos. Em janeiro de 2024, foram registradas cerca de 680 mil opera\u00e7\u00f5es, n\u00famero que subiu para aproximadamente 750 mil em janeiro de 2025.<\/p>\n<p>A crescente concorr\u00eancia no setor tem impulsionado as compras financiadas. \u201cMuitas montadoras, em parceria com suas concession\u00e1rias, t\u00eam facilitado a concess\u00e3o de cr\u00e9dito, oferecendo entrada reduzida, prazos estendidos, parcelas flex\u00edveis, programas de recompra e at\u00e9 juros zerados para alguns modelos&#8221;, avalia o professor de Carteira de Investimentos e Sistema Financeiro Nacional dos cursos de p\u00f3s-gradua\u00e7\u00e3o da PUC-PR, Raphael Cordeiro. Segundo ele, essas condi\u00e7\u00f5es tornam o financiamento a op\u00e7\u00e3o mais atraente para o consumidor.<\/p>\n<p>As facilidades oferecidas tamb\u00e9m contribuem para a redu\u00e7\u00e3o da inadimpl\u00eancia. De acordo com a Anef, a taxa caiu 0,3 ponto percentual entre pessoas f\u00edsicas e 0,7 ponto percentual entre pessoas jur\u00eddicas. \u201cIsso ocorre porque o ve\u00edculo financiado serve como garantia, tornando o devedor mais propenso a manter os pagamentos em dia para evitar a perda do bem \u2014 o que diferencia essa d\u00edvida das do cart\u00e3o de cr\u00e9dito e do cheque especial&#8221;, explica Cordeiro.<\/p>\n<p>Foto: freepik<\/p>\n","protected":false},"excerpt":{"rendered":"<p>Em 2024, o mercado automotivo brasileiro cresceu 14%, superando a m\u00e9dia global de 2% nas vendas de ve\u00edculos zero-quil\u00f4metro. Esse avan\u00e7o se deve, em grande parte, ao acesso facilitado ao financiamento. Segundo a Anef (Associa\u00e7\u00e3o Nacional das Empresas Financeiras das Montadoras), 46% das compras de ve\u00edculos leves no ano passado foram financiadas, totalizando R$ 272,7 [&hellip;]<\/p>\n","protected":false},"author":15,"featured_media":886982,"comment_status":"closed","ping_status":"closed","sticky":false,"template":"","format":"standard","meta":[],"categories":[3],"tags":[2519,37485],"acf":[],"yoast_head":"<!-- This site is optimized with the Yoast SEO plugin v20.8 - https:\/\/yoast.com\/wordpress\/plugins\/seo\/ -->\n<title>FINANCIAMENTO DE VE\u00cdCULOS DEVE SE MANTER AQUECIDO EM 2025, DIZEM ESPECIALISTAS - Bahia Economica<\/title>\n<meta name=\"description\" content=\"O maior portal de Economia da Bahia ECONOMIA \/ POL\u00cdTICA Bahia Economica Em 2024, o mercado automotivo brasileiro cresceu 14%, superando a m\u00e9dia\" \/>\n<meta name=\"robots\" content=\"index, follow, max-snippet:-1, max-image-preview:large, max-video-preview:-1\" \/>\n<link rel=\"canonical\" href=\"https:\/\/bahiaeconomica.com.br\/wp\/2025\/03\/12\/financiamento-de-veiculos-deve-se-manter-aquecido-em-2025-dizem-especialistas\/\" \/>\n<meta property=\"og:locale\" content=\"pt_BR\" \/>\n<meta property=\"og:type\" content=\"article\" \/>\n<meta property=\"og:title\" content=\"FINANCIAMENTO DE VE\u00cdCULOS DEVE SE MANTER AQUECIDO EM 2025, DIZEM ESPECIALISTAS - Bahia Economica\" \/>\n<meta property=\"og:description\" content=\"O maior portal de Economia da Bahia ECONOMIA \/ POL\u00cdTICA Bahia Economica Em 2024, o mercado automotivo brasileiro cresceu 14%, superando a m\u00e9dia\" \/>\n<meta property=\"og:url\" content=\"https:\/\/bahiaeconomica.com.br\/wp\/2025\/03\/12\/financiamento-de-veiculos-deve-se-manter-aquecido-em-2025-dizem-especialistas\/\" \/>\n<meta property=\"og:site_name\" content=\"Bahia Economica\" \/>\n<meta property=\"article:publisher\" content=\"https:\/\/www.facebook.com\/bahiaeconomica\" \/>\n<meta property=\"article:published_time\" content=\"2025-03-12T20:20:00+00:00\" \/>\n<meta property=\"article:modified_time\" content=\"2025-03-12T19:37:37+00:00\" \/>\n<meta property=\"og:image\" content=\"https:\/\/bahiaeconomica.com.br\/wp\/wp-content\/uploads\/2025\/03\/young-couple-choosing-car-car-show-room-1-scaled.jpg\" \/>\n\t<meta property=\"og:image:width\" content=\"2560\" \/>\n\t<meta property=\"og:image:height\" content=\"1707\" \/>\n\t<meta property=\"og:image:type\" content=\"image\/jpeg\" \/>\n<meta name=\"author\" content=\"VICTORIA ISABEL\" \/>\n<meta name=\"twitter:card\" content=\"summary_large_image\" \/>\n<meta name=\"twitter:label1\" content=\"Escrito por\" \/>\n\t<meta name=\"twitter:data1\" content=\"VICTORIA ISABEL\" \/>\n\t<meta name=\"twitter:label2\" content=\"Est. tempo de leitura\" \/>\n\t<meta name=\"twitter:data2\" content=\"2 minutos\" \/>\n<script type=\"application\/ld+json\" class=\"yoast-schema-graph\">{\"@context\":\"https:\/\/schema.org\",\"@graph\":[{\"@type\":\"Article\",\"@id\":\"https:\/\/bahiaeconomica.com.br\/wp\/2025\/03\/12\/financiamento-de-veiculos-deve-se-manter-aquecido-em-2025-dizem-especialistas\/#article\",\"isPartOf\":{\"@id\":\"https:\/\/bahiaeconomica.com.br\/wp\/2025\/03\/12\/financiamento-de-veiculos-deve-se-manter-aquecido-em-2025-dizem-especialistas\/\"},\"author\":{\"name\":\"VICTORIA ISABEL\",\"@id\":\"https:\/\/bahiaeconomica.com.br\/wp\/#\/schema\/person\/b719ce0fb1c09f3c7a00d9243ced4a6f\"},\"headline\":\"FINANCIAMENTO DE VE\u00cdCULOS DEVE SE MANTER AQUECIDO EM 2025, DIZEM ESPECIALISTAS\",\"datePublished\":\"2025-03-12T20:20:00+00:00\",\"dateModified\":\"2025-03-12T19:37:37+00:00\",\"mainEntityOfPage\":{\"@id\":\"https:\/\/bahiaeconomica.com.br\/wp\/2025\/03\/12\/financiamento-de-veiculos-deve-se-manter-aquecido-em-2025-dizem-especialistas\/\"},\"wordCount\":337,\"publisher\":{\"@id\":\"https:\/\/bahiaeconomica.com.br\/wp\/#organization\"},\"keywords\":[\"financiamento\",\"mercado automotivo brasileiro\"],\"articleSection\":[\"ECONOMIA \/ POL\u00cdTICA\"],\"inLanguage\":\"pt-BR\"},{\"@type\":\"WebPage\",\"@id\":\"https:\/\/bahiaeconomica.com.br\/wp\/2025\/03\/12\/financiamento-de-veiculos-deve-se-manter-aquecido-em-2025-dizem-especialistas\/\",\"url\":\"https:\/\/bahiaeconomica.com.br\/wp\/2025\/03\/12\/financiamento-de-veiculos-deve-se-manter-aquecido-em-2025-dizem-especialistas\/\",\"name\":\"FINANCIAMENTO DE VE\u00cdCULOS DEVE SE MANTER AQUECIDO EM 2025, DIZEM ESPECIALISTAS - Bahia Economica\",\"isPartOf\":{\"@id\":\"https:\/\/bahiaeconomica.com.br\/wp\/#website\"},\"datePublished\":\"2025-03-12T20:20:00+00:00\",\"dateModified\":\"2025-03-12T19:37:37+00:00\",\"description\":\"O maior portal de Economia da Bahia ECONOMIA \/ POL\u00cdTICA Bahia Economica Em 2024, o mercado automotivo brasileiro cresceu 14%, superando a m\u00e9dia\",\"breadcrumb\":{\"@id\":\"https:\/\/bahiaeconomica.com.br\/wp\/2025\/03\/12\/financiamento-de-veiculos-deve-se-manter-aquecido-em-2025-dizem-especialistas\/#breadcrumb\"},\"inLanguage\":\"pt-BR\",\"potentialAction\":[{\"@type\":\"ReadAction\",\"target\":[\"https:\/\/bahiaeconomica.com.br\/wp\/2025\/03\/12\/financiamento-de-veiculos-deve-se-manter-aquecido-em-2025-dizem-especialistas\/\"]}]},{\"@type\":\"BreadcrumbList\",\"@id\":\"https:\/\/bahiaeconomica.com.br\/wp\/2025\/03\/12\/financiamento-de-veiculos-deve-se-manter-aquecido-em-2025-dizem-especialistas\/#breadcrumb\",\"itemListElement\":[{\"@type\":\"ListItem\",\"position\":1,\"name\":\"In\u00edcio\",\"item\":\"https:\/\/bahiaeconomica.com.br\/wp\/\"},{\"@type\":\"ListItem\",\"position\":2,\"name\":\"FINANCIAMENTO DE VE\u00cdCULOS DEVE SE MANTER AQUECIDO EM 2025, DIZEM ESPECIALISTAS\"}]},{\"@type\":\"WebSite\",\"@id\":\"https:\/\/bahiaeconomica.com.br\/wp\/#website\",\"url\":\"https:\/\/bahiaeconomica.com.br\/wp\/\",\"name\":\"Bahia Economica\",\"description\":\"O maior portal de Economia da Bahia\",\"publisher\":{\"@id\":\"https:\/\/bahiaeconomica.com.br\/wp\/#organization\"},\"potentialAction\":[{\"@type\":\"SearchAction\",\"target\":{\"@type\":\"EntryPoint\",\"urlTemplate\":\"https:\/\/bahiaeconomica.com.br\/wp\/?s={search_term_string}\"},\"query-input\":\"required name=search_term_string\"}],\"inLanguage\":\"pt-BR\"},{\"@type\":\"Organization\",\"@id\":\"https:\/\/bahiaeconomica.com.br\/wp\/#organization\",\"name\":\"Bahia Econ\u00f4mica\",\"url\":\"https:\/\/bahiaeconomica.com.br\/wp\/\",\"logo\":{\"@type\":\"ImageObject\",\"inLanguage\":\"pt-BR\",\"@id\":\"https:\/\/bahiaeconomica.com.br\/wp\/#\/schema\/logo\/image\/\",\"url\":\"https:\/\/bahiaeconomica.com.br\/wp\/wp-content\/uploads\/2020\/12\/cropped-BE.png\",\"contentUrl\":\"https:\/\/bahiaeconomica.com.br\/wp\/wp-content\/uploads\/2020\/12\/cropped-BE.png\",\"width\":512,\"height\":512,\"caption\":\"Bahia Econ\u00f4mica\"},\"image\":{\"@id\":\"https:\/\/bahiaeconomica.com.br\/wp\/#\/schema\/logo\/image\/\"},\"sameAs\":[\"https:\/\/www.facebook.com\/bahiaeconomica\"]},{\"@type\":\"Person\",\"@id\":\"https:\/\/bahiaeconomica.com.br\/wp\/#\/schema\/person\/b719ce0fb1c09f3c7a00d9243ced4a6f\",\"name\":\"VICTORIA ISABEL\",\"sameAs\":[\"http:\/\/www.bahiaeconomica.com.br\"],\"url\":\"https:\/\/bahiaeconomica.com.br\/wp\/author\/victoria-isabel\/\"}]}<\/script>\n<!-- \/ Yoast SEO plugin. -->","yoast_head_json":{"title":"FINANCIAMENTO DE VE\u00cdCULOS DEVE SE MANTER AQUECIDO EM 2025, DIZEM ESPECIALISTAS - Bahia Economica","description":"O maior portal de Economia da Bahia ECONOMIA \/ POL\u00cdTICA Bahia Economica Em 2024, o mercado automotivo brasileiro cresceu 14%, superando a m\u00e9dia","robots":{"index":"index","follow":"follow","max-snippet":"max-snippet:-1","max-image-preview":"max-image-preview:large","max-video-preview":"max-video-preview:-1"},"canonical":"https:\/\/bahiaeconomica.com.br\/wp\/2025\/03\/12\/financiamento-de-veiculos-deve-se-manter-aquecido-em-2025-dizem-especialistas\/","og_locale":"pt_BR","og_type":"article","og_title":"FINANCIAMENTO DE VE\u00cdCULOS DEVE SE MANTER AQUECIDO EM 2025, DIZEM ESPECIALISTAS - Bahia Economica","og_description":"O maior portal de Economia da Bahia ECONOMIA \/ POL\u00cdTICA Bahia Economica Em 2024, o mercado automotivo brasileiro cresceu 14%, superando a m\u00e9dia","og_url":"https:\/\/bahiaeconomica.com.br\/wp\/2025\/03\/12\/financiamento-de-veiculos-deve-se-manter-aquecido-em-2025-dizem-especialistas\/","og_site_name":"Bahia Economica","article_publisher":"https:\/\/www.facebook.com\/bahiaeconomica","article_published_time":"2025-03-12T20:20:00+00:00","article_modified_time":"2025-03-12T19:37:37+00:00","og_image":[{"width":2560,"height":1707,"url":"https:\/\/bahiaeconomica.com.br\/wp\/wp-content\/uploads\/2025\/03\/young-couple-choosing-car-car-show-room-1-scaled.jpg","type":"image\/jpeg"}],"author":"VICTORIA ISABEL","twitter_card":"summary_large_image","twitter_misc":{"Escrito por":"VICTORIA ISABEL","Est. tempo de leitura":"2 minutos"},"schema":{"@context":"https:\/\/schema.org","@graph":[{"@type":"Article","@id":"https:\/\/bahiaeconomica.com.br\/wp\/2025\/03\/12\/financiamento-de-veiculos-deve-se-manter-aquecido-em-2025-dizem-especialistas\/#article","isPartOf":{"@id":"https:\/\/bahiaeconomica.com.br\/wp\/2025\/03\/12\/financiamento-de-veiculos-deve-se-manter-aquecido-em-2025-dizem-especialistas\/"},"author":{"name":"VICTORIA ISABEL","@id":"https:\/\/bahiaeconomica.com.br\/wp\/#\/schema\/person\/b719ce0fb1c09f3c7a00d9243ced4a6f"},"headline":"FINANCIAMENTO DE VE\u00cdCULOS DEVE SE MANTER AQUECIDO EM 2025, DIZEM ESPECIALISTAS","datePublished":"2025-03-12T20:20:00+00:00","dateModified":"2025-03-12T19:37:37+00:00","mainEntityOfPage":{"@id":"https:\/\/bahiaeconomica.com.br\/wp\/2025\/03\/12\/financiamento-de-veiculos-deve-se-manter-aquecido-em-2025-dizem-especialistas\/"},"wordCount":337,"publisher":{"@id":"https:\/\/bahiaeconomica.com.br\/wp\/#organization"},"keywords":["financiamento","mercado automotivo brasileiro"],"articleSection":["ECONOMIA \/ POL\u00cdTICA"],"inLanguage":"pt-BR"},{"@type":"WebPage","@id":"https:\/\/bahiaeconomica.com.br\/wp\/2025\/03\/12\/financiamento-de-veiculos-deve-se-manter-aquecido-em-2025-dizem-especialistas\/","url":"https:\/\/bahiaeconomica.com.br\/wp\/2025\/03\/12\/financiamento-de-veiculos-deve-se-manter-aquecido-em-2025-dizem-especialistas\/","name":"FINANCIAMENTO DE VE\u00cdCULOS DEVE SE MANTER AQUECIDO EM 2025, DIZEM ESPECIALISTAS - Bahia Economica","isPartOf":{"@id":"https:\/\/bahiaeconomica.com.br\/wp\/#website"},"datePublished":"2025-03-12T20:20:00+00:00","dateModified":"2025-03-12T19:37:37+00:00","description":"O maior portal de Economia da Bahia ECONOMIA \/ POL\u00cdTICA Bahia Economica Em 2024, o mercado automotivo brasileiro cresceu 14%, superando a m\u00e9dia","breadcrumb":{"@id":"https:\/\/bahiaeconomica.com.br\/wp\/2025\/03\/12\/financiamento-de-veiculos-deve-se-manter-aquecido-em-2025-dizem-especialistas\/#breadcrumb"},"inLanguage":"pt-BR","potentialAction":[{"@type":"ReadAction","target":["https:\/\/bahiaeconomica.com.br\/wp\/2025\/03\/12\/financiamento-de-veiculos-deve-se-manter-aquecido-em-2025-dizem-especialistas\/"]}]},{"@type":"BreadcrumbList","@id":"https:\/\/bahiaeconomica.com.br\/wp\/2025\/03\/12\/financiamento-de-veiculos-deve-se-manter-aquecido-em-2025-dizem-especialistas\/#breadcrumb","itemListElement":[{"@type":"ListItem","position":1,"name":"In\u00edcio","item":"https:\/\/bahiaeconomica.com.br\/wp\/"},{"@type":"ListItem","position":2,"name":"FINANCIAMENTO DE VE\u00cdCULOS DEVE SE MANTER AQUECIDO EM 2025, DIZEM ESPECIALISTAS"}]},{"@type":"WebSite","@id":"https:\/\/bahiaeconomica.com.br\/wp\/#website","url":"https:\/\/bahiaeconomica.com.br\/wp\/","name":"Bahia Economica","description":"O maior portal de Economia da Bahia","publisher":{"@id":"https:\/\/bahiaeconomica.com.br\/wp\/#organization"},"potentialAction":[{"@type":"SearchAction","target":{"@type":"EntryPoint","urlTemplate":"https:\/\/bahiaeconomica.com.br\/wp\/?s={search_term_string}"},"query-input":"required name=search_term_string"}],"inLanguage":"pt-BR"},{"@type":"Organization","@id":"https:\/\/bahiaeconomica.com.br\/wp\/#organization","name":"Bahia Econ\u00f4mica","url":"https:\/\/bahiaeconomica.com.br\/wp\/","logo":{"@type":"ImageObject","inLanguage":"pt-BR","@id":"https:\/\/bahiaeconomica.com.br\/wp\/#\/schema\/logo\/image\/","url":"https:\/\/bahiaeconomica.com.br\/wp\/wp-content\/uploads\/2020\/12\/cropped-BE.png","contentUrl":"https:\/\/bahiaeconomica.com.br\/wp\/wp-content\/uploads\/2020\/12\/cropped-BE.png","width":512,"height":512,"caption":"Bahia Econ\u00f4mica"},"image":{"@id":"https:\/\/bahiaeconomica.com.br\/wp\/#\/schema\/logo\/image\/"},"sameAs":["https:\/\/www.facebook.com\/bahiaeconomica"]},{"@type":"Person","@id":"https:\/\/bahiaeconomica.com.br\/wp\/#\/schema\/person\/b719ce0fb1c09f3c7a00d9243ced4a6f","name":"VICTORIA ISABEL","sameAs":["http:\/\/www.bahiaeconomica.com.br"],"url":"https:\/\/bahiaeconomica.com.br\/wp\/author\/victoria-isabel\/"}]}},"views":9,"_links":{"self":[{"href":"https:\/\/bahiaeconomica.com.br\/wp\/wp-json\/wp\/v2\/posts\/886972"}],"collection":[{"href":"https:\/\/bahiaeconomica.com.br\/wp\/wp-json\/wp\/v2\/posts"}],"about":[{"href":"https:\/\/bahiaeconomica.com.br\/wp\/wp-json\/wp\/v2\/types\/post"}],"author":[{"embeddable":true,"href":"https:\/\/bahiaeconomica.com.br\/wp\/wp-json\/wp\/v2\/users\/15"}],"replies":[{"embeddable":true,"href":"https:\/\/bahiaeconomica.com.br\/wp\/wp-json\/wp\/v2\/comments?post=886972"}],"version-history":[{"count":1,"href":"https:\/\/bahiaeconomica.com.br\/wp\/wp-json\/wp\/v2\/posts\/886972\/revisions"}],"predecessor-version":[{"id":886984,"href":"https:\/\/bahiaeconomica.com.br\/wp\/wp-json\/wp\/v2\/posts\/886972\/revisions\/886984"}],"wp:featuredmedia":[{"embeddable":true,"href":"https:\/\/bahiaeconomica.com.br\/wp\/wp-json\/wp\/v2\/media\/886982"}],"wp:attachment":[{"href":"https:\/\/bahiaeconomica.com.br\/wp\/wp-json\/wp\/v2\/media?parent=886972"}],"wp:term":[{"taxonomy":"category","embeddable":true,"href":"https:\/\/bahiaeconomica.com.br\/wp\/wp-json\/wp\/v2\/categories?post=886972"},{"taxonomy":"post_tag","embeddable":true,"href":"https:\/\/bahiaeconomica.com.br\/wp\/wp-json\/wp\/v2\/tags?post=886972"}],"curies":[{"name":"wp","href":"https:\/\/api.w.org\/{rel}","templated":true}]}}