{"id":886822,"date":"2025-01-12T10:22:41","date_gmt":"2025-01-12T13:22:41","guid":{"rendered":"https:\/\/bahiaeconomica.com.br\/wp\/?p=886822"},"modified":"2025-03-12T10:23:40","modified_gmt":"2025-03-12T13:23:40","slug":"chef-tereza-paim-na-cozinha-show-da-abertura-da-primeira-fabrica-baiana-sao-braz","status":"publish","type":"post","link":"https:\/\/bahiaeconomica.com.br\/wp\/2025\/01\/12\/chef-tereza-paim-na-cozinha-show-da-abertura-da-primeira-fabrica-baiana-sao-braz\/","title":{"rendered":"CHEF TEREZA PAIM NA COZINHA SHOW DA ABERTURA DA PRIMEIRA F\u00c1BRICA BAIANA S\u00c3O BRAZ"},"content":{"rendered":"<p>Embaixadora da gastronomia baiana e amplamente conhecida por seu trabalho \u00e0 frente da gastronomia, conectando a Bahia com o Mundo,\u00a0 a chef Tereza Paim, em grande estilo, ser\u00e1 protagonista da Cozinha Show assinada pela S\u00e3o Braz, durante a abertura de sua primeira f\u00e1brica na Bahia, em.Concei\u00e7\u00e3o do Jacu\u00edpe, que acontece no dia 28 de mar\u00e7o. Tereza assinar\u00e1 um menu com produtos exclusivos da S\u00e3o Braz e doses baianas e paraibanas, numa grande fus\u00e3o de sabores. Os pratos que ser\u00e3o degustados pelos convidados s\u00e3o cuscuz com lingui\u00e7a artesanal, pir\u00e3o de floc\u00e3o e inhame com moqueca de frutos do mar, e polenta de floc\u00e3o com ragu de picanha.<\/p>\n","protected":false},"excerpt":{"rendered":"<p>Embaixadora da gastronomia baiana e amplamente conhecida por seu trabalho \u00e0 frente da gastronomia, conectando a Bahia com o Mundo,\u00a0 a chef Tereza Paim, em grande estilo, ser\u00e1 protagonista da Cozinha Show assinada pela S\u00e3o Braz, durante a abertura de sua primeira f\u00e1brica na Bahia, em.Concei\u00e7\u00e3o do Jacu\u00edpe, que acontece no dia 28 de mar\u00e7o. [&hellip;]<\/p>\n","protected":false},"author":8,"featured_media":886823,"comment_status":"closed","ping_status":"closed","sticky":false,"template":"","format":"standard","meta":[],"categories":[689],"tags":[],"acf":[],"yoast_head":"<!-- This site is optimized with the Yoast SEO plugin v20.8 - https:\/\/yoast.com\/wordpress\/plugins\/seo\/ -->\n<title>CHEF TEREZA PAIM NA COZINHA SHOW DA ABERTURA DA PRIMEIRA F\u00c1BRICA BAIANA S\u00c3O BRAZ - Bahia Economica<\/title>\n<meta name=\"description\" content=\"O maior portal de Economia da Bahia CULTURA E ARTE Bahia Economica\" \/>\n<meta name=\"robots\" content=\"index, follow, max-snippet:-1, max-image-preview:large, max-video-preview:-1\" \/>\n<link rel=\"canonical\" href=\"https:\/\/bahiaeconomica.com.br\/wp\/2025\/01\/12\/chef-tereza-paim-na-cozinha-show-da-abertura-da-primeira-fabrica-baiana-sao-braz\/\" \/>\n<meta property=\"og:locale\" content=\"pt_BR\" \/>\n<meta property=\"og:type\" content=\"article\" \/>\n<meta property=\"og:title\" content=\"CHEF TEREZA PAIM NA COZINHA SHOW DA ABERTURA DA PRIMEIRA F\u00c1BRICA BAIANA S\u00c3O BRAZ - Bahia Economica\" \/>\n<meta property=\"og:description\" content=\"O maior portal de Economia da Bahia CULTURA E ARTE Bahia Economica\" \/>\n<meta property=\"og:url\" content=\"https:\/\/bahiaeconomica.com.br\/wp\/2025\/01\/12\/chef-tereza-paim-na-cozinha-show-da-abertura-da-primeira-fabrica-baiana-sao-braz\/\" \/>\n<meta property=\"og:site_name\" content=\"Bahia Economica\" \/>\n<meta property=\"article:publisher\" content=\"https:\/\/www.facebook.com\/bahiaeconomica\" \/>\n<meta property=\"article:published_time\" content=\"2025-01-12T13:22:41+00:00\" \/>\n<meta property=\"article:modified_time\" content=\"2025-03-12T13:23:40+00:00\" \/>\n<meta property=\"og:image\" content=\"https:\/\/bahiaeconomica.com.br\/wp\/wp-content\/uploads\/2025\/03\/WhatsApp-Image-2025-03-11-at-15.24.55.jpeg\" \/>\n\t<meta property=\"og:image:width\" content=\"772\" \/>\n\t<meta property=\"og:image:height\" content=\"1166\" \/>\n\t<meta property=\"og:image:type\" content=\"image\/jpeg\" \/>\n<meta name=\"author\" content=\"JP\" \/>\n<meta name=\"twitter:card\" content=\"summary_large_image\" \/>\n<meta name=\"twitter:label1\" content=\"Escrito por\" \/>\n\t<meta name=\"twitter:data1\" content=\"JP\" \/>\n\t<meta name=\"twitter:label2\" content=\"Est. tempo de leitura\" \/>\n\t<meta name=\"twitter:data2\" content=\"1 minuto\" \/>\n<script type=\"application\/ld+json\" class=\"yoast-schema-graph\">{\"@context\":\"https:\/\/schema.org\",\"@graph\":[{\"@type\":\"Article\",\"@id\":\"https:\/\/bahiaeconomica.com.br\/wp\/2025\/01\/12\/chef-tereza-paim-na-cozinha-show-da-abertura-da-primeira-fabrica-baiana-sao-braz\/#article\",\"isPartOf\":{\"@id\":\"https:\/\/bahiaeconomica.com.br\/wp\/2025\/01\/12\/chef-tereza-paim-na-cozinha-show-da-abertura-da-primeira-fabrica-baiana-sao-braz\/\"},\"author\":{\"name\":\"JP\",\"@id\":\"https:\/\/bahiaeconomica.com.br\/wp\/#\/schema\/person\/c86d3a3f8960425a0f9d0e5245991f4e\"},\"headline\":\"CHEF TEREZA PAIM NA COZINHA SHOW DA ABERTURA DA PRIMEIRA F\u00c1BRICA BAIANA S\u00c3O BRAZ\",\"datePublished\":\"2025-01-12T13:22:41+00:00\",\"dateModified\":\"2025-03-12T13:23:40+00:00\",\"mainEntityOfPage\":{\"@id\":\"https:\/\/bahiaeconomica.com.br\/wp\/2025\/01\/12\/chef-tereza-paim-na-cozinha-show-da-abertura-da-primeira-fabrica-baiana-sao-braz\/\"},\"wordCount\":134,\"publisher\":{\"@id\":\"https:\/\/bahiaeconomica.com.br\/wp\/#organization\"},\"articleSection\":[\"CULTURA E ARTE\"],\"inLanguage\":\"pt-BR\"},{\"@type\":\"WebPage\",\"@id\":\"https:\/\/bahiaeconomica.com.br\/wp\/2025\/01\/12\/chef-tereza-paim-na-cozinha-show-da-abertura-da-primeira-fabrica-baiana-sao-braz\/\",\"url\":\"https:\/\/bahiaeconomica.com.br\/wp\/2025\/01\/12\/chef-tereza-paim-na-cozinha-show-da-abertura-da-primeira-fabrica-baiana-sao-braz\/\",\"name\":\"CHEF TEREZA PAIM NA COZINHA SHOW DA ABERTURA DA PRIMEIRA F\u00c1BRICA BAIANA S\u00c3O BRAZ - Bahia Economica\",\"isPartOf\":{\"@id\":\"https:\/\/bahiaeconomica.com.br\/wp\/#website\"},\"datePublished\":\"2025-01-12T13:22:41+00:00\",\"dateModified\":\"2025-03-12T13:23:40+00:00\",\"description\":\"O maior portal de Economia da Bahia CULTURA E ARTE Bahia Economica\",\"breadcrumb\":{\"@id\":\"https:\/\/bahiaeconomica.com.br\/wp\/2025\/01\/12\/chef-tereza-paim-na-cozinha-show-da-abertura-da-primeira-fabrica-baiana-sao-braz\/#breadcrumb\"},\"inLanguage\":\"pt-BR\",\"potentialAction\":[{\"@type\":\"ReadAction\",\"target\":[\"https:\/\/bahiaeconomica.com.br\/wp\/2025\/01\/12\/chef-tereza-paim-na-cozinha-show-da-abertura-da-primeira-fabrica-baiana-sao-braz\/\"]}]},{\"@type\":\"BreadcrumbList\",\"@id\":\"https:\/\/bahiaeconomica.com.br\/wp\/2025\/01\/12\/chef-tereza-paim-na-cozinha-show-da-abertura-da-primeira-fabrica-baiana-sao-braz\/#breadcrumb\",\"itemListElement\":[{\"@type\":\"ListItem\",\"position\":1,\"name\":\"In\u00edcio\",\"item\":\"https:\/\/bahiaeconomica.com.br\/wp\/\"},{\"@type\":\"ListItem\",\"position\":2,\"name\":\"CHEF TEREZA PAIM NA COZINHA SHOW DA ABERTURA DA PRIMEIRA F\u00c1BRICA BAIANA S\u00c3O BRAZ\"}]},{\"@type\":\"WebSite\",\"@id\":\"https:\/\/bahiaeconomica.com.br\/wp\/#website\",\"url\":\"https:\/\/bahiaeconomica.com.br\/wp\/\",\"name\":\"Bahia Economica\",\"description\":\"O maior portal de Economia da Bahia\",\"publisher\":{\"@id\":\"https:\/\/bahiaeconomica.com.br\/wp\/#organization\"},\"potentialAction\":[{\"@type\":\"SearchAction\",\"target\":{\"@type\":\"EntryPoint\",\"urlTemplate\":\"https:\/\/bahiaeconomica.com.br\/wp\/?s={search_term_string}\"},\"query-input\":\"required name=search_term_string\"}],\"inLanguage\":\"pt-BR\"},{\"@type\":\"Organization\",\"@id\":\"https:\/\/bahiaeconomica.com.br\/wp\/#organization\",\"name\":\"Bahia Econ\u00f4mica\",\"url\":\"https:\/\/bahiaeconomica.com.br\/wp\/\",\"logo\":{\"@type\":\"ImageObject\",\"inLanguage\":\"pt-BR\",\"@id\":\"https:\/\/bahiaeconomica.com.br\/wp\/#\/schema\/logo\/image\/\",\"url\":\"https:\/\/bahiaeconomica.com.br\/wp\/wp-content\/uploads\/2020\/12\/cropped-BE.png\",\"contentUrl\":\"https:\/\/bahiaeconomica.com.br\/wp\/wp-content\/uploads\/2020\/12\/cropped-BE.png\",\"width\":512,\"height\":512,\"caption\":\"Bahia Econ\u00f4mica\"},\"image\":{\"@id\":\"https:\/\/bahiaeconomica.com.br\/wp\/#\/schema\/logo\/image\/\"},\"sameAs\":[\"https:\/\/www.facebook.com\/bahiaeconomica\"]},{\"@type\":\"Person\",\"@id\":\"https:\/\/bahiaeconomica.com.br\/wp\/#\/schema\/person\/c86d3a3f8960425a0f9d0e5245991f4e\",\"name\":\"JP\",\"sameAs\":[\"https:\/\/bahiaeconomica.com.br\/wp\/beta\/\"],\"url\":\"https:\/\/bahiaeconomica.com.br\/wp\/author\/jp\/\"}]}<\/script>\n<!-- \/ Yoast SEO plugin. -->","yoast_head_json":{"title":"CHEF TEREZA PAIM NA COZINHA SHOW DA ABERTURA DA PRIMEIRA F\u00c1BRICA BAIANA S\u00c3O BRAZ - Bahia Economica","description":"O maior portal de Economia da Bahia CULTURA E ARTE Bahia Economica","robots":{"index":"index","follow":"follow","max-snippet":"max-snippet:-1","max-image-preview":"max-image-preview:large","max-video-preview":"max-video-preview:-1"},"canonical":"https:\/\/bahiaeconomica.com.br\/wp\/2025\/01\/12\/chef-tereza-paim-na-cozinha-show-da-abertura-da-primeira-fabrica-baiana-sao-braz\/","og_locale":"pt_BR","og_type":"article","og_title":"CHEF TEREZA PAIM NA COZINHA SHOW DA ABERTURA DA PRIMEIRA F\u00c1BRICA BAIANA S\u00c3O BRAZ - Bahia Economica","og_description":"O maior portal de Economia da Bahia CULTURA E ARTE Bahia Economica","og_url":"https:\/\/bahiaeconomica.com.br\/wp\/2025\/01\/12\/chef-tereza-paim-na-cozinha-show-da-abertura-da-primeira-fabrica-baiana-sao-braz\/","og_site_name":"Bahia Economica","article_publisher":"https:\/\/www.facebook.com\/bahiaeconomica","article_published_time":"2025-01-12T13:22:41+00:00","article_modified_time":"2025-03-12T13:23:40+00:00","og_image":[{"width":772,"height":1166,"url":"https:\/\/bahiaeconomica.com.br\/wp\/wp-content\/uploads\/2025\/03\/WhatsApp-Image-2025-03-11-at-15.24.55.jpeg","type":"image\/jpeg"}],"author":"JP","twitter_card":"summary_large_image","twitter_misc":{"Escrito por":"JP","Est. tempo de leitura":"1 minuto"},"schema":{"@context":"https:\/\/schema.org","@graph":[{"@type":"Article","@id":"https:\/\/bahiaeconomica.com.br\/wp\/2025\/01\/12\/chef-tereza-paim-na-cozinha-show-da-abertura-da-primeira-fabrica-baiana-sao-braz\/#article","isPartOf":{"@id":"https:\/\/bahiaeconomica.com.br\/wp\/2025\/01\/12\/chef-tereza-paim-na-cozinha-show-da-abertura-da-primeira-fabrica-baiana-sao-braz\/"},"author":{"name":"JP","@id":"https:\/\/bahiaeconomica.com.br\/wp\/#\/schema\/person\/c86d3a3f8960425a0f9d0e5245991f4e"},"headline":"CHEF TEREZA PAIM NA COZINHA SHOW DA ABERTURA DA PRIMEIRA F\u00c1BRICA BAIANA S\u00c3O BRAZ","datePublished":"2025-01-12T13:22:41+00:00","dateModified":"2025-03-12T13:23:40+00:00","mainEntityOfPage":{"@id":"https:\/\/bahiaeconomica.com.br\/wp\/2025\/01\/12\/chef-tereza-paim-na-cozinha-show-da-abertura-da-primeira-fabrica-baiana-sao-braz\/"},"wordCount":134,"publisher":{"@id":"https:\/\/bahiaeconomica.com.br\/wp\/#organization"},"articleSection":["CULTURA E ARTE"],"inLanguage":"pt-BR"},{"@type":"WebPage","@id":"https:\/\/bahiaeconomica.com.br\/wp\/2025\/01\/12\/chef-tereza-paim-na-cozinha-show-da-abertura-da-primeira-fabrica-baiana-sao-braz\/","url":"https:\/\/bahiaeconomica.com.br\/wp\/2025\/01\/12\/chef-tereza-paim-na-cozinha-show-da-abertura-da-primeira-fabrica-baiana-sao-braz\/","name":"CHEF TEREZA PAIM NA COZINHA SHOW DA ABERTURA DA PRIMEIRA F\u00c1BRICA BAIANA S\u00c3O BRAZ - Bahia Economica","isPartOf":{"@id":"https:\/\/bahiaeconomica.com.br\/wp\/#website"},"datePublished":"2025-01-12T13:22:41+00:00","dateModified":"2025-03-12T13:23:40+00:00","description":"O maior portal de Economia da Bahia CULTURA E ARTE Bahia Economica","breadcrumb":{"@id":"https:\/\/bahiaeconomica.com.br\/wp\/2025\/01\/12\/chef-tereza-paim-na-cozinha-show-da-abertura-da-primeira-fabrica-baiana-sao-braz\/#breadcrumb"},"inLanguage":"pt-BR","potentialAction":[{"@type":"ReadAction","target":["https:\/\/bahiaeconomica.com.br\/wp\/2025\/01\/12\/chef-tereza-paim-na-cozinha-show-da-abertura-da-primeira-fabrica-baiana-sao-braz\/"]}]},{"@type":"BreadcrumbList","@id":"https:\/\/bahiaeconomica.com.br\/wp\/2025\/01\/12\/chef-tereza-paim-na-cozinha-show-da-abertura-da-primeira-fabrica-baiana-sao-braz\/#breadcrumb","itemListElement":[{"@type":"ListItem","position":1,"name":"In\u00edcio","item":"https:\/\/bahiaeconomica.com.br\/wp\/"},{"@type":"ListItem","position":2,"name":"CHEF TEREZA PAIM NA COZINHA SHOW DA ABERTURA DA PRIMEIRA F\u00c1BRICA BAIANA S\u00c3O BRAZ"}]},{"@type":"WebSite","@id":"https:\/\/bahiaeconomica.com.br\/wp\/#website","url":"https:\/\/bahiaeconomica.com.br\/wp\/","name":"Bahia Economica","description":"O maior portal de Economia da Bahia","publisher":{"@id":"https:\/\/bahiaeconomica.com.br\/wp\/#organization"},"potentialAction":[{"@type":"SearchAction","target":{"@type":"EntryPoint","urlTemplate":"https:\/\/bahiaeconomica.com.br\/wp\/?s={search_term_string}"},"query-input":"required name=search_term_string"}],"inLanguage":"pt-BR"},{"@type":"Organization","@id":"https:\/\/bahiaeconomica.com.br\/wp\/#organization","name":"Bahia Econ\u00f4mica","url":"https:\/\/bahiaeconomica.com.br\/wp\/","logo":{"@type":"ImageObject","inLanguage":"pt-BR","@id":"https:\/\/bahiaeconomica.com.br\/wp\/#\/schema\/logo\/image\/","url":"https:\/\/bahiaeconomica.com.br\/wp\/wp-content\/uploads\/2020\/12\/cropped-BE.png","contentUrl":"https:\/\/bahiaeconomica.com.br\/wp\/wp-content\/uploads\/2020\/12\/cropped-BE.png","width":512,"height":512,"caption":"Bahia Econ\u00f4mica"},"image":{"@id":"https:\/\/bahiaeconomica.com.br\/wp\/#\/schema\/logo\/image\/"},"sameAs":["https:\/\/www.facebook.com\/bahiaeconomica"]},{"@type":"Person","@id":"https:\/\/bahiaeconomica.com.br\/wp\/#\/schema\/person\/c86d3a3f8960425a0f9d0e5245991f4e","name":"JP","sameAs":["https:\/\/bahiaeconomica.com.br\/wp\/beta\/"],"url":"https:\/\/bahiaeconomica.com.br\/wp\/author\/jp\/"}]}},"views":4,"_links":{"self":[{"href":"https:\/\/bahiaeconomica.com.br\/wp\/wp-json\/wp\/v2\/posts\/886822"}],"collection":[{"href":"https:\/\/bahiaeconomica.com.br\/wp\/wp-json\/wp\/v2\/posts"}],"about":[{"href":"https:\/\/bahiaeconomica.com.br\/wp\/wp-json\/wp\/v2\/types\/post"}],"author":[{"embeddable":true,"href":"https:\/\/bahiaeconomica.com.br\/wp\/wp-json\/wp\/v2\/users\/8"}],"replies":[{"embeddable":true,"href":"https:\/\/bahiaeconomica.com.br\/wp\/wp-json\/wp\/v2\/comments?post=886822"}],"version-history":[{"count":1,"href":"https:\/\/bahiaeconomica.com.br\/wp\/wp-json\/wp\/v2\/posts\/886822\/revisions"}],"predecessor-version":[{"id":886824,"href":"https:\/\/bahiaeconomica.com.br\/wp\/wp-json\/wp\/v2\/posts\/886822\/revisions\/886824"}],"wp:featuredmedia":[{"embeddable":true,"href":"https:\/\/bahiaeconomica.com.br\/wp\/wp-json\/wp\/v2\/media\/886823"}],"wp:attachment":[{"href":"https:\/\/bahiaeconomica.com.br\/wp\/wp-json\/wp\/v2\/media?parent=886822"}],"wp:term":[{"taxonomy":"category","embeddable":true,"href":"https:\/\/bahiaeconomica.com.br\/wp\/wp-json\/wp\/v2\/categories?post=886822"},{"taxonomy":"post_tag","embeddable":true,"href":"https:\/\/bahiaeconomica.com.br\/wp\/wp-json\/wp\/v2\/tags?post=886822"}],"curies":[{"name":"wp","href":"https:\/\/api.w.org\/{rel}","templated":true}]}}