{"id":886663,"date":"2025-03-11T17:24:49","date_gmt":"2025-03-11T20:24:49","guid":{"rendered":"https:\/\/bahiaeconomica.com.br\/wp\/?p=886663"},"modified":"2025-03-11T17:24:49","modified_gmt":"2025-03-11T20:24:49","slug":"prefeitura-promove-programacao-especial-em-celebracao-ao-mes-da-mulher","status":"publish","type":"post","link":"https:\/\/bahiaeconomica.com.br\/wp\/2025\/03\/11\/prefeitura-promove-programacao-especial-em-celebracao-ao-mes-da-mulher\/","title":{"rendered":"PREFEITURA PROMOVE PROGRAMA\u00c7\u00c3O ESPECIAL EM CELEBRA\u00c7\u00c3O AO M\u00caS DA MULHER"},"content":{"rendered":"<p>Ao longo do m\u00eas de mar\u00e7o, a Prefeitura de Salvador, por meio da Secretaria de Pol\u00edticas para Mulheres, Inf\u00e2ncia e Juventude de Salvador (SPMJ), promove uma programa\u00e7\u00e3o especial em celebra\u00e7\u00e3o ao M\u00eas da Mulher. A s\u00e9rie de a\u00e7\u00f5es estrat\u00e9gicas busca fortalecer o protagonismo feminino por meio de palestras, caminhadas, atividades culturais, servi\u00e7os de sa\u00fade, empregabilidade e capacita\u00e7\u00f5es profissionais.<\/p>\n<p>A iniciativa conta com o apoio de outros \u00f3rg\u00e3os do munic\u00edpio, realizando um trabalho intersetorial, reafirmando o compromisso da Prefeitura com a valoriza\u00e7\u00e3o das mulheres e a constru\u00e7\u00e3o de uma sociedade mais justa e igualit\u00e1ria. &#8220;Cada vez mais temos que entender o m\u00eas de mar\u00e7o como um m\u00eas de reflex\u00e3o e atua\u00e7\u00e3o em pol\u00edticas p\u00fablicas efetivas. Enquanto pol\u00edticas p\u00fablicas, n\u00f3s refor\u00e7amos e transversalizamos v\u00e1rias a\u00e7\u00f5es. Precisamos, efetivamente, partir para as pol\u00edticas p\u00fablicas de valoriza\u00e7\u00e3o da mulher&#8221;, conta a titular da SPMJ, Fernanda Lord\u00ealo.<\/p>\n<p>As atividades pr\u00e9vias foram realizadas na \u00faltima sexta-feira (7) com o programa Mulheres no Volante \u2013 atrav\u00e9s da iniciativa, duas novas mulheres foram inseridas no sistema de mobilidade, como motoristas do BRT, totalizando sete mulheres inseridas no sistema, junto \u00e0 Secretaria Municipal de Mobilidade (Semob). No mesmo dia, a Secretaria Municipal de Desenvolvimento Econ\u00f4mico, Emprego e Renda (Semdec) ofereceu 100 vagas de operadora de telemarketing para mulheres mapeadas na pesquisa do Carnaval.<\/p>\n<p>&#8220;A mulher precisa do espa\u00e7o para a equidade de g\u00eanero, ela precisa estar em paridade nos espa\u00e7os de poder, ela precisa receber igual aos homens e ter as mesmas oportunidades. Ent\u00e3o, toda vez que n\u00f3s focamos hoje em eventos e pol\u00edticas voltadas para a mulher, n\u00f3s estamos fortalecendo essas mulheres para elas compreenderem que esse espa\u00e7o tamb\u00e9m lhes pertence. N\u00f3s n\u00e3o queremos tomar o lugar de ningu\u00e9m, mas, sim, termos os mesmos direitos&#8221;, acrescenta.<\/p>\n<p>O m\u00eas segue com a abertura oficial do Mar\u00e7o Mulher nesta quarta-feira (12). O evento abordar\u00e1 a sa\u00fade da mulher, das 13h30 \u00e0s 15h, na Unidom, em Patamares. Na sexta-feira (14), a SPMJ, em parceria com a Secretaria Municipal da Educa\u00e7\u00e3o (Smed), realiza uma palestra sobre Pol\u00edtica P\u00fablica para Mulheres no Centro Municipal de Educa\u00e7\u00e3o Infantil Dona Maria Emilia Gadelha, no Rio Sena.<\/p>\n<p>No domingo (16), o Centro M\u00e9dico Elsimar Coutinho Day Hospital (Cepahr) realizar\u00e1 uma caminhada em promo\u00e7\u00e3o ao bem-estar e conscientiza\u00e7\u00e3o sobre a sa\u00fade feminina. Com apoio da SPMJ, a atividade ter\u00e1 como ponto de sa\u00edda o Clube Espanhol, por volta das 6h30, e como ponto de chegada o Farol da Barra.<\/p>\n<p>Nos dias 19 e 20, haver\u00e1 duas atividades distintas na Casa da Mulher Brasileira, situada ao lado do Hospital Sarah, no Caminho das \u00c1rvores. No dia 19, das 13h30 \u00e0s 15h, ser\u00e3o realizados debates e outras atividades com a tem\u00e1tica do Mar\u00e7o Mulher. J\u00e1 no dia 20, das 9h \u00e0s 12h, a SPMJ, em parceria com o Conselho Regional de Administra\u00e7\u00e3o da Bahia, far\u00e1 uma atividade voltada para a promo\u00e7\u00e3o do desenvolvimento profissional feminino.<\/p>\n<p>No dia 21, das 9h \u00e0s 13h, a rede Cata Bahia, em Plataforma, receber\u00e1 a Caravana da Mulher, a\u00e7\u00e3o da SPMJ em parceria com diversos \u00f3rg\u00e3os municipais, que levar\u00e1 diversos servi\u00e7os e orienta\u00e7\u00f5es para o p\u00fablico feminino da rede. No dia 24 de mar\u00e7o, a Caravana da Mulher leva atendimento e orienta\u00e7\u00f5es para m\u00e3es de crian\u00e7as com microcefalia. A a\u00e7\u00e3o ocorrer\u00e1 das 9h \u00e0s 13h na ONG aBRA\u00c7O, em Mussurunga.<\/p>\n<p>J\u00e1 no dia 28, das 9h \u00e0s 13h, a Caravana da Mulher chega \u00e0 sede da Guarda Civil Municipal, na Avenida San Martin, Fazenda Grande do Retiro, levando atendimento e orienta\u00e7\u00f5es ao p\u00fablico feminino.<\/p>\n<p>No dia 22, das 9h \u00e0s 13h, a SMS e a SPMJ promovem o Dia D da Sa\u00fade da Mulher em sete postos de sa\u00fade: USF Ilha Amarela, USF Itacaranha, USF Rio Sena, USF S\u00e3o Jo\u00e3o do Cabrito, USF Vila Fraternidade, UBS Periperi e USF S\u00e3o Tom\u00e9 de Paripe. As equipes disponibilizar\u00e3o servi\u00e7os e informa\u00e7\u00f5es para a popula\u00e7\u00e3o, inclusive com a presen\u00e7a de uma equipe da SPMJ.<\/p>\n<p>No domingo (23), o evento exclusivamente voltado para mulheres &#8220;Mar &amp; Elas&#8221; vai contar com a presen\u00e7a de mulheres iniciantes e profissionais em nata\u00e7\u00e3o e esportes n\u00e1uticos para a pr\u00e1tica de atividades esportivas em mar aberto. Realizada na Praia da Pregui\u00e7a, no Com\u00e9rcio, a partir das 6h, a atividade ocorrer\u00e1 em parceria com a Secretaria de Promo\u00e7\u00e3o Social, Combate \u00e0 Pobreza, Esportes e Lazer (Sempre) e da Empresa Salvador Turismo (Saltur). As inscri\u00e7\u00f5es podem ser feitas atrav\u00e9s do link https:\/\/www.ticketsports.com.br\/e\/mar-e-elas-2-edicao-71592.<\/p>\n<p>No dia 26, quatro eventos ser\u00e3o realizados em diferentes pontos da cidade, fortalecendo a sa\u00fade, a prote\u00e7\u00e3o social e o empreendedorismo feminino. No audit\u00f3rio da Faculdade Est\u00e1cio de S\u00e1, \u00e0s 9h, a SMS realiza uma mesa de abertura institucional, seguida de debates sobre a sa\u00fade da mulher. Na Casa Pia de S\u00e3o Joaquim, na Cal\u00e7ada, a SPMJ participa do Mar\u00e7o Mulher com programa\u00e7\u00f5es voltadas para a prote\u00e7\u00e3o social feminina. O evento ocorrer\u00e1 das 14h30 \u00e0s 16h30.<\/p>\n<p>Ainda no dia 26 e at\u00e9 o dia 29 de mar\u00e7o, no Shopping Center Lapa, t\u00eam in\u00edcio as a\u00e7\u00f5es em parceria com diversas institui\u00e7\u00f5es, oferecendo servi\u00e7os e orienta\u00e7\u00f5es para as mulheres. O evento ocorrer\u00e1 das 9h \u00e0s 17h.<\/p>\n<p>No Campo Grande, do dia 26 a 30, das 9h \u00e0s 20h, moradores e visitantes v\u00e3o poder contar com a Expo Mulher, feira com a exposi\u00e7\u00e3o de produtos e servi\u00e7os feitos por mulheres, acompanhada da realiza\u00e7\u00e3o de palestras sobre empoderamento e empreendedorismo feminino.<\/p>\n<p>No dia 28, a Casa da Mulher Brasileira, na Avenida Tancredo Neves, ir\u00e1 sediar o 1\u00ba F\u00f3rum sobre Assist\u00eancia \u00e0s Mulheres em Situa\u00e7\u00e3o de Viol\u00eancia. A atividade acontecer\u00e1 das 8h \u00e0s 17h.<\/p>\n<p>Foto: Bruno Concha\/Secom PMS<\/p>\n","protected":false},"excerpt":{"rendered":"<p>Ao longo do m\u00eas de mar\u00e7o, a Prefeitura de Salvador, por meio da Secretaria de Pol\u00edticas para Mulheres, Inf\u00e2ncia e Juventude de Salvador (SPMJ), promove uma programa\u00e7\u00e3o especial em celebra\u00e7\u00e3o ao M\u00eas da Mulher. A s\u00e9rie de a\u00e7\u00f5es estrat\u00e9gicas busca fortalecer o protagonismo feminino por meio de palestras, caminhadas, atividades culturais, servi\u00e7os de sa\u00fade, empregabilidade [&hellip;]<\/p>\n","protected":false},"author":24,"featured_media":886664,"comment_status":"closed","ping_status":"closed","sticky":false,"template":"","format":"standard","meta":[],"categories":[5],"tags":[1663,4040,13083],"acf":[],"yoast_head":"<!-- This site is optimized with the Yoast SEO plugin v20.8 - https:\/\/yoast.com\/wordpress\/plugins\/seo\/ -->\n<title>PREFEITURA PROMOVE PROGRAMA\u00c7\u00c3O ESPECIAL EM CELEBRA\u00c7\u00c3O AO M\u00caS DA MULHER - Bahia Economica Ao longo do m\u00eas de mar\u00e7o, a Prefeitura de Salvador, por meio da Secretaria de Pol\u00edticas para Mulheres, Inf\u00e2ncia e Juventude de Salvador (SPMJ), promove uma programa\u00e7\u00e3o especial em celebra\u00e7\u00e3o ao M\u00eas da Mulher.<\/title>\n<meta name=\"description\" content=\"O maior portal de Economia da Bahia MUNIC\u00cdPIOS Bahia Economica Ao longo do m\u00eas de mar\u00e7o, a Prefeitura de Salvador, por meio da Secretaria de Pol\u00edticas para Mulheres, Inf\u00e2ncia e Juventude de Salvador (SPMJ), promove uma programa\u00e7\u00e3o especial em celebra\u00e7\u00e3o ao M\u00eas da Mulher.\" \/>\n<meta name=\"robots\" content=\"index, follow, max-snippet:-1, max-image-preview:large, max-video-preview:-1\" \/>\n<link rel=\"canonical\" href=\"https:\/\/bahiaeconomica.com.br\/wp\/2025\/03\/11\/prefeitura-promove-programacao-especial-em-celebracao-ao-mes-da-mulher\/\" \/>\n<meta property=\"og:locale\" content=\"pt_BR\" \/>\n<meta property=\"og:type\" content=\"article\" \/>\n<meta property=\"og:title\" content=\"PREFEITURA PROMOVE PROGRAMA\u00c7\u00c3O ESPECIAL EM CELEBRA\u00c7\u00c3O AO M\u00caS DA MULHER - Bahia Economica Ao longo do m\u00eas de mar\u00e7o, a Prefeitura de Salvador, por meio da Secretaria de Pol\u00edticas para Mulheres, Inf\u00e2ncia e Juventude de Salvador (SPMJ), promove uma programa\u00e7\u00e3o especial em celebra\u00e7\u00e3o ao M\u00eas da Mulher.\" \/>\n<meta property=\"og:description\" content=\"O maior portal de Economia da Bahia MUNIC\u00cdPIOS Bahia Economica Ao longo do m\u00eas de mar\u00e7o, a Prefeitura de Salvador, por meio da Secretaria de Pol\u00edticas para Mulheres, Inf\u00e2ncia e Juventude de Salvador (SPMJ), promove uma programa\u00e7\u00e3o especial em celebra\u00e7\u00e3o ao M\u00eas da Mulher.\" \/>\n<meta property=\"og:url\" content=\"https:\/\/bahiaeconomica.com.br\/wp\/2025\/03\/11\/prefeitura-promove-programacao-especial-em-celebracao-ao-mes-da-mulher\/\" \/>\n<meta property=\"og:site_name\" content=\"Bahia Economica\" \/>\n<meta property=\"article:publisher\" content=\"https:\/\/www.facebook.com\/bahiaeconomica\" \/>\n<meta property=\"article:published_time\" content=\"2025-03-11T20:24:49+00:00\" \/>\n<meta property=\"og:image\" content=\"https:\/\/bahiaeconomica.com.br\/wp\/wp-content\/uploads\/2025\/03\/Caravana-da-Mulher_CEU-Valeria_Fot-Bruno-Concha_Secom_Pms-17-scaled.jpg\" \/>\n\t<meta property=\"og:image:width\" content=\"2560\" \/>\n\t<meta property=\"og:image:height\" content=\"1707\" \/>\n\t<meta property=\"og:image:type\" content=\"image\/jpeg\" \/>\n<meta name=\"author\" content=\"VICTOR OLIVEIRA\" \/>\n<meta name=\"twitter:card\" content=\"summary_large_image\" \/>\n<meta name=\"twitter:label1\" content=\"Escrito por\" \/>\n\t<meta name=\"twitter:data1\" content=\"VICTOR OLIVEIRA\" \/>\n\t<meta name=\"twitter:label2\" content=\"Est. tempo de leitura\" \/>\n\t<meta name=\"twitter:data2\" content=\"6 minutos\" \/>\n<script type=\"application\/ld+json\" class=\"yoast-schema-graph\">{\"@context\":\"https:\/\/schema.org\",\"@graph\":[{\"@type\":\"Article\",\"@id\":\"https:\/\/bahiaeconomica.com.br\/wp\/2025\/03\/11\/prefeitura-promove-programacao-especial-em-celebracao-ao-mes-da-mulher\/#article\",\"isPartOf\":{\"@id\":\"https:\/\/bahiaeconomica.com.br\/wp\/2025\/03\/11\/prefeitura-promove-programacao-especial-em-celebracao-ao-mes-da-mulher\/\"},\"author\":{\"name\":\"VICTOR OLIVEIRA\",\"@id\":\"https:\/\/bahiaeconomica.com.br\/wp\/#\/schema\/person\/a17956d0e1112b626f403fb06b8129a9\"},\"headline\":\"PREFEITURA PROMOVE PROGRAMA\u00c7\u00c3O ESPECIAL EM CELEBRA\u00c7\u00c3O AO M\u00caS DA MULHER\",\"datePublished\":\"2025-03-11T20:24:49+00:00\",\"dateModified\":\"2025-03-11T20:24:49+00:00\",\"mainEntityOfPage\":{\"@id\":\"https:\/\/bahiaeconomica.com.br\/wp\/2025\/03\/11\/prefeitura-promove-programacao-especial-em-celebracao-ao-mes-da-mulher\/\"},\"wordCount\":1040,\"publisher\":{\"@id\":\"https:\/\/bahiaeconomica.com.br\/wp\/#organization\"},\"keywords\":[\"mulheres\",\"programa\u00e7\u00e3o\",\"SPMJ\"],\"articleSection\":[\"MUNIC\u00cdPIOS\"],\"inLanguage\":\"pt-BR\"},{\"@type\":\"WebPage\",\"@id\":\"https:\/\/bahiaeconomica.com.br\/wp\/2025\/03\/11\/prefeitura-promove-programacao-especial-em-celebracao-ao-mes-da-mulher\/\",\"url\":\"https:\/\/bahiaeconomica.com.br\/wp\/2025\/03\/11\/prefeitura-promove-programacao-especial-em-celebracao-ao-mes-da-mulher\/\",\"name\":\"PREFEITURA PROMOVE PROGRAMA\u00c7\u00c3O ESPECIAL EM CELEBRA\u00c7\u00c3O AO M\u00caS DA MULHER - Bahia Economica Ao longo do m\u00eas de mar\u00e7o, a Prefeitura de Salvador, por meio da Secretaria de Pol\u00edticas para Mulheres, Inf\u00e2ncia e Juventude de Salvador (SPMJ), promove uma programa\u00e7\u00e3o especial em celebra\u00e7\u00e3o ao M\u00eas da Mulher.\",\"isPartOf\":{\"@id\":\"https:\/\/bahiaeconomica.com.br\/wp\/#website\"},\"datePublished\":\"2025-03-11T20:24:49+00:00\",\"dateModified\":\"2025-03-11T20:24:49+00:00\",\"description\":\"O maior portal de Economia da Bahia MUNIC\u00cdPIOS Bahia Economica Ao longo do m\u00eas de mar\u00e7o, a Prefeitura de Salvador, por meio da Secretaria de Pol\u00edticas para Mulheres, Inf\u00e2ncia e Juventude de Salvador (SPMJ), promove uma programa\u00e7\u00e3o especial em celebra\u00e7\u00e3o ao M\u00eas da Mulher.\",\"breadcrumb\":{\"@id\":\"https:\/\/bahiaeconomica.com.br\/wp\/2025\/03\/11\/prefeitura-promove-programacao-especial-em-celebracao-ao-mes-da-mulher\/#breadcrumb\"},\"inLanguage\":\"pt-BR\",\"potentialAction\":[{\"@type\":\"ReadAction\",\"target\":[\"https:\/\/bahiaeconomica.com.br\/wp\/2025\/03\/11\/prefeitura-promove-programacao-especial-em-celebracao-ao-mes-da-mulher\/\"]}]},{\"@type\":\"BreadcrumbList\",\"@id\":\"https:\/\/bahiaeconomica.com.br\/wp\/2025\/03\/11\/prefeitura-promove-programacao-especial-em-celebracao-ao-mes-da-mulher\/#breadcrumb\",\"itemListElement\":[{\"@type\":\"ListItem\",\"position\":1,\"name\":\"In\u00edcio\",\"item\":\"https:\/\/bahiaeconomica.com.br\/wp\/\"},{\"@type\":\"ListItem\",\"position\":2,\"name\":\"PREFEITURA PROMOVE PROGRAMA\u00c7\u00c3O ESPECIAL EM CELEBRA\u00c7\u00c3O AO M\u00caS DA MULHER\"}]},{\"@type\":\"WebSite\",\"@id\":\"https:\/\/bahiaeconomica.com.br\/wp\/#website\",\"url\":\"https:\/\/bahiaeconomica.com.br\/wp\/\",\"name\":\"Bahia Economica\",\"description\":\"O maior portal de Economia da Bahia\",\"publisher\":{\"@id\":\"https:\/\/bahiaeconomica.com.br\/wp\/#organization\"},\"potentialAction\":[{\"@type\":\"SearchAction\",\"target\":{\"@type\":\"EntryPoint\",\"urlTemplate\":\"https:\/\/bahiaeconomica.com.br\/wp\/?s={search_term_string}\"},\"query-input\":\"required name=search_term_string\"}],\"inLanguage\":\"pt-BR\"},{\"@type\":\"Organization\",\"@id\":\"https:\/\/bahiaeconomica.com.br\/wp\/#organization\",\"name\":\"Bahia Econ\u00f4mica\",\"url\":\"https:\/\/bahiaeconomica.com.br\/wp\/\",\"logo\":{\"@type\":\"ImageObject\",\"inLanguage\":\"pt-BR\",\"@id\":\"https:\/\/bahiaeconomica.com.br\/wp\/#\/schema\/logo\/image\/\",\"url\":\"https:\/\/bahiaeconomica.com.br\/wp\/wp-content\/uploads\/2020\/12\/cropped-BE.png\",\"contentUrl\":\"https:\/\/bahiaeconomica.com.br\/wp\/wp-content\/uploads\/2020\/12\/cropped-BE.png\",\"width\":512,\"height\":512,\"caption\":\"Bahia Econ\u00f4mica\"},\"image\":{\"@id\":\"https:\/\/bahiaeconomica.com.br\/wp\/#\/schema\/logo\/image\/\"},\"sameAs\":[\"https:\/\/www.facebook.com\/bahiaeconomica\"]},{\"@type\":\"Person\",\"@id\":\"https:\/\/bahiaeconomica.com.br\/wp\/#\/schema\/person\/a17956d0e1112b626f403fb06b8129a9\",\"name\":\"VICTOR OLIVEIRA\",\"sameAs\":[\"http:\/\/www.bahiaeconomica.com.br\"],\"url\":\"https:\/\/bahiaeconomica.com.br\/wp\/author\/victor-oliveira\/\"}]}<\/script>\n<!-- \/ Yoast SEO plugin. -->","yoast_head_json":{"title":"PREFEITURA PROMOVE PROGRAMA\u00c7\u00c3O ESPECIAL EM CELEBRA\u00c7\u00c3O AO M\u00caS DA MULHER - Bahia Economica Ao longo do m\u00eas de mar\u00e7o, a Prefeitura de Salvador, por meio da Secretaria de Pol\u00edticas para Mulheres, Inf\u00e2ncia e Juventude de Salvador (SPMJ), promove uma programa\u00e7\u00e3o especial em celebra\u00e7\u00e3o ao M\u00eas da Mulher.","description":"O maior portal de Economia da Bahia MUNIC\u00cdPIOS Bahia Economica Ao longo do m\u00eas de mar\u00e7o, a Prefeitura de Salvador, por meio da Secretaria de Pol\u00edticas para Mulheres, Inf\u00e2ncia e Juventude de Salvador (SPMJ), promove uma programa\u00e7\u00e3o especial em celebra\u00e7\u00e3o ao M\u00eas da Mulher.","robots":{"index":"index","follow":"follow","max-snippet":"max-snippet:-1","max-image-preview":"max-image-preview:large","max-video-preview":"max-video-preview:-1"},"canonical":"https:\/\/bahiaeconomica.com.br\/wp\/2025\/03\/11\/prefeitura-promove-programacao-especial-em-celebracao-ao-mes-da-mulher\/","og_locale":"pt_BR","og_type":"article","og_title":"PREFEITURA PROMOVE PROGRAMA\u00c7\u00c3O ESPECIAL EM CELEBRA\u00c7\u00c3O AO M\u00caS DA MULHER - Bahia Economica Ao longo do m\u00eas de mar\u00e7o, a Prefeitura de Salvador, por meio da Secretaria de Pol\u00edticas para Mulheres, Inf\u00e2ncia e Juventude de Salvador (SPMJ), promove uma programa\u00e7\u00e3o especial em celebra\u00e7\u00e3o ao M\u00eas da Mulher.","og_description":"O maior portal de Economia da Bahia MUNIC\u00cdPIOS Bahia Economica Ao longo do m\u00eas de mar\u00e7o, a Prefeitura de Salvador, por meio da Secretaria de Pol\u00edticas para Mulheres, Inf\u00e2ncia e Juventude de Salvador (SPMJ), promove uma programa\u00e7\u00e3o especial em celebra\u00e7\u00e3o ao M\u00eas da Mulher.","og_url":"https:\/\/bahiaeconomica.com.br\/wp\/2025\/03\/11\/prefeitura-promove-programacao-especial-em-celebracao-ao-mes-da-mulher\/","og_site_name":"Bahia Economica","article_publisher":"https:\/\/www.facebook.com\/bahiaeconomica","article_published_time":"2025-03-11T20:24:49+00:00","og_image":[{"width":2560,"height":1707,"url":"https:\/\/bahiaeconomica.com.br\/wp\/wp-content\/uploads\/2025\/03\/Caravana-da-Mulher_CEU-Valeria_Fot-Bruno-Concha_Secom_Pms-17-scaled.jpg","type":"image\/jpeg"}],"author":"VICTOR OLIVEIRA","twitter_card":"summary_large_image","twitter_misc":{"Escrito por":"VICTOR OLIVEIRA","Est. tempo de leitura":"6 minutos"},"schema":{"@context":"https:\/\/schema.org","@graph":[{"@type":"Article","@id":"https:\/\/bahiaeconomica.com.br\/wp\/2025\/03\/11\/prefeitura-promove-programacao-especial-em-celebracao-ao-mes-da-mulher\/#article","isPartOf":{"@id":"https:\/\/bahiaeconomica.com.br\/wp\/2025\/03\/11\/prefeitura-promove-programacao-especial-em-celebracao-ao-mes-da-mulher\/"},"author":{"name":"VICTOR OLIVEIRA","@id":"https:\/\/bahiaeconomica.com.br\/wp\/#\/schema\/person\/a17956d0e1112b626f403fb06b8129a9"},"headline":"PREFEITURA PROMOVE PROGRAMA\u00c7\u00c3O ESPECIAL EM CELEBRA\u00c7\u00c3O AO M\u00caS DA MULHER","datePublished":"2025-03-11T20:24:49+00:00","dateModified":"2025-03-11T20:24:49+00:00","mainEntityOfPage":{"@id":"https:\/\/bahiaeconomica.com.br\/wp\/2025\/03\/11\/prefeitura-promove-programacao-especial-em-celebracao-ao-mes-da-mulher\/"},"wordCount":1040,"publisher":{"@id":"https:\/\/bahiaeconomica.com.br\/wp\/#organization"},"keywords":["mulheres","programa\u00e7\u00e3o","SPMJ"],"articleSection":["MUNIC\u00cdPIOS"],"inLanguage":"pt-BR"},{"@type":"WebPage","@id":"https:\/\/bahiaeconomica.com.br\/wp\/2025\/03\/11\/prefeitura-promove-programacao-especial-em-celebracao-ao-mes-da-mulher\/","url":"https:\/\/bahiaeconomica.com.br\/wp\/2025\/03\/11\/prefeitura-promove-programacao-especial-em-celebracao-ao-mes-da-mulher\/","name":"PREFEITURA PROMOVE PROGRAMA\u00c7\u00c3O ESPECIAL EM CELEBRA\u00c7\u00c3O AO M\u00caS DA MULHER - Bahia Economica Ao longo do m\u00eas de mar\u00e7o, a Prefeitura de Salvador, por meio da Secretaria de Pol\u00edticas para Mulheres, Inf\u00e2ncia e Juventude de Salvador (SPMJ), promove uma programa\u00e7\u00e3o especial em celebra\u00e7\u00e3o ao M\u00eas da Mulher.","isPartOf":{"@id":"https:\/\/bahiaeconomica.com.br\/wp\/#website"},"datePublished":"2025-03-11T20:24:49+00:00","dateModified":"2025-03-11T20:24:49+00:00","description":"O maior portal de Economia da Bahia MUNIC\u00cdPIOS Bahia Economica Ao longo do m\u00eas de mar\u00e7o, a Prefeitura de Salvador, por meio da Secretaria de Pol\u00edticas para Mulheres, Inf\u00e2ncia e Juventude de Salvador (SPMJ), promove uma programa\u00e7\u00e3o especial em celebra\u00e7\u00e3o ao M\u00eas da Mulher.","breadcrumb":{"@id":"https:\/\/bahiaeconomica.com.br\/wp\/2025\/03\/11\/prefeitura-promove-programacao-especial-em-celebracao-ao-mes-da-mulher\/#breadcrumb"},"inLanguage":"pt-BR","potentialAction":[{"@type":"ReadAction","target":["https:\/\/bahiaeconomica.com.br\/wp\/2025\/03\/11\/prefeitura-promove-programacao-especial-em-celebracao-ao-mes-da-mulher\/"]}]},{"@type":"BreadcrumbList","@id":"https:\/\/bahiaeconomica.com.br\/wp\/2025\/03\/11\/prefeitura-promove-programacao-especial-em-celebracao-ao-mes-da-mulher\/#breadcrumb","itemListElement":[{"@type":"ListItem","position":1,"name":"In\u00edcio","item":"https:\/\/bahiaeconomica.com.br\/wp\/"},{"@type":"ListItem","position":2,"name":"PREFEITURA PROMOVE PROGRAMA\u00c7\u00c3O ESPECIAL EM CELEBRA\u00c7\u00c3O AO M\u00caS DA MULHER"}]},{"@type":"WebSite","@id":"https:\/\/bahiaeconomica.com.br\/wp\/#website","url":"https:\/\/bahiaeconomica.com.br\/wp\/","name":"Bahia Economica","description":"O maior portal de Economia da Bahia","publisher":{"@id":"https:\/\/bahiaeconomica.com.br\/wp\/#organization"},"potentialAction":[{"@type":"SearchAction","target":{"@type":"EntryPoint","urlTemplate":"https:\/\/bahiaeconomica.com.br\/wp\/?s={search_term_string}"},"query-input":"required name=search_term_string"}],"inLanguage":"pt-BR"},{"@type":"Organization","@id":"https:\/\/bahiaeconomica.com.br\/wp\/#organization","name":"Bahia Econ\u00f4mica","url":"https:\/\/bahiaeconomica.com.br\/wp\/","logo":{"@type":"ImageObject","inLanguage":"pt-BR","@id":"https:\/\/bahiaeconomica.com.br\/wp\/#\/schema\/logo\/image\/","url":"https:\/\/bahiaeconomica.com.br\/wp\/wp-content\/uploads\/2020\/12\/cropped-BE.png","contentUrl":"https:\/\/bahiaeconomica.com.br\/wp\/wp-content\/uploads\/2020\/12\/cropped-BE.png","width":512,"height":512,"caption":"Bahia Econ\u00f4mica"},"image":{"@id":"https:\/\/bahiaeconomica.com.br\/wp\/#\/schema\/logo\/image\/"},"sameAs":["https:\/\/www.facebook.com\/bahiaeconomica"]},{"@type":"Person","@id":"https:\/\/bahiaeconomica.com.br\/wp\/#\/schema\/person\/a17956d0e1112b626f403fb06b8129a9","name":"VICTOR OLIVEIRA","sameAs":["http:\/\/www.bahiaeconomica.com.br"],"url":"https:\/\/bahiaeconomica.com.br\/wp\/author\/victor-oliveira\/"}]}},"views":20,"_links":{"self":[{"href":"https:\/\/bahiaeconomica.com.br\/wp\/wp-json\/wp\/v2\/posts\/886663"}],"collection":[{"href":"https:\/\/bahiaeconomica.com.br\/wp\/wp-json\/wp\/v2\/posts"}],"about":[{"href":"https:\/\/bahiaeconomica.com.br\/wp\/wp-json\/wp\/v2\/types\/post"}],"author":[{"embeddable":true,"href":"https:\/\/bahiaeconomica.com.br\/wp\/wp-json\/wp\/v2\/users\/24"}],"replies":[{"embeddable":true,"href":"https:\/\/bahiaeconomica.com.br\/wp\/wp-json\/wp\/v2\/comments?post=886663"}],"version-history":[{"count":1,"href":"https:\/\/bahiaeconomica.com.br\/wp\/wp-json\/wp\/v2\/posts\/886663\/revisions"}],"predecessor-version":[{"id":886665,"href":"https:\/\/bahiaeconomica.com.br\/wp\/wp-json\/wp\/v2\/posts\/886663\/revisions\/886665"}],"wp:featuredmedia":[{"embeddable":true,"href":"https:\/\/bahiaeconomica.com.br\/wp\/wp-json\/wp\/v2\/media\/886664"}],"wp:attachment":[{"href":"https:\/\/bahiaeconomica.com.br\/wp\/wp-json\/wp\/v2\/media?parent=886663"}],"wp:term":[{"taxonomy":"category","embeddable":true,"href":"https:\/\/bahiaeconomica.com.br\/wp\/wp-json\/wp\/v2\/categories?post=886663"},{"taxonomy":"post_tag","embeddable":true,"href":"https:\/\/bahiaeconomica.com.br\/wp\/wp-json\/wp\/v2\/tags?post=886663"}],"curies":[{"name":"wp","href":"https:\/\/api.w.org\/{rel}","templated":true}]}}