{"id":886653,"date":"2025-03-11T18:10:36","date_gmt":"2025-03-11T21:10:36","guid":{"rendered":"https:\/\/bahiaeconomica.com.br\/wp\/?p=886653"},"modified":"2025-03-11T17:55:09","modified_gmt":"2025-03-11T20:55:09","slug":"lula-e-pacheco-se-encontrarao-nos-proximos-dias-para-discutir-indicacao-a-ministerio","status":"publish","type":"post","link":"https:\/\/bahiaeconomica.com.br\/wp\/2025\/03\/11\/lula-e-pacheco-se-encontrarao-nos-proximos-dias-para-discutir-indicacao-a-ministerio\/","title":{"rendered":"LULA E PACHECO SE ENCONTRAR\u00c3O NOS PR\u00d3XIMOS DIAS PARA DISCUTIR INDICA\u00c7\u00c3O \u00c0 MINIST\u00c9RIO"},"content":{"rendered":"<p>Com uma poss\u00edvel indica\u00e7\u00e3o para um dos minist\u00e9rios do governo no horizonte, o senador Rodrigo Pacheco (PSD) e o presidente Lula (PT) se encontrar\u00e3o nos pr\u00f3ximos dias para discutir o tema. A conversa ser\u00e1\u00a0decisiva para a defini\u00e7\u00e3o dos pr\u00f3ximos passos da reforma ministerial.<\/p>\n<p>Pacheco \u00e9 supostamente cotado para um minist\u00e9rio mais complexo e influente, como o de Desenvolvimento, Ind\u00fastria e Com\u00e9rcio, que hoje pertence ao vice-presidente Geraldo Alckmin (PSB).<\/p>\n<p>Al\u00e9m disso, o petista pretende impulsionar Pacheco, ex-presidente do Senado, para que ele se torne seu candidato do governo de Minas Gerais em 2026 e tem sinalizado publicamente o desejo de apoiar o aliado no pr\u00f3ximo ano.<\/p>\n<p>&nbsp;<\/p>\n","protected":false},"excerpt":{"rendered":"<p>Com uma poss\u00edvel indica\u00e7\u00e3o para um dos minist\u00e9rios do governo no horizonte, o senador Rodrigo Pacheco (PSD) e o presidente Lula (PT) se encontrar\u00e3o nos pr\u00f3ximos dias para discutir o tema. A conversa ser\u00e1\u00a0decisiva para a defini\u00e7\u00e3o dos pr\u00f3ximos passos da reforma ministerial. Pacheco \u00e9 supostamente cotado para um minist\u00e9rio mais complexo e influente, como [&hellip;]<\/p>\n","protected":false},"author":22,"featured_media":791936,"comment_status":"closed","ping_status":"closed","sticky":false,"template":"","format":"standard","meta":[],"categories":[14601],"tags":[1567,182,1169,2083],"acf":[],"yoast_head":"<!-- This site is optimized with the Yoast SEO plugin v20.8 - https:\/\/yoast.com\/wordpress\/plugins\/seo\/ -->\n<title>LULA E PACHECO SE ENCONTRAR\u00c3O NOS PR\u00d3XIMOS DIAS PARA DISCUTIR INDICA\u00c7\u00c3O \u00c0 MINIST\u00c9RIO - Bahia Economica<\/title>\n<meta name=\"description\" content=\"O maior portal de Economia da Bahia Pol\u00edtica Bahia Economica\" \/>\n<meta name=\"robots\" content=\"index, follow, max-snippet:-1, max-image-preview:large, max-video-preview:-1\" \/>\n<link rel=\"canonical\" href=\"https:\/\/bahiaeconomica.com.br\/wp\/2025\/03\/11\/lula-e-pacheco-se-encontrarao-nos-proximos-dias-para-discutir-indicacao-a-ministerio\/\" \/>\n<meta property=\"og:locale\" content=\"pt_BR\" \/>\n<meta property=\"og:type\" content=\"article\" \/>\n<meta property=\"og:title\" content=\"LULA E PACHECO SE ENCONTRAR\u00c3O NOS PR\u00d3XIMOS DIAS PARA DISCUTIR INDICA\u00c7\u00c3O \u00c0 MINIST\u00c9RIO - Bahia Economica\" \/>\n<meta property=\"og:description\" content=\"O maior portal de Economia da Bahia Pol\u00edtica Bahia Economica\" \/>\n<meta property=\"og:url\" content=\"https:\/\/bahiaeconomica.com.br\/wp\/2025\/03\/11\/lula-e-pacheco-se-encontrarao-nos-proximos-dias-para-discutir-indicacao-a-ministerio\/\" \/>\n<meta property=\"og:site_name\" content=\"Bahia Economica\" \/>\n<meta property=\"article:publisher\" content=\"https:\/\/www.facebook.com\/bahiaeconomica\" \/>\n<meta property=\"article:published_time\" content=\"2025-03-11T21:10:36+00:00\" \/>\n<meta property=\"article:modified_time\" content=\"2025-03-11T20:55:09+00:00\" \/>\n<meta property=\"og:image\" content=\"https:\/\/bahiaeconomica.com.br\/wp\/wp-content\/uploads\/2024\/01\/Lula-e-Pacheco.png\" \/>\n\t<meta property=\"og:image:width\" content=\"600\" \/>\n\t<meta property=\"og:image:height\" content=\"420\" \/>\n\t<meta property=\"og:image:type\" content=\"image\/png\" \/>\n<meta name=\"author\" content=\"Matheus Souza\" \/>\n<meta name=\"twitter:card\" content=\"summary_large_image\" \/>\n<meta name=\"twitter:label1\" content=\"Escrito por\" \/>\n\t<meta name=\"twitter:data1\" content=\"Matheus Souza\" \/>\n\t<meta name=\"twitter:label2\" content=\"Est. tempo de leitura\" \/>\n\t<meta name=\"twitter:data2\" content=\"1 minuto\" \/>\n<script type=\"application\/ld+json\" class=\"yoast-schema-graph\">{\"@context\":\"https:\/\/schema.org\",\"@graph\":[{\"@type\":\"Article\",\"@id\":\"https:\/\/bahiaeconomica.com.br\/wp\/2025\/03\/11\/lula-e-pacheco-se-encontrarao-nos-proximos-dias-para-discutir-indicacao-a-ministerio\/#article\",\"isPartOf\":{\"@id\":\"https:\/\/bahiaeconomica.com.br\/wp\/2025\/03\/11\/lula-e-pacheco-se-encontrarao-nos-proximos-dias-para-discutir-indicacao-a-ministerio\/\"},\"author\":{\"name\":\"Matheus Souza\",\"@id\":\"https:\/\/bahiaeconomica.com.br\/wp\/#\/schema\/person\/3304d50cfd32353c7d08c39066638997\"},\"headline\":\"LULA E PACHECO SE ENCONTRAR\u00c3O NOS PR\u00d3XIMOS DIAS PARA DISCUTIR INDICA\u00c7\u00c3O \u00c0 MINIST\u00c9RIO\",\"datePublished\":\"2025-03-11T21:10:36+00:00\",\"dateModified\":\"2025-03-11T20:55:09+00:00\",\"mainEntityOfPage\":{\"@id\":\"https:\/\/bahiaeconomica.com.br\/wp\/2025\/03\/11\/lula-e-pacheco-se-encontrarao-nos-proximos-dias-para-discutir-indicacao-a-ministerio\/\"},\"wordCount\":134,\"publisher\":{\"@id\":\"https:\/\/bahiaeconomica.com.br\/wp\/#organization\"},\"keywords\":[\"encontro\",\"Lula\",\"minist\u00e9rio\",\"pacheco\"],\"articleSection\":[\"Pol\u00edtica\"],\"inLanguage\":\"pt-BR\"},{\"@type\":\"WebPage\",\"@id\":\"https:\/\/bahiaeconomica.com.br\/wp\/2025\/03\/11\/lula-e-pacheco-se-encontrarao-nos-proximos-dias-para-discutir-indicacao-a-ministerio\/\",\"url\":\"https:\/\/bahiaeconomica.com.br\/wp\/2025\/03\/11\/lula-e-pacheco-se-encontrarao-nos-proximos-dias-para-discutir-indicacao-a-ministerio\/\",\"name\":\"LULA E PACHECO SE ENCONTRAR\u00c3O NOS PR\u00d3XIMOS DIAS PARA DISCUTIR INDICA\u00c7\u00c3O \u00c0 MINIST\u00c9RIO - Bahia Economica\",\"isPartOf\":{\"@id\":\"https:\/\/bahiaeconomica.com.br\/wp\/#website\"},\"datePublished\":\"2025-03-11T21:10:36+00:00\",\"dateModified\":\"2025-03-11T20:55:09+00:00\",\"description\":\"O maior portal de Economia da Bahia Pol\u00edtica Bahia Economica\",\"breadcrumb\":{\"@id\":\"https:\/\/bahiaeconomica.com.br\/wp\/2025\/03\/11\/lula-e-pacheco-se-encontrarao-nos-proximos-dias-para-discutir-indicacao-a-ministerio\/#breadcrumb\"},\"inLanguage\":\"pt-BR\",\"potentialAction\":[{\"@type\":\"ReadAction\",\"target\":[\"https:\/\/bahiaeconomica.com.br\/wp\/2025\/03\/11\/lula-e-pacheco-se-encontrarao-nos-proximos-dias-para-discutir-indicacao-a-ministerio\/\"]}]},{\"@type\":\"BreadcrumbList\",\"@id\":\"https:\/\/bahiaeconomica.com.br\/wp\/2025\/03\/11\/lula-e-pacheco-se-encontrarao-nos-proximos-dias-para-discutir-indicacao-a-ministerio\/#breadcrumb\",\"itemListElement\":[{\"@type\":\"ListItem\",\"position\":1,\"name\":\"In\u00edcio\",\"item\":\"https:\/\/bahiaeconomica.com.br\/wp\/\"},{\"@type\":\"ListItem\",\"position\":2,\"name\":\"LULA E PACHECO SE ENCONTRAR\u00c3O NOS PR\u00d3XIMOS DIAS PARA DISCUTIR INDICA\u00c7\u00c3O \u00c0 MINIST\u00c9RIO\"}]},{\"@type\":\"WebSite\",\"@id\":\"https:\/\/bahiaeconomica.com.br\/wp\/#website\",\"url\":\"https:\/\/bahiaeconomica.com.br\/wp\/\",\"name\":\"Bahia Economica\",\"description\":\"O maior portal de Economia da Bahia\",\"publisher\":{\"@id\":\"https:\/\/bahiaeconomica.com.br\/wp\/#organization\"},\"potentialAction\":[{\"@type\":\"SearchAction\",\"target\":{\"@type\":\"EntryPoint\",\"urlTemplate\":\"https:\/\/bahiaeconomica.com.br\/wp\/?s={search_term_string}\"},\"query-input\":\"required name=search_term_string\"}],\"inLanguage\":\"pt-BR\"},{\"@type\":\"Organization\",\"@id\":\"https:\/\/bahiaeconomica.com.br\/wp\/#organization\",\"name\":\"Bahia Econ\u00f4mica\",\"url\":\"https:\/\/bahiaeconomica.com.br\/wp\/\",\"logo\":{\"@type\":\"ImageObject\",\"inLanguage\":\"pt-BR\",\"@id\":\"https:\/\/bahiaeconomica.com.br\/wp\/#\/schema\/logo\/image\/\",\"url\":\"https:\/\/bahiaeconomica.com.br\/wp\/wp-content\/uploads\/2020\/12\/cropped-BE.png\",\"contentUrl\":\"https:\/\/bahiaeconomica.com.br\/wp\/wp-content\/uploads\/2020\/12\/cropped-BE.png\",\"width\":512,\"height\":512,\"caption\":\"Bahia Econ\u00f4mica\"},\"image\":{\"@id\":\"https:\/\/bahiaeconomica.com.br\/wp\/#\/schema\/logo\/image\/\"},\"sameAs\":[\"https:\/\/www.facebook.com\/bahiaeconomica\"]},{\"@type\":\"Person\",\"@id\":\"https:\/\/bahiaeconomica.com.br\/wp\/#\/schema\/person\/3304d50cfd32353c7d08c39066638997\",\"name\":\"Matheus Souza\",\"sameAs\":[\"http:\/\/www.bahiaeconomica.com.br\"],\"url\":\"https:\/\/bahiaeconomica.com.br\/wp\/author\/matheus-souza\/\"}]}<\/script>\n<!-- \/ Yoast SEO plugin. -->","yoast_head_json":{"title":"LULA E PACHECO SE ENCONTRAR\u00c3O NOS PR\u00d3XIMOS DIAS PARA DISCUTIR INDICA\u00c7\u00c3O \u00c0 MINIST\u00c9RIO - Bahia Economica","description":"O maior portal de Economia da Bahia Pol\u00edtica Bahia Economica","robots":{"index":"index","follow":"follow","max-snippet":"max-snippet:-1","max-image-preview":"max-image-preview:large","max-video-preview":"max-video-preview:-1"},"canonical":"https:\/\/bahiaeconomica.com.br\/wp\/2025\/03\/11\/lula-e-pacheco-se-encontrarao-nos-proximos-dias-para-discutir-indicacao-a-ministerio\/","og_locale":"pt_BR","og_type":"article","og_title":"LULA E PACHECO SE ENCONTRAR\u00c3O NOS PR\u00d3XIMOS DIAS PARA DISCUTIR INDICA\u00c7\u00c3O \u00c0 MINIST\u00c9RIO - Bahia Economica","og_description":"O maior portal de Economia da Bahia Pol\u00edtica Bahia Economica","og_url":"https:\/\/bahiaeconomica.com.br\/wp\/2025\/03\/11\/lula-e-pacheco-se-encontrarao-nos-proximos-dias-para-discutir-indicacao-a-ministerio\/","og_site_name":"Bahia Economica","article_publisher":"https:\/\/www.facebook.com\/bahiaeconomica","article_published_time":"2025-03-11T21:10:36+00:00","article_modified_time":"2025-03-11T20:55:09+00:00","og_image":[{"width":600,"height":420,"url":"https:\/\/bahiaeconomica.com.br\/wp\/wp-content\/uploads\/2024\/01\/Lula-e-Pacheco.png","type":"image\/png"}],"author":"Matheus Souza","twitter_card":"summary_large_image","twitter_misc":{"Escrito por":"Matheus Souza","Est. tempo de leitura":"1 minuto"},"schema":{"@context":"https:\/\/schema.org","@graph":[{"@type":"Article","@id":"https:\/\/bahiaeconomica.com.br\/wp\/2025\/03\/11\/lula-e-pacheco-se-encontrarao-nos-proximos-dias-para-discutir-indicacao-a-ministerio\/#article","isPartOf":{"@id":"https:\/\/bahiaeconomica.com.br\/wp\/2025\/03\/11\/lula-e-pacheco-se-encontrarao-nos-proximos-dias-para-discutir-indicacao-a-ministerio\/"},"author":{"name":"Matheus Souza","@id":"https:\/\/bahiaeconomica.com.br\/wp\/#\/schema\/person\/3304d50cfd32353c7d08c39066638997"},"headline":"LULA E PACHECO SE ENCONTRAR\u00c3O NOS PR\u00d3XIMOS DIAS PARA DISCUTIR INDICA\u00c7\u00c3O \u00c0 MINIST\u00c9RIO","datePublished":"2025-03-11T21:10:36+00:00","dateModified":"2025-03-11T20:55:09+00:00","mainEntityOfPage":{"@id":"https:\/\/bahiaeconomica.com.br\/wp\/2025\/03\/11\/lula-e-pacheco-se-encontrarao-nos-proximos-dias-para-discutir-indicacao-a-ministerio\/"},"wordCount":134,"publisher":{"@id":"https:\/\/bahiaeconomica.com.br\/wp\/#organization"},"keywords":["encontro","Lula","minist\u00e9rio","pacheco"],"articleSection":["Pol\u00edtica"],"inLanguage":"pt-BR"},{"@type":"WebPage","@id":"https:\/\/bahiaeconomica.com.br\/wp\/2025\/03\/11\/lula-e-pacheco-se-encontrarao-nos-proximos-dias-para-discutir-indicacao-a-ministerio\/","url":"https:\/\/bahiaeconomica.com.br\/wp\/2025\/03\/11\/lula-e-pacheco-se-encontrarao-nos-proximos-dias-para-discutir-indicacao-a-ministerio\/","name":"LULA E PACHECO SE ENCONTRAR\u00c3O NOS PR\u00d3XIMOS DIAS PARA DISCUTIR INDICA\u00c7\u00c3O \u00c0 MINIST\u00c9RIO - Bahia Economica","isPartOf":{"@id":"https:\/\/bahiaeconomica.com.br\/wp\/#website"},"datePublished":"2025-03-11T21:10:36+00:00","dateModified":"2025-03-11T20:55:09+00:00","description":"O maior portal de Economia da Bahia Pol\u00edtica Bahia Economica","breadcrumb":{"@id":"https:\/\/bahiaeconomica.com.br\/wp\/2025\/03\/11\/lula-e-pacheco-se-encontrarao-nos-proximos-dias-para-discutir-indicacao-a-ministerio\/#breadcrumb"},"inLanguage":"pt-BR","potentialAction":[{"@type":"ReadAction","target":["https:\/\/bahiaeconomica.com.br\/wp\/2025\/03\/11\/lula-e-pacheco-se-encontrarao-nos-proximos-dias-para-discutir-indicacao-a-ministerio\/"]}]},{"@type":"BreadcrumbList","@id":"https:\/\/bahiaeconomica.com.br\/wp\/2025\/03\/11\/lula-e-pacheco-se-encontrarao-nos-proximos-dias-para-discutir-indicacao-a-ministerio\/#breadcrumb","itemListElement":[{"@type":"ListItem","position":1,"name":"In\u00edcio","item":"https:\/\/bahiaeconomica.com.br\/wp\/"},{"@type":"ListItem","position":2,"name":"LULA E PACHECO SE ENCONTRAR\u00c3O NOS PR\u00d3XIMOS DIAS PARA DISCUTIR INDICA\u00c7\u00c3O \u00c0 MINIST\u00c9RIO"}]},{"@type":"WebSite","@id":"https:\/\/bahiaeconomica.com.br\/wp\/#website","url":"https:\/\/bahiaeconomica.com.br\/wp\/","name":"Bahia Economica","description":"O maior portal de Economia da Bahia","publisher":{"@id":"https:\/\/bahiaeconomica.com.br\/wp\/#organization"},"potentialAction":[{"@type":"SearchAction","target":{"@type":"EntryPoint","urlTemplate":"https:\/\/bahiaeconomica.com.br\/wp\/?s={search_term_string}"},"query-input":"required name=search_term_string"}],"inLanguage":"pt-BR"},{"@type":"Organization","@id":"https:\/\/bahiaeconomica.com.br\/wp\/#organization","name":"Bahia Econ\u00f4mica","url":"https:\/\/bahiaeconomica.com.br\/wp\/","logo":{"@type":"ImageObject","inLanguage":"pt-BR","@id":"https:\/\/bahiaeconomica.com.br\/wp\/#\/schema\/logo\/image\/","url":"https:\/\/bahiaeconomica.com.br\/wp\/wp-content\/uploads\/2020\/12\/cropped-BE.png","contentUrl":"https:\/\/bahiaeconomica.com.br\/wp\/wp-content\/uploads\/2020\/12\/cropped-BE.png","width":512,"height":512,"caption":"Bahia Econ\u00f4mica"},"image":{"@id":"https:\/\/bahiaeconomica.com.br\/wp\/#\/schema\/logo\/image\/"},"sameAs":["https:\/\/www.facebook.com\/bahiaeconomica"]},{"@type":"Person","@id":"https:\/\/bahiaeconomica.com.br\/wp\/#\/schema\/person\/3304d50cfd32353c7d08c39066638997","name":"Matheus Souza","sameAs":["http:\/\/www.bahiaeconomica.com.br"],"url":"https:\/\/bahiaeconomica.com.br\/wp\/author\/matheus-souza\/"}]}},"views":12,"_links":{"self":[{"href":"https:\/\/bahiaeconomica.com.br\/wp\/wp-json\/wp\/v2\/posts\/886653"}],"collection":[{"href":"https:\/\/bahiaeconomica.com.br\/wp\/wp-json\/wp\/v2\/posts"}],"about":[{"href":"https:\/\/bahiaeconomica.com.br\/wp\/wp-json\/wp\/v2\/types\/post"}],"author":[{"embeddable":true,"href":"https:\/\/bahiaeconomica.com.br\/wp\/wp-json\/wp\/v2\/users\/22"}],"replies":[{"embeddable":true,"href":"https:\/\/bahiaeconomica.com.br\/wp\/wp-json\/wp\/v2\/comments?post=886653"}],"version-history":[{"count":1,"href":"https:\/\/bahiaeconomica.com.br\/wp\/wp-json\/wp\/v2\/posts\/886653\/revisions"}],"predecessor-version":[{"id":886674,"href":"https:\/\/bahiaeconomica.com.br\/wp\/wp-json\/wp\/v2\/posts\/886653\/revisions\/886674"}],"wp:featuredmedia":[{"embeddable":true,"href":"https:\/\/bahiaeconomica.com.br\/wp\/wp-json\/wp\/v2\/media\/791936"}],"wp:attachment":[{"href":"https:\/\/bahiaeconomica.com.br\/wp\/wp-json\/wp\/v2\/media?parent=886653"}],"wp:term":[{"taxonomy":"category","embeddable":true,"href":"https:\/\/bahiaeconomica.com.br\/wp\/wp-json\/wp\/v2\/categories?post=886653"},{"taxonomy":"post_tag","embeddable":true,"href":"https:\/\/bahiaeconomica.com.br\/wp\/wp-json\/wp\/v2\/tags?post=886653"}],"curies":[{"name":"wp","href":"https:\/\/api.w.org\/{rel}","templated":true}]}}