{"id":885788,"date":"2025-03-07T09:40:25","date_gmt":"2025-03-07T12:40:25","guid":{"rendered":"https:\/\/bahiaeconomica.com.br\/wp\/?p=885788"},"modified":"2025-03-07T10:41:30","modified_gmt":"2025-03-07T13:41:30","slug":"folioes-aprovam-expresso-salvador-servico-transportou-120-mil-pessoas-no-carnaval-2025","status":"publish","type":"post","link":"https:\/\/bahiaeconomica.com.br\/wp\/2025\/03\/07\/folioes-aprovam-expresso-salvador-servico-transportou-120-mil-pessoas-no-carnaval-2025\/","title":{"rendered":"FOLI\u00d5ES APROVAM EXPRESSO SALVADOR; SERVI\u00c7O TRANSPORTOU 120 MIL PESSOAS NO CARNAVAL 2025"},"content":{"rendered":"<p>O Expresso Salvador, servi\u00e7o de transporte dedicado aos foli\u00f5es durante o Carnaval soteropolitano, foi mais uma vez aprovado pelos usu\u00e1rios. De acordo com a Secretaria de Mobilidade (Semob), cerca de 120 mil pessoas utilizaram o Expresso Salvador durante os seis dias oficiais de festa. Oferecendo \u00f4nibus climatizados, o servi\u00e7o partiu diariamente de tr\u00eas shoppings da cidade \u2014 Salvador Shopping, Salvador Norte Shopping e Shopping Paralela \u2014 levando e trazendo os foli\u00f5es dos circuitos Dod\u00f4 (Barra\/Ondina) e Osmar (Centro). Uma das vantagens do servi\u00e7o foi a isen\u00e7\u00e3o de taxas de estacionamento nos shoppings para os usu\u00e1rios do Expresso Salvador. Aqueles que adquiriram o bilhete n\u00e3o precisaram pagar valores adicionais para deixar seus ve\u00edculos em seguran\u00e7a, enquanto aproveitavam a folia.<\/p>\n<p>A jornalista Luciana Am\u00e2ncio, de 36 anos, falou sobre a experi\u00eancia com o servi\u00e7o e como contribuiu para o seu trabalho. \u201cEste ano foi o melhor ano de opera\u00e7\u00e3o do Expresso Salvador para mim. J\u00e1 uso o servi\u00e7o h\u00e1 alguns anos e \u00e9 evidente a melhoria ao longo do tempo&#8221;, declarou. &#8220;N\u00e3o enfrentei grandes filas em nenhum dos dias, tanto para ir quanto para voltar, o que me deu a impress\u00e3o de que havia mais \u00f4nibus dispon\u00edveis. O conforto e a seguran\u00e7a oferecidos pelo transporte foram \u00f3timos. Usei o servi\u00e7o em dois dias de trabalho e foi excelente, porque me movimentei sozinha e o ponto de parada ficava perto do meu local de trabalho&#8221;, acrescentou Luciana.<\/p>\n<p>O empres\u00e1rio Alessandro Max, de 44 anos, tamb\u00e9m destacou a conveni\u00eancia do servi\u00e7o. \u201cA minha experi\u00eancia com o Expresso Salvador foi muito positiva. O servi\u00e7o facilita bastante a nossa locomo\u00e7\u00e3o, tanto para chegar quanto para sair do circuito. \u00c9 confort\u00e1vel e eu n\u00e3o tive nenhum problema. Quando cheguei no shopping, a sa\u00edda foi r\u00e1pida e f\u00e1cil, e o mesmo aconteceu quando fui pegar o transporte em Ondina&#8221;, contou. O fisioterapeuta Josu\u00e9 Barros, de 54 anos, repetiu a experi\u00eancia neste Carnaval. \u201cGostei muito do Expresso Salvador. Usei o servi\u00e7o no ano passado, gostei, e este ano voltei a usar. A certeza de voltar da festa com seguran\u00e7a e agilidade me convenceu a utilizar o servi\u00e7o novamente. Recomendo a todos&#8221;, afirmou.<\/p>\n<p>Foto: Joka O. Gueiros\/Secom PMS<\/p>\n","protected":false},"excerpt":{"rendered":"<p>O Expresso Salvador, servi\u00e7o de transporte dedicado aos foli\u00f5es durante o Carnaval soteropolitano, foi mais uma vez aprovado pelos usu\u00e1rios. De acordo com a Secretaria de Mobilidade (Semob), cerca de 120 mil pessoas utilizaram o Expresso Salvador durante os seis dias oficiais de festa. Oferecendo \u00f4nibus climatizados, o servi\u00e7o partiu diariamente de tr\u00eas shoppings da [&hellip;]<\/p>\n","protected":false},"author":8,"featured_media":885789,"comment_status":"closed","ping_status":"closed","sticky":false,"template":"","format":"standard","meta":[],"categories":[5],"tags":[52,1514,100],"acf":[],"yoast_head":"<!-- This site is optimized with the Yoast SEO plugin v20.8 - https:\/\/yoast.com\/wordpress\/plugins\/seo\/ -->\n<title>FOLI\u00d5ES APROVAM EXPRESSO SALVADOR; SERVI\u00c7O TRANSPORTOU 120 MIL PESSOAS NO CARNAVAL 2025 - Bahia Economica<\/title>\n<meta name=\"description\" content=\"O maior portal de Economia da Bahia MUNIC\u00cdPIOS Bahia Economica servi\u00e7o de transporte dedicado aos foli\u00f5es durante o Carnaval soteropolitano\" \/>\n<meta name=\"robots\" content=\"index, follow, max-snippet:-1, max-image-preview:large, max-video-preview:-1\" \/>\n<link rel=\"canonical\" href=\"https:\/\/bahiaeconomica.com.br\/wp\/2025\/03\/07\/folioes-aprovam-expresso-salvador-servico-transportou-120-mil-pessoas-no-carnaval-2025\/\" \/>\n<meta property=\"og:locale\" content=\"pt_BR\" \/>\n<meta property=\"og:type\" content=\"article\" \/>\n<meta property=\"og:title\" content=\"FOLI\u00d5ES APROVAM EXPRESSO SALVADOR; SERVI\u00c7O TRANSPORTOU 120 MIL PESSOAS NO CARNAVAL 2025 - Bahia Economica\" \/>\n<meta property=\"og:description\" content=\"O maior portal de Economia da Bahia MUNIC\u00cdPIOS Bahia Economica servi\u00e7o de transporte dedicado aos foli\u00f5es durante o Carnaval soteropolitano\" \/>\n<meta property=\"og:url\" content=\"https:\/\/bahiaeconomica.com.br\/wp\/2025\/03\/07\/folioes-aprovam-expresso-salvador-servico-transportou-120-mil-pessoas-no-carnaval-2025\/\" \/>\n<meta property=\"og:site_name\" content=\"Bahia Economica\" \/>\n<meta property=\"article:publisher\" content=\"https:\/\/www.facebook.com\/bahiaeconomica\" \/>\n<meta property=\"article:published_time\" content=\"2025-03-07T12:40:25+00:00\" \/>\n<meta property=\"article:modified_time\" content=\"2025-03-07T13:41:30+00:00\" \/>\n<meta property=\"og:image\" content=\"https:\/\/bahiaeconomica.com.br\/wp\/wp-content\/uploads\/2025\/03\/e3695806-2450-401d-bef7-bdaf3055ad8c.jpeg\" \/>\n\t<meta property=\"og:image:width\" content=\"1280\" \/>\n\t<meta property=\"og:image:height\" content=\"853\" \/>\n\t<meta property=\"og:image:type\" content=\"image\/jpeg\" \/>\n<meta name=\"author\" content=\"JP\" \/>\n<meta name=\"twitter:card\" content=\"summary_large_image\" \/>\n<meta name=\"twitter:label1\" content=\"Escrito por\" \/>\n\t<meta name=\"twitter:data1\" content=\"JP\" \/>\n\t<meta name=\"twitter:label2\" content=\"Est. tempo de leitura\" \/>\n\t<meta name=\"twitter:data2\" content=\"2 minutos\" \/>\n<script type=\"application\/ld+json\" class=\"yoast-schema-graph\">{\"@context\":\"https:\/\/schema.org\",\"@graph\":[{\"@type\":\"Article\",\"@id\":\"https:\/\/bahiaeconomica.com.br\/wp\/2025\/03\/07\/folioes-aprovam-expresso-salvador-servico-transportou-120-mil-pessoas-no-carnaval-2025\/#article\",\"isPartOf\":{\"@id\":\"https:\/\/bahiaeconomica.com.br\/wp\/2025\/03\/07\/folioes-aprovam-expresso-salvador-servico-transportou-120-mil-pessoas-no-carnaval-2025\/\"},\"author\":{\"name\":\"JP\",\"@id\":\"https:\/\/bahiaeconomica.com.br\/wp\/#\/schema\/person\/c86d3a3f8960425a0f9d0e5245991f4e\"},\"headline\":\"FOLI\u00d5ES APROVAM EXPRESSO SALVADOR; SERVI\u00c7O TRANSPORTOU 120 MIL PESSOAS NO CARNAVAL 2025\",\"datePublished\":\"2025-03-07T12:40:25+00:00\",\"dateModified\":\"2025-03-07T13:41:30+00:00\",\"mainEntityOfPage\":{\"@id\":\"https:\/\/bahiaeconomica.com.br\/wp\/2025\/03\/07\/folioes-aprovam-expresso-salvador-servico-transportou-120-mil-pessoas-no-carnaval-2025\/\"},\"wordCount\":402,\"publisher\":{\"@id\":\"https:\/\/bahiaeconomica.com.br\/wp\/#organization\"},\"keywords\":[\"Brasil\",\"ONIBUS\",\"Pol\u00edtica\"],\"articleSection\":[\"MUNIC\u00cdPIOS\"],\"inLanguage\":\"pt-BR\"},{\"@type\":\"WebPage\",\"@id\":\"https:\/\/bahiaeconomica.com.br\/wp\/2025\/03\/07\/folioes-aprovam-expresso-salvador-servico-transportou-120-mil-pessoas-no-carnaval-2025\/\",\"url\":\"https:\/\/bahiaeconomica.com.br\/wp\/2025\/03\/07\/folioes-aprovam-expresso-salvador-servico-transportou-120-mil-pessoas-no-carnaval-2025\/\",\"name\":\"FOLI\u00d5ES APROVAM EXPRESSO SALVADOR; SERVI\u00c7O TRANSPORTOU 120 MIL PESSOAS NO CARNAVAL 2025 - Bahia Economica\",\"isPartOf\":{\"@id\":\"https:\/\/bahiaeconomica.com.br\/wp\/#website\"},\"datePublished\":\"2025-03-07T12:40:25+00:00\",\"dateModified\":\"2025-03-07T13:41:30+00:00\",\"description\":\"O maior portal de Economia da Bahia MUNIC\u00cdPIOS Bahia Economica servi\u00e7o de transporte dedicado aos foli\u00f5es durante o Carnaval soteropolitano\",\"breadcrumb\":{\"@id\":\"https:\/\/bahiaeconomica.com.br\/wp\/2025\/03\/07\/folioes-aprovam-expresso-salvador-servico-transportou-120-mil-pessoas-no-carnaval-2025\/#breadcrumb\"},\"inLanguage\":\"pt-BR\",\"potentialAction\":[{\"@type\":\"ReadAction\",\"target\":[\"https:\/\/bahiaeconomica.com.br\/wp\/2025\/03\/07\/folioes-aprovam-expresso-salvador-servico-transportou-120-mil-pessoas-no-carnaval-2025\/\"]}]},{\"@type\":\"BreadcrumbList\",\"@id\":\"https:\/\/bahiaeconomica.com.br\/wp\/2025\/03\/07\/folioes-aprovam-expresso-salvador-servico-transportou-120-mil-pessoas-no-carnaval-2025\/#breadcrumb\",\"itemListElement\":[{\"@type\":\"ListItem\",\"position\":1,\"name\":\"In\u00edcio\",\"item\":\"https:\/\/bahiaeconomica.com.br\/wp\/\"},{\"@type\":\"ListItem\",\"position\":2,\"name\":\"FOLI\u00d5ES APROVAM EXPRESSO SALVADOR; SERVI\u00c7O TRANSPORTOU 120 MIL PESSOAS NO CARNAVAL 2025\"}]},{\"@type\":\"WebSite\",\"@id\":\"https:\/\/bahiaeconomica.com.br\/wp\/#website\",\"url\":\"https:\/\/bahiaeconomica.com.br\/wp\/\",\"name\":\"Bahia Economica\",\"description\":\"O maior portal de Economia da Bahia\",\"publisher\":{\"@id\":\"https:\/\/bahiaeconomica.com.br\/wp\/#organization\"},\"potentialAction\":[{\"@type\":\"SearchAction\",\"target\":{\"@type\":\"EntryPoint\",\"urlTemplate\":\"https:\/\/bahiaeconomica.com.br\/wp\/?s={search_term_string}\"},\"query-input\":\"required name=search_term_string\"}],\"inLanguage\":\"pt-BR\"},{\"@type\":\"Organization\",\"@id\":\"https:\/\/bahiaeconomica.com.br\/wp\/#organization\",\"name\":\"Bahia Econ\u00f4mica\",\"url\":\"https:\/\/bahiaeconomica.com.br\/wp\/\",\"logo\":{\"@type\":\"ImageObject\",\"inLanguage\":\"pt-BR\",\"@id\":\"https:\/\/bahiaeconomica.com.br\/wp\/#\/schema\/logo\/image\/\",\"url\":\"https:\/\/bahiaeconomica.com.br\/wp\/wp-content\/uploads\/2020\/12\/cropped-BE.png\",\"contentUrl\":\"https:\/\/bahiaeconomica.com.br\/wp\/wp-content\/uploads\/2020\/12\/cropped-BE.png\",\"width\":512,\"height\":512,\"caption\":\"Bahia Econ\u00f4mica\"},\"image\":{\"@id\":\"https:\/\/bahiaeconomica.com.br\/wp\/#\/schema\/logo\/image\/\"},\"sameAs\":[\"https:\/\/www.facebook.com\/bahiaeconomica\"]},{\"@type\":\"Person\",\"@id\":\"https:\/\/bahiaeconomica.com.br\/wp\/#\/schema\/person\/c86d3a3f8960425a0f9d0e5245991f4e\",\"name\":\"JP\",\"sameAs\":[\"https:\/\/bahiaeconomica.com.br\/wp\/beta\/\"],\"url\":\"https:\/\/bahiaeconomica.com.br\/wp\/author\/jp\/\"}]}<\/script>\n<!-- \/ Yoast SEO plugin. -->","yoast_head_json":{"title":"FOLI\u00d5ES APROVAM EXPRESSO SALVADOR; SERVI\u00c7O TRANSPORTOU 120 MIL PESSOAS NO CARNAVAL 2025 - Bahia Economica","description":"O maior portal de Economia da Bahia MUNIC\u00cdPIOS Bahia Economica servi\u00e7o de transporte dedicado aos foli\u00f5es durante o Carnaval soteropolitano","robots":{"index":"index","follow":"follow","max-snippet":"max-snippet:-1","max-image-preview":"max-image-preview:large","max-video-preview":"max-video-preview:-1"},"canonical":"https:\/\/bahiaeconomica.com.br\/wp\/2025\/03\/07\/folioes-aprovam-expresso-salvador-servico-transportou-120-mil-pessoas-no-carnaval-2025\/","og_locale":"pt_BR","og_type":"article","og_title":"FOLI\u00d5ES APROVAM EXPRESSO SALVADOR; SERVI\u00c7O TRANSPORTOU 120 MIL PESSOAS NO CARNAVAL 2025 - Bahia Economica","og_description":"O maior portal de Economia da Bahia MUNIC\u00cdPIOS Bahia Economica servi\u00e7o de transporte dedicado aos foli\u00f5es durante o Carnaval soteropolitano","og_url":"https:\/\/bahiaeconomica.com.br\/wp\/2025\/03\/07\/folioes-aprovam-expresso-salvador-servico-transportou-120-mil-pessoas-no-carnaval-2025\/","og_site_name":"Bahia Economica","article_publisher":"https:\/\/www.facebook.com\/bahiaeconomica","article_published_time":"2025-03-07T12:40:25+00:00","article_modified_time":"2025-03-07T13:41:30+00:00","og_image":[{"width":1280,"height":853,"url":"https:\/\/bahiaeconomica.com.br\/wp\/wp-content\/uploads\/2025\/03\/e3695806-2450-401d-bef7-bdaf3055ad8c.jpeg","type":"image\/jpeg"}],"author":"JP","twitter_card":"summary_large_image","twitter_misc":{"Escrito por":"JP","Est. tempo de leitura":"2 minutos"},"schema":{"@context":"https:\/\/schema.org","@graph":[{"@type":"Article","@id":"https:\/\/bahiaeconomica.com.br\/wp\/2025\/03\/07\/folioes-aprovam-expresso-salvador-servico-transportou-120-mil-pessoas-no-carnaval-2025\/#article","isPartOf":{"@id":"https:\/\/bahiaeconomica.com.br\/wp\/2025\/03\/07\/folioes-aprovam-expresso-salvador-servico-transportou-120-mil-pessoas-no-carnaval-2025\/"},"author":{"name":"JP","@id":"https:\/\/bahiaeconomica.com.br\/wp\/#\/schema\/person\/c86d3a3f8960425a0f9d0e5245991f4e"},"headline":"FOLI\u00d5ES APROVAM EXPRESSO SALVADOR; SERVI\u00c7O TRANSPORTOU 120 MIL PESSOAS NO CARNAVAL 2025","datePublished":"2025-03-07T12:40:25+00:00","dateModified":"2025-03-07T13:41:30+00:00","mainEntityOfPage":{"@id":"https:\/\/bahiaeconomica.com.br\/wp\/2025\/03\/07\/folioes-aprovam-expresso-salvador-servico-transportou-120-mil-pessoas-no-carnaval-2025\/"},"wordCount":402,"publisher":{"@id":"https:\/\/bahiaeconomica.com.br\/wp\/#organization"},"keywords":["Brasil","ONIBUS","Pol\u00edtica"],"articleSection":["MUNIC\u00cdPIOS"],"inLanguage":"pt-BR"},{"@type":"WebPage","@id":"https:\/\/bahiaeconomica.com.br\/wp\/2025\/03\/07\/folioes-aprovam-expresso-salvador-servico-transportou-120-mil-pessoas-no-carnaval-2025\/","url":"https:\/\/bahiaeconomica.com.br\/wp\/2025\/03\/07\/folioes-aprovam-expresso-salvador-servico-transportou-120-mil-pessoas-no-carnaval-2025\/","name":"FOLI\u00d5ES APROVAM EXPRESSO SALVADOR; SERVI\u00c7O TRANSPORTOU 120 MIL PESSOAS NO CARNAVAL 2025 - Bahia Economica","isPartOf":{"@id":"https:\/\/bahiaeconomica.com.br\/wp\/#website"},"datePublished":"2025-03-07T12:40:25+00:00","dateModified":"2025-03-07T13:41:30+00:00","description":"O maior portal de Economia da Bahia MUNIC\u00cdPIOS Bahia Economica servi\u00e7o de transporte dedicado aos foli\u00f5es durante o Carnaval soteropolitano","breadcrumb":{"@id":"https:\/\/bahiaeconomica.com.br\/wp\/2025\/03\/07\/folioes-aprovam-expresso-salvador-servico-transportou-120-mil-pessoas-no-carnaval-2025\/#breadcrumb"},"inLanguage":"pt-BR","potentialAction":[{"@type":"ReadAction","target":["https:\/\/bahiaeconomica.com.br\/wp\/2025\/03\/07\/folioes-aprovam-expresso-salvador-servico-transportou-120-mil-pessoas-no-carnaval-2025\/"]}]},{"@type":"BreadcrumbList","@id":"https:\/\/bahiaeconomica.com.br\/wp\/2025\/03\/07\/folioes-aprovam-expresso-salvador-servico-transportou-120-mil-pessoas-no-carnaval-2025\/#breadcrumb","itemListElement":[{"@type":"ListItem","position":1,"name":"In\u00edcio","item":"https:\/\/bahiaeconomica.com.br\/wp\/"},{"@type":"ListItem","position":2,"name":"FOLI\u00d5ES APROVAM EXPRESSO SALVADOR; SERVI\u00c7O TRANSPORTOU 120 MIL PESSOAS NO CARNAVAL 2025"}]},{"@type":"WebSite","@id":"https:\/\/bahiaeconomica.com.br\/wp\/#website","url":"https:\/\/bahiaeconomica.com.br\/wp\/","name":"Bahia Economica","description":"O maior portal de Economia da Bahia","publisher":{"@id":"https:\/\/bahiaeconomica.com.br\/wp\/#organization"},"potentialAction":[{"@type":"SearchAction","target":{"@type":"EntryPoint","urlTemplate":"https:\/\/bahiaeconomica.com.br\/wp\/?s={search_term_string}"},"query-input":"required name=search_term_string"}],"inLanguage":"pt-BR"},{"@type":"Organization","@id":"https:\/\/bahiaeconomica.com.br\/wp\/#organization","name":"Bahia Econ\u00f4mica","url":"https:\/\/bahiaeconomica.com.br\/wp\/","logo":{"@type":"ImageObject","inLanguage":"pt-BR","@id":"https:\/\/bahiaeconomica.com.br\/wp\/#\/schema\/logo\/image\/","url":"https:\/\/bahiaeconomica.com.br\/wp\/wp-content\/uploads\/2020\/12\/cropped-BE.png","contentUrl":"https:\/\/bahiaeconomica.com.br\/wp\/wp-content\/uploads\/2020\/12\/cropped-BE.png","width":512,"height":512,"caption":"Bahia Econ\u00f4mica"},"image":{"@id":"https:\/\/bahiaeconomica.com.br\/wp\/#\/schema\/logo\/image\/"},"sameAs":["https:\/\/www.facebook.com\/bahiaeconomica"]},{"@type":"Person","@id":"https:\/\/bahiaeconomica.com.br\/wp\/#\/schema\/person\/c86d3a3f8960425a0f9d0e5245991f4e","name":"JP","sameAs":["https:\/\/bahiaeconomica.com.br\/wp\/beta\/"],"url":"https:\/\/bahiaeconomica.com.br\/wp\/author\/jp\/"}]}},"views":3,"_links":{"self":[{"href":"https:\/\/bahiaeconomica.com.br\/wp\/wp-json\/wp\/v2\/posts\/885788"}],"collection":[{"href":"https:\/\/bahiaeconomica.com.br\/wp\/wp-json\/wp\/v2\/posts"}],"about":[{"href":"https:\/\/bahiaeconomica.com.br\/wp\/wp-json\/wp\/v2\/types\/post"}],"author":[{"embeddable":true,"href":"https:\/\/bahiaeconomica.com.br\/wp\/wp-json\/wp\/v2\/users\/8"}],"replies":[{"embeddable":true,"href":"https:\/\/bahiaeconomica.com.br\/wp\/wp-json\/wp\/v2\/comments?post=885788"}],"version-history":[{"count":1,"href":"https:\/\/bahiaeconomica.com.br\/wp\/wp-json\/wp\/v2\/posts\/885788\/revisions"}],"predecessor-version":[{"id":885790,"href":"https:\/\/bahiaeconomica.com.br\/wp\/wp-json\/wp\/v2\/posts\/885788\/revisions\/885790"}],"wp:featuredmedia":[{"embeddable":true,"href":"https:\/\/bahiaeconomica.com.br\/wp\/wp-json\/wp\/v2\/media\/885789"}],"wp:attachment":[{"href":"https:\/\/bahiaeconomica.com.br\/wp\/wp-json\/wp\/v2\/media?parent=885788"}],"wp:term":[{"taxonomy":"category","embeddable":true,"href":"https:\/\/bahiaeconomica.com.br\/wp\/wp-json\/wp\/v2\/categories?post=885788"},{"taxonomy":"post_tag","embeddable":true,"href":"https:\/\/bahiaeconomica.com.br\/wp\/wp-json\/wp\/v2\/tags?post=885788"}],"curies":[{"name":"wp","href":"https:\/\/api.w.org\/{rel}","templated":true}]}}