{"id":885718,"date":"2025-03-07T09:00:37","date_gmt":"2025-03-07T12:00:37","guid":{"rendered":"https:\/\/bahiaeconomica.com.br\/wp\/?p=885718"},"modified":"2025-03-07T08:14:23","modified_gmt":"2025-03-07T11:14:23","slug":"bairro-classificado-como-favela-tem-o-5o-metro-quadrado-mais-caro-de-salvador","status":"publish","type":"post","link":"https:\/\/bahiaeconomica.com.br\/wp\/2025\/03\/07\/bairro-classificado-como-favela-tem-o-5o-metro-quadrado-mais-caro-de-salvador\/","title":{"rendered":"BAIRRO CLASSIFICADO COMO FAVELA TEM O 5\u00ba METRO QUADRADO MAIS CARO DE SALVADOR"},"content":{"rendered":"<p>Segundo o \u00cdndice FipeZap, Pernambu\u00e9s tem o quinto metro quadrado mais valorizado de Salvador, estimado em R$ 7.252. No \u00faltimo Censo Demogr\u00e1fico do Instituto Brasileiro de Geografia e Estat\u00edstica (IBGE), o bairro de Salvador, apareceu entre as dez maiores favelas do Brasil.<\/p>\n<p>O valor do metro quadrado de Pernambu\u00e9s s\u00f3 fica atr\u00e1s da Barra (R$ 10.674), Caminho das \u00c1rvores (R$ 10 mil), Ondina (R$ 9.318) e Rio Vermelho (R$ 8.807). Todos esses bairros s\u00e3o considerados nobres em Salvador, ou seja, disp\u00f5em de todos os servi\u00e7os b\u00e1sicos e boa infraestrutura. Esse fator instigou ainda mais a curiosidade dos soteropolitanos quanto ao motivo de Pernambu\u00e9s figurar na lista, mas, segundo especialistas e moradores ouvidos pela reportagem, n\u00e3o h\u00e1 mist\u00e9rio.<\/p>\n<p>Andr\u00e9 Urpia, superintendente do IBGE na Bahia, esclarece que o termo \u2018favela\u2019, que voltou a ser utilizado ap\u00f3s 50 anos pela entidade, corresponde a apenas uma \u00e1rea dentro de Pernambu\u00e9s \u2013 e n\u00e3o ao bairro como um todo. No total, a localidade tem 52,5 mil habitantes, sendo que s\u00f3 35,1 mil vivem na \u00e1rea considerada perif\u00e9rica.<\/p>\n<p>A an\u00e1lise do bairro feita pelo superintendente corresponde \u00e0 vis\u00e3o de moradores. Uma comunicadora, que vive na regi\u00e3o e preferiu n\u00e3o se identificar, conta que desde sempre Pernambu\u00e9s convive com a contradi\u00e7\u00e3o do subdesenvolvimento em algumas \u00e1reas em detrimento do desenvolvimento de outras. Uma vez que maior parte da popula\u00e7\u00e3o vive em conglomerados, ela acredita ser justa a aplica\u00e7\u00e3o do termo favela.(Correio)<\/p>\n<p>Cr\u00e9dito: Paula Fr\u00f3es\/Arquivo CORREIO<\/p>\n","protected":false},"excerpt":{"rendered":"<p>Segundo o \u00cdndice FipeZap, Pernambu\u00e9s tem o quinto metro quadrado mais valorizado de Salvador, estimado em R$ 7.252. No \u00faltimo Censo Demogr\u00e1fico do Instituto Brasileiro de Geografia e Estat\u00edstica (IBGE), o bairro de Salvador, apareceu entre as dez maiores favelas do Brasil. O valor do metro quadrado de Pernambu\u00e9s s\u00f3 fica atr\u00e1s da Barra (R$ [&hellip;]<\/p>\n","protected":false},"author":8,"featured_media":885719,"comment_status":"closed","ping_status":"closed","sticky":false,"template":"","format":"standard","meta":[],"categories":[14,3],"tags":[85,1184,37339,100],"acf":[],"yoast_head":"<!-- This site is optimized with the Yoast SEO plugin v20.8 - https:\/\/yoast.com\/wordpress\/plugins\/seo\/ -->\n<title>BAIRRO CLASSIFICADO COMO FAVELA TEM O 5\u00ba METRO QUADRADO MAIS CARO DE SALVADOR - Bahia Economica<\/title>\n<meta name=\"description\" content=\"O maior portal de Economia da Bahia DESTAQUE DO DIA, ECONOMIA \/ POL\u00cdTICA Bahia Economica O valor do metro quadrado de Pernambu\u00e9s s\u00f3 fica atr\u00e1s da Barra\" \/>\n<meta name=\"robots\" content=\"index, follow, max-snippet:-1, max-image-preview:large, max-video-preview:-1\" \/>\n<link rel=\"canonical\" href=\"https:\/\/bahiaeconomica.com.br\/wp\/2025\/03\/07\/bairro-classificado-como-favela-tem-o-5o-metro-quadrado-mais-caro-de-salvador\/\" \/>\n<meta property=\"og:locale\" content=\"pt_BR\" \/>\n<meta property=\"og:type\" content=\"article\" \/>\n<meta property=\"og:title\" content=\"BAIRRO CLASSIFICADO COMO FAVELA TEM O 5\u00ba METRO QUADRADO MAIS CARO DE SALVADOR - Bahia Economica\" \/>\n<meta property=\"og:description\" content=\"O maior portal de Economia da Bahia DESTAQUE DO DIA, ECONOMIA \/ POL\u00cdTICA Bahia Economica O valor do metro quadrado de Pernambu\u00e9s s\u00f3 fica atr\u00e1s da Barra\" \/>\n<meta property=\"og:url\" content=\"https:\/\/bahiaeconomica.com.br\/wp\/2025\/03\/07\/bairro-classificado-como-favela-tem-o-5o-metro-quadrado-mais-caro-de-salvador\/\" \/>\n<meta property=\"og:site_name\" content=\"Bahia Economica\" \/>\n<meta property=\"article:publisher\" content=\"https:\/\/www.facebook.com\/bahiaeconomica\" \/>\n<meta property=\"article:published_time\" content=\"2025-03-07T12:00:37+00:00\" \/>\n<meta property=\"article:modified_time\" content=\"2025-03-07T11:14:23+00:00\" \/>\n<meta property=\"og:image\" content=\"https:\/\/bahiaeconomica.com.br\/wp\/wp-content\/uploads\/2025\/03\/apesar-de-ser-considerada-favela-pernambues-tem-m-mais-caro-que-bairros-nobres-2494456-article.webp\" \/>\n\t<meta property=\"og:image:width\" content=\"1200\" \/>\n\t<meta property=\"og:image:height\" content=\"798\" \/>\n\t<meta property=\"og:image:type\" content=\"image\/webp\" \/>\n<meta name=\"author\" content=\"JP\" \/>\n<meta name=\"twitter:card\" content=\"summary_large_image\" \/>\n<meta name=\"twitter:label1\" content=\"Escrito por\" \/>\n\t<meta name=\"twitter:data1\" content=\"JP\" \/>\n\t<meta name=\"twitter:label2\" content=\"Est. tempo de leitura\" \/>\n\t<meta name=\"twitter:data2\" content=\"2 minutos\" \/>\n<script type=\"application\/ld+json\" class=\"yoast-schema-graph\">{\"@context\":\"https:\/\/schema.org\",\"@graph\":[{\"@type\":\"Article\",\"@id\":\"https:\/\/bahiaeconomica.com.br\/wp\/2025\/03\/07\/bairro-classificado-como-favela-tem-o-5o-metro-quadrado-mais-caro-de-salvador\/#article\",\"isPartOf\":{\"@id\":\"https:\/\/bahiaeconomica.com.br\/wp\/2025\/03\/07\/bairro-classificado-como-favela-tem-o-5o-metro-quadrado-mais-caro-de-salvador\/\"},\"author\":{\"name\":\"JP\",\"@id\":\"https:\/\/bahiaeconomica.com.br\/wp\/#\/schema\/person\/c86d3a3f8960425a0f9d0e5245991f4e\"},\"headline\":\"BAIRRO CLASSIFICADO COMO FAVELA TEM O 5\u00ba METRO QUADRADO MAIS CARO DE SALVADOR\",\"datePublished\":\"2025-03-07T12:00:37+00:00\",\"dateModified\":\"2025-03-07T11:14:23+00:00\",\"mainEntityOfPage\":{\"@id\":\"https:\/\/bahiaeconomica.com.br\/wp\/2025\/03\/07\/bairro-classificado-como-favela-tem-o-5o-metro-quadrado-mais-caro-de-salvador\/\"},\"wordCount\":269,\"publisher\":{\"@id\":\"https:\/\/bahiaeconomica.com.br\/wp\/#organization\"},\"keywords\":[\"Bahia\",\"bairro\",\"pernanbues\",\"Pol\u00edtica\"],\"articleSection\":[\"DESTAQUE DO DIA\",\"ECONOMIA \/ POL\u00cdTICA\"],\"inLanguage\":\"pt-BR\"},{\"@type\":\"WebPage\",\"@id\":\"https:\/\/bahiaeconomica.com.br\/wp\/2025\/03\/07\/bairro-classificado-como-favela-tem-o-5o-metro-quadrado-mais-caro-de-salvador\/\",\"url\":\"https:\/\/bahiaeconomica.com.br\/wp\/2025\/03\/07\/bairro-classificado-como-favela-tem-o-5o-metro-quadrado-mais-caro-de-salvador\/\",\"name\":\"BAIRRO CLASSIFICADO COMO FAVELA TEM O 5\u00ba METRO QUADRADO MAIS CARO DE SALVADOR - Bahia Economica\",\"isPartOf\":{\"@id\":\"https:\/\/bahiaeconomica.com.br\/wp\/#website\"},\"datePublished\":\"2025-03-07T12:00:37+00:00\",\"dateModified\":\"2025-03-07T11:14:23+00:00\",\"description\":\"O maior portal de Economia da Bahia DESTAQUE DO DIA, ECONOMIA \/ POL\u00cdTICA Bahia Economica O valor do metro quadrado de Pernambu\u00e9s s\u00f3 fica atr\u00e1s da Barra\",\"breadcrumb\":{\"@id\":\"https:\/\/bahiaeconomica.com.br\/wp\/2025\/03\/07\/bairro-classificado-como-favela-tem-o-5o-metro-quadrado-mais-caro-de-salvador\/#breadcrumb\"},\"inLanguage\":\"pt-BR\",\"potentialAction\":[{\"@type\":\"ReadAction\",\"target\":[\"https:\/\/bahiaeconomica.com.br\/wp\/2025\/03\/07\/bairro-classificado-como-favela-tem-o-5o-metro-quadrado-mais-caro-de-salvador\/\"]}]},{\"@type\":\"BreadcrumbList\",\"@id\":\"https:\/\/bahiaeconomica.com.br\/wp\/2025\/03\/07\/bairro-classificado-como-favela-tem-o-5o-metro-quadrado-mais-caro-de-salvador\/#breadcrumb\",\"itemListElement\":[{\"@type\":\"ListItem\",\"position\":1,\"name\":\"In\u00edcio\",\"item\":\"https:\/\/bahiaeconomica.com.br\/wp\/\"},{\"@type\":\"ListItem\",\"position\":2,\"name\":\"BAIRRO CLASSIFICADO COMO FAVELA TEM O 5\u00ba METRO QUADRADO MAIS CARO DE SALVADOR\"}]},{\"@type\":\"WebSite\",\"@id\":\"https:\/\/bahiaeconomica.com.br\/wp\/#website\",\"url\":\"https:\/\/bahiaeconomica.com.br\/wp\/\",\"name\":\"Bahia Economica\",\"description\":\"O maior portal de Economia da Bahia\",\"publisher\":{\"@id\":\"https:\/\/bahiaeconomica.com.br\/wp\/#organization\"},\"potentialAction\":[{\"@type\":\"SearchAction\",\"target\":{\"@type\":\"EntryPoint\",\"urlTemplate\":\"https:\/\/bahiaeconomica.com.br\/wp\/?s={search_term_string}\"},\"query-input\":\"required name=search_term_string\"}],\"inLanguage\":\"pt-BR\"},{\"@type\":\"Organization\",\"@id\":\"https:\/\/bahiaeconomica.com.br\/wp\/#organization\",\"name\":\"Bahia Econ\u00f4mica\",\"url\":\"https:\/\/bahiaeconomica.com.br\/wp\/\",\"logo\":{\"@type\":\"ImageObject\",\"inLanguage\":\"pt-BR\",\"@id\":\"https:\/\/bahiaeconomica.com.br\/wp\/#\/schema\/logo\/image\/\",\"url\":\"https:\/\/bahiaeconomica.com.br\/wp\/wp-content\/uploads\/2020\/12\/cropped-BE.png\",\"contentUrl\":\"https:\/\/bahiaeconomica.com.br\/wp\/wp-content\/uploads\/2020\/12\/cropped-BE.png\",\"width\":512,\"height\":512,\"caption\":\"Bahia Econ\u00f4mica\"},\"image\":{\"@id\":\"https:\/\/bahiaeconomica.com.br\/wp\/#\/schema\/logo\/image\/\"},\"sameAs\":[\"https:\/\/www.facebook.com\/bahiaeconomica\"]},{\"@type\":\"Person\",\"@id\":\"https:\/\/bahiaeconomica.com.br\/wp\/#\/schema\/person\/c86d3a3f8960425a0f9d0e5245991f4e\",\"name\":\"JP\",\"sameAs\":[\"https:\/\/bahiaeconomica.com.br\/wp\/beta\/\"],\"url\":\"https:\/\/bahiaeconomica.com.br\/wp\/author\/jp\/\"}]}<\/script>\n<!-- \/ Yoast SEO plugin. -->","yoast_head_json":{"title":"BAIRRO CLASSIFICADO COMO FAVELA TEM O 5\u00ba METRO QUADRADO MAIS CARO DE SALVADOR - Bahia Economica","description":"O maior portal de Economia da Bahia DESTAQUE DO DIA, ECONOMIA \/ POL\u00cdTICA Bahia Economica O valor do metro quadrado de Pernambu\u00e9s s\u00f3 fica atr\u00e1s da Barra","robots":{"index":"index","follow":"follow","max-snippet":"max-snippet:-1","max-image-preview":"max-image-preview:large","max-video-preview":"max-video-preview:-1"},"canonical":"https:\/\/bahiaeconomica.com.br\/wp\/2025\/03\/07\/bairro-classificado-como-favela-tem-o-5o-metro-quadrado-mais-caro-de-salvador\/","og_locale":"pt_BR","og_type":"article","og_title":"BAIRRO CLASSIFICADO COMO FAVELA TEM O 5\u00ba METRO QUADRADO MAIS CARO DE SALVADOR - Bahia Economica","og_description":"O maior portal de Economia da Bahia DESTAQUE DO DIA, ECONOMIA \/ POL\u00cdTICA Bahia Economica O valor do metro quadrado de Pernambu\u00e9s s\u00f3 fica atr\u00e1s da Barra","og_url":"https:\/\/bahiaeconomica.com.br\/wp\/2025\/03\/07\/bairro-classificado-como-favela-tem-o-5o-metro-quadrado-mais-caro-de-salvador\/","og_site_name":"Bahia Economica","article_publisher":"https:\/\/www.facebook.com\/bahiaeconomica","article_published_time":"2025-03-07T12:00:37+00:00","article_modified_time":"2025-03-07T11:14:23+00:00","og_image":[{"width":1200,"height":798,"url":"https:\/\/bahiaeconomica.com.br\/wp\/wp-content\/uploads\/2025\/03\/apesar-de-ser-considerada-favela-pernambues-tem-m-mais-caro-que-bairros-nobres-2494456-article.webp","type":"image\/webp"}],"author":"JP","twitter_card":"summary_large_image","twitter_misc":{"Escrito por":"JP","Est. tempo de leitura":"2 minutos"},"schema":{"@context":"https:\/\/schema.org","@graph":[{"@type":"Article","@id":"https:\/\/bahiaeconomica.com.br\/wp\/2025\/03\/07\/bairro-classificado-como-favela-tem-o-5o-metro-quadrado-mais-caro-de-salvador\/#article","isPartOf":{"@id":"https:\/\/bahiaeconomica.com.br\/wp\/2025\/03\/07\/bairro-classificado-como-favela-tem-o-5o-metro-quadrado-mais-caro-de-salvador\/"},"author":{"name":"JP","@id":"https:\/\/bahiaeconomica.com.br\/wp\/#\/schema\/person\/c86d3a3f8960425a0f9d0e5245991f4e"},"headline":"BAIRRO CLASSIFICADO COMO FAVELA TEM O 5\u00ba METRO QUADRADO MAIS CARO DE SALVADOR","datePublished":"2025-03-07T12:00:37+00:00","dateModified":"2025-03-07T11:14:23+00:00","mainEntityOfPage":{"@id":"https:\/\/bahiaeconomica.com.br\/wp\/2025\/03\/07\/bairro-classificado-como-favela-tem-o-5o-metro-quadrado-mais-caro-de-salvador\/"},"wordCount":269,"publisher":{"@id":"https:\/\/bahiaeconomica.com.br\/wp\/#organization"},"keywords":["Bahia","bairro","pernanbues","Pol\u00edtica"],"articleSection":["DESTAQUE DO DIA","ECONOMIA \/ POL\u00cdTICA"],"inLanguage":"pt-BR"},{"@type":"WebPage","@id":"https:\/\/bahiaeconomica.com.br\/wp\/2025\/03\/07\/bairro-classificado-como-favela-tem-o-5o-metro-quadrado-mais-caro-de-salvador\/","url":"https:\/\/bahiaeconomica.com.br\/wp\/2025\/03\/07\/bairro-classificado-como-favela-tem-o-5o-metro-quadrado-mais-caro-de-salvador\/","name":"BAIRRO CLASSIFICADO COMO FAVELA TEM O 5\u00ba METRO QUADRADO MAIS CARO DE SALVADOR - Bahia Economica","isPartOf":{"@id":"https:\/\/bahiaeconomica.com.br\/wp\/#website"},"datePublished":"2025-03-07T12:00:37+00:00","dateModified":"2025-03-07T11:14:23+00:00","description":"O maior portal de Economia da Bahia DESTAQUE DO DIA, ECONOMIA \/ POL\u00cdTICA Bahia Economica O valor do metro quadrado de Pernambu\u00e9s s\u00f3 fica atr\u00e1s da Barra","breadcrumb":{"@id":"https:\/\/bahiaeconomica.com.br\/wp\/2025\/03\/07\/bairro-classificado-como-favela-tem-o-5o-metro-quadrado-mais-caro-de-salvador\/#breadcrumb"},"inLanguage":"pt-BR","potentialAction":[{"@type":"ReadAction","target":["https:\/\/bahiaeconomica.com.br\/wp\/2025\/03\/07\/bairro-classificado-como-favela-tem-o-5o-metro-quadrado-mais-caro-de-salvador\/"]}]},{"@type":"BreadcrumbList","@id":"https:\/\/bahiaeconomica.com.br\/wp\/2025\/03\/07\/bairro-classificado-como-favela-tem-o-5o-metro-quadrado-mais-caro-de-salvador\/#breadcrumb","itemListElement":[{"@type":"ListItem","position":1,"name":"In\u00edcio","item":"https:\/\/bahiaeconomica.com.br\/wp\/"},{"@type":"ListItem","position":2,"name":"BAIRRO CLASSIFICADO COMO FAVELA TEM O 5\u00ba METRO QUADRADO MAIS CARO DE SALVADOR"}]},{"@type":"WebSite","@id":"https:\/\/bahiaeconomica.com.br\/wp\/#website","url":"https:\/\/bahiaeconomica.com.br\/wp\/","name":"Bahia Economica","description":"O maior portal de Economia da Bahia","publisher":{"@id":"https:\/\/bahiaeconomica.com.br\/wp\/#organization"},"potentialAction":[{"@type":"SearchAction","target":{"@type":"EntryPoint","urlTemplate":"https:\/\/bahiaeconomica.com.br\/wp\/?s={search_term_string}"},"query-input":"required name=search_term_string"}],"inLanguage":"pt-BR"},{"@type":"Organization","@id":"https:\/\/bahiaeconomica.com.br\/wp\/#organization","name":"Bahia Econ\u00f4mica","url":"https:\/\/bahiaeconomica.com.br\/wp\/","logo":{"@type":"ImageObject","inLanguage":"pt-BR","@id":"https:\/\/bahiaeconomica.com.br\/wp\/#\/schema\/logo\/image\/","url":"https:\/\/bahiaeconomica.com.br\/wp\/wp-content\/uploads\/2020\/12\/cropped-BE.png","contentUrl":"https:\/\/bahiaeconomica.com.br\/wp\/wp-content\/uploads\/2020\/12\/cropped-BE.png","width":512,"height":512,"caption":"Bahia Econ\u00f4mica"},"image":{"@id":"https:\/\/bahiaeconomica.com.br\/wp\/#\/schema\/logo\/image\/"},"sameAs":["https:\/\/www.facebook.com\/bahiaeconomica"]},{"@type":"Person","@id":"https:\/\/bahiaeconomica.com.br\/wp\/#\/schema\/person\/c86d3a3f8960425a0f9d0e5245991f4e","name":"JP","sameAs":["https:\/\/bahiaeconomica.com.br\/wp\/beta\/"],"url":"https:\/\/bahiaeconomica.com.br\/wp\/author\/jp\/"}]}},"views":212,"_links":{"self":[{"href":"https:\/\/bahiaeconomica.com.br\/wp\/wp-json\/wp\/v2\/posts\/885718"}],"collection":[{"href":"https:\/\/bahiaeconomica.com.br\/wp\/wp-json\/wp\/v2\/posts"}],"about":[{"href":"https:\/\/bahiaeconomica.com.br\/wp\/wp-json\/wp\/v2\/types\/post"}],"author":[{"embeddable":true,"href":"https:\/\/bahiaeconomica.com.br\/wp\/wp-json\/wp\/v2\/users\/8"}],"replies":[{"embeddable":true,"href":"https:\/\/bahiaeconomica.com.br\/wp\/wp-json\/wp\/v2\/comments?post=885718"}],"version-history":[{"count":1,"href":"https:\/\/bahiaeconomica.com.br\/wp\/wp-json\/wp\/v2\/posts\/885718\/revisions"}],"predecessor-version":[{"id":885720,"href":"https:\/\/bahiaeconomica.com.br\/wp\/wp-json\/wp\/v2\/posts\/885718\/revisions\/885720"}],"wp:featuredmedia":[{"embeddable":true,"href":"https:\/\/bahiaeconomica.com.br\/wp\/wp-json\/wp\/v2\/media\/885719"}],"wp:attachment":[{"href":"https:\/\/bahiaeconomica.com.br\/wp\/wp-json\/wp\/v2\/media?parent=885718"}],"wp:term":[{"taxonomy":"category","embeddable":true,"href":"https:\/\/bahiaeconomica.com.br\/wp\/wp-json\/wp\/v2\/categories?post=885718"},{"taxonomy":"post_tag","embeddable":true,"href":"https:\/\/bahiaeconomica.com.br\/wp\/wp-json\/wp\/v2\/tags?post=885718"}],"curies":[{"name":"wp","href":"https:\/\/api.w.org\/{rel}","templated":true}]}}