{"id":885267,"date":"2025-03-05T14:40:25","date_gmt":"2025-03-05T17:40:25","guid":{"rendered":"https:\/\/bahiaeconomica.com.br\/wp\/?p=885267"},"modified":"2025-03-05T14:40:25","modified_gmt":"2025-03-05T17:40:25","slug":"arrastao-da-quarta-de-cinzas-encerra-carnaval-de-salvador-2025","status":"publish","type":"post","link":"https:\/\/bahiaeconomica.com.br\/wp\/2025\/03\/05\/arrastao-da-quarta-de-cinzas-encerra-carnaval-de-salvador-2025\/","title":{"rendered":"ARRAST\u00c3O DA QUARTA DE CINZAS ENCERRA CARNAVAL DE SALVADOR 2025"},"content":{"rendered":"<p>Em refer\u00eancia ao nome do primeiro filme brasileiro premiado com um Oscar, &#8220;Ainda estou aqui&#8221;, milhares de foli\u00f5es marcaram presen\u00e7a na 30\u00aa edi\u00e7\u00e3o do Arrast\u00e3o da Quarta de Cinzas, nesta quarta-feira (5), no Circuito Dod\u00f4 (Barra\/Ondina), despedindo-se de vez do Carnaval de Salvador 2025. Tr\u00eas trios animaram o p\u00fablico, puxados por Danniel Vieira, L\u00e9o Santana e Carlinhos Brown.<\/p>\n<p>Acompanhado da filha Liz, L\u00e9o Santana trouxe como convidados o cantor Flavinho, do grupo Pagod&#8217;art, e a banda Filhos de Jorge, e colocou o pagod\u00e3o na roda do circuito. No in\u00edcio do desfile, o artista fez quest\u00e3o de saudar os ambulantes presentes no Largo do Farol da Barra e convocou o p\u00fablico. &#8220;Voc\u00eas vieram! Vamos l\u00e1 fazer esse Arrast\u00e3o&#8221;, disse.<\/p>\n<p>H\u00e1 oito anos participando do momento &#8220;inimigos do fim&#8221; da folia, Danniel Vieira ressaltou a felicidade em participar de um momento de diversidade e pluralidade da festa, aproveitando para dar o pontap\u00e9 para o S\u00e3o Jo\u00e3o. Dentre os convidados estiveram Robyss\u00e3o, Ed City, Bambam e Silvano Salles, dentre outros nomes.<\/p>\n<p>O cantor tamb\u00e9m fez refer\u00eancia a Luiz Caldas, considerado o pai da ax\u00e9 music, tendo como marco para o ritmo o \u00e1lbum &#8220;Magia&#8221;, de 1985. &#8220;Minha primeira mem\u00f3ria afetiva do Carnaval foi com ele. Ent\u00e3o, hoje, a gente tem que finalizar o Carnaval cantando Luiz Caldas. Vamos chegar em Ondina com tudo&#8221;, prometeu.<\/p>\n<p>Um dos momentos mais marcantes foi proporcionado por Carlinhos Brown, que trouxe, al\u00e9m do cantor Z\u00e9 Hon\u00f3rio e do instrumentista Armandinho, a F\u00e9-MENINA, um grupo de percuss\u00e3o com 100 mulheres regidas pela veterana Rose Ratinha, que foi integrante da banda As Meninas e \u00e9 uma das principais percussionistas do pa\u00eds.<\/p>\n<p>&#8220;Essa foi a realiza\u00e7\u00e3o de um sonho, de juntar mulheres que v\u00eam do Il\u00ea Aiy\u00ea, do Olodum, da Did\u00e1, do Muzenza, do Mal\u00ea Debal\u00ea, e que toparam o meu convite. Estou emocionada desde o convite de Brown e \u00e9 um marco pelo protagonismo da mulher no Arrast\u00e3o, que \u00e9 o fechamento do Carnaval de Salvador. Haja cora\u00e7\u00e3o!&#8221;, disse.<\/p>\n<p>Brown fez um agradecimento especial \u00e0 imprensa pela cobertura e divulga\u00e7\u00e3o do Carnaval de Salvador 2025, e relembrou os motivos para a cria\u00e7\u00e3o do festejo p\u00f3s-folia oficial. &#8220;O objetivo do Arrast\u00e3o foi sempre, sim, trazer as pessoas que trabalham durante o Carnaval para ter o seu momento de divers\u00e3o. Os artistas abra\u00e7aram essa possibilidade e isso mostra, mais uma vez, a for\u00e7a da coletividade, da ax\u00e9 music. E, hoje, a gente tem uma dupla comemora\u00e7\u00e3o: os 30 anos da ax\u00e9 music e os 75 anos do trio el\u00e9trico&#8221;, declarou.<\/p>\n<p>Daniela Oliveira, de 43 anos, \u00e9 servidora p\u00fablica e faz quest\u00e3o de estar presente todos os anos no Arrast\u00e3o \u2013 mas, em 2025, a festa tem um sabor especial. &#8220;Sempre participo como foli\u00e3 e, este ano, estarei como percussionista. \u00c9 mais do que a realiza\u00e7\u00e3o de um sonho, \u00e9 uma emo\u00e7\u00e3o enorme, at\u00e9 porque sou muito f\u00e3 de Brown. A gente ensaiou bastante e \u00e9 hist\u00f3rico esse momento hoje. O cora\u00e7\u00e3o est\u00e1 a mil, nem dormi&#8221;, contou.<\/p>\n<p>O agente de aeroporto Romilson Paix\u00e3o, de 47 anos, voltou a curtir o Arrast\u00e3o depois de cinco anos ausente devido ao trabalho. &#8220;Hoje as f\u00e9rias me proporcionaram esse momento t\u00e3o esperado por mim. O \u00fanico prop\u00f3sito aqui \u00e9 ver Brown e vem aquela sensa\u00e7\u00e3o de querer mais, de saudade. Deus \u00e9 muito bom, pois a cada ano a festa melhora e a gente consegue curtir o Carnaval a cada dia. Se n\u00e3o vier para o Arrast\u00e3o, n\u00e3o \u00e9 Carnaval&#8221;, diz, rindo.<\/p>\n<p>A diretora de ecossistemas Michelle Sales, de 43 anos, saiu de S\u00e3o Paulo para trabalhar no Carnaval de Salvador pela segunda vez e era s\u00f3 anima\u00e7\u00e3o no Arrast\u00e3o. &#8220;Fiquei muito feliz de estar aqui todos estes dias. Trabalhei, mas curti bastante tamb\u00e9m e minha expectativa \u00e9 ver esse fechamento da festa linda com os melhores artistas que a gente tem aqui e a energia desse \u00faltimo dia t\u00e1 aquela coisa gostosa. Se tivesse mais uma semana a gente ia, com certeza&#8221;, declarou.<\/p>\n<p>Fotos: Joka O. Gueiros\/Secom PMS<\/p>\n","protected":false},"excerpt":{"rendered":"<p>Em refer\u00eancia ao nome do primeiro filme brasileiro premiado com um Oscar, &#8220;Ainda estou aqui&#8221;, milhares de foli\u00f5es marcaram presen\u00e7a na 30\u00aa edi\u00e7\u00e3o do Arrast\u00e3o da Quarta de Cinzas, nesta quarta-feira (5), no Circuito Dod\u00f4 (Barra\/Ondina), despedindo-se de vez do Carnaval de Salvador 2025. Tr\u00eas trios animaram o p\u00fablico, puxados por Danniel Vieira, L\u00e9o Santana [&hellip;]<\/p>\n","protected":false},"author":24,"featured_media":885268,"comment_status":"closed","ping_status":"closed","sticky":false,"template":"","format":"standard","meta":[],"categories":[5],"tags":[11225,1020,2842],"acf":[],"yoast_head":"<!-- This site is optimized with the Yoast SEO plugin v20.8 - https:\/\/yoast.com\/wordpress\/plugins\/seo\/ -->\n<title>ARRAST\u00c3O DA QUARTA DE CINZAS ENCERRA CARNAVAL DE SALVADOR 2025 - Bahia Economica Em refer\u00eancia ao nome do primeiro filme brasileiro premiado com um Oscar, &quot;Ainda estou aqui&quot;, milhares de foli\u00f5es marcaram presen\u00e7a na 30\u00aa edi\u00e7\u00e3o do Arrast\u00e3o da Quarta de Cinzas, nesta quarta-feira (5), no Circuito Dod\u00f4 (Barra\/Ondina), despedindo-se de vez do Carnaval de Salvador 2025.<\/title>\n<meta name=\"description\" content=\"O maior portal de Economia da Bahia MUNIC\u00cdPIOS Bahia Economica Em refer\u00eancia ao nome do primeiro filme brasileiro premiado com um Oscar, &quot;Ainda estou aqui&quot;, milhares de foli\u00f5es marcaram presen\u00e7a na 30\u00aa edi\u00e7\u00e3o do Arrast\u00e3o da Quarta de Cinzas, nesta quarta-feira (5), no Circuito Dod\u00f4 (Barra\/Ondina), despedindo-se de vez do Carnaval de Salvador 2025.\" \/>\n<meta name=\"robots\" content=\"index, follow, max-snippet:-1, max-image-preview:large, max-video-preview:-1\" \/>\n<link rel=\"canonical\" href=\"https:\/\/bahiaeconomica.com.br\/wp\/2025\/03\/05\/arrastao-da-quarta-de-cinzas-encerra-carnaval-de-salvador-2025\/\" \/>\n<meta property=\"og:locale\" content=\"pt_BR\" \/>\n<meta property=\"og:type\" content=\"article\" \/>\n<meta property=\"og:title\" content=\"ARRAST\u00c3O DA QUARTA DE CINZAS ENCERRA CARNAVAL DE SALVADOR 2025 - Bahia Economica Em refer\u00eancia ao nome do primeiro filme brasileiro premiado com um Oscar, &quot;Ainda estou aqui&quot;, milhares de foli\u00f5es marcaram presen\u00e7a na 30\u00aa edi\u00e7\u00e3o do Arrast\u00e3o da Quarta de Cinzas, nesta quarta-feira (5), no Circuito Dod\u00f4 (Barra\/Ondina), despedindo-se de vez do Carnaval de Salvador 2025.\" \/>\n<meta property=\"og:description\" content=\"O maior portal de Economia da Bahia MUNIC\u00cdPIOS Bahia Economica Em refer\u00eancia ao nome do primeiro filme brasileiro premiado com um Oscar, &quot;Ainda estou aqui&quot;, milhares de foli\u00f5es marcaram presen\u00e7a na 30\u00aa edi\u00e7\u00e3o do Arrast\u00e3o da Quarta de Cinzas, nesta quarta-feira (5), no Circuito Dod\u00f4 (Barra\/Ondina), despedindo-se de vez do Carnaval de Salvador 2025.\" \/>\n<meta property=\"og:url\" content=\"https:\/\/bahiaeconomica.com.br\/wp\/2025\/03\/05\/arrastao-da-quarta-de-cinzas-encerra-carnaval-de-salvador-2025\/\" \/>\n<meta property=\"og:site_name\" content=\"Bahia Economica\" \/>\n<meta property=\"article:publisher\" content=\"https:\/\/www.facebook.com\/bahiaeconomica\" \/>\n<meta property=\"article:published_time\" content=\"2025-03-05T17:40:25+00:00\" \/>\n<meta property=\"og:image\" content=\"https:\/\/bahiaeconomica.com.br\/wp\/wp-content\/uploads\/2025\/03\/05_03_2025_Danniel_Vieira_Arrastao_Cinzas_Foto_Joka_Gueiros_Secom_PMS1-scaled.jpg\" \/>\n\t<meta property=\"og:image:width\" content=\"2560\" \/>\n\t<meta property=\"og:image:height\" content=\"1707\" \/>\n\t<meta property=\"og:image:type\" content=\"image\/jpeg\" \/>\n<meta name=\"author\" content=\"VICTOR OLIVEIRA\" \/>\n<meta name=\"twitter:card\" content=\"summary_large_image\" \/>\n<meta name=\"twitter:label1\" content=\"Escrito por\" \/>\n\t<meta name=\"twitter:data1\" content=\"VICTOR OLIVEIRA\" \/>\n\t<meta name=\"twitter:label2\" content=\"Est. tempo de leitura\" \/>\n\t<meta name=\"twitter:data2\" content=\"4 minutos\" \/>\n<script type=\"application\/ld+json\" class=\"yoast-schema-graph\">{\"@context\":\"https:\/\/schema.org\",\"@graph\":[{\"@type\":\"Article\",\"@id\":\"https:\/\/bahiaeconomica.com.br\/wp\/2025\/03\/05\/arrastao-da-quarta-de-cinzas-encerra-carnaval-de-salvador-2025\/#article\",\"isPartOf\":{\"@id\":\"https:\/\/bahiaeconomica.com.br\/wp\/2025\/03\/05\/arrastao-da-quarta-de-cinzas-encerra-carnaval-de-salvador-2025\/\"},\"author\":{\"name\":\"VICTOR OLIVEIRA\",\"@id\":\"https:\/\/bahiaeconomica.com.br\/wp\/#\/schema\/person\/a17956d0e1112b626f403fb06b8129a9\"},\"headline\":\"ARRAST\u00c3O DA QUARTA DE CINZAS ENCERRA CARNAVAL DE SALVADOR 2025\",\"datePublished\":\"2025-03-05T17:40:25+00:00\",\"dateModified\":\"2025-03-05T17:40:25+00:00\",\"mainEntityOfPage\":{\"@id\":\"https:\/\/bahiaeconomica.com.br\/wp\/2025\/03\/05\/arrastao-da-quarta-de-cinzas-encerra-carnaval-de-salvador-2025\/\"},\"wordCount\":711,\"publisher\":{\"@id\":\"https:\/\/bahiaeconomica.com.br\/wp\/#organization\"},\"keywords\":[\"Arrast\u00e3o\",\"carnaval\",\"encerramento\"],\"articleSection\":[\"MUNIC\u00cdPIOS\"],\"inLanguage\":\"pt-BR\"},{\"@type\":\"WebPage\",\"@id\":\"https:\/\/bahiaeconomica.com.br\/wp\/2025\/03\/05\/arrastao-da-quarta-de-cinzas-encerra-carnaval-de-salvador-2025\/\",\"url\":\"https:\/\/bahiaeconomica.com.br\/wp\/2025\/03\/05\/arrastao-da-quarta-de-cinzas-encerra-carnaval-de-salvador-2025\/\",\"name\":\"ARRAST\u00c3O DA QUARTA DE CINZAS ENCERRA CARNAVAL DE SALVADOR 2025 - Bahia Economica Em refer\u00eancia ao nome do primeiro filme brasileiro premiado com um Oscar, \\\"Ainda estou aqui\\\", milhares de foli\u00f5es marcaram presen\u00e7a na 30\u00aa edi\u00e7\u00e3o do Arrast\u00e3o da Quarta de Cinzas, nesta quarta-feira (5), no Circuito Dod\u00f4 (Barra\/Ondina), despedindo-se de vez do Carnaval de Salvador 2025.\",\"isPartOf\":{\"@id\":\"https:\/\/bahiaeconomica.com.br\/wp\/#website\"},\"datePublished\":\"2025-03-05T17:40:25+00:00\",\"dateModified\":\"2025-03-05T17:40:25+00:00\",\"description\":\"O maior portal de Economia da Bahia MUNIC\u00cdPIOS Bahia Economica Em refer\u00eancia ao nome do primeiro filme brasileiro premiado com um Oscar, \\\"Ainda estou aqui\\\", milhares de foli\u00f5es marcaram presen\u00e7a na 30\u00aa edi\u00e7\u00e3o do Arrast\u00e3o da Quarta de Cinzas, nesta quarta-feira (5), no Circuito Dod\u00f4 (Barra\/Ondina), despedindo-se de vez do Carnaval de Salvador 2025.\",\"breadcrumb\":{\"@id\":\"https:\/\/bahiaeconomica.com.br\/wp\/2025\/03\/05\/arrastao-da-quarta-de-cinzas-encerra-carnaval-de-salvador-2025\/#breadcrumb\"},\"inLanguage\":\"pt-BR\",\"potentialAction\":[{\"@type\":\"ReadAction\",\"target\":[\"https:\/\/bahiaeconomica.com.br\/wp\/2025\/03\/05\/arrastao-da-quarta-de-cinzas-encerra-carnaval-de-salvador-2025\/\"]}]},{\"@type\":\"BreadcrumbList\",\"@id\":\"https:\/\/bahiaeconomica.com.br\/wp\/2025\/03\/05\/arrastao-da-quarta-de-cinzas-encerra-carnaval-de-salvador-2025\/#breadcrumb\",\"itemListElement\":[{\"@type\":\"ListItem\",\"position\":1,\"name\":\"In\u00edcio\",\"item\":\"https:\/\/bahiaeconomica.com.br\/wp\/\"},{\"@type\":\"ListItem\",\"position\":2,\"name\":\"ARRAST\u00c3O DA QUARTA DE CINZAS ENCERRA CARNAVAL DE SALVADOR 2025\"}]},{\"@type\":\"WebSite\",\"@id\":\"https:\/\/bahiaeconomica.com.br\/wp\/#website\",\"url\":\"https:\/\/bahiaeconomica.com.br\/wp\/\",\"name\":\"Bahia Economica\",\"description\":\"O maior portal de Economia da Bahia\",\"publisher\":{\"@id\":\"https:\/\/bahiaeconomica.com.br\/wp\/#organization\"},\"potentialAction\":[{\"@type\":\"SearchAction\",\"target\":{\"@type\":\"EntryPoint\",\"urlTemplate\":\"https:\/\/bahiaeconomica.com.br\/wp\/?s={search_term_string}\"},\"query-input\":\"required name=search_term_string\"}],\"inLanguage\":\"pt-BR\"},{\"@type\":\"Organization\",\"@id\":\"https:\/\/bahiaeconomica.com.br\/wp\/#organization\",\"name\":\"Bahia Econ\u00f4mica\",\"url\":\"https:\/\/bahiaeconomica.com.br\/wp\/\",\"logo\":{\"@type\":\"ImageObject\",\"inLanguage\":\"pt-BR\",\"@id\":\"https:\/\/bahiaeconomica.com.br\/wp\/#\/schema\/logo\/image\/\",\"url\":\"https:\/\/bahiaeconomica.com.br\/wp\/wp-content\/uploads\/2020\/12\/cropped-BE.png\",\"contentUrl\":\"https:\/\/bahiaeconomica.com.br\/wp\/wp-content\/uploads\/2020\/12\/cropped-BE.png\",\"width\":512,\"height\":512,\"caption\":\"Bahia Econ\u00f4mica\"},\"image\":{\"@id\":\"https:\/\/bahiaeconomica.com.br\/wp\/#\/schema\/logo\/image\/\"},\"sameAs\":[\"https:\/\/www.facebook.com\/bahiaeconomica\"]},{\"@type\":\"Person\",\"@id\":\"https:\/\/bahiaeconomica.com.br\/wp\/#\/schema\/person\/a17956d0e1112b626f403fb06b8129a9\",\"name\":\"VICTOR OLIVEIRA\",\"sameAs\":[\"http:\/\/www.bahiaeconomica.com.br\"],\"url\":\"https:\/\/bahiaeconomica.com.br\/wp\/author\/victor-oliveira\/\"}]}<\/script>\n<!-- \/ Yoast SEO plugin. -->","yoast_head_json":{"title":"ARRAST\u00c3O DA QUARTA DE CINZAS ENCERRA CARNAVAL DE SALVADOR 2025 - Bahia Economica Em refer\u00eancia ao nome do primeiro filme brasileiro premiado com um Oscar, \"Ainda estou aqui\", milhares de foli\u00f5es marcaram presen\u00e7a na 30\u00aa edi\u00e7\u00e3o do Arrast\u00e3o da Quarta de Cinzas, nesta quarta-feira (5), no Circuito Dod\u00f4 (Barra\/Ondina), despedindo-se de vez do Carnaval de Salvador 2025.","description":"O maior portal de Economia da Bahia MUNIC\u00cdPIOS Bahia Economica Em refer\u00eancia ao nome do primeiro filme brasileiro premiado com um Oscar, \"Ainda estou aqui\", milhares de foli\u00f5es marcaram presen\u00e7a na 30\u00aa edi\u00e7\u00e3o do Arrast\u00e3o da Quarta de Cinzas, nesta quarta-feira (5), no Circuito Dod\u00f4 (Barra\/Ondina), despedindo-se de vez do Carnaval de Salvador 2025.","robots":{"index":"index","follow":"follow","max-snippet":"max-snippet:-1","max-image-preview":"max-image-preview:large","max-video-preview":"max-video-preview:-1"},"canonical":"https:\/\/bahiaeconomica.com.br\/wp\/2025\/03\/05\/arrastao-da-quarta-de-cinzas-encerra-carnaval-de-salvador-2025\/","og_locale":"pt_BR","og_type":"article","og_title":"ARRAST\u00c3O DA QUARTA DE CINZAS ENCERRA CARNAVAL DE SALVADOR 2025 - Bahia Economica Em refer\u00eancia ao nome do primeiro filme brasileiro premiado com um Oscar, \"Ainda estou aqui\", milhares de foli\u00f5es marcaram presen\u00e7a na 30\u00aa edi\u00e7\u00e3o do Arrast\u00e3o da Quarta de Cinzas, nesta quarta-feira (5), no Circuito Dod\u00f4 (Barra\/Ondina), despedindo-se de vez do Carnaval de Salvador 2025.","og_description":"O maior portal de Economia da Bahia MUNIC\u00cdPIOS Bahia Economica Em refer\u00eancia ao nome do primeiro filme brasileiro premiado com um Oscar, \"Ainda estou aqui\", milhares de foli\u00f5es marcaram presen\u00e7a na 30\u00aa edi\u00e7\u00e3o do Arrast\u00e3o da Quarta de Cinzas, nesta quarta-feira (5), no Circuito Dod\u00f4 (Barra\/Ondina), despedindo-se de vez do Carnaval de Salvador 2025.","og_url":"https:\/\/bahiaeconomica.com.br\/wp\/2025\/03\/05\/arrastao-da-quarta-de-cinzas-encerra-carnaval-de-salvador-2025\/","og_site_name":"Bahia Economica","article_publisher":"https:\/\/www.facebook.com\/bahiaeconomica","article_published_time":"2025-03-05T17:40:25+00:00","og_image":[{"width":2560,"height":1707,"url":"https:\/\/bahiaeconomica.com.br\/wp\/wp-content\/uploads\/2025\/03\/05_03_2025_Danniel_Vieira_Arrastao_Cinzas_Foto_Joka_Gueiros_Secom_PMS1-scaled.jpg","type":"image\/jpeg"}],"author":"VICTOR OLIVEIRA","twitter_card":"summary_large_image","twitter_misc":{"Escrito por":"VICTOR OLIVEIRA","Est. tempo de leitura":"4 minutos"},"schema":{"@context":"https:\/\/schema.org","@graph":[{"@type":"Article","@id":"https:\/\/bahiaeconomica.com.br\/wp\/2025\/03\/05\/arrastao-da-quarta-de-cinzas-encerra-carnaval-de-salvador-2025\/#article","isPartOf":{"@id":"https:\/\/bahiaeconomica.com.br\/wp\/2025\/03\/05\/arrastao-da-quarta-de-cinzas-encerra-carnaval-de-salvador-2025\/"},"author":{"name":"VICTOR OLIVEIRA","@id":"https:\/\/bahiaeconomica.com.br\/wp\/#\/schema\/person\/a17956d0e1112b626f403fb06b8129a9"},"headline":"ARRAST\u00c3O DA QUARTA DE CINZAS ENCERRA CARNAVAL DE SALVADOR 2025","datePublished":"2025-03-05T17:40:25+00:00","dateModified":"2025-03-05T17:40:25+00:00","mainEntityOfPage":{"@id":"https:\/\/bahiaeconomica.com.br\/wp\/2025\/03\/05\/arrastao-da-quarta-de-cinzas-encerra-carnaval-de-salvador-2025\/"},"wordCount":711,"publisher":{"@id":"https:\/\/bahiaeconomica.com.br\/wp\/#organization"},"keywords":["Arrast\u00e3o","carnaval","encerramento"],"articleSection":["MUNIC\u00cdPIOS"],"inLanguage":"pt-BR"},{"@type":"WebPage","@id":"https:\/\/bahiaeconomica.com.br\/wp\/2025\/03\/05\/arrastao-da-quarta-de-cinzas-encerra-carnaval-de-salvador-2025\/","url":"https:\/\/bahiaeconomica.com.br\/wp\/2025\/03\/05\/arrastao-da-quarta-de-cinzas-encerra-carnaval-de-salvador-2025\/","name":"ARRAST\u00c3O DA QUARTA DE CINZAS ENCERRA CARNAVAL DE SALVADOR 2025 - Bahia Economica Em refer\u00eancia ao nome do primeiro filme brasileiro premiado com um Oscar, \"Ainda estou aqui\", milhares de foli\u00f5es marcaram presen\u00e7a na 30\u00aa edi\u00e7\u00e3o do Arrast\u00e3o da Quarta de Cinzas, nesta quarta-feira (5), no Circuito Dod\u00f4 (Barra\/Ondina), despedindo-se de vez do Carnaval de Salvador 2025.","isPartOf":{"@id":"https:\/\/bahiaeconomica.com.br\/wp\/#website"},"datePublished":"2025-03-05T17:40:25+00:00","dateModified":"2025-03-05T17:40:25+00:00","description":"O maior portal de Economia da Bahia MUNIC\u00cdPIOS Bahia Economica Em refer\u00eancia ao nome do primeiro filme brasileiro premiado com um Oscar, \"Ainda estou aqui\", milhares de foli\u00f5es marcaram presen\u00e7a na 30\u00aa edi\u00e7\u00e3o do Arrast\u00e3o da Quarta de Cinzas, nesta quarta-feira (5), no Circuito Dod\u00f4 (Barra\/Ondina), despedindo-se de vez do Carnaval de Salvador 2025.","breadcrumb":{"@id":"https:\/\/bahiaeconomica.com.br\/wp\/2025\/03\/05\/arrastao-da-quarta-de-cinzas-encerra-carnaval-de-salvador-2025\/#breadcrumb"},"inLanguage":"pt-BR","potentialAction":[{"@type":"ReadAction","target":["https:\/\/bahiaeconomica.com.br\/wp\/2025\/03\/05\/arrastao-da-quarta-de-cinzas-encerra-carnaval-de-salvador-2025\/"]}]},{"@type":"BreadcrumbList","@id":"https:\/\/bahiaeconomica.com.br\/wp\/2025\/03\/05\/arrastao-da-quarta-de-cinzas-encerra-carnaval-de-salvador-2025\/#breadcrumb","itemListElement":[{"@type":"ListItem","position":1,"name":"In\u00edcio","item":"https:\/\/bahiaeconomica.com.br\/wp\/"},{"@type":"ListItem","position":2,"name":"ARRAST\u00c3O DA QUARTA DE CINZAS ENCERRA CARNAVAL DE SALVADOR 2025"}]},{"@type":"WebSite","@id":"https:\/\/bahiaeconomica.com.br\/wp\/#website","url":"https:\/\/bahiaeconomica.com.br\/wp\/","name":"Bahia Economica","description":"O maior portal de Economia da Bahia","publisher":{"@id":"https:\/\/bahiaeconomica.com.br\/wp\/#organization"},"potentialAction":[{"@type":"SearchAction","target":{"@type":"EntryPoint","urlTemplate":"https:\/\/bahiaeconomica.com.br\/wp\/?s={search_term_string}"},"query-input":"required name=search_term_string"}],"inLanguage":"pt-BR"},{"@type":"Organization","@id":"https:\/\/bahiaeconomica.com.br\/wp\/#organization","name":"Bahia Econ\u00f4mica","url":"https:\/\/bahiaeconomica.com.br\/wp\/","logo":{"@type":"ImageObject","inLanguage":"pt-BR","@id":"https:\/\/bahiaeconomica.com.br\/wp\/#\/schema\/logo\/image\/","url":"https:\/\/bahiaeconomica.com.br\/wp\/wp-content\/uploads\/2020\/12\/cropped-BE.png","contentUrl":"https:\/\/bahiaeconomica.com.br\/wp\/wp-content\/uploads\/2020\/12\/cropped-BE.png","width":512,"height":512,"caption":"Bahia Econ\u00f4mica"},"image":{"@id":"https:\/\/bahiaeconomica.com.br\/wp\/#\/schema\/logo\/image\/"},"sameAs":["https:\/\/www.facebook.com\/bahiaeconomica"]},{"@type":"Person","@id":"https:\/\/bahiaeconomica.com.br\/wp\/#\/schema\/person\/a17956d0e1112b626f403fb06b8129a9","name":"VICTOR OLIVEIRA","sameAs":["http:\/\/www.bahiaeconomica.com.br"],"url":"https:\/\/bahiaeconomica.com.br\/wp\/author\/victor-oliveira\/"}]}},"views":64,"_links":{"self":[{"href":"https:\/\/bahiaeconomica.com.br\/wp\/wp-json\/wp\/v2\/posts\/885267"}],"collection":[{"href":"https:\/\/bahiaeconomica.com.br\/wp\/wp-json\/wp\/v2\/posts"}],"about":[{"href":"https:\/\/bahiaeconomica.com.br\/wp\/wp-json\/wp\/v2\/types\/post"}],"author":[{"embeddable":true,"href":"https:\/\/bahiaeconomica.com.br\/wp\/wp-json\/wp\/v2\/users\/24"}],"replies":[{"embeddable":true,"href":"https:\/\/bahiaeconomica.com.br\/wp\/wp-json\/wp\/v2\/comments?post=885267"}],"version-history":[{"count":1,"href":"https:\/\/bahiaeconomica.com.br\/wp\/wp-json\/wp\/v2\/posts\/885267\/revisions"}],"predecessor-version":[{"id":885269,"href":"https:\/\/bahiaeconomica.com.br\/wp\/wp-json\/wp\/v2\/posts\/885267\/revisions\/885269"}],"wp:featuredmedia":[{"embeddable":true,"href":"https:\/\/bahiaeconomica.com.br\/wp\/wp-json\/wp\/v2\/media\/885268"}],"wp:attachment":[{"href":"https:\/\/bahiaeconomica.com.br\/wp\/wp-json\/wp\/v2\/media?parent=885267"}],"wp:term":[{"taxonomy":"category","embeddable":true,"href":"https:\/\/bahiaeconomica.com.br\/wp\/wp-json\/wp\/v2\/categories?post=885267"},{"taxonomy":"post_tag","embeddable":true,"href":"https:\/\/bahiaeconomica.com.br\/wp\/wp-json\/wp\/v2\/tags?post=885267"}],"curies":[{"name":"wp","href":"https:\/\/api.w.org\/{rel}","templated":true}]}}