{"id":884577,"date":"2025-02-28T16:59:44","date_gmt":"2025-02-28T19:59:44","guid":{"rendered":"https:\/\/bahiaeconomica.com.br\/wp\/?p=884577"},"modified":"2025-02-28T15:05:01","modified_gmt":"2025-02-28T18:05:01","slug":"patrocinadores-impulsionam-carnaval-de-salvador-movimentando-economia-e-geracao-de-empregos","status":"publish","type":"post","link":"https:\/\/bahiaeconomica.com.br\/wp\/2025\/02\/28\/patrocinadores-impulsionam-carnaval-de-salvador-movimentando-economia-e-geracao-de-empregos\/","title":{"rendered":"PATROCINADORES IMPULSIONAM CARNAVAL DE SALVADOR MOVIMENTANDO ECONOMIA E GERA\u00c7\u00c3O DE EMPREGOS"},"content":{"rendered":"<p>O Carnaval de Salvador vai levar mais de 2,5 mil horas de mu\u0301sica em seis dias, al\u00e9m de mais de 700 atrac\u0327o\u0303es nos circuitos oficiais e 600 em palcos tema\u0301ticos. E para que toda a megaestrutura estivesse dispon\u00edvel para os foli\u00f5es, a Prefeitura captou recursos junto \u00e0 iniciativa privada para cobrir os custos operacionais da festa, que vai criar mais de 250 mil empregos e movimentar R$ 1,8 bilha\u0303o na economia da cidade.<\/p>\n<p>A folia este ano tem como patrocinadores a Brahma, Beats, Guaran\u00e1 Antarctica, iFood, Mercado Pago, 99, Rexona, Z\u00e9 Delivery e Betnacional. Essas marcas divulgam, distribui e vendem produtos e servi\u00e7os, bem como realizam atividades promocionais ou de com\u00e9rcio de rua em diversos circuitos.<\/p>\n<p>&#8220;A cada ano, n\u00f3s temos feito um esfor\u00e7o muito grande de valorizar os nossos produtos, ampliando a participa\u00e7\u00e3o das marcas no Carnaval e seus investimentos. E cada marca dessas tamb\u00e9m incentiva as entidades, patrocina blocos, faz ativa\u00e7\u00f5es na cidade. Ent\u00e3o, para todos os valores que s\u00e3o investidos por meio da Prefeitura de Salvador h\u00e1 tamb\u00e9m praticamente o dobro desses investimentos por cada uma dessas marcas em iniciativas que tamb\u00e9m ajudam a fortalecer a festa&#8221;, afirma o presidente da Empresa Salvador Turismo (Saltur), Isaac Edington.<\/p>\n<p>Engajamento &#8211; Para as empresas patrocinadoras, a folia soteropolitana d\u00e1 a oportunidade delas se engajarem diretamente com o p\u00fablico, criando experi\u00eancias memor\u00e1veis.<\/p>\n<p>&#8220;Salvador \u00e9 considerada o cora\u00e7\u00e3o pulsante do Carnaval brasileiro e um dos destinos mais procurados pelos foli\u00f5es do Brasil e do mundo. A cidade tem uma relev\u00e2ncia cultural e econ\u00f4mica que se alinha perfeitamente com o prop\u00f3sito da Ambev de promover celebra\u00e7\u00f5es aut\u00eanticas e inclusivas. Al\u00e9m disso, a presen\u00e7a da Brahma na festa fortalece a tradi\u00e7\u00e3o do Carnaval baiano, valorizando a cultura local e impactando positivamente a comunidade&#8221;, avalia R\u00f4mulo Piredda, diretor regional da Ambev.<\/p>\n<p>A multinacional do ramo de bebidas \u00e9 detentora de marcas como Brahma, Beats, Antarctica e Z\u00e9 Delivery e est\u00e1 presente no Carnaval de Salvador h\u00e1 quase uma d\u00e9cada. Para os dias de festa, a Brahma estar\u00e1 presente em cinco blocos, seis camarotes e apoiando mais de 80 artistas que tocar\u00e3o em trios sem corda, assim como os festejos do Carnaval nos Bairros e palcos alternativos.<\/p>\n<p>A marca oferece ainda suporte aos ambulantes por meio do projeto-piloto Bora Ambulante. Cerca de 3,5 mil desses trabalhadores s\u00e3o beneficiados com cesta b\u00e1sica, kit de autocuidados, al\u00e9m de instala\u00e7\u00e3o de chuveiros no circuito Barra-Ondina, onde recebem uma toalha e produtos de higiene.<\/p>\n<p>Compromisso &#8211; Para diretora de Marketing da 99, Ana Verron, investir em Salvador \u00e9 refor\u00e7ar o compromisso da empresa com a mobilidade urbana e a seguran\u00e7a durante o maior Carnaval do Brasil.<\/p>\n<p>&#8220;Como plataforma genuinamente brasileira, a 99 entende as particularidades das ruas e, principalmente, da festa. O nosso servi\u00e7o busca oferecer solu\u00e7\u00f5es que melhorem a experi\u00eancia dos foli\u00f5es e motoristas, como a cria\u00e7\u00e3o do Ponto de Embarque para facilitar o fluxo na cidade. Ainda para apoiar a mobilidade e integra\u00e7\u00e3o dos foli\u00f5es com o Expresso Salvador, a 99 oferece 5 mil vouchers com descontos de at\u00e9 50%, limitados a R$ 8. Al\u00e9m de contribuir para a organiza\u00e7\u00e3o do tr\u00e2nsito, essa colabora\u00e7\u00e3o fortalece o papel da 99 como uma aliada do Carnaval, garantindo que todos possam curtir a festa com mais conforto e seguran\u00e7a&#8221;, explicou.<\/p>\n<p>Em 2024, a 99 impactou mais de 9 milh\u00f5es de consumidores por meio de ativa\u00e7\u00f5es e distribui\u00e7\u00e3o de cupons de desconto nas cidades onde esteve presente. Para este ano, a expectativa \u00e9 ampliar ainda mais esse alcance, dobrando o investimento no Carnaval e aumentando em mais de 100% a exposi\u00e7\u00e3o da marca em rela\u00e7\u00e3o ao ano anterior.<\/p>\n<p>CEO da NSX Brasil, plataforma de gest\u00e3o de apostas esportivas da Betnacional, Jo\u00e3o Studart tamb\u00e9m acredita que apoiar um evento t\u00e3o emblem\u00e1tico como a folia soteropolitana \u00e9 fortalecer o compromisso da empresa com a cultura e o entretenimento.<\/p>\n<p>&#8220;Esse \u00e9 mais um passo para consolidarmos nossa marca como refer\u00eancia no setor de entretenimento esportivo e cultural. Para o Carnaval de Salvador, preparamos uma s\u00e9rie de ativa\u00e7\u00f5es inovadoras que visam proporcionar experi\u00eancias \u00fanicas ao p\u00fablico. Nossas iniciativas incluem um Mega Painel de LED na concentra\u00e7\u00e3o dos blocos, que garante visibilidade para a marca e interatividade com os foli\u00f5es. Al\u00e9m disso, vamos refor\u00e7ar nosso compromisso com o bem-estar por meio do Caminh\u00e3o da Hidrata\u00e7\u00e3o, oferecendo \u00e1gua gratuitamente aos participantes&#8221;, disse.<\/p>\n<p>Oportunidades &#8211; Outra patrocinadora, o Mercado Pago, um dos maiores bancos digitais do pa\u00eds, enxerga na festa uma oportunidade de unir a for\u00e7a da plataforma financeira no apoio a microempreendedores locais.<\/p>\n<p>&#8220;Acredito que a marca se consolida em Salvador ao facilitar os pagamentos durante o Carnaval, oferecendo solu\u00e7\u00f5es seguras para consumidores e condi\u00e7\u00f5es especiais para vendedores de rua. Al\u00e9m disso, vamos fortalecer o v\u00ednculo com o p\u00fablico local ao promover benef\u00edcios e incentivos ao uso do banco digital. Para a folia, estamos incentivando a abertura de contas com rendimento de at\u00e9 105% do CDI desde o primeiro dia, sem IOF para aportes acima de R$ 1 mil no m\u00eas, al\u00e9m do cart\u00e3o de cr\u00e9dito com cashback instant\u00e2neo&#8221;, anuncia o head de Marketing do Mercado Pago, Felipe Castanho.<\/p>\n<p>&#8220;J\u00e1 os ambulantes credenciados contam com taxas reduzidas de 0,69% no d\u00e9bito e cr\u00e9dito \u00e0 vista para transa\u00e7\u00f5es feitas pelas maquininhas Point Air e Point Tap, por dois meses ou at\u00e9 um faturamento mensal de R$ 4 mil. Outra frente importante \u00e9 sobre inclus\u00e3o financeira, com o lan\u00e7amento em Salvador do projeto Agora Vai nas Ruas, que oferece trilhas de educa\u00e7\u00e3o financeira e empreendedorismo via WhatsApp para apoiar os vendedores na gest\u00e3o dos seus ganhos&#8221;, completa.<\/p>\n<p>&nbsp;<\/p>\n<p>Fotos: Ot\u00e1vio Santos\/ Secom PMS<\/p>\n<p>&nbsp;<\/p>\n","protected":false},"excerpt":{"rendered":"<p>O Carnaval de Salvador vai levar mais de 2,5 mil horas de mu\u0301sica em seis dias, al\u00e9m de mais de 700 atrac\u0327o\u0303es nos circuitos oficiais e 600 em palcos tema\u0301ticos. E para que toda a megaestrutura estivesse dispon\u00edvel para os foli\u00f5es, a Prefeitura captou recursos junto \u00e0 iniciativa privada para cobrir os custos operacionais da [&hellip;]<\/p>\n","protected":false},"author":15,"featured_media":884586,"comment_status":"closed","ping_status":"closed","sticky":false,"template":"","format":"standard","meta":[],"categories":[14,3],"tags":[6047,213,1012],"acf":[],"yoast_head":"<!-- This site is optimized with the Yoast SEO plugin v20.8 - https:\/\/yoast.com\/wordpress\/plugins\/seo\/ -->\n<title>PATROCINADORES IMPULSIONAM CARNAVAL DE SALVADOR MOVIMENTANDO ECONOMIA E GERA\u00c7\u00c3O DE EMPREGOS - Bahia Economica<\/title>\n<meta name=\"description\" content=\"O maior portal de Economia da Bahia DESTAQUE DO DIA, ECONOMIA \/ POL\u00cdTICA Bahia Economica O Carnaval de Salvador vai levar mais de 2,5 mil horas de mu\u0301sica em seis dias,\" \/>\n<meta name=\"robots\" content=\"index, follow, max-snippet:-1, max-image-preview:large, max-video-preview:-1\" \/>\n<link rel=\"canonical\" href=\"https:\/\/bahiaeconomica.com.br\/wp\/2025\/02\/28\/patrocinadores-impulsionam-carnaval-de-salvador-movimentando-economia-e-geracao-de-empregos\/\" \/>\n<meta property=\"og:locale\" content=\"pt_BR\" \/>\n<meta property=\"og:type\" content=\"article\" \/>\n<meta property=\"og:title\" content=\"PATROCINADORES IMPULSIONAM CARNAVAL DE SALVADOR MOVIMENTANDO ECONOMIA E GERA\u00c7\u00c3O DE EMPREGOS - Bahia Economica\" \/>\n<meta property=\"og:description\" content=\"O maior portal de Economia da Bahia DESTAQUE DO DIA, ECONOMIA \/ POL\u00cdTICA Bahia Economica O Carnaval de Salvador vai levar mais de 2,5 mil horas de mu\u0301sica em seis dias,\" \/>\n<meta property=\"og:url\" content=\"https:\/\/bahiaeconomica.com.br\/wp\/2025\/02\/28\/patrocinadores-impulsionam-carnaval-de-salvador-movimentando-economia-e-geracao-de-empregos\/\" \/>\n<meta property=\"og:site_name\" content=\"Bahia Economica\" \/>\n<meta property=\"article:publisher\" content=\"https:\/\/www.facebook.com\/bahiaeconomica\" \/>\n<meta property=\"article:published_time\" content=\"2025-02-28T19:59:44+00:00\" \/>\n<meta property=\"article:modified_time\" content=\"2025-02-28T18:05:01+00:00\" \/>\n<meta property=\"og:image\" content=\"https:\/\/bahiaeconomica.com.br\/wp\/wp-content\/uploads\/2025\/02\/Desfile-de-Tatau28-at-alfredo-filho-1.jpg\" \/>\n\t<meta property=\"og:image:width\" content=\"1280\" \/>\n\t<meta property=\"og:image:height\" content=\"853\" \/>\n\t<meta property=\"og:image:type\" content=\"image\/jpeg\" \/>\n<meta name=\"author\" content=\"VICTORIA ISABEL\" \/>\n<meta name=\"twitter:card\" content=\"summary_large_image\" \/>\n<meta name=\"twitter:label1\" content=\"Escrito por\" \/>\n\t<meta name=\"twitter:data1\" content=\"VICTORIA ISABEL\" \/>\n\t<meta name=\"twitter:label2\" content=\"Est. tempo de leitura\" \/>\n\t<meta name=\"twitter:data2\" content=\"6 minutos\" \/>\n<script type=\"application\/ld+json\" class=\"yoast-schema-graph\">{\"@context\":\"https:\/\/schema.org\",\"@graph\":[{\"@type\":\"Article\",\"@id\":\"https:\/\/bahiaeconomica.com.br\/wp\/2025\/02\/28\/patrocinadores-impulsionam-carnaval-de-salvador-movimentando-economia-e-geracao-de-empregos\/#article\",\"isPartOf\":{\"@id\":\"https:\/\/bahiaeconomica.com.br\/wp\/2025\/02\/28\/patrocinadores-impulsionam-carnaval-de-salvador-movimentando-economia-e-geracao-de-empregos\/\"},\"author\":{\"name\":\"VICTORIA ISABEL\",\"@id\":\"https:\/\/bahiaeconomica.com.br\/wp\/#\/schema\/person\/b719ce0fb1c09f3c7a00d9243ced4a6f\"},\"headline\":\"PATROCINADORES IMPULSIONAM CARNAVAL DE SALVADOR MOVIMENTANDO ECONOMIA E GERA\u00c7\u00c3O DE EMPREGOS\",\"datePublished\":\"2025-02-28T19:59:44+00:00\",\"dateModified\":\"2025-02-28T18:05:01+00:00\",\"mainEntityOfPage\":{\"@id\":\"https:\/\/bahiaeconomica.com.br\/wp\/2025\/02\/28\/patrocinadores-impulsionam-carnaval-de-salvador-movimentando-economia-e-geracao-de-empregos\/\"},\"wordCount\":1000,\"publisher\":{\"@id\":\"https:\/\/bahiaeconomica.com.br\/wp\/#organization\"},\"keywords\":[\"Carnaval de Salvador\",\"Economia\",\"empregos\"],\"articleSection\":[\"DESTAQUE DO DIA\",\"ECONOMIA \/ POL\u00cdTICA\"],\"inLanguage\":\"pt-BR\"},{\"@type\":\"WebPage\",\"@id\":\"https:\/\/bahiaeconomica.com.br\/wp\/2025\/02\/28\/patrocinadores-impulsionam-carnaval-de-salvador-movimentando-economia-e-geracao-de-empregos\/\",\"url\":\"https:\/\/bahiaeconomica.com.br\/wp\/2025\/02\/28\/patrocinadores-impulsionam-carnaval-de-salvador-movimentando-economia-e-geracao-de-empregos\/\",\"name\":\"PATROCINADORES IMPULSIONAM CARNAVAL DE SALVADOR MOVIMENTANDO ECONOMIA E GERA\u00c7\u00c3O DE EMPREGOS - Bahia Economica\",\"isPartOf\":{\"@id\":\"https:\/\/bahiaeconomica.com.br\/wp\/#website\"},\"datePublished\":\"2025-02-28T19:59:44+00:00\",\"dateModified\":\"2025-02-28T18:05:01+00:00\",\"description\":\"O maior portal de Economia da Bahia DESTAQUE DO DIA, ECONOMIA \/ POL\u00cdTICA Bahia Economica O Carnaval de Salvador vai levar mais de 2,5 mil horas de mu\u0301sica em seis dias,\",\"breadcrumb\":{\"@id\":\"https:\/\/bahiaeconomica.com.br\/wp\/2025\/02\/28\/patrocinadores-impulsionam-carnaval-de-salvador-movimentando-economia-e-geracao-de-empregos\/#breadcrumb\"},\"inLanguage\":\"pt-BR\",\"potentialAction\":[{\"@type\":\"ReadAction\",\"target\":[\"https:\/\/bahiaeconomica.com.br\/wp\/2025\/02\/28\/patrocinadores-impulsionam-carnaval-de-salvador-movimentando-economia-e-geracao-de-empregos\/\"]}]},{\"@type\":\"BreadcrumbList\",\"@id\":\"https:\/\/bahiaeconomica.com.br\/wp\/2025\/02\/28\/patrocinadores-impulsionam-carnaval-de-salvador-movimentando-economia-e-geracao-de-empregos\/#breadcrumb\",\"itemListElement\":[{\"@type\":\"ListItem\",\"position\":1,\"name\":\"In\u00edcio\",\"item\":\"https:\/\/bahiaeconomica.com.br\/wp\/\"},{\"@type\":\"ListItem\",\"position\":2,\"name\":\"PATROCINADORES IMPULSIONAM CARNAVAL DE SALVADOR MOVIMENTANDO ECONOMIA E GERA\u00c7\u00c3O DE EMPREGOS\"}]},{\"@type\":\"WebSite\",\"@id\":\"https:\/\/bahiaeconomica.com.br\/wp\/#website\",\"url\":\"https:\/\/bahiaeconomica.com.br\/wp\/\",\"name\":\"Bahia Economica\",\"description\":\"O maior portal de Economia da Bahia\",\"publisher\":{\"@id\":\"https:\/\/bahiaeconomica.com.br\/wp\/#organization\"},\"potentialAction\":[{\"@type\":\"SearchAction\",\"target\":{\"@type\":\"EntryPoint\",\"urlTemplate\":\"https:\/\/bahiaeconomica.com.br\/wp\/?s={search_term_string}\"},\"query-input\":\"required name=search_term_string\"}],\"inLanguage\":\"pt-BR\"},{\"@type\":\"Organization\",\"@id\":\"https:\/\/bahiaeconomica.com.br\/wp\/#organization\",\"name\":\"Bahia Econ\u00f4mica\",\"url\":\"https:\/\/bahiaeconomica.com.br\/wp\/\",\"logo\":{\"@type\":\"ImageObject\",\"inLanguage\":\"pt-BR\",\"@id\":\"https:\/\/bahiaeconomica.com.br\/wp\/#\/schema\/logo\/image\/\",\"url\":\"https:\/\/bahiaeconomica.com.br\/wp\/wp-content\/uploads\/2020\/12\/cropped-BE.png\",\"contentUrl\":\"https:\/\/bahiaeconomica.com.br\/wp\/wp-content\/uploads\/2020\/12\/cropped-BE.png\",\"width\":512,\"height\":512,\"caption\":\"Bahia Econ\u00f4mica\"},\"image\":{\"@id\":\"https:\/\/bahiaeconomica.com.br\/wp\/#\/schema\/logo\/image\/\"},\"sameAs\":[\"https:\/\/www.facebook.com\/bahiaeconomica\"]},{\"@type\":\"Person\",\"@id\":\"https:\/\/bahiaeconomica.com.br\/wp\/#\/schema\/person\/b719ce0fb1c09f3c7a00d9243ced4a6f\",\"name\":\"VICTORIA ISABEL\",\"sameAs\":[\"http:\/\/www.bahiaeconomica.com.br\"],\"url\":\"https:\/\/bahiaeconomica.com.br\/wp\/author\/victoria-isabel\/\"}]}<\/script>\n<!-- \/ Yoast SEO plugin. -->","yoast_head_json":{"title":"PATROCINADORES IMPULSIONAM CARNAVAL DE SALVADOR MOVIMENTANDO ECONOMIA E GERA\u00c7\u00c3O DE EMPREGOS - Bahia Economica","description":"O maior portal de Economia da Bahia DESTAQUE DO DIA, ECONOMIA \/ POL\u00cdTICA Bahia Economica O Carnaval de Salvador vai levar mais de 2,5 mil horas de mu\u0301sica em seis dias,","robots":{"index":"index","follow":"follow","max-snippet":"max-snippet:-1","max-image-preview":"max-image-preview:large","max-video-preview":"max-video-preview:-1"},"canonical":"https:\/\/bahiaeconomica.com.br\/wp\/2025\/02\/28\/patrocinadores-impulsionam-carnaval-de-salvador-movimentando-economia-e-geracao-de-empregos\/","og_locale":"pt_BR","og_type":"article","og_title":"PATROCINADORES IMPULSIONAM CARNAVAL DE SALVADOR MOVIMENTANDO ECONOMIA E GERA\u00c7\u00c3O DE EMPREGOS - Bahia Economica","og_description":"O maior portal de Economia da Bahia DESTAQUE DO DIA, ECONOMIA \/ POL\u00cdTICA Bahia Economica O Carnaval de Salvador vai levar mais de 2,5 mil horas de mu\u0301sica em seis dias,","og_url":"https:\/\/bahiaeconomica.com.br\/wp\/2025\/02\/28\/patrocinadores-impulsionam-carnaval-de-salvador-movimentando-economia-e-geracao-de-empregos\/","og_site_name":"Bahia Economica","article_publisher":"https:\/\/www.facebook.com\/bahiaeconomica","article_published_time":"2025-02-28T19:59:44+00:00","article_modified_time":"2025-02-28T18:05:01+00:00","og_image":[{"width":1280,"height":853,"url":"https:\/\/bahiaeconomica.com.br\/wp\/wp-content\/uploads\/2025\/02\/Desfile-de-Tatau28-at-alfredo-filho-1.jpg","type":"image\/jpeg"}],"author":"VICTORIA ISABEL","twitter_card":"summary_large_image","twitter_misc":{"Escrito por":"VICTORIA ISABEL","Est. tempo de leitura":"6 minutos"},"schema":{"@context":"https:\/\/schema.org","@graph":[{"@type":"Article","@id":"https:\/\/bahiaeconomica.com.br\/wp\/2025\/02\/28\/patrocinadores-impulsionam-carnaval-de-salvador-movimentando-economia-e-geracao-de-empregos\/#article","isPartOf":{"@id":"https:\/\/bahiaeconomica.com.br\/wp\/2025\/02\/28\/patrocinadores-impulsionam-carnaval-de-salvador-movimentando-economia-e-geracao-de-empregos\/"},"author":{"name":"VICTORIA ISABEL","@id":"https:\/\/bahiaeconomica.com.br\/wp\/#\/schema\/person\/b719ce0fb1c09f3c7a00d9243ced4a6f"},"headline":"PATROCINADORES IMPULSIONAM CARNAVAL DE SALVADOR MOVIMENTANDO ECONOMIA E GERA\u00c7\u00c3O DE EMPREGOS","datePublished":"2025-02-28T19:59:44+00:00","dateModified":"2025-02-28T18:05:01+00:00","mainEntityOfPage":{"@id":"https:\/\/bahiaeconomica.com.br\/wp\/2025\/02\/28\/patrocinadores-impulsionam-carnaval-de-salvador-movimentando-economia-e-geracao-de-empregos\/"},"wordCount":1000,"publisher":{"@id":"https:\/\/bahiaeconomica.com.br\/wp\/#organization"},"keywords":["Carnaval de Salvador","Economia","empregos"],"articleSection":["DESTAQUE DO DIA","ECONOMIA \/ POL\u00cdTICA"],"inLanguage":"pt-BR"},{"@type":"WebPage","@id":"https:\/\/bahiaeconomica.com.br\/wp\/2025\/02\/28\/patrocinadores-impulsionam-carnaval-de-salvador-movimentando-economia-e-geracao-de-empregos\/","url":"https:\/\/bahiaeconomica.com.br\/wp\/2025\/02\/28\/patrocinadores-impulsionam-carnaval-de-salvador-movimentando-economia-e-geracao-de-empregos\/","name":"PATROCINADORES IMPULSIONAM CARNAVAL DE SALVADOR MOVIMENTANDO ECONOMIA E GERA\u00c7\u00c3O DE EMPREGOS - Bahia Economica","isPartOf":{"@id":"https:\/\/bahiaeconomica.com.br\/wp\/#website"},"datePublished":"2025-02-28T19:59:44+00:00","dateModified":"2025-02-28T18:05:01+00:00","description":"O maior portal de Economia da Bahia DESTAQUE DO DIA, ECONOMIA \/ POL\u00cdTICA Bahia Economica O Carnaval de Salvador vai levar mais de 2,5 mil horas de mu\u0301sica em seis dias,","breadcrumb":{"@id":"https:\/\/bahiaeconomica.com.br\/wp\/2025\/02\/28\/patrocinadores-impulsionam-carnaval-de-salvador-movimentando-economia-e-geracao-de-empregos\/#breadcrumb"},"inLanguage":"pt-BR","potentialAction":[{"@type":"ReadAction","target":["https:\/\/bahiaeconomica.com.br\/wp\/2025\/02\/28\/patrocinadores-impulsionam-carnaval-de-salvador-movimentando-economia-e-geracao-de-empregos\/"]}]},{"@type":"BreadcrumbList","@id":"https:\/\/bahiaeconomica.com.br\/wp\/2025\/02\/28\/patrocinadores-impulsionam-carnaval-de-salvador-movimentando-economia-e-geracao-de-empregos\/#breadcrumb","itemListElement":[{"@type":"ListItem","position":1,"name":"In\u00edcio","item":"https:\/\/bahiaeconomica.com.br\/wp\/"},{"@type":"ListItem","position":2,"name":"PATROCINADORES IMPULSIONAM CARNAVAL DE SALVADOR MOVIMENTANDO ECONOMIA E GERA\u00c7\u00c3O DE EMPREGOS"}]},{"@type":"WebSite","@id":"https:\/\/bahiaeconomica.com.br\/wp\/#website","url":"https:\/\/bahiaeconomica.com.br\/wp\/","name":"Bahia Economica","description":"O maior portal de Economia da Bahia","publisher":{"@id":"https:\/\/bahiaeconomica.com.br\/wp\/#organization"},"potentialAction":[{"@type":"SearchAction","target":{"@type":"EntryPoint","urlTemplate":"https:\/\/bahiaeconomica.com.br\/wp\/?s={search_term_string}"},"query-input":"required name=search_term_string"}],"inLanguage":"pt-BR"},{"@type":"Organization","@id":"https:\/\/bahiaeconomica.com.br\/wp\/#organization","name":"Bahia Econ\u00f4mica","url":"https:\/\/bahiaeconomica.com.br\/wp\/","logo":{"@type":"ImageObject","inLanguage":"pt-BR","@id":"https:\/\/bahiaeconomica.com.br\/wp\/#\/schema\/logo\/image\/","url":"https:\/\/bahiaeconomica.com.br\/wp\/wp-content\/uploads\/2020\/12\/cropped-BE.png","contentUrl":"https:\/\/bahiaeconomica.com.br\/wp\/wp-content\/uploads\/2020\/12\/cropped-BE.png","width":512,"height":512,"caption":"Bahia Econ\u00f4mica"},"image":{"@id":"https:\/\/bahiaeconomica.com.br\/wp\/#\/schema\/logo\/image\/"},"sameAs":["https:\/\/www.facebook.com\/bahiaeconomica"]},{"@type":"Person","@id":"https:\/\/bahiaeconomica.com.br\/wp\/#\/schema\/person\/b719ce0fb1c09f3c7a00d9243ced4a6f","name":"VICTORIA ISABEL","sameAs":["http:\/\/www.bahiaeconomica.com.br"],"url":"https:\/\/bahiaeconomica.com.br\/wp\/author\/victoria-isabel\/"}]}},"views":99,"_links":{"self":[{"href":"https:\/\/bahiaeconomica.com.br\/wp\/wp-json\/wp\/v2\/posts\/884577"}],"collection":[{"href":"https:\/\/bahiaeconomica.com.br\/wp\/wp-json\/wp\/v2\/posts"}],"about":[{"href":"https:\/\/bahiaeconomica.com.br\/wp\/wp-json\/wp\/v2\/types\/post"}],"author":[{"embeddable":true,"href":"https:\/\/bahiaeconomica.com.br\/wp\/wp-json\/wp\/v2\/users\/15"}],"replies":[{"embeddable":true,"href":"https:\/\/bahiaeconomica.com.br\/wp\/wp-json\/wp\/v2\/comments?post=884577"}],"version-history":[{"count":1,"href":"https:\/\/bahiaeconomica.com.br\/wp\/wp-json\/wp\/v2\/posts\/884577\/revisions"}],"predecessor-version":[{"id":884587,"href":"https:\/\/bahiaeconomica.com.br\/wp\/wp-json\/wp\/v2\/posts\/884577\/revisions\/884587"}],"wp:featuredmedia":[{"embeddable":true,"href":"https:\/\/bahiaeconomica.com.br\/wp\/wp-json\/wp\/v2\/media\/884586"}],"wp:attachment":[{"href":"https:\/\/bahiaeconomica.com.br\/wp\/wp-json\/wp\/v2\/media?parent=884577"}],"wp:term":[{"taxonomy":"category","embeddable":true,"href":"https:\/\/bahiaeconomica.com.br\/wp\/wp-json\/wp\/v2\/categories?post=884577"},{"taxonomy":"post_tag","embeddable":true,"href":"https:\/\/bahiaeconomica.com.br\/wp\/wp-json\/wp\/v2\/tags?post=884577"}],"curies":[{"name":"wp","href":"https:\/\/api.w.org\/{rel}","templated":true}]}}