{"id":884459,"date":"2025-02-28T10:18:06","date_gmt":"2025-02-28T13:18:06","guid":{"rendered":"https:\/\/bahiaeconomica.com.br\/wp\/?p=884459"},"modified":"2025-02-28T09:31:41","modified_gmt":"2025-02-28T12:31:41","slug":"dois-deputados-baianos-votam-contra-criacao-do-dia-nacional-da-axe-music","status":"publish","type":"post","link":"https:\/\/bahiaeconomica.com.br\/wp\/2025\/02\/28\/dois-deputados-baianos-votam-contra-criacao-do-dia-nacional-da-axe-music\/","title":{"rendered":"DOIS DEPUTADOS BAIANOS VOTAM CONTRA CRIA\u00c7\u00c3O DO DIA NACIONAL DA AX\u00c9 MUSIC"},"content":{"rendered":"<p>Na noite desta ter\u00e7a-feira (25), a C\u00e2mara dos Deputados aprovou a cria\u00e7\u00e3o do Dia Nacional da Ax\u00e9 Music, que ser\u00e1 celebrado em 17 de fevereiro. O projeto, de autoria da deputada federal baiana L\u00eddice da Mata (PSB), agora segue para an\u00e1lise do Senado Federal.<\/p>\n<p>A proposta recebeu 269 votos favor\u00e1veis e 136 contr\u00e1rios, enquanto dois parlamentares optaram pela absten\u00e7\u00e3o.<\/p>\n<p>Entre os deputados baianos presentes, 32 votaram a favor e apenas dois se posicionaram contra a cria\u00e7\u00e3o da data comemorativa: Capit\u00e3o Alden (PL) e Pastor Sargento Isid\u00f3rio (Avante).<\/p>\n<p>Capit\u00e3o Alden j\u00e1 havia demonstrado sua oposi\u00e7\u00e3o ao projeto quando a C\u00e2mara aprovou o regime de urg\u00eancia da mat\u00e9ria. Segundo ele, h\u00e1 temas mais relevantes que deveriam ser priorizados nas vota\u00e7\u00f5es. O parlamentar ressaltou que continuar\u00e1 votando contra propostas que considerar \u201cvazias\u201d e sem \u201cefetividade para solucionar os problemas\u201d.<\/p>\n<p>J\u00e1 o deputado Pastor Sargento Isid\u00f3rio afirmou, em contato com a reportagem do PS Not\u00edcias, que sua inten\u00e7\u00e3o era se abster da vota\u00e7\u00e3o e demonstrou surpresa ao ser informado sobre seu voto contr\u00e1rio.<\/p>\n<p>\u201cEu n\u00e3o ia votar nem sim, nem n\u00e3o. Eu n\u00e3o tenho como ter votado contra esse projeto, porque a Bahia \u00e9 cultura, \u00e9 festa. Eu me abstive s\u00f3 porque sou pastor evang\u00e9lico, a grande maioria do meu eleitorado \u00e9 evang\u00e9lico. Meu povo \u00e9 evang\u00e9lico\u201d, explicou.<\/p>\n<p>Fotos: Vinicius Loures\/C\u00e2mara dos Deputados e Bruno Spada\/C\u00e2mara dos Deputados<\/p>\n","protected":false},"excerpt":{"rendered":"<p>Na noite desta ter\u00e7a-feira (25), a C\u00e2mara dos Deputados aprovou a cria\u00e7\u00e3o do Dia Nacional da Ax\u00e9 Music, que ser\u00e1 celebrado em 17 de fevereiro. O projeto, de autoria da deputada federal baiana L\u00eddice da Mata (PSB), agora segue para an\u00e1lise do Senado Federal. A proposta recebeu 269 votos favor\u00e1veis e 136 contr\u00e1rios, enquanto dois [&hellip;]<\/p>\n","protected":false},"author":20,"featured_media":884464,"comment_status":"closed","ping_status":"closed","sticky":false,"template":"","format":"standard","meta":[],"categories":[14601],"tags":[10905,37207,35435],"acf":[],"yoast_head":"<!-- This site is optimized with the Yoast SEO plugin v20.8 - https:\/\/yoast.com\/wordpress\/plugins\/seo\/ -->\n<title>DOIS DEPUTADOS BAIANOS VOTAM CONTRA CRIA\u00c7\u00c3O DO DIA NACIONAL DA AX\u00c9 MUSIC - Bahia Economica<\/title>\n<meta name=\"description\" content=\"O maior portal de Economia da Bahia Pol\u00edtica Bahia Economica Proposta recebeu 269 votos favor\u00e1veis e 136 contr\u00e1rios\" \/>\n<meta name=\"robots\" content=\"index, follow, max-snippet:-1, max-image-preview:large, max-video-preview:-1\" \/>\n<link rel=\"canonical\" href=\"https:\/\/bahiaeconomica.com.br\/wp\/2025\/02\/28\/dois-deputados-baianos-votam-contra-criacao-do-dia-nacional-da-axe-music\/\" \/>\n<meta property=\"og:locale\" content=\"pt_BR\" \/>\n<meta property=\"og:type\" content=\"article\" \/>\n<meta property=\"og:title\" content=\"DOIS DEPUTADOS BAIANOS VOTAM CONTRA CRIA\u00c7\u00c3O DO DIA NACIONAL DA AX\u00c9 MUSIC - Bahia Economica\" \/>\n<meta property=\"og:description\" content=\"O maior portal de Economia da Bahia Pol\u00edtica Bahia Economica Proposta recebeu 269 votos favor\u00e1veis e 136 contr\u00e1rios\" \/>\n<meta property=\"og:url\" content=\"https:\/\/bahiaeconomica.com.br\/wp\/2025\/02\/28\/dois-deputados-baianos-votam-contra-criacao-do-dia-nacional-da-axe-music\/\" \/>\n<meta property=\"og:site_name\" content=\"Bahia Economica\" \/>\n<meta property=\"article:publisher\" content=\"https:\/\/www.facebook.com\/bahiaeconomica\" \/>\n<meta property=\"article:published_time\" content=\"2025-02-28T13:18:06+00:00\" \/>\n<meta property=\"article:modified_time\" content=\"2025-02-28T12:31:41+00:00\" \/>\n<meta property=\"og:image\" content=\"https:\/\/bahiaeconomica.com.br\/wp\/wp-content\/uploads\/2025\/02\/Myzqtgcn-page.webp\" \/>\n\t<meta property=\"og:image:width\" content=\"1280\" \/>\n\t<meta property=\"og:image:height\" content=\"800\" \/>\n\t<meta property=\"og:image:type\" content=\"image\/webp\" \/>\n<meta name=\"author\" content=\"BRUNA CARVALHO\" \/>\n<meta name=\"twitter:card\" content=\"summary_large_image\" \/>\n<meta name=\"twitter:label1\" content=\"Escrito por\" \/>\n\t<meta name=\"twitter:data1\" content=\"BRUNA CARVALHO\" \/>\n\t<meta name=\"twitter:label2\" content=\"Est. tempo de leitura\" \/>\n\t<meta name=\"twitter:data2\" content=\"2 minutos\" \/>\n<script type=\"application\/ld+json\" class=\"yoast-schema-graph\">{\"@context\":\"https:\/\/schema.org\",\"@graph\":[{\"@type\":\"Article\",\"@id\":\"https:\/\/bahiaeconomica.com.br\/wp\/2025\/02\/28\/dois-deputados-baianos-votam-contra-criacao-do-dia-nacional-da-axe-music\/#article\",\"isPartOf\":{\"@id\":\"https:\/\/bahiaeconomica.com.br\/wp\/2025\/02\/28\/dois-deputados-baianos-votam-contra-criacao-do-dia-nacional-da-axe-music\/\"},\"author\":{\"name\":\"BRUNA CARVALHO\",\"@id\":\"https:\/\/bahiaeconomica.com.br\/wp\/#\/schema\/person\/9310b0e591f5979f6f99773eac5804e6\"},\"headline\":\"DOIS DEPUTADOS BAIANOS VOTAM CONTRA CRIA\u00c7\u00c3O DO DIA NACIONAL DA AX\u00c9 MUSIC\",\"datePublished\":\"2025-02-28T13:18:06+00:00\",\"dateModified\":\"2025-02-28T12:31:41+00:00\",\"mainEntityOfPage\":{\"@id\":\"https:\/\/bahiaeconomica.com.br\/wp\/2025\/02\/28\/dois-deputados-baianos-votam-contra-criacao-do-dia-nacional-da-axe-music\/\"},\"wordCount\":260,\"publisher\":{\"@id\":\"https:\/\/bahiaeconomica.com.br\/wp\/#organization\"},\"keywords\":[\"DEPUTADOS BAIANOS\",\"dia nacional do axe music\",\"voto contra\"],\"articleSection\":[\"Pol\u00edtica\"],\"inLanguage\":\"pt-BR\"},{\"@type\":\"WebPage\",\"@id\":\"https:\/\/bahiaeconomica.com.br\/wp\/2025\/02\/28\/dois-deputados-baianos-votam-contra-criacao-do-dia-nacional-da-axe-music\/\",\"url\":\"https:\/\/bahiaeconomica.com.br\/wp\/2025\/02\/28\/dois-deputados-baianos-votam-contra-criacao-do-dia-nacional-da-axe-music\/\",\"name\":\"DOIS DEPUTADOS BAIANOS VOTAM CONTRA CRIA\u00c7\u00c3O DO DIA NACIONAL DA AX\u00c9 MUSIC - Bahia Economica\",\"isPartOf\":{\"@id\":\"https:\/\/bahiaeconomica.com.br\/wp\/#website\"},\"datePublished\":\"2025-02-28T13:18:06+00:00\",\"dateModified\":\"2025-02-28T12:31:41+00:00\",\"description\":\"O maior portal de Economia da Bahia Pol\u00edtica Bahia Economica Proposta recebeu 269 votos favor\u00e1veis e 136 contr\u00e1rios\",\"breadcrumb\":{\"@id\":\"https:\/\/bahiaeconomica.com.br\/wp\/2025\/02\/28\/dois-deputados-baianos-votam-contra-criacao-do-dia-nacional-da-axe-music\/#breadcrumb\"},\"inLanguage\":\"pt-BR\",\"potentialAction\":[{\"@type\":\"ReadAction\",\"target\":[\"https:\/\/bahiaeconomica.com.br\/wp\/2025\/02\/28\/dois-deputados-baianos-votam-contra-criacao-do-dia-nacional-da-axe-music\/\"]}]},{\"@type\":\"BreadcrumbList\",\"@id\":\"https:\/\/bahiaeconomica.com.br\/wp\/2025\/02\/28\/dois-deputados-baianos-votam-contra-criacao-do-dia-nacional-da-axe-music\/#breadcrumb\",\"itemListElement\":[{\"@type\":\"ListItem\",\"position\":1,\"name\":\"In\u00edcio\",\"item\":\"https:\/\/bahiaeconomica.com.br\/wp\/\"},{\"@type\":\"ListItem\",\"position\":2,\"name\":\"DOIS DEPUTADOS BAIANOS VOTAM CONTRA CRIA\u00c7\u00c3O DO DIA NACIONAL DA AX\u00c9 MUSIC\"}]},{\"@type\":\"WebSite\",\"@id\":\"https:\/\/bahiaeconomica.com.br\/wp\/#website\",\"url\":\"https:\/\/bahiaeconomica.com.br\/wp\/\",\"name\":\"Bahia Economica\",\"description\":\"O maior portal de Economia da Bahia\",\"publisher\":{\"@id\":\"https:\/\/bahiaeconomica.com.br\/wp\/#organization\"},\"potentialAction\":[{\"@type\":\"SearchAction\",\"target\":{\"@type\":\"EntryPoint\",\"urlTemplate\":\"https:\/\/bahiaeconomica.com.br\/wp\/?s={search_term_string}\"},\"query-input\":\"required name=search_term_string\"}],\"inLanguage\":\"pt-BR\"},{\"@type\":\"Organization\",\"@id\":\"https:\/\/bahiaeconomica.com.br\/wp\/#organization\",\"name\":\"Bahia Econ\u00f4mica\",\"url\":\"https:\/\/bahiaeconomica.com.br\/wp\/\",\"logo\":{\"@type\":\"ImageObject\",\"inLanguage\":\"pt-BR\",\"@id\":\"https:\/\/bahiaeconomica.com.br\/wp\/#\/schema\/logo\/image\/\",\"url\":\"https:\/\/bahiaeconomica.com.br\/wp\/wp-content\/uploads\/2020\/12\/cropped-BE.png\",\"contentUrl\":\"https:\/\/bahiaeconomica.com.br\/wp\/wp-content\/uploads\/2020\/12\/cropped-BE.png\",\"width\":512,\"height\":512,\"caption\":\"Bahia Econ\u00f4mica\"},\"image\":{\"@id\":\"https:\/\/bahiaeconomica.com.br\/wp\/#\/schema\/logo\/image\/\"},\"sameAs\":[\"https:\/\/www.facebook.com\/bahiaeconomica\"]},{\"@type\":\"Person\",\"@id\":\"https:\/\/bahiaeconomica.com.br\/wp\/#\/schema\/person\/9310b0e591f5979f6f99773eac5804e6\",\"name\":\"BRUNA CARVALHO\",\"sameAs\":[\"http:\/\/www.bahiaeconomica.com.br\"],\"url\":\"https:\/\/bahiaeconomica.com.br\/wp\/author\/bruna\/\"}]}<\/script>\n<!-- \/ Yoast SEO plugin. -->","yoast_head_json":{"title":"DOIS DEPUTADOS BAIANOS VOTAM CONTRA CRIA\u00c7\u00c3O DO DIA NACIONAL DA AX\u00c9 MUSIC - Bahia Economica","description":"O maior portal de Economia da Bahia Pol\u00edtica Bahia Economica Proposta recebeu 269 votos favor\u00e1veis e 136 contr\u00e1rios","robots":{"index":"index","follow":"follow","max-snippet":"max-snippet:-1","max-image-preview":"max-image-preview:large","max-video-preview":"max-video-preview:-1"},"canonical":"https:\/\/bahiaeconomica.com.br\/wp\/2025\/02\/28\/dois-deputados-baianos-votam-contra-criacao-do-dia-nacional-da-axe-music\/","og_locale":"pt_BR","og_type":"article","og_title":"DOIS DEPUTADOS BAIANOS VOTAM CONTRA CRIA\u00c7\u00c3O DO DIA NACIONAL DA AX\u00c9 MUSIC - Bahia Economica","og_description":"O maior portal de Economia da Bahia Pol\u00edtica Bahia Economica Proposta recebeu 269 votos favor\u00e1veis e 136 contr\u00e1rios","og_url":"https:\/\/bahiaeconomica.com.br\/wp\/2025\/02\/28\/dois-deputados-baianos-votam-contra-criacao-do-dia-nacional-da-axe-music\/","og_site_name":"Bahia Economica","article_publisher":"https:\/\/www.facebook.com\/bahiaeconomica","article_published_time":"2025-02-28T13:18:06+00:00","article_modified_time":"2025-02-28T12:31:41+00:00","og_image":[{"width":1280,"height":800,"url":"https:\/\/bahiaeconomica.com.br\/wp\/wp-content\/uploads\/2025\/02\/Myzqtgcn-page.webp","type":"image\/webp"}],"author":"BRUNA CARVALHO","twitter_card":"summary_large_image","twitter_misc":{"Escrito por":"BRUNA CARVALHO","Est. tempo de leitura":"2 minutos"},"schema":{"@context":"https:\/\/schema.org","@graph":[{"@type":"Article","@id":"https:\/\/bahiaeconomica.com.br\/wp\/2025\/02\/28\/dois-deputados-baianos-votam-contra-criacao-do-dia-nacional-da-axe-music\/#article","isPartOf":{"@id":"https:\/\/bahiaeconomica.com.br\/wp\/2025\/02\/28\/dois-deputados-baianos-votam-contra-criacao-do-dia-nacional-da-axe-music\/"},"author":{"name":"BRUNA CARVALHO","@id":"https:\/\/bahiaeconomica.com.br\/wp\/#\/schema\/person\/9310b0e591f5979f6f99773eac5804e6"},"headline":"DOIS DEPUTADOS BAIANOS VOTAM CONTRA CRIA\u00c7\u00c3O DO DIA NACIONAL DA AX\u00c9 MUSIC","datePublished":"2025-02-28T13:18:06+00:00","dateModified":"2025-02-28T12:31:41+00:00","mainEntityOfPage":{"@id":"https:\/\/bahiaeconomica.com.br\/wp\/2025\/02\/28\/dois-deputados-baianos-votam-contra-criacao-do-dia-nacional-da-axe-music\/"},"wordCount":260,"publisher":{"@id":"https:\/\/bahiaeconomica.com.br\/wp\/#organization"},"keywords":["DEPUTADOS BAIANOS","dia nacional do axe music","voto contra"],"articleSection":["Pol\u00edtica"],"inLanguage":"pt-BR"},{"@type":"WebPage","@id":"https:\/\/bahiaeconomica.com.br\/wp\/2025\/02\/28\/dois-deputados-baianos-votam-contra-criacao-do-dia-nacional-da-axe-music\/","url":"https:\/\/bahiaeconomica.com.br\/wp\/2025\/02\/28\/dois-deputados-baianos-votam-contra-criacao-do-dia-nacional-da-axe-music\/","name":"DOIS DEPUTADOS BAIANOS VOTAM CONTRA CRIA\u00c7\u00c3O DO DIA NACIONAL DA AX\u00c9 MUSIC - Bahia Economica","isPartOf":{"@id":"https:\/\/bahiaeconomica.com.br\/wp\/#website"},"datePublished":"2025-02-28T13:18:06+00:00","dateModified":"2025-02-28T12:31:41+00:00","description":"O maior portal de Economia da Bahia Pol\u00edtica Bahia Economica Proposta recebeu 269 votos favor\u00e1veis e 136 contr\u00e1rios","breadcrumb":{"@id":"https:\/\/bahiaeconomica.com.br\/wp\/2025\/02\/28\/dois-deputados-baianos-votam-contra-criacao-do-dia-nacional-da-axe-music\/#breadcrumb"},"inLanguage":"pt-BR","potentialAction":[{"@type":"ReadAction","target":["https:\/\/bahiaeconomica.com.br\/wp\/2025\/02\/28\/dois-deputados-baianos-votam-contra-criacao-do-dia-nacional-da-axe-music\/"]}]},{"@type":"BreadcrumbList","@id":"https:\/\/bahiaeconomica.com.br\/wp\/2025\/02\/28\/dois-deputados-baianos-votam-contra-criacao-do-dia-nacional-da-axe-music\/#breadcrumb","itemListElement":[{"@type":"ListItem","position":1,"name":"In\u00edcio","item":"https:\/\/bahiaeconomica.com.br\/wp\/"},{"@type":"ListItem","position":2,"name":"DOIS DEPUTADOS BAIANOS VOTAM CONTRA CRIA\u00c7\u00c3O DO DIA NACIONAL DA AX\u00c9 MUSIC"}]},{"@type":"WebSite","@id":"https:\/\/bahiaeconomica.com.br\/wp\/#website","url":"https:\/\/bahiaeconomica.com.br\/wp\/","name":"Bahia Economica","description":"O maior portal de Economia da Bahia","publisher":{"@id":"https:\/\/bahiaeconomica.com.br\/wp\/#organization"},"potentialAction":[{"@type":"SearchAction","target":{"@type":"EntryPoint","urlTemplate":"https:\/\/bahiaeconomica.com.br\/wp\/?s={search_term_string}"},"query-input":"required name=search_term_string"}],"inLanguage":"pt-BR"},{"@type":"Organization","@id":"https:\/\/bahiaeconomica.com.br\/wp\/#organization","name":"Bahia Econ\u00f4mica","url":"https:\/\/bahiaeconomica.com.br\/wp\/","logo":{"@type":"ImageObject","inLanguage":"pt-BR","@id":"https:\/\/bahiaeconomica.com.br\/wp\/#\/schema\/logo\/image\/","url":"https:\/\/bahiaeconomica.com.br\/wp\/wp-content\/uploads\/2020\/12\/cropped-BE.png","contentUrl":"https:\/\/bahiaeconomica.com.br\/wp\/wp-content\/uploads\/2020\/12\/cropped-BE.png","width":512,"height":512,"caption":"Bahia Econ\u00f4mica"},"image":{"@id":"https:\/\/bahiaeconomica.com.br\/wp\/#\/schema\/logo\/image\/"},"sameAs":["https:\/\/www.facebook.com\/bahiaeconomica"]},{"@type":"Person","@id":"https:\/\/bahiaeconomica.com.br\/wp\/#\/schema\/person\/9310b0e591f5979f6f99773eac5804e6","name":"BRUNA CARVALHO","sameAs":["http:\/\/www.bahiaeconomica.com.br"],"url":"https:\/\/bahiaeconomica.com.br\/wp\/author\/bruna\/"}]}},"views":28,"_links":{"self":[{"href":"https:\/\/bahiaeconomica.com.br\/wp\/wp-json\/wp\/v2\/posts\/884459"}],"collection":[{"href":"https:\/\/bahiaeconomica.com.br\/wp\/wp-json\/wp\/v2\/posts"}],"about":[{"href":"https:\/\/bahiaeconomica.com.br\/wp\/wp-json\/wp\/v2\/types\/post"}],"author":[{"embeddable":true,"href":"https:\/\/bahiaeconomica.com.br\/wp\/wp-json\/wp\/v2\/users\/20"}],"replies":[{"embeddable":true,"href":"https:\/\/bahiaeconomica.com.br\/wp\/wp-json\/wp\/v2\/comments?post=884459"}],"version-history":[{"count":1,"href":"https:\/\/bahiaeconomica.com.br\/wp\/wp-json\/wp\/v2\/posts\/884459\/revisions"}],"predecessor-version":[{"id":884465,"href":"https:\/\/bahiaeconomica.com.br\/wp\/wp-json\/wp\/v2\/posts\/884459\/revisions\/884465"}],"wp:featuredmedia":[{"embeddable":true,"href":"https:\/\/bahiaeconomica.com.br\/wp\/wp-json\/wp\/v2\/media\/884464"}],"wp:attachment":[{"href":"https:\/\/bahiaeconomica.com.br\/wp\/wp-json\/wp\/v2\/media?parent=884459"}],"wp:term":[{"taxonomy":"category","embeddable":true,"href":"https:\/\/bahiaeconomica.com.br\/wp\/wp-json\/wp\/v2\/categories?post=884459"},{"taxonomy":"post_tag","embeddable":true,"href":"https:\/\/bahiaeconomica.com.br\/wp\/wp-json\/wp\/v2\/tags?post=884459"}],"curies":[{"name":"wp","href":"https:\/\/api.w.org\/{rel}","templated":true}]}}