{"id":884387,"date":"2025-02-28T11:00:12","date_gmt":"2025-02-28T14:00:12","guid":{"rendered":"https:\/\/bahiaeconomica.com.br\/wp\/?p=884387"},"modified":"2025-02-28T11:01:05","modified_gmt":"2025-02-28T14:01:05","slug":"bruno-reis-comenta-montagem-de-passarela-polemica-no-carnaval-nao-atrapalha","status":"publish","type":"post","link":"https:\/\/bahiaeconomica.com.br\/wp\/2025\/02\/28\/bruno-reis-comenta-montagem-de-passarela-polemica-no-carnaval-nao-atrapalha\/","title":{"rendered":"BRUNO REIS COMENTA MONTAGEM DE PASSARELA POL\u00caMICA NO CARNAVAL: &#8220;N\u00c3O ATRAPALHA&#8221;"},"content":{"rendered":"<p>O prefeito de Salvador, Bruno Reis, comentou a constru\u00e7\u00e3o da passarela montada no Circuito Dod\u00f4 (Barra\/Ondina), que faz travessia entre um camarote de luxo e o Monte Ipiranga. Segundo Bruno, h\u00e1 laudos favor\u00e1veis que permitiram a constru\u00e7\u00e3o. A passarela foi interditada na manh\u00e3 desta quinta-feira, 27, por determina\u00e7\u00e3o da Justi\u00e7a da Bahia. Em entrevista ao Portal A Tarde, Bruno Reis afirmou que n\u00e3o atrapalha a passagem do circuito e espera que a Justi\u00e7a tome a &#8220;melhor decis\u00e3o&#8221;.<\/p>\n<p>&#8220;N\u00e3o atrapalha quem quer passar, ent\u00e3o a prefeitura entendeu que isso n\u00e3o causava preju\u00edzo. Pelo contr\u00e1rio, contribuir ainda mais para o sucesso dessa festa e resolver autorizar. Hoje tem o laudo do bombeiro, tem o laudo do CREA, tem relat\u00f3rio favor\u00e1vel forma. A gente espera que a justi\u00e7a tome a melhor decis\u00e3o e permita que cada vez mais o Carnaval de Salvador possa oferecer diferenciais em rela\u00e7\u00e3o principalmente aos nossos concorrentes que a cada ano est\u00e3o inovando e se diferenciando&#8221;, disse o prefeito. Bruno Reis marcou presen\u00e7a no Camarote Brahma, na noite desta quinta-feira, 27, no primeiro dia oficial do Carnaval de Salvador.<\/p>\n<p>Entenda o caso<\/p>\n<p>A Justi\u00e7a da Bahia determinou, nesta quinta, a interdi\u00e7\u00e3o imediata da passarela que d\u00e1 acesso ao camarote Glamour, constru\u00edda entre o Morro do Ipiranga, no Circuito Dod\u00f4 (Barra-Ondina), em Salvador. A decis\u00e3o atende a um recurso do Instituto de Arquitetos do Brasil \u2013 Departamento da Bahia (IAB-BA), que questionou a legalidade da obra. Segundo a entidade, a passarela estaria sendo constru\u00edda sem a autoriza\u00e7\u00e3o e licenciamento adequado.<\/p>\n<p>Al\u00e9m disso, de acordo com o Instituo, a passarela n\u00e3o conta com placas informativas sobre os respons\u00e1veis pela execu\u00e7\u00e3o do projeto, o que contraria normas federais e municipais. O Instituto tamb\u00e9m apontou riscos estruturais e impactos negativos na mobilidade urbana durante o Carnaval. Ap\u00f3s a decis\u00e3o judicial, profissionais da Prefeitura de Salvador, a Secretaria Municipal de Desenvolvimento Urbano (Sedur), o Minist\u00e9rio P\u00fablico da Bahia (MP-BA) e o Corpo de Bombeiros estiveram no local na manh\u00e3 desta quinta para avaliarem a estrutura do equipamento.<\/p>\n<p>Os engenheiros do MPBA avaliaram que n\u00e3o h\u00e1 problemas graves de seguran\u00e7a, mas um dos principais pontos discutidos foi a circula\u00e7\u00e3o de pessoas na estrutura. Para evitar riscos estruturais e garantir a fluidez do tr\u00e2nsito no local, a Sedur se comprometeu a monitorar o cumprimento do limite de 100 pessoas simultaneamente na passarela. Al\u00e9m disso, a fiscaliza\u00e7\u00e3o visa evitar aglomera\u00e7\u00f5es ou a perman\u00eancia de pessoas paradas na estrutura.<\/p>\n<p>Foto: Victor Fonseca\/Divulga\u00e7\u00e3o<\/p>\n<p>&nbsp;<\/p>\n<p>&nbsp;<\/p>\n","protected":false},"excerpt":{"rendered":"<p>O prefeito de Salvador, Bruno Reis, comentou a constru\u00e7\u00e3o da passarela montada no Circuito Dod\u00f4 (Barra\/Ondina), que faz travessia entre um camarote de luxo e o Monte Ipiranga. Segundo Bruno, h\u00e1 laudos favor\u00e1veis que permitiram a constru\u00e7\u00e3o. A passarela foi interditada na manh\u00e3 desta quinta-feira, 27, por determina\u00e7\u00e3o da Justi\u00e7a da Bahia. Em entrevista ao [&hellip;]<\/p>\n","protected":false},"author":8,"featured_media":884388,"comment_status":"closed","ping_status":"closed","sticky":false,"template":"","format":"standard","meta":[],"categories":[14,3,5],"tags":[8993,1208,6033,26597,37202,37203,3097,3702,931],"acf":[],"yoast_head":"<!-- This site is optimized with the Yoast SEO plugin v20.8 - https:\/\/yoast.com\/wordpress\/plugins\/seo\/ -->\n<title>BRUNO REIS COMENTA MONTAGEM DE PASSARELA POL\u00caMICA NO CARNAVAL: &quot;N\u00c3O ATRAPALHA&quot; - Bahia Economica<\/title>\n<meta name=\"description\" content=\"O maior portal de Economia da Bahia DESTAQUE DO DIA, ECONOMIA \/ POL\u00cdTICA, MUNIC\u00cdPIOS Bahia Economica quem quer passar, ent\u00e3o a prefeitura entendeu que isso n\u00e3o causava preju\u00edzo\" \/>\n<meta name=\"robots\" content=\"index, follow, max-snippet:-1, max-image-preview:large, max-video-preview:-1\" \/>\n<link rel=\"canonical\" href=\"https:\/\/bahiaeconomica.com.br\/wp\/2025\/02\/28\/bruno-reis-comenta-montagem-de-passarela-polemica-no-carnaval-nao-atrapalha\/\" \/>\n<meta property=\"og:locale\" content=\"pt_BR\" \/>\n<meta property=\"og:type\" content=\"article\" \/>\n<meta property=\"og:title\" content=\"BRUNO REIS COMENTA MONTAGEM DE PASSARELA POL\u00caMICA NO CARNAVAL: &quot;N\u00c3O ATRAPALHA&quot; - Bahia Economica\" \/>\n<meta property=\"og:description\" content=\"O maior portal de Economia da Bahia DESTAQUE DO DIA, ECONOMIA \/ POL\u00cdTICA, MUNIC\u00cdPIOS Bahia Economica quem quer passar, ent\u00e3o a prefeitura entendeu que isso n\u00e3o causava preju\u00edzo\" \/>\n<meta property=\"og:url\" content=\"https:\/\/bahiaeconomica.com.br\/wp\/2025\/02\/28\/bruno-reis-comenta-montagem-de-passarela-polemica-no-carnaval-nao-atrapalha\/\" \/>\n<meta property=\"og:site_name\" content=\"Bahia Economica\" \/>\n<meta property=\"article:publisher\" content=\"https:\/\/www.facebook.com\/bahiaeconomica\" \/>\n<meta property=\"article:published_time\" content=\"2025-02-28T14:00:12+00:00\" \/>\n<meta property=\"article:modified_time\" content=\"2025-02-28T14:01:05+00:00\" \/>\n<meta property=\"og:image\" content=\"https:\/\/bahiaeconomica.com.br\/wp\/wp-content\/uploads\/2025\/02\/Bruno-Reis-sobre-montagem-de-passarela-Nao-atrapal0130887800202502272232-ScaleDownProportional.webp\" \/>\n\t<meta property=\"og:image:width\" content=\"1077\" \/>\n\t<meta property=\"og:image:height\" content=\"720\" \/>\n\t<meta property=\"og:image:type\" content=\"image\/webp\" \/>\n<meta name=\"author\" content=\"JP\" \/>\n<meta name=\"twitter:card\" content=\"summary_large_image\" \/>\n<meta name=\"twitter:label1\" content=\"Escrito por\" \/>\n\t<meta name=\"twitter:data1\" content=\"JP\" \/>\n\t<meta name=\"twitter:label2\" content=\"Est. tempo de leitura\" \/>\n\t<meta name=\"twitter:data2\" content=\"3 minutos\" \/>\n<script type=\"application\/ld+json\" class=\"yoast-schema-graph\">{\"@context\":\"https:\/\/schema.org\",\"@graph\":[{\"@type\":\"Article\",\"@id\":\"https:\/\/bahiaeconomica.com.br\/wp\/2025\/02\/28\/bruno-reis-comenta-montagem-de-passarela-polemica-no-carnaval-nao-atrapalha\/#article\",\"isPartOf\":{\"@id\":\"https:\/\/bahiaeconomica.com.br\/wp\/2025\/02\/28\/bruno-reis-comenta-montagem-de-passarela-polemica-no-carnaval-nao-atrapalha\/\"},\"author\":{\"name\":\"JP\",\"@id\":\"https:\/\/bahiaeconomica.com.br\/wp\/#\/schema\/person\/c86d3a3f8960425a0f9d0e5245991f4e\"},\"headline\":\"BRUNO REIS COMENTA MONTAGEM DE PASSARELA POL\u00caMICA NO CARNAVAL: &#8220;N\u00c3O ATRAPALHA&#8221;\",\"datePublished\":\"2025-02-28T14:00:12+00:00\",\"dateModified\":\"2025-02-28T14:01:05+00:00\",\"mainEntityOfPage\":{\"@id\":\"https:\/\/bahiaeconomica.com.br\/wp\/2025\/02\/28\/bruno-reis-comenta-montagem-de-passarela-polemica-no-carnaval-nao-atrapalha\/\"},\"wordCount\":461,\"publisher\":{\"@id\":\"https:\/\/bahiaeconomica.com.br\/wp\/#organization\"},\"keywords\":[\"Barra\/Ondina\",\"bruno\",\"circuito\",\"Dod\u00f4\",\"Ipiranga\",\"montada\",\"monte\",\"passarela\",\"reis\"],\"articleSection\":[\"DESTAQUE DO DIA\",\"ECONOMIA \/ POL\u00cdTICA\",\"MUNIC\u00cdPIOS\"],\"inLanguage\":\"pt-BR\"},{\"@type\":\"WebPage\",\"@id\":\"https:\/\/bahiaeconomica.com.br\/wp\/2025\/02\/28\/bruno-reis-comenta-montagem-de-passarela-polemica-no-carnaval-nao-atrapalha\/\",\"url\":\"https:\/\/bahiaeconomica.com.br\/wp\/2025\/02\/28\/bruno-reis-comenta-montagem-de-passarela-polemica-no-carnaval-nao-atrapalha\/\",\"name\":\"BRUNO REIS COMENTA MONTAGEM DE PASSARELA POL\u00caMICA NO CARNAVAL: \\\"N\u00c3O ATRAPALHA\\\" - Bahia Economica\",\"isPartOf\":{\"@id\":\"https:\/\/bahiaeconomica.com.br\/wp\/#website\"},\"datePublished\":\"2025-02-28T14:00:12+00:00\",\"dateModified\":\"2025-02-28T14:01:05+00:00\",\"description\":\"O maior portal de Economia da Bahia DESTAQUE DO DIA, ECONOMIA \/ POL\u00cdTICA, MUNIC\u00cdPIOS Bahia Economica quem quer passar, ent\u00e3o a prefeitura entendeu que isso n\u00e3o causava preju\u00edzo\",\"breadcrumb\":{\"@id\":\"https:\/\/bahiaeconomica.com.br\/wp\/2025\/02\/28\/bruno-reis-comenta-montagem-de-passarela-polemica-no-carnaval-nao-atrapalha\/#breadcrumb\"},\"inLanguage\":\"pt-BR\",\"potentialAction\":[{\"@type\":\"ReadAction\",\"target\":[\"https:\/\/bahiaeconomica.com.br\/wp\/2025\/02\/28\/bruno-reis-comenta-montagem-de-passarela-polemica-no-carnaval-nao-atrapalha\/\"]}]},{\"@type\":\"BreadcrumbList\",\"@id\":\"https:\/\/bahiaeconomica.com.br\/wp\/2025\/02\/28\/bruno-reis-comenta-montagem-de-passarela-polemica-no-carnaval-nao-atrapalha\/#breadcrumb\",\"itemListElement\":[{\"@type\":\"ListItem\",\"position\":1,\"name\":\"In\u00edcio\",\"item\":\"https:\/\/bahiaeconomica.com.br\/wp\/\"},{\"@type\":\"ListItem\",\"position\":2,\"name\":\"BRUNO REIS COMENTA MONTAGEM DE PASSARELA POL\u00caMICA NO CARNAVAL: &#8220;N\u00c3O ATRAPALHA&#8221;\"}]},{\"@type\":\"WebSite\",\"@id\":\"https:\/\/bahiaeconomica.com.br\/wp\/#website\",\"url\":\"https:\/\/bahiaeconomica.com.br\/wp\/\",\"name\":\"Bahia Economica\",\"description\":\"O maior portal de Economia da Bahia\",\"publisher\":{\"@id\":\"https:\/\/bahiaeconomica.com.br\/wp\/#organization\"},\"potentialAction\":[{\"@type\":\"SearchAction\",\"target\":{\"@type\":\"EntryPoint\",\"urlTemplate\":\"https:\/\/bahiaeconomica.com.br\/wp\/?s={search_term_string}\"},\"query-input\":\"required name=search_term_string\"}],\"inLanguage\":\"pt-BR\"},{\"@type\":\"Organization\",\"@id\":\"https:\/\/bahiaeconomica.com.br\/wp\/#organization\",\"name\":\"Bahia Econ\u00f4mica\",\"url\":\"https:\/\/bahiaeconomica.com.br\/wp\/\",\"logo\":{\"@type\":\"ImageObject\",\"inLanguage\":\"pt-BR\",\"@id\":\"https:\/\/bahiaeconomica.com.br\/wp\/#\/schema\/logo\/image\/\",\"url\":\"https:\/\/bahiaeconomica.com.br\/wp\/wp-content\/uploads\/2020\/12\/cropped-BE.png\",\"contentUrl\":\"https:\/\/bahiaeconomica.com.br\/wp\/wp-content\/uploads\/2020\/12\/cropped-BE.png\",\"width\":512,\"height\":512,\"caption\":\"Bahia Econ\u00f4mica\"},\"image\":{\"@id\":\"https:\/\/bahiaeconomica.com.br\/wp\/#\/schema\/logo\/image\/\"},\"sameAs\":[\"https:\/\/www.facebook.com\/bahiaeconomica\"]},{\"@type\":\"Person\",\"@id\":\"https:\/\/bahiaeconomica.com.br\/wp\/#\/schema\/person\/c86d3a3f8960425a0f9d0e5245991f4e\",\"name\":\"JP\",\"sameAs\":[\"https:\/\/bahiaeconomica.com.br\/wp\/beta\/\"],\"url\":\"https:\/\/bahiaeconomica.com.br\/wp\/author\/jp\/\"}]}<\/script>\n<!-- \/ Yoast SEO plugin. -->","yoast_head_json":{"title":"BRUNO REIS COMENTA MONTAGEM DE PASSARELA POL\u00caMICA NO CARNAVAL: \"N\u00c3O ATRAPALHA\" - Bahia Economica","description":"O maior portal de Economia da Bahia DESTAQUE DO DIA, ECONOMIA \/ POL\u00cdTICA, MUNIC\u00cdPIOS Bahia Economica quem quer passar, ent\u00e3o a prefeitura entendeu que isso n\u00e3o causava preju\u00edzo","robots":{"index":"index","follow":"follow","max-snippet":"max-snippet:-1","max-image-preview":"max-image-preview:large","max-video-preview":"max-video-preview:-1"},"canonical":"https:\/\/bahiaeconomica.com.br\/wp\/2025\/02\/28\/bruno-reis-comenta-montagem-de-passarela-polemica-no-carnaval-nao-atrapalha\/","og_locale":"pt_BR","og_type":"article","og_title":"BRUNO REIS COMENTA MONTAGEM DE PASSARELA POL\u00caMICA NO CARNAVAL: \"N\u00c3O ATRAPALHA\" - Bahia Economica","og_description":"O maior portal de Economia da Bahia DESTAQUE DO DIA, ECONOMIA \/ POL\u00cdTICA, MUNIC\u00cdPIOS Bahia Economica quem quer passar, ent\u00e3o a prefeitura entendeu que isso n\u00e3o causava preju\u00edzo","og_url":"https:\/\/bahiaeconomica.com.br\/wp\/2025\/02\/28\/bruno-reis-comenta-montagem-de-passarela-polemica-no-carnaval-nao-atrapalha\/","og_site_name":"Bahia Economica","article_publisher":"https:\/\/www.facebook.com\/bahiaeconomica","article_published_time":"2025-02-28T14:00:12+00:00","article_modified_time":"2025-02-28T14:01:05+00:00","og_image":[{"width":1077,"height":720,"url":"https:\/\/bahiaeconomica.com.br\/wp\/wp-content\/uploads\/2025\/02\/Bruno-Reis-sobre-montagem-de-passarela-Nao-atrapal0130887800202502272232-ScaleDownProportional.webp","type":"image\/webp"}],"author":"JP","twitter_card":"summary_large_image","twitter_misc":{"Escrito por":"JP","Est. tempo de leitura":"3 minutos"},"schema":{"@context":"https:\/\/schema.org","@graph":[{"@type":"Article","@id":"https:\/\/bahiaeconomica.com.br\/wp\/2025\/02\/28\/bruno-reis-comenta-montagem-de-passarela-polemica-no-carnaval-nao-atrapalha\/#article","isPartOf":{"@id":"https:\/\/bahiaeconomica.com.br\/wp\/2025\/02\/28\/bruno-reis-comenta-montagem-de-passarela-polemica-no-carnaval-nao-atrapalha\/"},"author":{"name":"JP","@id":"https:\/\/bahiaeconomica.com.br\/wp\/#\/schema\/person\/c86d3a3f8960425a0f9d0e5245991f4e"},"headline":"BRUNO REIS COMENTA MONTAGEM DE PASSARELA POL\u00caMICA NO CARNAVAL: &#8220;N\u00c3O ATRAPALHA&#8221;","datePublished":"2025-02-28T14:00:12+00:00","dateModified":"2025-02-28T14:01:05+00:00","mainEntityOfPage":{"@id":"https:\/\/bahiaeconomica.com.br\/wp\/2025\/02\/28\/bruno-reis-comenta-montagem-de-passarela-polemica-no-carnaval-nao-atrapalha\/"},"wordCount":461,"publisher":{"@id":"https:\/\/bahiaeconomica.com.br\/wp\/#organization"},"keywords":["Barra\/Ondina","bruno","circuito","Dod\u00f4","Ipiranga","montada","monte","passarela","reis"],"articleSection":["DESTAQUE DO DIA","ECONOMIA \/ POL\u00cdTICA","MUNIC\u00cdPIOS"],"inLanguage":"pt-BR"},{"@type":"WebPage","@id":"https:\/\/bahiaeconomica.com.br\/wp\/2025\/02\/28\/bruno-reis-comenta-montagem-de-passarela-polemica-no-carnaval-nao-atrapalha\/","url":"https:\/\/bahiaeconomica.com.br\/wp\/2025\/02\/28\/bruno-reis-comenta-montagem-de-passarela-polemica-no-carnaval-nao-atrapalha\/","name":"BRUNO REIS COMENTA MONTAGEM DE PASSARELA POL\u00caMICA NO CARNAVAL: \"N\u00c3O ATRAPALHA\" - Bahia Economica","isPartOf":{"@id":"https:\/\/bahiaeconomica.com.br\/wp\/#website"},"datePublished":"2025-02-28T14:00:12+00:00","dateModified":"2025-02-28T14:01:05+00:00","description":"O maior portal de Economia da Bahia DESTAQUE DO DIA, ECONOMIA \/ POL\u00cdTICA, MUNIC\u00cdPIOS Bahia Economica quem quer passar, ent\u00e3o a prefeitura entendeu que isso n\u00e3o causava preju\u00edzo","breadcrumb":{"@id":"https:\/\/bahiaeconomica.com.br\/wp\/2025\/02\/28\/bruno-reis-comenta-montagem-de-passarela-polemica-no-carnaval-nao-atrapalha\/#breadcrumb"},"inLanguage":"pt-BR","potentialAction":[{"@type":"ReadAction","target":["https:\/\/bahiaeconomica.com.br\/wp\/2025\/02\/28\/bruno-reis-comenta-montagem-de-passarela-polemica-no-carnaval-nao-atrapalha\/"]}]},{"@type":"BreadcrumbList","@id":"https:\/\/bahiaeconomica.com.br\/wp\/2025\/02\/28\/bruno-reis-comenta-montagem-de-passarela-polemica-no-carnaval-nao-atrapalha\/#breadcrumb","itemListElement":[{"@type":"ListItem","position":1,"name":"In\u00edcio","item":"https:\/\/bahiaeconomica.com.br\/wp\/"},{"@type":"ListItem","position":2,"name":"BRUNO REIS COMENTA MONTAGEM DE PASSARELA POL\u00caMICA NO CARNAVAL: &#8220;N\u00c3O ATRAPALHA&#8221;"}]},{"@type":"WebSite","@id":"https:\/\/bahiaeconomica.com.br\/wp\/#website","url":"https:\/\/bahiaeconomica.com.br\/wp\/","name":"Bahia Economica","description":"O maior portal de Economia da Bahia","publisher":{"@id":"https:\/\/bahiaeconomica.com.br\/wp\/#organization"},"potentialAction":[{"@type":"SearchAction","target":{"@type":"EntryPoint","urlTemplate":"https:\/\/bahiaeconomica.com.br\/wp\/?s={search_term_string}"},"query-input":"required name=search_term_string"}],"inLanguage":"pt-BR"},{"@type":"Organization","@id":"https:\/\/bahiaeconomica.com.br\/wp\/#organization","name":"Bahia Econ\u00f4mica","url":"https:\/\/bahiaeconomica.com.br\/wp\/","logo":{"@type":"ImageObject","inLanguage":"pt-BR","@id":"https:\/\/bahiaeconomica.com.br\/wp\/#\/schema\/logo\/image\/","url":"https:\/\/bahiaeconomica.com.br\/wp\/wp-content\/uploads\/2020\/12\/cropped-BE.png","contentUrl":"https:\/\/bahiaeconomica.com.br\/wp\/wp-content\/uploads\/2020\/12\/cropped-BE.png","width":512,"height":512,"caption":"Bahia Econ\u00f4mica"},"image":{"@id":"https:\/\/bahiaeconomica.com.br\/wp\/#\/schema\/logo\/image\/"},"sameAs":["https:\/\/www.facebook.com\/bahiaeconomica"]},{"@type":"Person","@id":"https:\/\/bahiaeconomica.com.br\/wp\/#\/schema\/person\/c86d3a3f8960425a0f9d0e5245991f4e","name":"JP","sameAs":["https:\/\/bahiaeconomica.com.br\/wp\/beta\/"],"url":"https:\/\/bahiaeconomica.com.br\/wp\/author\/jp\/"}]}},"views":55,"_links":{"self":[{"href":"https:\/\/bahiaeconomica.com.br\/wp\/wp-json\/wp\/v2\/posts\/884387"}],"collection":[{"href":"https:\/\/bahiaeconomica.com.br\/wp\/wp-json\/wp\/v2\/posts"}],"about":[{"href":"https:\/\/bahiaeconomica.com.br\/wp\/wp-json\/wp\/v2\/types\/post"}],"author":[{"embeddable":true,"href":"https:\/\/bahiaeconomica.com.br\/wp\/wp-json\/wp\/v2\/users\/8"}],"replies":[{"embeddable":true,"href":"https:\/\/bahiaeconomica.com.br\/wp\/wp-json\/wp\/v2\/comments?post=884387"}],"version-history":[{"count":1,"href":"https:\/\/bahiaeconomica.com.br\/wp\/wp-json\/wp\/v2\/posts\/884387\/revisions"}],"predecessor-version":[{"id":884389,"href":"https:\/\/bahiaeconomica.com.br\/wp\/wp-json\/wp\/v2\/posts\/884387\/revisions\/884389"}],"wp:featuredmedia":[{"embeddable":true,"href":"https:\/\/bahiaeconomica.com.br\/wp\/wp-json\/wp\/v2\/media\/884388"}],"wp:attachment":[{"href":"https:\/\/bahiaeconomica.com.br\/wp\/wp-json\/wp\/v2\/media?parent=884387"}],"wp:term":[{"taxonomy":"category","embeddable":true,"href":"https:\/\/bahiaeconomica.com.br\/wp\/wp-json\/wp\/v2\/categories?post=884387"},{"taxonomy":"post_tag","embeddable":true,"href":"https:\/\/bahiaeconomica.com.br\/wp\/wp-json\/wp\/v2\/tags?post=884387"}],"curies":[{"name":"wp","href":"https:\/\/api.w.org\/{rel}","templated":true}]}}