{"id":883502,"date":"2025-02-25T09:20:13","date_gmt":"2025-02-25T12:20:13","guid":{"rendered":"https:\/\/bahiaeconomica.com.br\/wp\/?p=883502"},"modified":"2025-02-25T09:22:18","modified_gmt":"2025-02-25T12:22:18","slug":"deputada-reforca-pedido-de-melhorias-para-estradas-na-seinfra","status":"publish","type":"post","link":"https:\/\/bahiaeconomica.com.br\/wp\/2025\/02\/25\/deputada-reforca-pedido-de-melhorias-para-estradas-na-seinfra\/","title":{"rendered":"DEPUTADA REFOR\u00c7A PEDIDO DE MELHORIAS PARA ESTRADAS NA SEINFRA"},"content":{"rendered":"<p>A deputada estadual Ludmilla Fiscina (PV) iniciou a semana cumprindo mais um importante compromisso em prol da infraestrutura vi\u00e1ria de Alagoinhas e regi\u00e3o. Em reuni\u00e3o na tarde de hoje (24) com o diretor de constru\u00e7\u00e3o e manuten\u00e7\u00e3o da Secretaria de Infraestrutura do Estado (Seinfra), Rafael Bastos, a parlamentar solicitou melhorias para a estrada que liga o distrito de Rio Branco \u00e0 BR-101, al\u00e9m da pavimenta\u00e7\u00e3o da estrada do Pati at\u00e9 a BA-504.<\/p>\n<p>Acompanhada do presidente da Associa\u00e7\u00e3o do Rio Branco, C\u00e9sar Silva, e das lideran\u00e7as comunit\u00e1rias Zeca da Uara e Jhon Breno, Ludmilla Fiscina refor\u00e7ou a necessidade de investimentos para garantir mais seguran\u00e7a e qualidade no tr\u00e1fego da regi\u00e3o. \u201cNosso mandato segue firme na luta por infraestrutura de qualidade, seja na cidade, seja na zona rural, porque sabemos que estradas bem cuidadas significa mais desenvolvimento, escoamento da produ\u00e7\u00e3o e qualidade de vida para nossa gente\u201d, destacou a deputada.<\/p>\n<p>&nbsp;<\/p>\n<p>Foto: Alu\u00edsio Neto<\/p>\n","protected":false},"excerpt":{"rendered":"<p>A deputada estadual Ludmilla Fiscina (PV) iniciou a semana cumprindo mais um importante compromisso em prol da infraestrutura vi\u00e1ria de Alagoinhas e regi\u00e3o. Em reuni\u00e3o na tarde de hoje (24) com o diretor de constru\u00e7\u00e3o e manuten\u00e7\u00e3o da Secretaria de Infraestrutura do Estado (Seinfra), Rafael Bastos, a parlamentar solicitou melhorias para a estrada que liga [&hellip;]<\/p>\n","protected":false},"author":8,"featured_media":883503,"comment_status":"closed","ping_status":"closed","sticky":false,"template":"","format":"standard","meta":[],"categories":[14601],"tags":[2616,1176,100],"acf":[],"yoast_head":"<!-- This site is optimized with the Yoast SEO plugin v20.8 - https:\/\/yoast.com\/wordpress\/plugins\/seo\/ -->\n<title>DEPUTADA REFOR\u00c7A PEDIDO DE MELHORIAS PARA ESTRADAS NA SEINFRA - Bahia Economica<\/title>\n<meta name=\"description\" content=\"O maior portal de Economia da Bahia Pol\u00edtica Bahia Economica A deputada estadual Ludmilla Fiscina (PV) iniciou a semana cumprindo\" \/>\n<meta name=\"robots\" content=\"index, follow, max-snippet:-1, max-image-preview:large, max-video-preview:-1\" \/>\n<link rel=\"canonical\" href=\"https:\/\/bahiaeconomica.com.br\/wp\/2025\/02\/25\/deputada-reforca-pedido-de-melhorias-para-estradas-na-seinfra\/\" \/>\n<meta property=\"og:locale\" content=\"pt_BR\" \/>\n<meta property=\"og:type\" content=\"article\" \/>\n<meta property=\"og:title\" content=\"DEPUTADA REFOR\u00c7A PEDIDO DE MELHORIAS PARA ESTRADAS NA SEINFRA - Bahia Economica\" \/>\n<meta property=\"og:description\" content=\"O maior portal de Economia da Bahia Pol\u00edtica Bahia Economica A deputada estadual Ludmilla Fiscina (PV) iniciou a semana cumprindo\" \/>\n<meta property=\"og:url\" content=\"https:\/\/bahiaeconomica.com.br\/wp\/2025\/02\/25\/deputada-reforca-pedido-de-melhorias-para-estradas-na-seinfra\/\" \/>\n<meta property=\"og:site_name\" content=\"Bahia Economica\" \/>\n<meta property=\"article:publisher\" content=\"https:\/\/www.facebook.com\/bahiaeconomica\" \/>\n<meta property=\"article:published_time\" content=\"2025-02-25T12:20:13+00:00\" \/>\n<meta property=\"article:modified_time\" content=\"2025-02-25T12:22:18+00:00\" \/>\n<meta property=\"og:image\" content=\"https:\/\/bahiaeconomica.com.br\/wp\/wp-content\/uploads\/2025\/02\/WhatsApp-Image-2025-02-24-at-16.19.00-scaled.jpeg\" \/>\n\t<meta property=\"og:image:width\" content=\"2560\" \/>\n\t<meta property=\"og:image:height\" content=\"1706\" \/>\n\t<meta property=\"og:image:type\" content=\"image\/jpeg\" \/>\n<meta name=\"author\" content=\"JP\" \/>\n<meta name=\"twitter:card\" content=\"summary_large_image\" \/>\n<meta name=\"twitter:label1\" content=\"Escrito por\" \/>\n\t<meta name=\"twitter:data1\" content=\"JP\" \/>\n\t<meta name=\"twitter:label2\" content=\"Est. tempo de leitura\" \/>\n\t<meta name=\"twitter:data2\" content=\"1 minuto\" \/>\n<script type=\"application\/ld+json\" class=\"yoast-schema-graph\">{\"@context\":\"https:\/\/schema.org\",\"@graph\":[{\"@type\":\"Article\",\"@id\":\"https:\/\/bahiaeconomica.com.br\/wp\/2025\/02\/25\/deputada-reforca-pedido-de-melhorias-para-estradas-na-seinfra\/#article\",\"isPartOf\":{\"@id\":\"https:\/\/bahiaeconomica.com.br\/wp\/2025\/02\/25\/deputada-reforca-pedido-de-melhorias-para-estradas-na-seinfra\/\"},\"author\":{\"name\":\"JP\",\"@id\":\"https:\/\/bahiaeconomica.com.br\/wp\/#\/schema\/person\/c86d3a3f8960425a0f9d0e5245991f4e\"},\"headline\":\"DEPUTADA REFOR\u00c7A PEDIDO DE MELHORIAS PARA ESTRADAS NA SEINFRA\",\"datePublished\":\"2025-02-25T12:20:13+00:00\",\"dateModified\":\"2025-02-25T12:22:18+00:00\",\"mainEntityOfPage\":{\"@id\":\"https:\/\/bahiaeconomica.com.br\/wp\/2025\/02\/25\/deputada-reforca-pedido-de-melhorias-para-estradas-na-seinfra\/\"},\"wordCount\":177,\"publisher\":{\"@id\":\"https:\/\/bahiaeconomica.com.br\/wp\/#organization\"},\"keywords\":[\"deputada\",\"mudan\u00e7a\",\"Pol\u00edtica\"],\"articleSection\":[\"Pol\u00edtica\"],\"inLanguage\":\"pt-BR\"},{\"@type\":\"WebPage\",\"@id\":\"https:\/\/bahiaeconomica.com.br\/wp\/2025\/02\/25\/deputada-reforca-pedido-de-melhorias-para-estradas-na-seinfra\/\",\"url\":\"https:\/\/bahiaeconomica.com.br\/wp\/2025\/02\/25\/deputada-reforca-pedido-de-melhorias-para-estradas-na-seinfra\/\",\"name\":\"DEPUTADA REFOR\u00c7A PEDIDO DE MELHORIAS PARA ESTRADAS NA SEINFRA - Bahia Economica\",\"isPartOf\":{\"@id\":\"https:\/\/bahiaeconomica.com.br\/wp\/#website\"},\"datePublished\":\"2025-02-25T12:20:13+00:00\",\"dateModified\":\"2025-02-25T12:22:18+00:00\",\"description\":\"O maior portal de Economia da Bahia Pol\u00edtica Bahia Economica A deputada estadual Ludmilla Fiscina (PV) iniciou a semana cumprindo\",\"breadcrumb\":{\"@id\":\"https:\/\/bahiaeconomica.com.br\/wp\/2025\/02\/25\/deputada-reforca-pedido-de-melhorias-para-estradas-na-seinfra\/#breadcrumb\"},\"inLanguage\":\"pt-BR\",\"potentialAction\":[{\"@type\":\"ReadAction\",\"target\":[\"https:\/\/bahiaeconomica.com.br\/wp\/2025\/02\/25\/deputada-reforca-pedido-de-melhorias-para-estradas-na-seinfra\/\"]}]},{\"@type\":\"BreadcrumbList\",\"@id\":\"https:\/\/bahiaeconomica.com.br\/wp\/2025\/02\/25\/deputada-reforca-pedido-de-melhorias-para-estradas-na-seinfra\/#breadcrumb\",\"itemListElement\":[{\"@type\":\"ListItem\",\"position\":1,\"name\":\"In\u00edcio\",\"item\":\"https:\/\/bahiaeconomica.com.br\/wp\/\"},{\"@type\":\"ListItem\",\"position\":2,\"name\":\"DEPUTADA REFOR\u00c7A PEDIDO DE MELHORIAS PARA ESTRADAS NA SEINFRA\"}]},{\"@type\":\"WebSite\",\"@id\":\"https:\/\/bahiaeconomica.com.br\/wp\/#website\",\"url\":\"https:\/\/bahiaeconomica.com.br\/wp\/\",\"name\":\"Bahia Economica\",\"description\":\"O maior portal de Economia da Bahia\",\"publisher\":{\"@id\":\"https:\/\/bahiaeconomica.com.br\/wp\/#organization\"},\"potentialAction\":[{\"@type\":\"SearchAction\",\"target\":{\"@type\":\"EntryPoint\",\"urlTemplate\":\"https:\/\/bahiaeconomica.com.br\/wp\/?s={search_term_string}\"},\"query-input\":\"required name=search_term_string\"}],\"inLanguage\":\"pt-BR\"},{\"@type\":\"Organization\",\"@id\":\"https:\/\/bahiaeconomica.com.br\/wp\/#organization\",\"name\":\"Bahia Econ\u00f4mica\",\"url\":\"https:\/\/bahiaeconomica.com.br\/wp\/\",\"logo\":{\"@type\":\"ImageObject\",\"inLanguage\":\"pt-BR\",\"@id\":\"https:\/\/bahiaeconomica.com.br\/wp\/#\/schema\/logo\/image\/\",\"url\":\"https:\/\/bahiaeconomica.com.br\/wp\/wp-content\/uploads\/2020\/12\/cropped-BE.png\",\"contentUrl\":\"https:\/\/bahiaeconomica.com.br\/wp\/wp-content\/uploads\/2020\/12\/cropped-BE.png\",\"width\":512,\"height\":512,\"caption\":\"Bahia Econ\u00f4mica\"},\"image\":{\"@id\":\"https:\/\/bahiaeconomica.com.br\/wp\/#\/schema\/logo\/image\/\"},\"sameAs\":[\"https:\/\/www.facebook.com\/bahiaeconomica\"]},{\"@type\":\"Person\",\"@id\":\"https:\/\/bahiaeconomica.com.br\/wp\/#\/schema\/person\/c86d3a3f8960425a0f9d0e5245991f4e\",\"name\":\"JP\",\"sameAs\":[\"https:\/\/bahiaeconomica.com.br\/wp\/beta\/\"],\"url\":\"https:\/\/bahiaeconomica.com.br\/wp\/author\/jp\/\"}]}<\/script>\n<!-- \/ Yoast SEO plugin. -->","yoast_head_json":{"title":"DEPUTADA REFOR\u00c7A PEDIDO DE MELHORIAS PARA ESTRADAS NA SEINFRA - Bahia Economica","description":"O maior portal de Economia da Bahia Pol\u00edtica Bahia Economica A deputada estadual Ludmilla Fiscina (PV) iniciou a semana cumprindo","robots":{"index":"index","follow":"follow","max-snippet":"max-snippet:-1","max-image-preview":"max-image-preview:large","max-video-preview":"max-video-preview:-1"},"canonical":"https:\/\/bahiaeconomica.com.br\/wp\/2025\/02\/25\/deputada-reforca-pedido-de-melhorias-para-estradas-na-seinfra\/","og_locale":"pt_BR","og_type":"article","og_title":"DEPUTADA REFOR\u00c7A PEDIDO DE MELHORIAS PARA ESTRADAS NA SEINFRA - Bahia Economica","og_description":"O maior portal de Economia da Bahia Pol\u00edtica Bahia Economica A deputada estadual Ludmilla Fiscina (PV) iniciou a semana cumprindo","og_url":"https:\/\/bahiaeconomica.com.br\/wp\/2025\/02\/25\/deputada-reforca-pedido-de-melhorias-para-estradas-na-seinfra\/","og_site_name":"Bahia Economica","article_publisher":"https:\/\/www.facebook.com\/bahiaeconomica","article_published_time":"2025-02-25T12:20:13+00:00","article_modified_time":"2025-02-25T12:22:18+00:00","og_image":[{"width":2560,"height":1706,"url":"https:\/\/bahiaeconomica.com.br\/wp\/wp-content\/uploads\/2025\/02\/WhatsApp-Image-2025-02-24-at-16.19.00-scaled.jpeg","type":"image\/jpeg"}],"author":"JP","twitter_card":"summary_large_image","twitter_misc":{"Escrito por":"JP","Est. tempo de leitura":"1 minuto"},"schema":{"@context":"https:\/\/schema.org","@graph":[{"@type":"Article","@id":"https:\/\/bahiaeconomica.com.br\/wp\/2025\/02\/25\/deputada-reforca-pedido-de-melhorias-para-estradas-na-seinfra\/#article","isPartOf":{"@id":"https:\/\/bahiaeconomica.com.br\/wp\/2025\/02\/25\/deputada-reforca-pedido-de-melhorias-para-estradas-na-seinfra\/"},"author":{"name":"JP","@id":"https:\/\/bahiaeconomica.com.br\/wp\/#\/schema\/person\/c86d3a3f8960425a0f9d0e5245991f4e"},"headline":"DEPUTADA REFOR\u00c7A PEDIDO DE MELHORIAS PARA ESTRADAS NA SEINFRA","datePublished":"2025-02-25T12:20:13+00:00","dateModified":"2025-02-25T12:22:18+00:00","mainEntityOfPage":{"@id":"https:\/\/bahiaeconomica.com.br\/wp\/2025\/02\/25\/deputada-reforca-pedido-de-melhorias-para-estradas-na-seinfra\/"},"wordCount":177,"publisher":{"@id":"https:\/\/bahiaeconomica.com.br\/wp\/#organization"},"keywords":["deputada","mudan\u00e7a","Pol\u00edtica"],"articleSection":["Pol\u00edtica"],"inLanguage":"pt-BR"},{"@type":"WebPage","@id":"https:\/\/bahiaeconomica.com.br\/wp\/2025\/02\/25\/deputada-reforca-pedido-de-melhorias-para-estradas-na-seinfra\/","url":"https:\/\/bahiaeconomica.com.br\/wp\/2025\/02\/25\/deputada-reforca-pedido-de-melhorias-para-estradas-na-seinfra\/","name":"DEPUTADA REFOR\u00c7A PEDIDO DE MELHORIAS PARA ESTRADAS NA SEINFRA - Bahia Economica","isPartOf":{"@id":"https:\/\/bahiaeconomica.com.br\/wp\/#website"},"datePublished":"2025-02-25T12:20:13+00:00","dateModified":"2025-02-25T12:22:18+00:00","description":"O maior portal de Economia da Bahia Pol\u00edtica Bahia Economica A deputada estadual Ludmilla Fiscina (PV) iniciou a semana cumprindo","breadcrumb":{"@id":"https:\/\/bahiaeconomica.com.br\/wp\/2025\/02\/25\/deputada-reforca-pedido-de-melhorias-para-estradas-na-seinfra\/#breadcrumb"},"inLanguage":"pt-BR","potentialAction":[{"@type":"ReadAction","target":["https:\/\/bahiaeconomica.com.br\/wp\/2025\/02\/25\/deputada-reforca-pedido-de-melhorias-para-estradas-na-seinfra\/"]}]},{"@type":"BreadcrumbList","@id":"https:\/\/bahiaeconomica.com.br\/wp\/2025\/02\/25\/deputada-reforca-pedido-de-melhorias-para-estradas-na-seinfra\/#breadcrumb","itemListElement":[{"@type":"ListItem","position":1,"name":"In\u00edcio","item":"https:\/\/bahiaeconomica.com.br\/wp\/"},{"@type":"ListItem","position":2,"name":"DEPUTADA REFOR\u00c7A PEDIDO DE MELHORIAS PARA ESTRADAS NA SEINFRA"}]},{"@type":"WebSite","@id":"https:\/\/bahiaeconomica.com.br\/wp\/#website","url":"https:\/\/bahiaeconomica.com.br\/wp\/","name":"Bahia Economica","description":"O maior portal de Economia da Bahia","publisher":{"@id":"https:\/\/bahiaeconomica.com.br\/wp\/#organization"},"potentialAction":[{"@type":"SearchAction","target":{"@type":"EntryPoint","urlTemplate":"https:\/\/bahiaeconomica.com.br\/wp\/?s={search_term_string}"},"query-input":"required name=search_term_string"}],"inLanguage":"pt-BR"},{"@type":"Organization","@id":"https:\/\/bahiaeconomica.com.br\/wp\/#organization","name":"Bahia Econ\u00f4mica","url":"https:\/\/bahiaeconomica.com.br\/wp\/","logo":{"@type":"ImageObject","inLanguage":"pt-BR","@id":"https:\/\/bahiaeconomica.com.br\/wp\/#\/schema\/logo\/image\/","url":"https:\/\/bahiaeconomica.com.br\/wp\/wp-content\/uploads\/2020\/12\/cropped-BE.png","contentUrl":"https:\/\/bahiaeconomica.com.br\/wp\/wp-content\/uploads\/2020\/12\/cropped-BE.png","width":512,"height":512,"caption":"Bahia Econ\u00f4mica"},"image":{"@id":"https:\/\/bahiaeconomica.com.br\/wp\/#\/schema\/logo\/image\/"},"sameAs":["https:\/\/www.facebook.com\/bahiaeconomica"]},{"@type":"Person","@id":"https:\/\/bahiaeconomica.com.br\/wp\/#\/schema\/person\/c86d3a3f8960425a0f9d0e5245991f4e","name":"JP","sameAs":["https:\/\/bahiaeconomica.com.br\/wp\/beta\/"],"url":"https:\/\/bahiaeconomica.com.br\/wp\/author\/jp\/"}]}},"views":8,"_links":{"self":[{"href":"https:\/\/bahiaeconomica.com.br\/wp\/wp-json\/wp\/v2\/posts\/883502"}],"collection":[{"href":"https:\/\/bahiaeconomica.com.br\/wp\/wp-json\/wp\/v2\/posts"}],"about":[{"href":"https:\/\/bahiaeconomica.com.br\/wp\/wp-json\/wp\/v2\/types\/post"}],"author":[{"embeddable":true,"href":"https:\/\/bahiaeconomica.com.br\/wp\/wp-json\/wp\/v2\/users\/8"}],"replies":[{"embeddable":true,"href":"https:\/\/bahiaeconomica.com.br\/wp\/wp-json\/wp\/v2\/comments?post=883502"}],"version-history":[{"count":1,"href":"https:\/\/bahiaeconomica.com.br\/wp\/wp-json\/wp\/v2\/posts\/883502\/revisions"}],"predecessor-version":[{"id":883504,"href":"https:\/\/bahiaeconomica.com.br\/wp\/wp-json\/wp\/v2\/posts\/883502\/revisions\/883504"}],"wp:featuredmedia":[{"embeddable":true,"href":"https:\/\/bahiaeconomica.com.br\/wp\/wp-json\/wp\/v2\/media\/883503"}],"wp:attachment":[{"href":"https:\/\/bahiaeconomica.com.br\/wp\/wp-json\/wp\/v2\/media?parent=883502"}],"wp:term":[{"taxonomy":"category","embeddable":true,"href":"https:\/\/bahiaeconomica.com.br\/wp\/wp-json\/wp\/v2\/categories?post=883502"},{"taxonomy":"post_tag","embeddable":true,"href":"https:\/\/bahiaeconomica.com.br\/wp\/wp-json\/wp\/v2\/tags?post=883502"}],"curies":[{"name":"wp","href":"https:\/\/api.w.org\/{rel}","templated":true}]}}