{"id":882605,"date":"2025-02-20T18:44:01","date_gmt":"2025-02-20T21:44:01","guid":{"rendered":"https:\/\/bahiaeconomica.com.br\/wp\/?p=882605"},"modified":"2025-02-20T18:44:30","modified_gmt":"2025-02-20T21:44:30","slug":"marta-rodrigues-sugere-acm-neto-algo-para-se-ocupar-como-oposicao-esta-raso-vazio-e-sem-lideranca","status":"publish","type":"post","link":"https:\/\/bahiaeconomica.com.br\/wp\/2025\/02\/20\/marta-rodrigues-sugere-acm-neto-algo-para-se-ocupar-como-oposicao-esta-raso-vazio-e-sem-lideranca\/","title":{"rendered":"MARTA RODRIGUES SUGERE ACM NETO ALGO PARA SE OCUPAR: \u201cCOMO OPOSI\u00c7\u00c3O, EST\u00c1 RASO, VAZIO E SEM LIDERAN\u00c7A\u201d"},"content":{"rendered":"<p>A vereadora Marta Rodrigues (PT) disse, nesta quinta-feira (20), que o prefeito ACM Neto est\u00e1 tentando se projetar na imprensa com cr\u00edticas infundadas e mal elaboradas sobre o governo de Jer\u00f4nimo numa n\u00edtida demonstra\u00e7\u00e3o de que sua figura est\u00e1 caindo no ostracismo.<\/p>\n<p>\u201cO ex-prefeito parece que est\u00e1 sem norte. Sequer consegue fazer uma oposi\u00e7\u00e3o saud\u00e1vel e fica insistindo num discurso prolixo e vazio sobre o governo. \u00c9 lament\u00e1vel at\u00e9 para a sanidade mental dele o fato de ainda n\u00e3o ter digerido a derrota que sofreu nas urnas\u201d, pontua Marta.<\/p>\n<p>Segundo a petista, o estilo arrogante do ex-prefeito o tornou uma \u2018persona non-grata\u2019 no meio pol\u00edtico.<\/p>\n<p>\u201cEle n\u00e3o tem propostas concretas para os problemas da Bahia. Tudo que ele fala tem pouca profundidade e o meio pol\u00edtico j\u00e1 parece ter percebido isso. N\u00e3o \u00e9 \u00e0 toa que o desabilitou a ser o l\u00edder da oposi\u00e7\u00e3o. Na trajet\u00f3ria, teve algo que ele aprendeu bem com o av\u00f4, que \u00e9 enxotar os aliados\u201d.<\/p>\n<p>Marta Rodrigues ressaltou, entretanto, que enquanto ACM Neto ainda brada sua derrota nas urnas e ataca de forma empobrecida a gest\u00e3o estadual, o governador Jer\u00f4nimo est\u00e1 percorrendo o estado para ver de perto os problemas do povo baiano e buscar solu\u00e7\u00f5es.<\/p>\n<p>Foto: Divulga\u00e7\u00e3o<\/p>\n","protected":false},"excerpt":{"rendered":"<p>A vereadora Marta Rodrigues (PT) disse, nesta quinta-feira (20), que o prefeito ACM Neto est\u00e1 tentando se projetar na imprensa com cr\u00edticas infundadas e mal elaboradas sobre o governo de Jer\u00f4nimo numa n\u00edtida demonstra\u00e7\u00e3o de que sua figura est\u00e1 caindo no ostracismo. \u201cO ex-prefeito parece que est\u00e1 sem norte. Sequer consegue fazer uma oposi\u00e7\u00e3o saud\u00e1vel [&hellip;]<\/p>\n","protected":false},"author":16,"featured_media":882609,"comment_status":"closed","ping_status":"closed","sticky":false,"template":"","format":"standard","meta":[],"categories":[14601],"tags":[167,7142,2503,142],"acf":[],"yoast_head":"<!-- This site is optimized with the Yoast SEO plugin v20.8 - https:\/\/yoast.com\/wordpress\/plugins\/seo\/ -->\n<title>MARTA RODRIGUES SUGERE ACM NETO ALGO PARA SE OCUPAR: \u201cCOMO OPOSI\u00c7\u00c3O, EST\u00c1 RASO, VAZIO E SEM LIDERAN\u00c7A\u201d - Bahia Economica<\/title>\n<meta name=\"description\" content=\"O maior portal de Economia da Bahia Pol\u00edtica Bahia Economica\" \/>\n<meta name=\"robots\" content=\"index, follow, max-snippet:-1, max-image-preview:large, max-video-preview:-1\" \/>\n<link rel=\"canonical\" href=\"https:\/\/bahiaeconomica.com.br\/wp\/2025\/02\/20\/marta-rodrigues-sugere-acm-neto-algo-para-se-ocupar-como-oposicao-esta-raso-vazio-e-sem-lideranca\/\" \/>\n<meta property=\"og:locale\" content=\"pt_BR\" \/>\n<meta property=\"og:type\" content=\"article\" \/>\n<meta property=\"og:title\" content=\"MARTA RODRIGUES SUGERE ACM NETO ALGO PARA SE OCUPAR: \u201cCOMO OPOSI\u00c7\u00c3O, EST\u00c1 RASO, VAZIO E SEM LIDERAN\u00c7A\u201d - Bahia Economica\" \/>\n<meta property=\"og:description\" content=\"O maior portal de Economia da Bahia Pol\u00edtica Bahia Economica\" \/>\n<meta property=\"og:url\" content=\"https:\/\/bahiaeconomica.com.br\/wp\/2025\/02\/20\/marta-rodrigues-sugere-acm-neto-algo-para-se-ocupar-como-oposicao-esta-raso-vazio-e-sem-lideranca\/\" \/>\n<meta property=\"og:site_name\" content=\"Bahia Economica\" \/>\n<meta property=\"article:publisher\" content=\"https:\/\/www.facebook.com\/bahiaeconomica\" \/>\n<meta property=\"article:published_time\" content=\"2025-02-20T21:44:01+00:00\" \/>\n<meta property=\"article:modified_time\" content=\"2025-02-20T21:44:30+00:00\" \/>\n<meta property=\"og:image\" content=\"https:\/\/bahiaeconomica.com.br\/wp\/wp-content\/uploads\/2025\/02\/WhatsApp-Image-2024-09-02-at-15.43.22-1.webp\" \/>\n\t<meta property=\"og:image:width\" content=\"1376\" \/>\n\t<meta property=\"og:image:height\" content=\"918\" \/>\n\t<meta property=\"og:image:type\" content=\"image\/webp\" \/>\n<meta name=\"author\" content=\"LUIZA NASCIMENTO\" \/>\n<meta name=\"twitter:card\" content=\"summary_large_image\" \/>\n<meta name=\"twitter:label1\" content=\"Escrito por\" \/>\n\t<meta name=\"twitter:data1\" content=\"LUIZA NASCIMENTO\" \/>\n\t<meta name=\"twitter:label2\" content=\"Est. tempo de leitura\" \/>\n\t<meta name=\"twitter:data2\" content=\"2 minutos\" \/>\n<script type=\"application\/ld+json\" class=\"yoast-schema-graph\">{\"@context\":\"https:\/\/schema.org\",\"@graph\":[{\"@type\":\"Article\",\"@id\":\"https:\/\/bahiaeconomica.com.br\/wp\/2025\/02\/20\/marta-rodrigues-sugere-acm-neto-algo-para-se-ocupar-como-oposicao-esta-raso-vazio-e-sem-lideranca\/#article\",\"isPartOf\":{\"@id\":\"https:\/\/bahiaeconomica.com.br\/wp\/2025\/02\/20\/marta-rodrigues-sugere-acm-neto-algo-para-se-ocupar-como-oposicao-esta-raso-vazio-e-sem-lideranca\/\"},\"author\":{\"name\":\"LUIZA NASCIMENTO\",\"@id\":\"https:\/\/bahiaeconomica.com.br\/wp\/#\/schema\/person\/18273ac0fe04bfd4e7b101bf17d40152\"},\"headline\":\"MARTA RODRIGUES SUGERE ACM NETO ALGO PARA SE OCUPAR: \u201cCOMO OPOSI\u00c7\u00c3O, EST\u00c1 RASO, VAZIO E SEM LIDERAN\u00c7A\u201d\",\"datePublished\":\"2025-02-20T21:44:01+00:00\",\"dateModified\":\"2025-02-20T21:44:30+00:00\",\"mainEntityOfPage\":{\"@id\":\"https:\/\/bahiaeconomica.com.br\/wp\/2025\/02\/20\/marta-rodrigues-sugere-acm-neto-algo-para-se-ocupar-como-oposicao-esta-raso-vazio-e-sem-lideranca\/\"},\"wordCount\":236,\"publisher\":{\"@id\":\"https:\/\/bahiaeconomica.com.br\/wp\/#organization\"},\"keywords\":[\"ACM Neto\",\"Marta Rodrigues\",\"oposicao\",\"PT\"],\"articleSection\":[\"Pol\u00edtica\"],\"inLanguage\":\"pt-BR\"},{\"@type\":\"WebPage\",\"@id\":\"https:\/\/bahiaeconomica.com.br\/wp\/2025\/02\/20\/marta-rodrigues-sugere-acm-neto-algo-para-se-ocupar-como-oposicao-esta-raso-vazio-e-sem-lideranca\/\",\"url\":\"https:\/\/bahiaeconomica.com.br\/wp\/2025\/02\/20\/marta-rodrigues-sugere-acm-neto-algo-para-se-ocupar-como-oposicao-esta-raso-vazio-e-sem-lideranca\/\",\"name\":\"MARTA RODRIGUES SUGERE ACM NETO ALGO PARA SE OCUPAR: \u201cCOMO OPOSI\u00c7\u00c3O, EST\u00c1 RASO, VAZIO E SEM LIDERAN\u00c7A\u201d - Bahia Economica\",\"isPartOf\":{\"@id\":\"https:\/\/bahiaeconomica.com.br\/wp\/#website\"},\"datePublished\":\"2025-02-20T21:44:01+00:00\",\"dateModified\":\"2025-02-20T21:44:30+00:00\",\"description\":\"O maior portal de Economia da Bahia Pol\u00edtica Bahia Economica\",\"breadcrumb\":{\"@id\":\"https:\/\/bahiaeconomica.com.br\/wp\/2025\/02\/20\/marta-rodrigues-sugere-acm-neto-algo-para-se-ocupar-como-oposicao-esta-raso-vazio-e-sem-lideranca\/#breadcrumb\"},\"inLanguage\":\"pt-BR\",\"potentialAction\":[{\"@type\":\"ReadAction\",\"target\":[\"https:\/\/bahiaeconomica.com.br\/wp\/2025\/02\/20\/marta-rodrigues-sugere-acm-neto-algo-para-se-ocupar-como-oposicao-esta-raso-vazio-e-sem-lideranca\/\"]}]},{\"@type\":\"BreadcrumbList\",\"@id\":\"https:\/\/bahiaeconomica.com.br\/wp\/2025\/02\/20\/marta-rodrigues-sugere-acm-neto-algo-para-se-ocupar-como-oposicao-esta-raso-vazio-e-sem-lideranca\/#breadcrumb\",\"itemListElement\":[{\"@type\":\"ListItem\",\"position\":1,\"name\":\"In\u00edcio\",\"item\":\"https:\/\/bahiaeconomica.com.br\/wp\/\"},{\"@type\":\"ListItem\",\"position\":2,\"name\":\"MARTA RODRIGUES SUGERE ACM NETO ALGO PARA SE OCUPAR: \u201cCOMO OPOSI\u00c7\u00c3O, EST\u00c1 RASO, VAZIO E SEM LIDERAN\u00c7A\u201d\"}]},{\"@type\":\"WebSite\",\"@id\":\"https:\/\/bahiaeconomica.com.br\/wp\/#website\",\"url\":\"https:\/\/bahiaeconomica.com.br\/wp\/\",\"name\":\"Bahia Economica\",\"description\":\"O maior portal de Economia da Bahia\",\"publisher\":{\"@id\":\"https:\/\/bahiaeconomica.com.br\/wp\/#organization\"},\"potentialAction\":[{\"@type\":\"SearchAction\",\"target\":{\"@type\":\"EntryPoint\",\"urlTemplate\":\"https:\/\/bahiaeconomica.com.br\/wp\/?s={search_term_string}\"},\"query-input\":\"required name=search_term_string\"}],\"inLanguage\":\"pt-BR\"},{\"@type\":\"Organization\",\"@id\":\"https:\/\/bahiaeconomica.com.br\/wp\/#organization\",\"name\":\"Bahia Econ\u00f4mica\",\"url\":\"https:\/\/bahiaeconomica.com.br\/wp\/\",\"logo\":{\"@type\":\"ImageObject\",\"inLanguage\":\"pt-BR\",\"@id\":\"https:\/\/bahiaeconomica.com.br\/wp\/#\/schema\/logo\/image\/\",\"url\":\"https:\/\/bahiaeconomica.com.br\/wp\/wp-content\/uploads\/2020\/12\/cropped-BE.png\",\"contentUrl\":\"https:\/\/bahiaeconomica.com.br\/wp\/wp-content\/uploads\/2020\/12\/cropped-BE.png\",\"width\":512,\"height\":512,\"caption\":\"Bahia Econ\u00f4mica\"},\"image\":{\"@id\":\"https:\/\/bahiaeconomica.com.br\/wp\/#\/schema\/logo\/image\/\"},\"sameAs\":[\"https:\/\/www.facebook.com\/bahiaeconomica\"]},{\"@type\":\"Person\",\"@id\":\"https:\/\/bahiaeconomica.com.br\/wp\/#\/schema\/person\/18273ac0fe04bfd4e7b101bf17d40152\",\"name\":\"LUIZA NASCIMENTO\",\"sameAs\":[\"http:\/\/www.bahiaeconomica.com.br\"],\"url\":\"https:\/\/bahiaeconomica.com.br\/wp\/author\/luiza-nascimento\/\"}]}<\/script>\n<!-- \/ Yoast SEO plugin. -->","yoast_head_json":{"title":"MARTA RODRIGUES SUGERE ACM NETO ALGO PARA SE OCUPAR: \u201cCOMO OPOSI\u00c7\u00c3O, EST\u00c1 RASO, VAZIO E SEM LIDERAN\u00c7A\u201d - Bahia Economica","description":"O maior portal de Economia da Bahia Pol\u00edtica Bahia Economica","robots":{"index":"index","follow":"follow","max-snippet":"max-snippet:-1","max-image-preview":"max-image-preview:large","max-video-preview":"max-video-preview:-1"},"canonical":"https:\/\/bahiaeconomica.com.br\/wp\/2025\/02\/20\/marta-rodrigues-sugere-acm-neto-algo-para-se-ocupar-como-oposicao-esta-raso-vazio-e-sem-lideranca\/","og_locale":"pt_BR","og_type":"article","og_title":"MARTA RODRIGUES SUGERE ACM NETO ALGO PARA SE OCUPAR: \u201cCOMO OPOSI\u00c7\u00c3O, EST\u00c1 RASO, VAZIO E SEM LIDERAN\u00c7A\u201d - Bahia Economica","og_description":"O maior portal de Economia da Bahia Pol\u00edtica Bahia Economica","og_url":"https:\/\/bahiaeconomica.com.br\/wp\/2025\/02\/20\/marta-rodrigues-sugere-acm-neto-algo-para-se-ocupar-como-oposicao-esta-raso-vazio-e-sem-lideranca\/","og_site_name":"Bahia Economica","article_publisher":"https:\/\/www.facebook.com\/bahiaeconomica","article_published_time":"2025-02-20T21:44:01+00:00","article_modified_time":"2025-02-20T21:44:30+00:00","og_image":[{"width":1376,"height":918,"url":"https:\/\/bahiaeconomica.com.br\/wp\/wp-content\/uploads\/2025\/02\/WhatsApp-Image-2024-09-02-at-15.43.22-1.webp","type":"image\/webp"}],"author":"LUIZA NASCIMENTO","twitter_card":"summary_large_image","twitter_misc":{"Escrito por":"LUIZA NASCIMENTO","Est. tempo de leitura":"2 minutos"},"schema":{"@context":"https:\/\/schema.org","@graph":[{"@type":"Article","@id":"https:\/\/bahiaeconomica.com.br\/wp\/2025\/02\/20\/marta-rodrigues-sugere-acm-neto-algo-para-se-ocupar-como-oposicao-esta-raso-vazio-e-sem-lideranca\/#article","isPartOf":{"@id":"https:\/\/bahiaeconomica.com.br\/wp\/2025\/02\/20\/marta-rodrigues-sugere-acm-neto-algo-para-se-ocupar-como-oposicao-esta-raso-vazio-e-sem-lideranca\/"},"author":{"name":"LUIZA NASCIMENTO","@id":"https:\/\/bahiaeconomica.com.br\/wp\/#\/schema\/person\/18273ac0fe04bfd4e7b101bf17d40152"},"headline":"MARTA RODRIGUES SUGERE ACM NETO ALGO PARA SE OCUPAR: \u201cCOMO OPOSI\u00c7\u00c3O, EST\u00c1 RASO, VAZIO E SEM LIDERAN\u00c7A\u201d","datePublished":"2025-02-20T21:44:01+00:00","dateModified":"2025-02-20T21:44:30+00:00","mainEntityOfPage":{"@id":"https:\/\/bahiaeconomica.com.br\/wp\/2025\/02\/20\/marta-rodrigues-sugere-acm-neto-algo-para-se-ocupar-como-oposicao-esta-raso-vazio-e-sem-lideranca\/"},"wordCount":236,"publisher":{"@id":"https:\/\/bahiaeconomica.com.br\/wp\/#organization"},"keywords":["ACM Neto","Marta Rodrigues","oposicao","PT"],"articleSection":["Pol\u00edtica"],"inLanguage":"pt-BR"},{"@type":"WebPage","@id":"https:\/\/bahiaeconomica.com.br\/wp\/2025\/02\/20\/marta-rodrigues-sugere-acm-neto-algo-para-se-ocupar-como-oposicao-esta-raso-vazio-e-sem-lideranca\/","url":"https:\/\/bahiaeconomica.com.br\/wp\/2025\/02\/20\/marta-rodrigues-sugere-acm-neto-algo-para-se-ocupar-como-oposicao-esta-raso-vazio-e-sem-lideranca\/","name":"MARTA RODRIGUES SUGERE ACM NETO ALGO PARA SE OCUPAR: \u201cCOMO OPOSI\u00c7\u00c3O, EST\u00c1 RASO, VAZIO E SEM LIDERAN\u00c7A\u201d - Bahia Economica","isPartOf":{"@id":"https:\/\/bahiaeconomica.com.br\/wp\/#website"},"datePublished":"2025-02-20T21:44:01+00:00","dateModified":"2025-02-20T21:44:30+00:00","description":"O maior portal de Economia da Bahia Pol\u00edtica Bahia Economica","breadcrumb":{"@id":"https:\/\/bahiaeconomica.com.br\/wp\/2025\/02\/20\/marta-rodrigues-sugere-acm-neto-algo-para-se-ocupar-como-oposicao-esta-raso-vazio-e-sem-lideranca\/#breadcrumb"},"inLanguage":"pt-BR","potentialAction":[{"@type":"ReadAction","target":["https:\/\/bahiaeconomica.com.br\/wp\/2025\/02\/20\/marta-rodrigues-sugere-acm-neto-algo-para-se-ocupar-como-oposicao-esta-raso-vazio-e-sem-lideranca\/"]}]},{"@type":"BreadcrumbList","@id":"https:\/\/bahiaeconomica.com.br\/wp\/2025\/02\/20\/marta-rodrigues-sugere-acm-neto-algo-para-se-ocupar-como-oposicao-esta-raso-vazio-e-sem-lideranca\/#breadcrumb","itemListElement":[{"@type":"ListItem","position":1,"name":"In\u00edcio","item":"https:\/\/bahiaeconomica.com.br\/wp\/"},{"@type":"ListItem","position":2,"name":"MARTA RODRIGUES SUGERE ACM NETO ALGO PARA SE OCUPAR: \u201cCOMO OPOSI\u00c7\u00c3O, EST\u00c1 RASO, VAZIO E SEM LIDERAN\u00c7A\u201d"}]},{"@type":"WebSite","@id":"https:\/\/bahiaeconomica.com.br\/wp\/#website","url":"https:\/\/bahiaeconomica.com.br\/wp\/","name":"Bahia Economica","description":"O maior portal de Economia da Bahia","publisher":{"@id":"https:\/\/bahiaeconomica.com.br\/wp\/#organization"},"potentialAction":[{"@type":"SearchAction","target":{"@type":"EntryPoint","urlTemplate":"https:\/\/bahiaeconomica.com.br\/wp\/?s={search_term_string}"},"query-input":"required name=search_term_string"}],"inLanguage":"pt-BR"},{"@type":"Organization","@id":"https:\/\/bahiaeconomica.com.br\/wp\/#organization","name":"Bahia Econ\u00f4mica","url":"https:\/\/bahiaeconomica.com.br\/wp\/","logo":{"@type":"ImageObject","inLanguage":"pt-BR","@id":"https:\/\/bahiaeconomica.com.br\/wp\/#\/schema\/logo\/image\/","url":"https:\/\/bahiaeconomica.com.br\/wp\/wp-content\/uploads\/2020\/12\/cropped-BE.png","contentUrl":"https:\/\/bahiaeconomica.com.br\/wp\/wp-content\/uploads\/2020\/12\/cropped-BE.png","width":512,"height":512,"caption":"Bahia Econ\u00f4mica"},"image":{"@id":"https:\/\/bahiaeconomica.com.br\/wp\/#\/schema\/logo\/image\/"},"sameAs":["https:\/\/www.facebook.com\/bahiaeconomica"]},{"@type":"Person","@id":"https:\/\/bahiaeconomica.com.br\/wp\/#\/schema\/person\/18273ac0fe04bfd4e7b101bf17d40152","name":"LUIZA NASCIMENTO","sameAs":["http:\/\/www.bahiaeconomica.com.br"],"url":"https:\/\/bahiaeconomica.com.br\/wp\/author\/luiza-nascimento\/"}]}},"views":13,"_links":{"self":[{"href":"https:\/\/bahiaeconomica.com.br\/wp\/wp-json\/wp\/v2\/posts\/882605"}],"collection":[{"href":"https:\/\/bahiaeconomica.com.br\/wp\/wp-json\/wp\/v2\/posts"}],"about":[{"href":"https:\/\/bahiaeconomica.com.br\/wp\/wp-json\/wp\/v2\/types\/post"}],"author":[{"embeddable":true,"href":"https:\/\/bahiaeconomica.com.br\/wp\/wp-json\/wp\/v2\/users\/16"}],"replies":[{"embeddable":true,"href":"https:\/\/bahiaeconomica.com.br\/wp\/wp-json\/wp\/v2\/comments?post=882605"}],"version-history":[{"count":1,"href":"https:\/\/bahiaeconomica.com.br\/wp\/wp-json\/wp\/v2\/posts\/882605\/revisions"}],"predecessor-version":[{"id":882612,"href":"https:\/\/bahiaeconomica.com.br\/wp\/wp-json\/wp\/v2\/posts\/882605\/revisions\/882612"}],"wp:featuredmedia":[{"embeddable":true,"href":"https:\/\/bahiaeconomica.com.br\/wp\/wp-json\/wp\/v2\/media\/882609"}],"wp:attachment":[{"href":"https:\/\/bahiaeconomica.com.br\/wp\/wp-json\/wp\/v2\/media?parent=882605"}],"wp:term":[{"taxonomy":"category","embeddable":true,"href":"https:\/\/bahiaeconomica.com.br\/wp\/wp-json\/wp\/v2\/categories?post=882605"},{"taxonomy":"post_tag","embeddable":true,"href":"https:\/\/bahiaeconomica.com.br\/wp\/wp-json\/wp\/v2\/tags?post=882605"}],"curies":[{"name":"wp","href":"https:\/\/api.w.org\/{rel}","templated":true}]}}