{"id":882392,"date":"2025-02-20T10:20:52","date_gmt":"2025-02-20T13:20:52","guid":{"rendered":"https:\/\/bahiaeconomica.com.br\/wp\/?p=882392"},"modified":"2025-02-20T10:28:09","modified_gmt":"2025-02-20T13:28:09","slug":"shopping-barra-funciona-todos-os-dias-do-carnaval-com-horarios-especiais","status":"publish","type":"post","link":"https:\/\/bahiaeconomica.com.br\/wp\/2025\/02\/20\/shopping-barra-funciona-todos-os-dias-do-carnaval-com-horarios-especiais\/","title":{"rendered":"SHOPPING BARRA FUNCIONA TODOS OS DIAS DO CARNAVAL COM HOR\u00c1RIOS ESPECIAIS"},"content":{"rendered":"<p>O Shopping Barra, o mais carnavalesco da cidade, j\u00e1 est\u00e1 no clima da maior festa popular do planeta. Entre os dias 26 de fevereiro e 05 de mar\u00e7o, o Shopping, localizado em pleno circuito Dod\u00f4 (Barra-Ondina), funciona em hor\u00e1rios especiais para receber baianos e turistas que escolhem Salvador para dan\u00e7ar e brincar muito atr\u00e1s do trio el\u00e9trico.<\/p>\n<p>As lojas, restaurantes, fast food e espa\u00e7os de lazer e divers\u00e3o entram no ritmo da festa, com direito a muita anima\u00e7\u00e3o, confetes e serpentinas. S\u00e3o op\u00e7\u00f5es perfeitas para um passeio em fam\u00edlia e amigos, com direito a pausas para aproveitar as del\u00edcias gastron\u00f4micas do Barra Gourmet; ou ainda reabastecer as energias entre as atra\u00e7\u00f5es mais esperadas do badalado circuito, saboreando as diversas op\u00e7\u00f5es de card\u00e1pio da pra\u00e7a de alimenta\u00e7\u00e3o, que funcionam diariamente.<\/p>\n<p>As lojas abrem tamb\u00e9m em hor\u00e1rios diferenciados, garantindo aos moradores, foli\u00f5es e turistas que se encontram na regi\u00e3o uma comodidade a mais, al\u00e9m de atenderem sempre os desejos de \u00faltima hora dos carnavalescos. Quem nunca precisou de um item a mais para finalizar o look em grande estilo? Como aquela purpurina que faz toda a diferen\u00e7a para chegar na folia momesca com todo brilho e alegria.<\/p>\n<p>Durante o Carnaval, \u00e9 poss\u00edvel ainda aproveitar toda a infraestrutura acolhedora que o Shopping Barra oferece, com atra\u00e7\u00f5es para a garotada, como o parque Bambuzal (L4 Leste), Planeta Imagin\u00e1rio (L3 Oeste), Clubinho (L1 Norte), Piticas, Mini Cars e Cinema (L4 Norte). Por falar em cinema, os dias de folga s\u00e3o ideais para assistir aos filmes que est\u00e3o em cartaz e preparar a pipoca para a grande noite de gala do Oscar 2025. A premia\u00e7\u00e3o internacional est\u00e1 agendada para o domingo (02), com direito \u00e0 torcida pela produ\u00e7\u00e3o nacional \u201cAinda Estou Aqui\u201d e pela atriz brasileira Fernanda Torres.<\/p>\n<p>Para maior conforto dos foli\u00f5es e demais visitantes, ap\u00f3s o hor\u00e1rio de funcionamento do Shopping, o estacionamento opera sob o comando do Grupo Helix. Os bilhetes s\u00e3o comercializados presencialmente, a partir desta quinta-feira (20), das 11h \u00e0s 20h, no estacionamento Deckpar 1 e 3. E a partir do dia 27 de fevereiro, as vendas presenciais ser\u00e3o transferidas para as vias de acesso. \u00c9 poss\u00edvel ainda comprar os bilhetes diretamente no aplicativo Valeti (dispon\u00edvel para os sistemas Android e iOS). Ap\u00f3s a compra, um QR Code \u00e9 gerado para a libera\u00e7\u00e3o na barreira da Transalvador. A di\u00e1ria do estacionamento custa R$ 80, com pacotes de tr\u00eas di\u00e1rias por R$ 75 por dia e, a partir de quatro di\u00e1rias, R$ 70 por dia.<\/p>\n<p>&nbsp;<\/p>\n<p>Confira abaixo todos os hor\u00e1rios de funcionamento do Shopping Barra no per\u00edodo de Carnaval!<\/p>\n<p>&nbsp;<\/p>\n<p>Quarta-feira, 26 de fevereiro<\/p>\n<p>Lojas \u2013 Funcionamento das 9h \u00e0s 20h<\/p>\n<p>Pra\u00e7a de Alimenta\u00e7\u00e3o \/ fast food \u2013 das 9h \u00e0s 20h<\/p>\n<p>Barra Gourmet, Madero, Mamma Jamma, Santiago Culin\u00e1ria Ib\u00e9rica \u2013 a partir das 12h<\/p>\n<p>Cinema &#8211; Consulte a programa\u00e7\u00e3o no site: http:\/\/orientcinemas.com.br.<\/p>\n<p>&nbsp;<\/p>\n<p>Quinta-feira, 27 de fevereiro<\/p>\n<p>Lojas \u2013 Funcionamento das 9h \u00e0s 16h<\/p>\n<p>Pra\u00e7a de Alimenta\u00e7\u00e3o \/ fast food \u2013 das 9h \u00e0s 19h<\/p>\n<p>Barra Gourmet, Madero, Mamma Jamma, Santiago Culin\u00e1ria Ib\u00e9rica \u2013 das 12h \u00e0s 19h<\/p>\n<p>Cinema &#8211; Consulte a programa\u00e7\u00e3o no site: http:\/\/orientcinemas.com.br.<\/p>\n<p>&nbsp;<\/p>\n<p>Sexta-feira, 28 de fevereiro<\/p>\n<p>Lojas \u2013 Funcionamento das 9h \u00e0s 15h<\/p>\n<p>Pra\u00e7a de Alimenta\u00e7\u00e3o \/ fast food \u2013 das 9h \u00e0s 19h<\/p>\n<p>Barra Gourmet, Madero, Mamma Jamma, Santiago Culin\u00e1ria Ib\u00e9rica \u2013 das 12h \u00e0s 19h<\/p>\n<p>Cinema &#8211; Consulte a programa\u00e7\u00e3o no site: http:\/\/orientcinemas.com.br.<\/p>\n<p>&nbsp;<\/p>\n<p>S\u00e1bado, 01 de mar\u00e7o<\/p>\n<p>Lojas \u2013 Funcionamento das 9h \u00e0s 14h<\/p>\n<p>Pra\u00e7a de Alimenta\u00e7\u00e3o \/ fast food \u2013 das 9h \u00e0s 19h<\/p>\n<p>Barra Gourmet, Madero, Mamma Jamma, Santiago Culin\u00e1ria Ib\u00e9rica \u2013 Funcionam das 12h \u00e0s 19h<\/p>\n<p>Cinema &#8211; Consulte a programa\u00e7\u00e3o no site: http:\/\/orientcinemas.com.br.<\/p>\n<p>&nbsp;<\/p>\n<p>Domingo, 02 de mar\u00e7o<\/p>\n<p>Lojas \u2013 Fechadas<\/p>\n<p>Pra\u00e7a de Alimenta\u00e7\u00e3o \/ fast food \u2013 das 12h \u00e0s 19h<\/p>\n<p>Barra Gourmet, Madero, Mamma Jamma, Santiago Culin\u00e1ria Ib\u00e9rica \u2013 Funcionam das 12h \u00e0s 19h<\/p>\n<p>Cinema &#8211; Consulte a programa\u00e7\u00e3o no site: http:\/\/orientcinemas.com.br.<\/p>\n<p>&nbsp;<\/p>\n<p>Segunda-feira, 03 de mar\u00e7o<\/p>\n<p>Lojas \u2013 Fechadas<\/p>\n<p>Pra\u00e7a de Alimenta\u00e7\u00e3o \/ fast food \u2013 das 12h \u00e0s 19h<\/p>\n<p>Barra Gourmet, Madero, Mamma Jamma, Santiago Culin\u00e1ria Ib\u00e9rica \u2013 Funcionam das 12h \u00e0s 19h<\/p>\n<p>Cinema &#8211; Consulte a programa\u00e7\u00e3o no site: http:\/\/orientcinemas.com.br.<\/p>\n<p>&nbsp;<\/p>\n<p>Ter\u00e7a-feira, 04 de mar\u00e7o<\/p>\n<p>Lojas \u2013 Fechadas<\/p>\n<p>Pra\u00e7a de Alimenta\u00e7\u00e3o \/ fast food \u2013 das 12h \u00e0s 19h<\/p>\n<p>Barra Gourmet, Madero, Mamma Jamma, Santiago Culin\u00e1ria Ib\u00e9rica \u2013 Funcionam das 12h \u00e0s 19h<\/p>\n<p>Cinema &#8211; Consulte a programa\u00e7\u00e3o no site: http:\/\/orientcinemas.com.br.<\/p>\n<p>&nbsp;<\/p>\n<p>Quarta-feira, 05 de mar\u00e7o<\/p>\n<p>Lojas \u2013 Funcionam das 12h \u00e0s 22h<\/p>\n<p>Pra\u00e7a de Alimenta\u00e7\u00e3o \/ fast food \u2013 Funciona das 12h \u00e0s 22h<\/p>\n<p>Barra Gourmet, Madero, Mamma Jamma, Santiago Culin\u00e1ria Ib\u00e9rica \u2013 A partir das 12h<\/p>\n<p>Cinema &#8211; Consulte a programa\u00e7\u00e3o no site: http:\/\/orientcinemas.com.br<\/p>\n<p>&nbsp;<\/p>\n<p>Imagem: Divulga\u00e7\u00e3o Shopping Barra.<\/p>\n","protected":false},"excerpt":{"rendered":"<p>O Shopping Barra, o mais carnavalesco da cidade, j\u00e1 est\u00e1 no clima da maior festa popular do planeta. Entre os dias 26 de fevereiro e 05 de mar\u00e7o, o Shopping, localizado em pleno circuito Dod\u00f4 (Barra-Ondina), funciona em hor\u00e1rios especiais para receber baianos e turistas que escolhem Salvador para dan\u00e7ar e brincar muito atr\u00e1s do [&hellip;]<\/p>\n","protected":false},"author":8,"featured_media":882393,"comment_status":"closed","ping_status":"closed","sticky":false,"template":"","format":"standard","meta":[],"categories":[5],"tags":[760,100,936],"acf":[],"yoast_head":"<!-- This site is optimized with the Yoast SEO plugin v20.8 - https:\/\/yoast.com\/wordpress\/plugins\/seo\/ -->\n<title>SHOPPING BARRA FUNCIONA TODOS OS DIAS DO CARNAVAL COM HOR\u00c1RIOS ESPECIAIS - Bahia Economica<\/title>\n<meta name=\"description\" content=\"O maior portal de Economia da Bahia MUNIC\u00cdPIOS Bahia Economica Barra Gourmet, Madero, Mamma Jamma, Santiago Culin\u00e1ria Ib\u00e9rica \u2013 A partir das 12h\" \/>\n<meta name=\"robots\" content=\"index, follow, max-snippet:-1, max-image-preview:large, max-video-preview:-1\" \/>\n<link rel=\"canonical\" href=\"https:\/\/bahiaeconomica.com.br\/wp\/2025\/02\/20\/shopping-barra-funciona-todos-os-dias-do-carnaval-com-horarios-especiais\/\" \/>\n<meta property=\"og:locale\" content=\"pt_BR\" \/>\n<meta property=\"og:type\" content=\"article\" \/>\n<meta property=\"og:title\" content=\"SHOPPING BARRA FUNCIONA TODOS OS DIAS DO CARNAVAL COM HOR\u00c1RIOS ESPECIAIS - Bahia Economica\" \/>\n<meta property=\"og:description\" content=\"O maior portal de Economia da Bahia MUNIC\u00cdPIOS Bahia Economica Barra Gourmet, Madero, Mamma Jamma, Santiago Culin\u00e1ria Ib\u00e9rica \u2013 A partir das 12h\" \/>\n<meta property=\"og:url\" content=\"https:\/\/bahiaeconomica.com.br\/wp\/2025\/02\/20\/shopping-barra-funciona-todos-os-dias-do-carnaval-com-horarios-especiais\/\" \/>\n<meta property=\"og:site_name\" content=\"Bahia Economica\" \/>\n<meta property=\"article:publisher\" content=\"https:\/\/www.facebook.com\/bahiaeconomica\" \/>\n<meta property=\"article:published_time\" content=\"2025-02-20T13:20:52+00:00\" \/>\n<meta property=\"article:modified_time\" content=\"2025-02-20T13:28:09+00:00\" \/>\n<meta property=\"og:image\" content=\"https:\/\/bahiaeconomica.com.br\/wp\/wp-content\/uploads\/2025\/02\/WhatsApp-Image-2025-02-20-at-10.12.01.jpeg\" \/>\n\t<meta property=\"og:image:width\" content=\"969\" \/>\n\t<meta property=\"og:image:height\" content=\"653\" \/>\n\t<meta property=\"og:image:type\" content=\"image\/jpeg\" \/>\n<meta name=\"author\" content=\"JP\" \/>\n<meta name=\"twitter:card\" content=\"summary_large_image\" \/>\n<meta name=\"twitter:label1\" content=\"Escrito por\" \/>\n\t<meta name=\"twitter:data1\" content=\"JP\" \/>\n\t<meta name=\"twitter:label2\" content=\"Est. tempo de leitura\" \/>\n\t<meta name=\"twitter:data2\" content=\"5 minutos\" \/>\n<script type=\"application\/ld+json\" class=\"yoast-schema-graph\">{\"@context\":\"https:\/\/schema.org\",\"@graph\":[{\"@type\":\"Article\",\"@id\":\"https:\/\/bahiaeconomica.com.br\/wp\/2025\/02\/20\/shopping-barra-funciona-todos-os-dias-do-carnaval-com-horarios-especiais\/#article\",\"isPartOf\":{\"@id\":\"https:\/\/bahiaeconomica.com.br\/wp\/2025\/02\/20\/shopping-barra-funciona-todos-os-dias-do-carnaval-com-horarios-especiais\/\"},\"author\":{\"name\":\"JP\",\"@id\":\"https:\/\/bahiaeconomica.com.br\/wp\/#\/schema\/person\/c86d3a3f8960425a0f9d0e5245991f4e\"},\"headline\":\"SHOPPING BARRA FUNCIONA TODOS OS DIAS DO CARNAVAL COM HOR\u00c1RIOS ESPECIAIS\",\"datePublished\":\"2025-02-20T13:20:52+00:00\",\"dateModified\":\"2025-02-20T13:28:09+00:00\",\"mainEntityOfPage\":{\"@id\":\"https:\/\/bahiaeconomica.com.br\/wp\/2025\/02\/20\/shopping-barra-funciona-todos-os-dias-do-carnaval-com-horarios-especiais\/\"},\"wordCount\":853,\"publisher\":{\"@id\":\"https:\/\/bahiaeconomica.com.br\/wp\/#organization\"},\"keywords\":[\"Barra\",\"Pol\u00edtica\",\"shopping\"],\"articleSection\":[\"MUNIC\u00cdPIOS\"],\"inLanguage\":\"pt-BR\"},{\"@type\":\"WebPage\",\"@id\":\"https:\/\/bahiaeconomica.com.br\/wp\/2025\/02\/20\/shopping-barra-funciona-todos-os-dias-do-carnaval-com-horarios-especiais\/\",\"url\":\"https:\/\/bahiaeconomica.com.br\/wp\/2025\/02\/20\/shopping-barra-funciona-todos-os-dias-do-carnaval-com-horarios-especiais\/\",\"name\":\"SHOPPING BARRA FUNCIONA TODOS OS DIAS DO CARNAVAL COM HOR\u00c1RIOS ESPECIAIS - Bahia Economica\",\"isPartOf\":{\"@id\":\"https:\/\/bahiaeconomica.com.br\/wp\/#website\"},\"datePublished\":\"2025-02-20T13:20:52+00:00\",\"dateModified\":\"2025-02-20T13:28:09+00:00\",\"description\":\"O maior portal de Economia da Bahia MUNIC\u00cdPIOS Bahia Economica Barra Gourmet, Madero, Mamma Jamma, Santiago Culin\u00e1ria Ib\u00e9rica \u2013 A partir das 12h\",\"breadcrumb\":{\"@id\":\"https:\/\/bahiaeconomica.com.br\/wp\/2025\/02\/20\/shopping-barra-funciona-todos-os-dias-do-carnaval-com-horarios-especiais\/#breadcrumb\"},\"inLanguage\":\"pt-BR\",\"potentialAction\":[{\"@type\":\"ReadAction\",\"target\":[\"https:\/\/bahiaeconomica.com.br\/wp\/2025\/02\/20\/shopping-barra-funciona-todos-os-dias-do-carnaval-com-horarios-especiais\/\"]}]},{\"@type\":\"BreadcrumbList\",\"@id\":\"https:\/\/bahiaeconomica.com.br\/wp\/2025\/02\/20\/shopping-barra-funciona-todos-os-dias-do-carnaval-com-horarios-especiais\/#breadcrumb\",\"itemListElement\":[{\"@type\":\"ListItem\",\"position\":1,\"name\":\"In\u00edcio\",\"item\":\"https:\/\/bahiaeconomica.com.br\/wp\/\"},{\"@type\":\"ListItem\",\"position\":2,\"name\":\"SHOPPING BARRA FUNCIONA TODOS OS DIAS DO CARNAVAL COM HOR\u00c1RIOS ESPECIAIS\"}]},{\"@type\":\"WebSite\",\"@id\":\"https:\/\/bahiaeconomica.com.br\/wp\/#website\",\"url\":\"https:\/\/bahiaeconomica.com.br\/wp\/\",\"name\":\"Bahia Economica\",\"description\":\"O maior portal de Economia da Bahia\",\"publisher\":{\"@id\":\"https:\/\/bahiaeconomica.com.br\/wp\/#organization\"},\"potentialAction\":[{\"@type\":\"SearchAction\",\"target\":{\"@type\":\"EntryPoint\",\"urlTemplate\":\"https:\/\/bahiaeconomica.com.br\/wp\/?s={search_term_string}\"},\"query-input\":\"required name=search_term_string\"}],\"inLanguage\":\"pt-BR\"},{\"@type\":\"Organization\",\"@id\":\"https:\/\/bahiaeconomica.com.br\/wp\/#organization\",\"name\":\"Bahia Econ\u00f4mica\",\"url\":\"https:\/\/bahiaeconomica.com.br\/wp\/\",\"logo\":{\"@type\":\"ImageObject\",\"inLanguage\":\"pt-BR\",\"@id\":\"https:\/\/bahiaeconomica.com.br\/wp\/#\/schema\/logo\/image\/\",\"url\":\"https:\/\/bahiaeconomica.com.br\/wp\/wp-content\/uploads\/2020\/12\/cropped-BE.png\",\"contentUrl\":\"https:\/\/bahiaeconomica.com.br\/wp\/wp-content\/uploads\/2020\/12\/cropped-BE.png\",\"width\":512,\"height\":512,\"caption\":\"Bahia Econ\u00f4mica\"},\"image\":{\"@id\":\"https:\/\/bahiaeconomica.com.br\/wp\/#\/schema\/logo\/image\/\"},\"sameAs\":[\"https:\/\/www.facebook.com\/bahiaeconomica\"]},{\"@type\":\"Person\",\"@id\":\"https:\/\/bahiaeconomica.com.br\/wp\/#\/schema\/person\/c86d3a3f8960425a0f9d0e5245991f4e\",\"name\":\"JP\",\"sameAs\":[\"https:\/\/bahiaeconomica.com.br\/wp\/beta\/\"],\"url\":\"https:\/\/bahiaeconomica.com.br\/wp\/author\/jp\/\"}]}<\/script>\n<!-- \/ Yoast SEO plugin. -->","yoast_head_json":{"title":"SHOPPING BARRA FUNCIONA TODOS OS DIAS DO CARNAVAL COM HOR\u00c1RIOS ESPECIAIS - Bahia Economica","description":"O maior portal de Economia da Bahia MUNIC\u00cdPIOS Bahia Economica Barra Gourmet, Madero, Mamma Jamma, Santiago Culin\u00e1ria Ib\u00e9rica \u2013 A partir das 12h","robots":{"index":"index","follow":"follow","max-snippet":"max-snippet:-1","max-image-preview":"max-image-preview:large","max-video-preview":"max-video-preview:-1"},"canonical":"https:\/\/bahiaeconomica.com.br\/wp\/2025\/02\/20\/shopping-barra-funciona-todos-os-dias-do-carnaval-com-horarios-especiais\/","og_locale":"pt_BR","og_type":"article","og_title":"SHOPPING BARRA FUNCIONA TODOS OS DIAS DO CARNAVAL COM HOR\u00c1RIOS ESPECIAIS - Bahia Economica","og_description":"O maior portal de Economia da Bahia MUNIC\u00cdPIOS Bahia Economica Barra Gourmet, Madero, Mamma Jamma, Santiago Culin\u00e1ria Ib\u00e9rica \u2013 A partir das 12h","og_url":"https:\/\/bahiaeconomica.com.br\/wp\/2025\/02\/20\/shopping-barra-funciona-todos-os-dias-do-carnaval-com-horarios-especiais\/","og_site_name":"Bahia Economica","article_publisher":"https:\/\/www.facebook.com\/bahiaeconomica","article_published_time":"2025-02-20T13:20:52+00:00","article_modified_time":"2025-02-20T13:28:09+00:00","og_image":[{"width":969,"height":653,"url":"https:\/\/bahiaeconomica.com.br\/wp\/wp-content\/uploads\/2025\/02\/WhatsApp-Image-2025-02-20-at-10.12.01.jpeg","type":"image\/jpeg"}],"author":"JP","twitter_card":"summary_large_image","twitter_misc":{"Escrito por":"JP","Est. tempo de leitura":"5 minutos"},"schema":{"@context":"https:\/\/schema.org","@graph":[{"@type":"Article","@id":"https:\/\/bahiaeconomica.com.br\/wp\/2025\/02\/20\/shopping-barra-funciona-todos-os-dias-do-carnaval-com-horarios-especiais\/#article","isPartOf":{"@id":"https:\/\/bahiaeconomica.com.br\/wp\/2025\/02\/20\/shopping-barra-funciona-todos-os-dias-do-carnaval-com-horarios-especiais\/"},"author":{"name":"JP","@id":"https:\/\/bahiaeconomica.com.br\/wp\/#\/schema\/person\/c86d3a3f8960425a0f9d0e5245991f4e"},"headline":"SHOPPING BARRA FUNCIONA TODOS OS DIAS DO CARNAVAL COM HOR\u00c1RIOS ESPECIAIS","datePublished":"2025-02-20T13:20:52+00:00","dateModified":"2025-02-20T13:28:09+00:00","mainEntityOfPage":{"@id":"https:\/\/bahiaeconomica.com.br\/wp\/2025\/02\/20\/shopping-barra-funciona-todos-os-dias-do-carnaval-com-horarios-especiais\/"},"wordCount":853,"publisher":{"@id":"https:\/\/bahiaeconomica.com.br\/wp\/#organization"},"keywords":["Barra","Pol\u00edtica","shopping"],"articleSection":["MUNIC\u00cdPIOS"],"inLanguage":"pt-BR"},{"@type":"WebPage","@id":"https:\/\/bahiaeconomica.com.br\/wp\/2025\/02\/20\/shopping-barra-funciona-todos-os-dias-do-carnaval-com-horarios-especiais\/","url":"https:\/\/bahiaeconomica.com.br\/wp\/2025\/02\/20\/shopping-barra-funciona-todos-os-dias-do-carnaval-com-horarios-especiais\/","name":"SHOPPING BARRA FUNCIONA TODOS OS DIAS DO CARNAVAL COM HOR\u00c1RIOS ESPECIAIS - Bahia Economica","isPartOf":{"@id":"https:\/\/bahiaeconomica.com.br\/wp\/#website"},"datePublished":"2025-02-20T13:20:52+00:00","dateModified":"2025-02-20T13:28:09+00:00","description":"O maior portal de Economia da Bahia MUNIC\u00cdPIOS Bahia Economica Barra Gourmet, Madero, Mamma Jamma, Santiago Culin\u00e1ria Ib\u00e9rica \u2013 A partir das 12h","breadcrumb":{"@id":"https:\/\/bahiaeconomica.com.br\/wp\/2025\/02\/20\/shopping-barra-funciona-todos-os-dias-do-carnaval-com-horarios-especiais\/#breadcrumb"},"inLanguage":"pt-BR","potentialAction":[{"@type":"ReadAction","target":["https:\/\/bahiaeconomica.com.br\/wp\/2025\/02\/20\/shopping-barra-funciona-todos-os-dias-do-carnaval-com-horarios-especiais\/"]}]},{"@type":"BreadcrumbList","@id":"https:\/\/bahiaeconomica.com.br\/wp\/2025\/02\/20\/shopping-barra-funciona-todos-os-dias-do-carnaval-com-horarios-especiais\/#breadcrumb","itemListElement":[{"@type":"ListItem","position":1,"name":"In\u00edcio","item":"https:\/\/bahiaeconomica.com.br\/wp\/"},{"@type":"ListItem","position":2,"name":"SHOPPING BARRA FUNCIONA TODOS OS DIAS DO CARNAVAL COM HOR\u00c1RIOS ESPECIAIS"}]},{"@type":"WebSite","@id":"https:\/\/bahiaeconomica.com.br\/wp\/#website","url":"https:\/\/bahiaeconomica.com.br\/wp\/","name":"Bahia Economica","description":"O maior portal de Economia da Bahia","publisher":{"@id":"https:\/\/bahiaeconomica.com.br\/wp\/#organization"},"potentialAction":[{"@type":"SearchAction","target":{"@type":"EntryPoint","urlTemplate":"https:\/\/bahiaeconomica.com.br\/wp\/?s={search_term_string}"},"query-input":"required name=search_term_string"}],"inLanguage":"pt-BR"},{"@type":"Organization","@id":"https:\/\/bahiaeconomica.com.br\/wp\/#organization","name":"Bahia Econ\u00f4mica","url":"https:\/\/bahiaeconomica.com.br\/wp\/","logo":{"@type":"ImageObject","inLanguage":"pt-BR","@id":"https:\/\/bahiaeconomica.com.br\/wp\/#\/schema\/logo\/image\/","url":"https:\/\/bahiaeconomica.com.br\/wp\/wp-content\/uploads\/2020\/12\/cropped-BE.png","contentUrl":"https:\/\/bahiaeconomica.com.br\/wp\/wp-content\/uploads\/2020\/12\/cropped-BE.png","width":512,"height":512,"caption":"Bahia Econ\u00f4mica"},"image":{"@id":"https:\/\/bahiaeconomica.com.br\/wp\/#\/schema\/logo\/image\/"},"sameAs":["https:\/\/www.facebook.com\/bahiaeconomica"]},{"@type":"Person","@id":"https:\/\/bahiaeconomica.com.br\/wp\/#\/schema\/person\/c86d3a3f8960425a0f9d0e5245991f4e","name":"JP","sameAs":["https:\/\/bahiaeconomica.com.br\/wp\/beta\/"],"url":"https:\/\/bahiaeconomica.com.br\/wp\/author\/jp\/"}]}},"views":4711,"_links":{"self":[{"href":"https:\/\/bahiaeconomica.com.br\/wp\/wp-json\/wp\/v2\/posts\/882392"}],"collection":[{"href":"https:\/\/bahiaeconomica.com.br\/wp\/wp-json\/wp\/v2\/posts"}],"about":[{"href":"https:\/\/bahiaeconomica.com.br\/wp\/wp-json\/wp\/v2\/types\/post"}],"author":[{"embeddable":true,"href":"https:\/\/bahiaeconomica.com.br\/wp\/wp-json\/wp\/v2\/users\/8"}],"replies":[{"embeddable":true,"href":"https:\/\/bahiaeconomica.com.br\/wp\/wp-json\/wp\/v2\/comments?post=882392"}],"version-history":[{"count":1,"href":"https:\/\/bahiaeconomica.com.br\/wp\/wp-json\/wp\/v2\/posts\/882392\/revisions"}],"predecessor-version":[{"id":882394,"href":"https:\/\/bahiaeconomica.com.br\/wp\/wp-json\/wp\/v2\/posts\/882392\/revisions\/882394"}],"wp:featuredmedia":[{"embeddable":true,"href":"https:\/\/bahiaeconomica.com.br\/wp\/wp-json\/wp\/v2\/media\/882393"}],"wp:attachment":[{"href":"https:\/\/bahiaeconomica.com.br\/wp\/wp-json\/wp\/v2\/media?parent=882392"}],"wp:term":[{"taxonomy":"category","embeddable":true,"href":"https:\/\/bahiaeconomica.com.br\/wp\/wp-json\/wp\/v2\/categories?post=882392"},{"taxonomy":"post_tag","embeddable":true,"href":"https:\/\/bahiaeconomica.com.br\/wp\/wp-json\/wp\/v2\/tags?post=882392"}],"curies":[{"name":"wp","href":"https:\/\/api.w.org\/{rel}","templated":true}]}}