{"id":881817,"date":"2025-02-18T16:45:27","date_gmt":"2025-02-18T19:45:27","guid":{"rendered":"https:\/\/bahiaeconomica.com.br\/wp\/?p=881817"},"modified":"2025-02-18T16:24:51","modified_gmt":"2025-02-18T19:24:51","slug":"rede-sac-amplia-atendimento-com-foco-nos-mais-vulneraveis","status":"publish","type":"post","link":"https:\/\/bahiaeconomica.com.br\/wp\/2025\/02\/18\/rede-sac-amplia-atendimento-com-foco-nos-mais-vulneraveis\/","title":{"rendered":"REDE SAC AMPLIA ATENDIMENTO COM FOCO NOS MAIS VULNER\u00c1VEIS"},"content":{"rendered":"<p>Em 2024, a Rede SAC realizou seis milh\u00f5es de atendimentos, o que significa um acr\u00e9scimo de 8,1% em rela\u00e7\u00e3o ao ano anterior. Os atendimentos nos pontos SAC e nas unidades do SAC M\u00f3vel foram os que mais cresceram, com varia\u00e7\u00f5es positivas de 19,7% e 17,9%. A expans\u00e3o nas unidades m\u00f3veis \u2013 que percorreram 147 munic\u00edpios s\u00f3 no ano passado &#8211; e nos pontos SAC \u2013 que atendem principalmente as cidades menores &#8211; demonstram o esfor\u00e7o da Rede em garantir que seus servi\u00e7os cheguem cada vez mais \u00e0s popula\u00e7\u00f5es distantes dos centros urbanos. A esta tend\u00eancia, soma-se uma s\u00e9rie de iniciativas que v\u00eam sendo implementadas para atender aos grupos mais vulner\u00e1veis, de benefici\u00e1rios de programas sociais a quilombolas, catadores e v\u00edtimas de emerg\u00eancias clim\u00e1ticas.<\/p>\n<p>De acordo com a diretora operacional da SAC, Nilza Rios, a atua\u00e7\u00e3o da Rede atende a uma diretriz estrat\u00e9gica. &#8220;Nosso compromisso tem sido cada vez mais n\u00e3o apenas em aprimorar, de forma cont\u00ednua, a qualidade do nosso atendimento, como tamb\u00e9m promover inclus\u00e3o social&#8221;, ressalta a diretora.<\/p>\n<p>Uma das principais a\u00e7\u00f5es nesse sentido foi a inclus\u00e3o no SAC M\u00f3vel de servi\u00e7os do Cadastro \u00danico (Cad\u00danico), que serve de porta de entrada para diversos programas sociais, como Bolsa Fam\u00edlia, Aux\u00edlio G\u00e1s e Minha Casa Minha Vida. S\u00f3 de junho a dezembro do ano passado, as carretas &#8211; que circulam nas pequenas localidades da Bahia, \u2013 prestaram mais de 6,7 mil servi\u00e7os relacionados ao Cad\u00danico.<\/p>\n<p>&#8220;A iniciativa trouxe ganhos para a popula\u00e7\u00e3o de baixa renda que reside em pequenas localidades, j\u00e1 que para muitos deles os custos de deslocamento podem representar um verdadeiro impeditivo \u00e0 cidadania&#8221;, explica Nilza. O sucesso da iniciativa foi tanto que no in\u00edcio deste ano as secretarias da Administra\u00e7\u00e3o (Saeb) e de Assist\u00eancia e Desenvolvimento Social (Seades), assinaram um termo de coopera\u00e7\u00e3o t\u00e9cnica que permitiu ampliar o pacote de servi\u00e7os do Cad\u00danico dispon\u00edveis no SAC M\u00f3vel.<\/p>\n<p>Outra linha de atua\u00e7\u00e3o que beneficia diretamente a popula\u00e7\u00e3o de baixa renda e que vem sendo aprimorada pela Rede SAC \u00e9 o apoio aos grupos atingidos por emerg\u00eancias clim\u00e1ticas. Entre o final de janeiro e o in\u00edcio de fevereiro deste ano, quando forte chuvas levaram o munic\u00edpio de Bom Jesus da Lapa a uma situa\u00e7\u00e3o de calamidade p\u00fablica, a Rede SAC, em parceria com o Instituto de Identidade Pedro Melo (IIPL), dedicou-se por 13 dias a oferecer suporte \u00e0s pessoas que perderam seus documentos de identidade.<\/p>\n<p>Uma novidade desta a\u00e7\u00e3o \u00e9 que, antes mesmo da chegada da carreta do SAC M\u00f3vel, uma equipe itinerante realizou todo um trabalho de acolhimento, triagem e orienta\u00e7\u00e3o para as pessoas atingidas. O objetivo da iniciativa \u2013 que envolveu at\u00e9 a realiza\u00e7\u00e3o de um mutir\u00e3o com o cart\u00f3rio municipal \u2013 foi garantir que, na chegada da carreta, todos estivessem com suas certid\u00f5es de nascimento regulares e em m\u00e3os, j\u00e1 que s\u00e3o documentos essenciais para a emiss\u00e3o da Carteira de Identidade Nacional. No total, foram feitos 1.723 atendimentos.<\/p>\n<p>Popula\u00e7\u00f5es historicamente marginalizadas, como quilombolas e ind\u00edgenas, tamb\u00e9m t\u00eam sido alvo priorit\u00e1rio de a\u00e7\u00f5es da Rede SAC. Em fevereiro do ano passado \u2013 numa outra mobiliza\u00e7\u00e3o em prol de comunidades afetadas por temporais, desta vez nas cidades de Muquem de S\u00e3o Francisco e Wanderley &#8211; o SAC M\u00f3vel prestou mais de mil atendimentos a quilombolas. Em julho, foi a vez dos quilombolas do Porto de Tr\u00e1s, em Itacar\u00e9, receberem a unidade itinerante, que executou 845 atendimentos. J\u00e1 em novembro a carreta marcou presen\u00e7a no Acampamento Terra Livre Bahia (ATL), na \u00e1rea externa da Assembleia Legislativa, em Salvador, permitindo a emiss\u00e3o de 680 carteiras de identidade para ind\u00edgenas.<\/p>\n<p>Outro grupo vulner\u00e1vel que tem recebido especial aten\u00e7\u00e3o da Rede s\u00e3o os catadores de materiais recicl\u00e1veis. Desde o ano passado, a SAC passou a integrar o Comit\u00ea Executivo para Inclus\u00e3o Socioecon\u00f4mica de Catadoras e Catadores de Materiais Reutiliz\u00e1veis e Recicl\u00e1veis, respons\u00e1vel pelo programa Recicle Mais Bahia, do governo do Estado. Como resultado, a Rede passou a oferecer atendimento especial para os integrantes de cooperativas de catadores e seus familiares, que tiveram acesso facilitado \u00e0 emiss\u00e3o da Carteira de Identidade Nacional (CIN).<\/p>\n<p>Foto: Rafael MartinsGOVBA.jpg<\/p>\n","protected":false},"excerpt":{"rendered":"<p>Em 2024, a Rede SAC realizou seis milh\u00f5es de atendimentos, o que significa um acr\u00e9scimo de 8,1% em rela\u00e7\u00e3o ao ano anterior. Os atendimentos nos pontos SAC e nas unidades do SAC M\u00f3vel foram os que mais cresceram, com varia\u00e7\u00f5es positivas de 19,7% e 17,9%. A expans\u00e3o nas unidades m\u00f3veis \u2013 que percorreram 147 munic\u00edpios [&hellip;]<\/p>\n","protected":false},"author":15,"featured_media":881819,"comment_status":"closed","ping_status":"closed","sticky":false,"template":"","format":"standard","meta":[],"categories":[5],"tags":[2076,2218,15233],"acf":[],"yoast_head":"<!-- This site is optimized with the Yoast SEO plugin v20.8 - https:\/\/yoast.com\/wordpress\/plugins\/seo\/ -->\n<title>REDE SAC AMPLIA ATENDIMENTO COM FOCO NOS MAIS VULNER\u00c1VEIS - Bahia Economica<\/title>\n<meta name=\"description\" content=\"O maior portal de Economia da Bahia MUNIC\u00cdPIOS Bahia Economica Em 2024, a Rede SAC realizou seis milh\u00f5es de atendimentos,\" \/>\n<meta name=\"robots\" content=\"index, follow, max-snippet:-1, max-image-preview:large, max-video-preview:-1\" \/>\n<link rel=\"canonical\" href=\"https:\/\/bahiaeconomica.com.br\/wp\/2025\/02\/18\/rede-sac-amplia-atendimento-com-foco-nos-mais-vulneraveis\/\" \/>\n<meta property=\"og:locale\" content=\"pt_BR\" \/>\n<meta property=\"og:type\" content=\"article\" \/>\n<meta property=\"og:title\" content=\"REDE SAC AMPLIA ATENDIMENTO COM FOCO NOS MAIS VULNER\u00c1VEIS - Bahia Economica\" \/>\n<meta property=\"og:description\" content=\"O maior portal de Economia da Bahia MUNIC\u00cdPIOS Bahia Economica Em 2024, a Rede SAC realizou seis milh\u00f5es de atendimentos,\" \/>\n<meta property=\"og:url\" content=\"https:\/\/bahiaeconomica.com.br\/wp\/2025\/02\/18\/rede-sac-amplia-atendimento-com-foco-nos-mais-vulneraveis\/\" \/>\n<meta property=\"og:site_name\" content=\"Bahia Economica\" \/>\n<meta property=\"article:publisher\" content=\"https:\/\/www.facebook.com\/bahiaeconomica\" \/>\n<meta property=\"article:published_time\" content=\"2025-02-18T19:45:27+00:00\" \/>\n<meta property=\"article:modified_time\" content=\"2025-02-18T19:24:51+00:00\" \/>\n<meta property=\"og:image\" content=\"https:\/\/bahiaeconomica.com.br\/wp\/wp-content\/uploads\/2025\/02\/Rafael-MartinsGOVBA-1.jpg\" \/>\n\t<meta property=\"og:image:width\" content=\"2048\" \/>\n\t<meta property=\"og:image:height\" content=\"1365\" \/>\n\t<meta property=\"og:image:type\" content=\"image\/jpeg\" \/>\n<meta name=\"author\" content=\"VICTORIA ISABEL\" \/>\n<meta name=\"twitter:card\" content=\"summary_large_image\" \/>\n<meta name=\"twitter:label1\" content=\"Escrito por\" \/>\n\t<meta name=\"twitter:data1\" content=\"VICTORIA ISABEL\" \/>\n\t<meta name=\"twitter:label2\" content=\"Est. tempo de leitura\" \/>\n\t<meta name=\"twitter:data2\" content=\"4 minutos\" \/>\n<script type=\"application\/ld+json\" class=\"yoast-schema-graph\">{\"@context\":\"https:\/\/schema.org\",\"@graph\":[{\"@type\":\"Article\",\"@id\":\"https:\/\/bahiaeconomica.com.br\/wp\/2025\/02\/18\/rede-sac-amplia-atendimento-com-foco-nos-mais-vulneraveis\/#article\",\"isPartOf\":{\"@id\":\"https:\/\/bahiaeconomica.com.br\/wp\/2025\/02\/18\/rede-sac-amplia-atendimento-com-foco-nos-mais-vulneraveis\/\"},\"author\":{\"name\":\"VICTORIA ISABEL\",\"@id\":\"https:\/\/bahiaeconomica.com.br\/wp\/#\/schema\/person\/b719ce0fb1c09f3c7a00d9243ced4a6f\"},\"headline\":\"REDE SAC AMPLIA ATENDIMENTO COM FOCO NOS MAIS VULNER\u00c1VEIS\",\"datePublished\":\"2025-02-18T19:45:27+00:00\",\"dateModified\":\"2025-02-18T19:24:51+00:00\",\"mainEntityOfPage\":{\"@id\":\"https:\/\/bahiaeconomica.com.br\/wp\/2025\/02\/18\/rede-sac-amplia-atendimento-com-foco-nos-mais-vulneraveis\/\"},\"wordCount\":750,\"publisher\":{\"@id\":\"https:\/\/bahiaeconomica.com.br\/wp\/#organization\"},\"keywords\":[\"amplia\u00e7\u00e3o\",\"atendimento\",\"REDE SAC\"],\"articleSection\":[\"MUNIC\u00cdPIOS\"],\"inLanguage\":\"pt-BR\"},{\"@type\":\"WebPage\",\"@id\":\"https:\/\/bahiaeconomica.com.br\/wp\/2025\/02\/18\/rede-sac-amplia-atendimento-com-foco-nos-mais-vulneraveis\/\",\"url\":\"https:\/\/bahiaeconomica.com.br\/wp\/2025\/02\/18\/rede-sac-amplia-atendimento-com-foco-nos-mais-vulneraveis\/\",\"name\":\"REDE SAC AMPLIA ATENDIMENTO COM FOCO NOS MAIS VULNER\u00c1VEIS - Bahia Economica\",\"isPartOf\":{\"@id\":\"https:\/\/bahiaeconomica.com.br\/wp\/#website\"},\"datePublished\":\"2025-02-18T19:45:27+00:00\",\"dateModified\":\"2025-02-18T19:24:51+00:00\",\"description\":\"O maior portal de Economia da Bahia MUNIC\u00cdPIOS Bahia Economica Em 2024, a Rede SAC realizou seis milh\u00f5es de atendimentos,\",\"breadcrumb\":{\"@id\":\"https:\/\/bahiaeconomica.com.br\/wp\/2025\/02\/18\/rede-sac-amplia-atendimento-com-foco-nos-mais-vulneraveis\/#breadcrumb\"},\"inLanguage\":\"pt-BR\",\"potentialAction\":[{\"@type\":\"ReadAction\",\"target\":[\"https:\/\/bahiaeconomica.com.br\/wp\/2025\/02\/18\/rede-sac-amplia-atendimento-com-foco-nos-mais-vulneraveis\/\"]}]},{\"@type\":\"BreadcrumbList\",\"@id\":\"https:\/\/bahiaeconomica.com.br\/wp\/2025\/02\/18\/rede-sac-amplia-atendimento-com-foco-nos-mais-vulneraveis\/#breadcrumb\",\"itemListElement\":[{\"@type\":\"ListItem\",\"position\":1,\"name\":\"In\u00edcio\",\"item\":\"https:\/\/bahiaeconomica.com.br\/wp\/\"},{\"@type\":\"ListItem\",\"position\":2,\"name\":\"REDE SAC AMPLIA ATENDIMENTO COM FOCO NOS MAIS VULNER\u00c1VEIS\"}]},{\"@type\":\"WebSite\",\"@id\":\"https:\/\/bahiaeconomica.com.br\/wp\/#website\",\"url\":\"https:\/\/bahiaeconomica.com.br\/wp\/\",\"name\":\"Bahia Economica\",\"description\":\"O maior portal de Economia da Bahia\",\"publisher\":{\"@id\":\"https:\/\/bahiaeconomica.com.br\/wp\/#organization\"},\"potentialAction\":[{\"@type\":\"SearchAction\",\"target\":{\"@type\":\"EntryPoint\",\"urlTemplate\":\"https:\/\/bahiaeconomica.com.br\/wp\/?s={search_term_string}\"},\"query-input\":\"required name=search_term_string\"}],\"inLanguage\":\"pt-BR\"},{\"@type\":\"Organization\",\"@id\":\"https:\/\/bahiaeconomica.com.br\/wp\/#organization\",\"name\":\"Bahia Econ\u00f4mica\",\"url\":\"https:\/\/bahiaeconomica.com.br\/wp\/\",\"logo\":{\"@type\":\"ImageObject\",\"inLanguage\":\"pt-BR\",\"@id\":\"https:\/\/bahiaeconomica.com.br\/wp\/#\/schema\/logo\/image\/\",\"url\":\"https:\/\/bahiaeconomica.com.br\/wp\/wp-content\/uploads\/2020\/12\/cropped-BE.png\",\"contentUrl\":\"https:\/\/bahiaeconomica.com.br\/wp\/wp-content\/uploads\/2020\/12\/cropped-BE.png\",\"width\":512,\"height\":512,\"caption\":\"Bahia Econ\u00f4mica\"},\"image\":{\"@id\":\"https:\/\/bahiaeconomica.com.br\/wp\/#\/schema\/logo\/image\/\"},\"sameAs\":[\"https:\/\/www.facebook.com\/bahiaeconomica\"]},{\"@type\":\"Person\",\"@id\":\"https:\/\/bahiaeconomica.com.br\/wp\/#\/schema\/person\/b719ce0fb1c09f3c7a00d9243ced4a6f\",\"name\":\"VICTORIA ISABEL\",\"sameAs\":[\"http:\/\/www.bahiaeconomica.com.br\"],\"url\":\"https:\/\/bahiaeconomica.com.br\/wp\/author\/victoria-isabel\/\"}]}<\/script>\n<!-- \/ Yoast SEO plugin. -->","yoast_head_json":{"title":"REDE SAC AMPLIA ATENDIMENTO COM FOCO NOS MAIS VULNER\u00c1VEIS - Bahia Economica","description":"O maior portal de Economia da Bahia MUNIC\u00cdPIOS Bahia Economica Em 2024, a Rede SAC realizou seis milh\u00f5es de atendimentos,","robots":{"index":"index","follow":"follow","max-snippet":"max-snippet:-1","max-image-preview":"max-image-preview:large","max-video-preview":"max-video-preview:-1"},"canonical":"https:\/\/bahiaeconomica.com.br\/wp\/2025\/02\/18\/rede-sac-amplia-atendimento-com-foco-nos-mais-vulneraveis\/","og_locale":"pt_BR","og_type":"article","og_title":"REDE SAC AMPLIA ATENDIMENTO COM FOCO NOS MAIS VULNER\u00c1VEIS - Bahia Economica","og_description":"O maior portal de Economia da Bahia MUNIC\u00cdPIOS Bahia Economica Em 2024, a Rede SAC realizou seis milh\u00f5es de atendimentos,","og_url":"https:\/\/bahiaeconomica.com.br\/wp\/2025\/02\/18\/rede-sac-amplia-atendimento-com-foco-nos-mais-vulneraveis\/","og_site_name":"Bahia Economica","article_publisher":"https:\/\/www.facebook.com\/bahiaeconomica","article_published_time":"2025-02-18T19:45:27+00:00","article_modified_time":"2025-02-18T19:24:51+00:00","og_image":[{"width":2048,"height":1365,"url":"https:\/\/bahiaeconomica.com.br\/wp\/wp-content\/uploads\/2025\/02\/Rafael-MartinsGOVBA-1.jpg","type":"image\/jpeg"}],"author":"VICTORIA ISABEL","twitter_card":"summary_large_image","twitter_misc":{"Escrito por":"VICTORIA ISABEL","Est. tempo de leitura":"4 minutos"},"schema":{"@context":"https:\/\/schema.org","@graph":[{"@type":"Article","@id":"https:\/\/bahiaeconomica.com.br\/wp\/2025\/02\/18\/rede-sac-amplia-atendimento-com-foco-nos-mais-vulneraveis\/#article","isPartOf":{"@id":"https:\/\/bahiaeconomica.com.br\/wp\/2025\/02\/18\/rede-sac-amplia-atendimento-com-foco-nos-mais-vulneraveis\/"},"author":{"name":"VICTORIA ISABEL","@id":"https:\/\/bahiaeconomica.com.br\/wp\/#\/schema\/person\/b719ce0fb1c09f3c7a00d9243ced4a6f"},"headline":"REDE SAC AMPLIA ATENDIMENTO COM FOCO NOS MAIS VULNER\u00c1VEIS","datePublished":"2025-02-18T19:45:27+00:00","dateModified":"2025-02-18T19:24:51+00:00","mainEntityOfPage":{"@id":"https:\/\/bahiaeconomica.com.br\/wp\/2025\/02\/18\/rede-sac-amplia-atendimento-com-foco-nos-mais-vulneraveis\/"},"wordCount":750,"publisher":{"@id":"https:\/\/bahiaeconomica.com.br\/wp\/#organization"},"keywords":["amplia\u00e7\u00e3o","atendimento","REDE SAC"],"articleSection":["MUNIC\u00cdPIOS"],"inLanguage":"pt-BR"},{"@type":"WebPage","@id":"https:\/\/bahiaeconomica.com.br\/wp\/2025\/02\/18\/rede-sac-amplia-atendimento-com-foco-nos-mais-vulneraveis\/","url":"https:\/\/bahiaeconomica.com.br\/wp\/2025\/02\/18\/rede-sac-amplia-atendimento-com-foco-nos-mais-vulneraveis\/","name":"REDE SAC AMPLIA ATENDIMENTO COM FOCO NOS MAIS VULNER\u00c1VEIS - Bahia Economica","isPartOf":{"@id":"https:\/\/bahiaeconomica.com.br\/wp\/#website"},"datePublished":"2025-02-18T19:45:27+00:00","dateModified":"2025-02-18T19:24:51+00:00","description":"O maior portal de Economia da Bahia MUNIC\u00cdPIOS Bahia Economica Em 2024, a Rede SAC realizou seis milh\u00f5es de atendimentos,","breadcrumb":{"@id":"https:\/\/bahiaeconomica.com.br\/wp\/2025\/02\/18\/rede-sac-amplia-atendimento-com-foco-nos-mais-vulneraveis\/#breadcrumb"},"inLanguage":"pt-BR","potentialAction":[{"@type":"ReadAction","target":["https:\/\/bahiaeconomica.com.br\/wp\/2025\/02\/18\/rede-sac-amplia-atendimento-com-foco-nos-mais-vulneraveis\/"]}]},{"@type":"BreadcrumbList","@id":"https:\/\/bahiaeconomica.com.br\/wp\/2025\/02\/18\/rede-sac-amplia-atendimento-com-foco-nos-mais-vulneraveis\/#breadcrumb","itemListElement":[{"@type":"ListItem","position":1,"name":"In\u00edcio","item":"https:\/\/bahiaeconomica.com.br\/wp\/"},{"@type":"ListItem","position":2,"name":"REDE SAC AMPLIA ATENDIMENTO COM FOCO NOS MAIS VULNER\u00c1VEIS"}]},{"@type":"WebSite","@id":"https:\/\/bahiaeconomica.com.br\/wp\/#website","url":"https:\/\/bahiaeconomica.com.br\/wp\/","name":"Bahia Economica","description":"O maior portal de Economia da Bahia","publisher":{"@id":"https:\/\/bahiaeconomica.com.br\/wp\/#organization"},"potentialAction":[{"@type":"SearchAction","target":{"@type":"EntryPoint","urlTemplate":"https:\/\/bahiaeconomica.com.br\/wp\/?s={search_term_string}"},"query-input":"required name=search_term_string"}],"inLanguage":"pt-BR"},{"@type":"Organization","@id":"https:\/\/bahiaeconomica.com.br\/wp\/#organization","name":"Bahia Econ\u00f4mica","url":"https:\/\/bahiaeconomica.com.br\/wp\/","logo":{"@type":"ImageObject","inLanguage":"pt-BR","@id":"https:\/\/bahiaeconomica.com.br\/wp\/#\/schema\/logo\/image\/","url":"https:\/\/bahiaeconomica.com.br\/wp\/wp-content\/uploads\/2020\/12\/cropped-BE.png","contentUrl":"https:\/\/bahiaeconomica.com.br\/wp\/wp-content\/uploads\/2020\/12\/cropped-BE.png","width":512,"height":512,"caption":"Bahia Econ\u00f4mica"},"image":{"@id":"https:\/\/bahiaeconomica.com.br\/wp\/#\/schema\/logo\/image\/"},"sameAs":["https:\/\/www.facebook.com\/bahiaeconomica"]},{"@type":"Person","@id":"https:\/\/bahiaeconomica.com.br\/wp\/#\/schema\/person\/b719ce0fb1c09f3c7a00d9243ced4a6f","name":"VICTORIA ISABEL","sameAs":["http:\/\/www.bahiaeconomica.com.br"],"url":"https:\/\/bahiaeconomica.com.br\/wp\/author\/victoria-isabel\/"}]}},"views":5,"_links":{"self":[{"href":"https:\/\/bahiaeconomica.com.br\/wp\/wp-json\/wp\/v2\/posts\/881817"}],"collection":[{"href":"https:\/\/bahiaeconomica.com.br\/wp\/wp-json\/wp\/v2\/posts"}],"about":[{"href":"https:\/\/bahiaeconomica.com.br\/wp\/wp-json\/wp\/v2\/types\/post"}],"author":[{"embeddable":true,"href":"https:\/\/bahiaeconomica.com.br\/wp\/wp-json\/wp\/v2\/users\/15"}],"replies":[{"embeddable":true,"href":"https:\/\/bahiaeconomica.com.br\/wp\/wp-json\/wp\/v2\/comments?post=881817"}],"version-history":[{"count":1,"href":"https:\/\/bahiaeconomica.com.br\/wp\/wp-json\/wp\/v2\/posts\/881817\/revisions"}],"predecessor-version":[{"id":881821,"href":"https:\/\/bahiaeconomica.com.br\/wp\/wp-json\/wp\/v2\/posts\/881817\/revisions\/881821"}],"wp:featuredmedia":[{"embeddable":true,"href":"https:\/\/bahiaeconomica.com.br\/wp\/wp-json\/wp\/v2\/media\/881819"}],"wp:attachment":[{"href":"https:\/\/bahiaeconomica.com.br\/wp\/wp-json\/wp\/v2\/media?parent=881817"}],"wp:term":[{"taxonomy":"category","embeddable":true,"href":"https:\/\/bahiaeconomica.com.br\/wp\/wp-json\/wp\/v2\/categories?post=881817"},{"taxonomy":"post_tag","embeddable":true,"href":"https:\/\/bahiaeconomica.com.br\/wp\/wp-json\/wp\/v2\/tags?post=881817"}],"curies":[{"name":"wp","href":"https:\/\/api.w.org\/{rel}","templated":true}]}}