{"id":881728,"date":"2025-02-18T13:20:54","date_gmt":"2025-02-18T16:20:54","guid":{"rendered":"https:\/\/bahiaeconomica.com.br\/wp\/?p=881728"},"modified":"2025-02-18T14:20:14","modified_gmt":"2025-02-18T17:20:14","slug":"vereador-destaca-avancos-da-nova-gestao-durante-abertura-dos-trabalhos-legislativos-em-camacari","status":"publish","type":"post","link":"https:\/\/bahiaeconomica.com.br\/wp\/2025\/02\/18\/vereador-destaca-avancos-da-nova-gestao-durante-abertura-dos-trabalhos-legislativos-em-camacari\/","title":{"rendered":"VEREADOR DESTACA AVAN\u00c7OS DA NOVA GEST\u00c3O DURANTE ABERTURA DOS TRABALHOS LEGISLATIVOS EM CAMA\u00c7ARI"},"content":{"rendered":"<p>&nbsp;<\/p>\n<p>Durante abertura dos trabalhos legislativos com a leitura da mensagem do prefeito Luiz Caetano (PT), no Plen\u00e1rio Osvaldo Nogueira, na manh\u00e3 de hoje (18), o vereador Dilson Magalh\u00e3es (PP) destacou a import\u00e2ncia deste novo momento para o munic\u00edpio, ressaltando os avan\u00e7os j\u00e1 registrados nesses primeiros 48 dias de gest\u00e3o.<\/p>\n<p>\u201cEstou acompanhando de perto as a\u00e7\u00f5es do Executivo e posso afirmar que Cama\u00e7ari voltou a funcionar. A cidade j\u00e1 sente a diferen\u00e7a de uma gest\u00e3o comprometida com as pessoas, com os servi\u00e7os p\u00fablicos e com o bem-estar da nossa popula\u00e7\u00e3o\u201d, afirmou Magalh\u00e3es.<\/p>\n<p>Segundo o vereador, na \u00e1rea da educa\u00e7\u00e3o, a nova gest\u00e3o iniciou um di\u00e1logo aberto com os professores, honrando compromissos que a administra\u00e7\u00e3o anterior deixou pendentes, como o pagamento do ter\u00e7o de f\u00e9rias da categoria. Al\u00e9m disso, foi concedido um aumento linear para os docentes e iniciada a reforma de quase 30% das unidades escolares, que estavam em condi\u00e7\u00f5es prec\u00e1rias.<\/p>\n<p>Na sa\u00fade, Dilson destacou o esfor\u00e7o da Prefeitura para garantir um atendimento digno \u00e0 popula\u00e7\u00e3o. Em menos de dois meses, a gest\u00e3o Caetano reabriu a UPA da Nova Alian\u00e7a, colocou m\u00e9dicos nos postos de sa\u00fade e garantiu o abastecimento das farm\u00e1cias populares, garantindo que os cidad\u00e3os tenham acesso aos medicamentos essenciais.<\/p>\n<p>Outro ponto enfatizado pelo vereador foi o trabalho intensivo na infraestrutura da cidade. A Prefeitura vem atuando na recupera\u00e7\u00e3o e limpeza dos canais, enfrentando os problemas de drenagem urbana e minimizando os impactos causados pelas chuvas. Al\u00e9m disso, a Defesa Civil passou a operar em regime de plant\u00e3o 24 horas, garantindo uma resposta r\u00e1pida e eficiente para ocorr\u00eancias emergenciais.<\/p>\n<p>Dilson tamb\u00e9m comemorou a retomada do pagamento dos sal\u00e1rios dos servidores no \u00faltimo dia do m\u00eas, algo que era uma reivindica\u00e7\u00e3o antiga do funcionalismo p\u00fablico. Durante a gest\u00e3o passada, os sal\u00e1rios eram pagos at\u00e9 o quinto dia \u00fatil do m\u00eas subsequente, gerando inseguran\u00e7a financeira para os trabalhadores.<\/p>\n<p>Dilson Magalh\u00e3es ressaltou seu compromisso em colaborar com o prefeito Luiz Caetano, ajudando a destravar o or\u00e7amento municipal na C\u00e2mara, que havia sido travado pela antiga gest\u00e3o na \u00faltima sess\u00e3o de 2024. \u201cO objetivo \u00e9 garantir que os servi\u00e7os p\u00fablicos funcionem plenamente, especialmente nas \u00e1reas essenciais, como sa\u00fade e educa\u00e7\u00e3o. O que Cama\u00e7ari precisa agora \u00e9 de trabalho e compromisso com a popula\u00e7\u00e3o\u201d, afirmou.<\/p>\n<p>O vereador tamb\u00e9m celebrou a oportunidade de exercer seu terceiro mandato, dando continuidade ao legado do seu pai, Dilson Magalh\u00e3es, que foi vereador por quatro mandatos. \u201c\u00c9 uma grande satisfa\u00e7\u00e3o estar aqui mais uma vez, representando o povo de Cama\u00e7ari. Ser reconduzido a esta Casa \u00e9 o reconhecimento de um trabalho s\u00e9rio e comprometido com as pessoas\u201d, disse.<\/p>\n<p>Dilson finalizou destacando o clima de alinhamento entre os poderes Executivo e Legislativo. \u201cMe sinto acolhido e contemplado por fazer parte dessa mudan\u00e7a que est\u00e1 sendo implementada pelo governo Luiz Caetano. O prefeito j\u00e1 realizou reuni\u00f5es importantes com vereadores e secret\u00e1rios, promovendo um di\u00e1logo amplo, n\u00e3o apenas com os parlamentares da base, mas com toda a C\u00e2mara, pelo bem do munic\u00edpio. Agora \u00e9 uma nova hist\u00f3ria para Cama\u00e7ari\u201d, concluiu.<\/p>\n<p>Foto: Taiz Souza<\/p>\n","protected":false},"excerpt":{"rendered":"<p>&nbsp; Durante abertura dos trabalhos legislativos com a leitura da mensagem do prefeito Luiz Caetano (PT), no Plen\u00e1rio Osvaldo Nogueira, na manh\u00e3 de hoje (18), o vereador Dilson Magalh\u00e3es (PP) destacou a import\u00e2ncia deste novo momento para o munic\u00edpio, ressaltando os avan\u00e7os j\u00e1 registrados nesses primeiros 48 dias de gest\u00e3o. \u201cEstou acompanhando de perto as [&hellip;]<\/p>\n","protected":false},"author":8,"featured_media":881729,"comment_status":"closed","ping_status":"closed","sticky":false,"template":"","format":"standard","meta":[],"categories":[5,14601],"tags":[1176,858,36939],"acf":[],"yoast_head":"<!-- This site is optimized with the Yoast SEO plugin v20.8 - https:\/\/yoast.com\/wordpress\/plugins\/seo\/ -->\n<title>VEREADOR DESTACA AVAN\u00c7OS DA NOVA GEST\u00c3O DURANTE ABERTURA DOS TRABALHOS LEGISLATIVOS EM CAMA\u00c7ARI - Bahia Economica<\/title>\n<meta name=\"description\" content=\"O maior portal de Economia da Bahia MUNIC\u00cdPIOS, Pol\u00edtica Bahia Economica Dilson Magalh\u00e3es ressaltou seu compromisso em colaborar com o prefeito Luiz\" \/>\n<meta name=\"robots\" content=\"index, follow, max-snippet:-1, max-image-preview:large, max-video-preview:-1\" \/>\n<link rel=\"canonical\" href=\"https:\/\/bahiaeconomica.com.br\/wp\/2025\/02\/18\/vereador-destaca-avancos-da-nova-gestao-durante-abertura-dos-trabalhos-legislativos-em-camacari\/\" \/>\n<meta property=\"og:locale\" content=\"pt_BR\" \/>\n<meta property=\"og:type\" content=\"article\" \/>\n<meta property=\"og:title\" content=\"VEREADOR DESTACA AVAN\u00c7OS DA NOVA GEST\u00c3O DURANTE ABERTURA DOS TRABALHOS LEGISLATIVOS EM CAMA\u00c7ARI - Bahia Economica\" \/>\n<meta property=\"og:description\" content=\"O maior portal de Economia da Bahia MUNIC\u00cdPIOS, Pol\u00edtica Bahia Economica Dilson Magalh\u00e3es ressaltou seu compromisso em colaborar com o prefeito Luiz\" \/>\n<meta property=\"og:url\" content=\"https:\/\/bahiaeconomica.com.br\/wp\/2025\/02\/18\/vereador-destaca-avancos-da-nova-gestao-durante-abertura-dos-trabalhos-legislativos-em-camacari\/\" \/>\n<meta property=\"og:site_name\" content=\"Bahia Economica\" \/>\n<meta property=\"article:publisher\" content=\"https:\/\/www.facebook.com\/bahiaeconomica\" \/>\n<meta property=\"article:published_time\" content=\"2025-02-18T16:20:54+00:00\" \/>\n<meta property=\"article:modified_time\" content=\"2025-02-18T17:20:14+00:00\" \/>\n<meta property=\"og:image\" content=\"https:\/\/bahiaeconomica.com.br\/wp\/wp-content\/uploads\/2025\/02\/WhatsApp-Image-2025-02-18-at-11.56.51-scaled.jpeg\" \/>\n\t<meta property=\"og:image:width\" content=\"2560\" \/>\n\t<meta property=\"og:image:height\" content=\"1920\" \/>\n\t<meta property=\"og:image:type\" content=\"image\/jpeg\" \/>\n<meta name=\"author\" content=\"JP\" \/>\n<meta name=\"twitter:card\" content=\"summary_large_image\" \/>\n<meta name=\"twitter:label1\" content=\"Escrito por\" \/>\n\t<meta name=\"twitter:data1\" content=\"JP\" \/>\n\t<meta name=\"twitter:label2\" content=\"Est. tempo de leitura\" \/>\n\t<meta name=\"twitter:data2\" content=\"3 minutos\" \/>\n<script type=\"application\/ld+json\" class=\"yoast-schema-graph\">{\"@context\":\"https:\/\/schema.org\",\"@graph\":[{\"@type\":\"Article\",\"@id\":\"https:\/\/bahiaeconomica.com.br\/wp\/2025\/02\/18\/vereador-destaca-avancos-da-nova-gestao-durante-abertura-dos-trabalhos-legislativos-em-camacari\/#article\",\"isPartOf\":{\"@id\":\"https:\/\/bahiaeconomica.com.br\/wp\/2025\/02\/18\/vereador-destaca-avancos-da-nova-gestao-durante-abertura-dos-trabalhos-legislativos-em-camacari\/\"},\"author\":{\"name\":\"JP\",\"@id\":\"https:\/\/bahiaeconomica.com.br\/wp\/#\/schema\/person\/c86d3a3f8960425a0f9d0e5245991f4e\"},\"headline\":\"VEREADOR DESTACA AVAN\u00c7OS DA NOVA GEST\u00c3O DURANTE ABERTURA DOS TRABALHOS LEGISLATIVOS EM CAMA\u00c7ARI\",\"datePublished\":\"2025-02-18T16:20:54+00:00\",\"dateModified\":\"2025-02-18T17:20:14+00:00\",\"mainEntityOfPage\":{\"@id\":\"https:\/\/bahiaeconomica.com.br\/wp\/2025\/02\/18\/vereador-destaca-avancos-da-nova-gestao-durante-abertura-dos-trabalhos-legislativos-em-camacari\/\"},\"wordCount\":578,\"publisher\":{\"@id\":\"https:\/\/bahiaeconomica.com.br\/wp\/#organization\"},\"keywords\":[\"mudan\u00e7a\",\"municipio\",\"POLICICA\"],\"articleSection\":[\"MUNIC\u00cdPIOS\",\"Pol\u00edtica\"],\"inLanguage\":\"pt-BR\"},{\"@type\":\"WebPage\",\"@id\":\"https:\/\/bahiaeconomica.com.br\/wp\/2025\/02\/18\/vereador-destaca-avancos-da-nova-gestao-durante-abertura-dos-trabalhos-legislativos-em-camacari\/\",\"url\":\"https:\/\/bahiaeconomica.com.br\/wp\/2025\/02\/18\/vereador-destaca-avancos-da-nova-gestao-durante-abertura-dos-trabalhos-legislativos-em-camacari\/\",\"name\":\"VEREADOR DESTACA AVAN\u00c7OS DA NOVA GEST\u00c3O DURANTE ABERTURA DOS TRABALHOS LEGISLATIVOS EM CAMA\u00c7ARI - Bahia Economica\",\"isPartOf\":{\"@id\":\"https:\/\/bahiaeconomica.com.br\/wp\/#website\"},\"datePublished\":\"2025-02-18T16:20:54+00:00\",\"dateModified\":\"2025-02-18T17:20:14+00:00\",\"description\":\"O maior portal de Economia da Bahia MUNIC\u00cdPIOS, Pol\u00edtica Bahia Economica Dilson Magalh\u00e3es ressaltou seu compromisso em colaborar com o prefeito Luiz\",\"breadcrumb\":{\"@id\":\"https:\/\/bahiaeconomica.com.br\/wp\/2025\/02\/18\/vereador-destaca-avancos-da-nova-gestao-durante-abertura-dos-trabalhos-legislativos-em-camacari\/#breadcrumb\"},\"inLanguage\":\"pt-BR\",\"potentialAction\":[{\"@type\":\"ReadAction\",\"target\":[\"https:\/\/bahiaeconomica.com.br\/wp\/2025\/02\/18\/vereador-destaca-avancos-da-nova-gestao-durante-abertura-dos-trabalhos-legislativos-em-camacari\/\"]}]},{\"@type\":\"BreadcrumbList\",\"@id\":\"https:\/\/bahiaeconomica.com.br\/wp\/2025\/02\/18\/vereador-destaca-avancos-da-nova-gestao-durante-abertura-dos-trabalhos-legislativos-em-camacari\/#breadcrumb\",\"itemListElement\":[{\"@type\":\"ListItem\",\"position\":1,\"name\":\"In\u00edcio\",\"item\":\"https:\/\/bahiaeconomica.com.br\/wp\/\"},{\"@type\":\"ListItem\",\"position\":2,\"name\":\"VEREADOR DESTACA AVAN\u00c7OS DA NOVA GEST\u00c3O DURANTE ABERTURA DOS TRABALHOS LEGISLATIVOS EM CAMA\u00c7ARI\"}]},{\"@type\":\"WebSite\",\"@id\":\"https:\/\/bahiaeconomica.com.br\/wp\/#website\",\"url\":\"https:\/\/bahiaeconomica.com.br\/wp\/\",\"name\":\"Bahia Economica\",\"description\":\"O maior portal de Economia da Bahia\",\"publisher\":{\"@id\":\"https:\/\/bahiaeconomica.com.br\/wp\/#organization\"},\"potentialAction\":[{\"@type\":\"SearchAction\",\"target\":{\"@type\":\"EntryPoint\",\"urlTemplate\":\"https:\/\/bahiaeconomica.com.br\/wp\/?s={search_term_string}\"},\"query-input\":\"required name=search_term_string\"}],\"inLanguage\":\"pt-BR\"},{\"@type\":\"Organization\",\"@id\":\"https:\/\/bahiaeconomica.com.br\/wp\/#organization\",\"name\":\"Bahia Econ\u00f4mica\",\"url\":\"https:\/\/bahiaeconomica.com.br\/wp\/\",\"logo\":{\"@type\":\"ImageObject\",\"inLanguage\":\"pt-BR\",\"@id\":\"https:\/\/bahiaeconomica.com.br\/wp\/#\/schema\/logo\/image\/\",\"url\":\"https:\/\/bahiaeconomica.com.br\/wp\/wp-content\/uploads\/2020\/12\/cropped-BE.png\",\"contentUrl\":\"https:\/\/bahiaeconomica.com.br\/wp\/wp-content\/uploads\/2020\/12\/cropped-BE.png\",\"width\":512,\"height\":512,\"caption\":\"Bahia Econ\u00f4mica\"},\"image\":{\"@id\":\"https:\/\/bahiaeconomica.com.br\/wp\/#\/schema\/logo\/image\/\"},\"sameAs\":[\"https:\/\/www.facebook.com\/bahiaeconomica\"]},{\"@type\":\"Person\",\"@id\":\"https:\/\/bahiaeconomica.com.br\/wp\/#\/schema\/person\/c86d3a3f8960425a0f9d0e5245991f4e\",\"name\":\"JP\",\"sameAs\":[\"https:\/\/bahiaeconomica.com.br\/wp\/beta\/\"],\"url\":\"https:\/\/bahiaeconomica.com.br\/wp\/author\/jp\/\"}]}<\/script>\n<!-- \/ Yoast SEO plugin. -->","yoast_head_json":{"title":"VEREADOR DESTACA AVAN\u00c7OS DA NOVA GEST\u00c3O DURANTE ABERTURA DOS TRABALHOS LEGISLATIVOS EM CAMA\u00c7ARI - Bahia Economica","description":"O maior portal de Economia da Bahia MUNIC\u00cdPIOS, Pol\u00edtica Bahia Economica Dilson Magalh\u00e3es ressaltou seu compromisso em colaborar com o prefeito Luiz","robots":{"index":"index","follow":"follow","max-snippet":"max-snippet:-1","max-image-preview":"max-image-preview:large","max-video-preview":"max-video-preview:-1"},"canonical":"https:\/\/bahiaeconomica.com.br\/wp\/2025\/02\/18\/vereador-destaca-avancos-da-nova-gestao-durante-abertura-dos-trabalhos-legislativos-em-camacari\/","og_locale":"pt_BR","og_type":"article","og_title":"VEREADOR DESTACA AVAN\u00c7OS DA NOVA GEST\u00c3O DURANTE ABERTURA DOS TRABALHOS LEGISLATIVOS EM CAMA\u00c7ARI - Bahia Economica","og_description":"O maior portal de Economia da Bahia MUNIC\u00cdPIOS, Pol\u00edtica Bahia Economica Dilson Magalh\u00e3es ressaltou seu compromisso em colaborar com o prefeito Luiz","og_url":"https:\/\/bahiaeconomica.com.br\/wp\/2025\/02\/18\/vereador-destaca-avancos-da-nova-gestao-durante-abertura-dos-trabalhos-legislativos-em-camacari\/","og_site_name":"Bahia Economica","article_publisher":"https:\/\/www.facebook.com\/bahiaeconomica","article_published_time":"2025-02-18T16:20:54+00:00","article_modified_time":"2025-02-18T17:20:14+00:00","og_image":[{"width":2560,"height":1920,"url":"https:\/\/bahiaeconomica.com.br\/wp\/wp-content\/uploads\/2025\/02\/WhatsApp-Image-2025-02-18-at-11.56.51-scaled.jpeg","type":"image\/jpeg"}],"author":"JP","twitter_card":"summary_large_image","twitter_misc":{"Escrito por":"JP","Est. tempo de leitura":"3 minutos"},"schema":{"@context":"https:\/\/schema.org","@graph":[{"@type":"Article","@id":"https:\/\/bahiaeconomica.com.br\/wp\/2025\/02\/18\/vereador-destaca-avancos-da-nova-gestao-durante-abertura-dos-trabalhos-legislativos-em-camacari\/#article","isPartOf":{"@id":"https:\/\/bahiaeconomica.com.br\/wp\/2025\/02\/18\/vereador-destaca-avancos-da-nova-gestao-durante-abertura-dos-trabalhos-legislativos-em-camacari\/"},"author":{"name":"JP","@id":"https:\/\/bahiaeconomica.com.br\/wp\/#\/schema\/person\/c86d3a3f8960425a0f9d0e5245991f4e"},"headline":"VEREADOR DESTACA AVAN\u00c7OS DA NOVA GEST\u00c3O DURANTE ABERTURA DOS TRABALHOS LEGISLATIVOS EM CAMA\u00c7ARI","datePublished":"2025-02-18T16:20:54+00:00","dateModified":"2025-02-18T17:20:14+00:00","mainEntityOfPage":{"@id":"https:\/\/bahiaeconomica.com.br\/wp\/2025\/02\/18\/vereador-destaca-avancos-da-nova-gestao-durante-abertura-dos-trabalhos-legislativos-em-camacari\/"},"wordCount":578,"publisher":{"@id":"https:\/\/bahiaeconomica.com.br\/wp\/#organization"},"keywords":["mudan\u00e7a","municipio","POLICICA"],"articleSection":["MUNIC\u00cdPIOS","Pol\u00edtica"],"inLanguage":"pt-BR"},{"@type":"WebPage","@id":"https:\/\/bahiaeconomica.com.br\/wp\/2025\/02\/18\/vereador-destaca-avancos-da-nova-gestao-durante-abertura-dos-trabalhos-legislativos-em-camacari\/","url":"https:\/\/bahiaeconomica.com.br\/wp\/2025\/02\/18\/vereador-destaca-avancos-da-nova-gestao-durante-abertura-dos-trabalhos-legislativos-em-camacari\/","name":"VEREADOR DESTACA AVAN\u00c7OS DA NOVA GEST\u00c3O DURANTE ABERTURA DOS TRABALHOS LEGISLATIVOS EM CAMA\u00c7ARI - Bahia Economica","isPartOf":{"@id":"https:\/\/bahiaeconomica.com.br\/wp\/#website"},"datePublished":"2025-02-18T16:20:54+00:00","dateModified":"2025-02-18T17:20:14+00:00","description":"O maior portal de Economia da Bahia MUNIC\u00cdPIOS, Pol\u00edtica Bahia Economica Dilson Magalh\u00e3es ressaltou seu compromisso em colaborar com o prefeito Luiz","breadcrumb":{"@id":"https:\/\/bahiaeconomica.com.br\/wp\/2025\/02\/18\/vereador-destaca-avancos-da-nova-gestao-durante-abertura-dos-trabalhos-legislativos-em-camacari\/#breadcrumb"},"inLanguage":"pt-BR","potentialAction":[{"@type":"ReadAction","target":["https:\/\/bahiaeconomica.com.br\/wp\/2025\/02\/18\/vereador-destaca-avancos-da-nova-gestao-durante-abertura-dos-trabalhos-legislativos-em-camacari\/"]}]},{"@type":"BreadcrumbList","@id":"https:\/\/bahiaeconomica.com.br\/wp\/2025\/02\/18\/vereador-destaca-avancos-da-nova-gestao-durante-abertura-dos-trabalhos-legislativos-em-camacari\/#breadcrumb","itemListElement":[{"@type":"ListItem","position":1,"name":"In\u00edcio","item":"https:\/\/bahiaeconomica.com.br\/wp\/"},{"@type":"ListItem","position":2,"name":"VEREADOR DESTACA AVAN\u00c7OS DA NOVA GEST\u00c3O DURANTE ABERTURA DOS TRABALHOS LEGISLATIVOS EM CAMA\u00c7ARI"}]},{"@type":"WebSite","@id":"https:\/\/bahiaeconomica.com.br\/wp\/#website","url":"https:\/\/bahiaeconomica.com.br\/wp\/","name":"Bahia Economica","description":"O maior portal de Economia da Bahia","publisher":{"@id":"https:\/\/bahiaeconomica.com.br\/wp\/#organization"},"potentialAction":[{"@type":"SearchAction","target":{"@type":"EntryPoint","urlTemplate":"https:\/\/bahiaeconomica.com.br\/wp\/?s={search_term_string}"},"query-input":"required name=search_term_string"}],"inLanguage":"pt-BR"},{"@type":"Organization","@id":"https:\/\/bahiaeconomica.com.br\/wp\/#organization","name":"Bahia Econ\u00f4mica","url":"https:\/\/bahiaeconomica.com.br\/wp\/","logo":{"@type":"ImageObject","inLanguage":"pt-BR","@id":"https:\/\/bahiaeconomica.com.br\/wp\/#\/schema\/logo\/image\/","url":"https:\/\/bahiaeconomica.com.br\/wp\/wp-content\/uploads\/2020\/12\/cropped-BE.png","contentUrl":"https:\/\/bahiaeconomica.com.br\/wp\/wp-content\/uploads\/2020\/12\/cropped-BE.png","width":512,"height":512,"caption":"Bahia Econ\u00f4mica"},"image":{"@id":"https:\/\/bahiaeconomica.com.br\/wp\/#\/schema\/logo\/image\/"},"sameAs":["https:\/\/www.facebook.com\/bahiaeconomica"]},{"@type":"Person","@id":"https:\/\/bahiaeconomica.com.br\/wp\/#\/schema\/person\/c86d3a3f8960425a0f9d0e5245991f4e","name":"JP","sameAs":["https:\/\/bahiaeconomica.com.br\/wp\/beta\/"],"url":"https:\/\/bahiaeconomica.com.br\/wp\/author\/jp\/"}]}},"views":21,"_links":{"self":[{"href":"https:\/\/bahiaeconomica.com.br\/wp\/wp-json\/wp\/v2\/posts\/881728"}],"collection":[{"href":"https:\/\/bahiaeconomica.com.br\/wp\/wp-json\/wp\/v2\/posts"}],"about":[{"href":"https:\/\/bahiaeconomica.com.br\/wp\/wp-json\/wp\/v2\/types\/post"}],"author":[{"embeddable":true,"href":"https:\/\/bahiaeconomica.com.br\/wp\/wp-json\/wp\/v2\/users\/8"}],"replies":[{"embeddable":true,"href":"https:\/\/bahiaeconomica.com.br\/wp\/wp-json\/wp\/v2\/comments?post=881728"}],"version-history":[{"count":1,"href":"https:\/\/bahiaeconomica.com.br\/wp\/wp-json\/wp\/v2\/posts\/881728\/revisions"}],"predecessor-version":[{"id":881730,"href":"https:\/\/bahiaeconomica.com.br\/wp\/wp-json\/wp\/v2\/posts\/881728\/revisions\/881730"}],"wp:featuredmedia":[{"embeddable":true,"href":"https:\/\/bahiaeconomica.com.br\/wp\/wp-json\/wp\/v2\/media\/881729"}],"wp:attachment":[{"href":"https:\/\/bahiaeconomica.com.br\/wp\/wp-json\/wp\/v2\/media?parent=881728"}],"wp:term":[{"taxonomy":"category","embeddable":true,"href":"https:\/\/bahiaeconomica.com.br\/wp\/wp-json\/wp\/v2\/categories?post=881728"},{"taxonomy":"post_tag","embeddable":true,"href":"https:\/\/bahiaeconomica.com.br\/wp\/wp-json\/wp\/v2\/tags?post=881728"}],"curies":[{"name":"wp","href":"https:\/\/api.w.org\/{rel}","templated":true}]}}