{"id":881050,"date":"2025-02-14T17:26:47","date_gmt":"2025-02-14T20:26:47","guid":{"rendered":"https:\/\/bahiaeconomica.com.br\/wp\/?p=881050"},"modified":"2025-02-14T17:26:47","modified_gmt":"2025-02-14T20:26:47","slug":"embasa-intensifica-combate-a-ligacoes-clandestinas-em-barracas-de-praia-da-boca-do-rio-e-itapua-2","status":"publish","type":"post","link":"https:\/\/bahiaeconomica.com.br\/wp\/2025\/02\/14\/embasa-intensifica-combate-a-ligacoes-clandestinas-em-barracas-de-praia-da-boca-do-rio-e-itapua-2\/","title":{"rendered":"EMBASA INTENSIFICA COMBATE A LIGA\u00c7\u00d5ES CLANDESTINAS EM BARRACAS DE PRAIA DA BOCA DO RIO E ITAPU\u00c3"},"content":{"rendered":"<div class=\"lfr-layout-structure-item-e082f001-f061-9be1-8873-c2d24a2a2e12 lfr-layout-structure-item-container  container-fluid container-fluid-max-xl\">\n<div class=\"lfr-layout-structure-item-com-liferay-fragment-internal-renderer-layoutdisplayobjectfragmentrenderer lfr-layout-structure-item-498b3591-edf8-b99b-9938-5ffc201ff5e2 \">\n<div class=\"journal-content-article \" data-analytics-asset-id=\"42807609\" data-analytics-asset-title=\"Embasa intensifica combate a liga\u00e7\u00f5es clandestinas em barracas de praia da Boca do Rio e Itapu\u00e3\" data-analytics-asset-type=\"web-content\" data-analytics-asset-viewed=\"true\">\n<section class=\"article-container-internal flex-row\">\n<article class=\"row\">\n<div class=\"col-12\">\n<div class=\"content-article\">\n<p>Dando continuidade \u00e0s a\u00e7\u00f5es de combate \u00e0s fraudes na rede p\u00fablica de \u00e1gua da capital, a Embasa montou uma nova opera\u00e7\u00e3o na orla de Salvador na semana passada. A a\u00e7\u00e3o foi respons\u00e1vel pela retirada de 25 liga\u00e7\u00f5es irregulares em barracas de praia na Boca do Rio e em Itapu\u00e3, totalizando a remo\u00e7\u00e3o de 700 metros de tubula\u00e7\u00f5es clandestinas.<\/p>\n<p>Al\u00e9m da equipe de 18 colaboradores da Embasa, a opera\u00e7\u00e3o conjunta com a Prefeitura Municipal contou com o apoio de profissionais da Secretaria Municipal de Desenvolvimento e Urbanismo (Sedur), do Grupo do Grupo Especial de Prote\u00e7\u00e3o Ambiental Municipal de Salvador (GCM) e da Guarda Civil Municipal.<\/p>\n<p>\u201cDurante o ver\u00e3o, refor\u00e7amos ainda mais este tipo de a\u00e7\u00e3o que tem como objetivo maior garantir o uso respons\u00e1vel da \u00e1gua, evitando desperd\u00edcios e assegurando que todos tenham acesso a um abastecimento regular e de qualidade\u201d, destaca o gerente regional da Embasa, Alexandre Mam\u00e9dio. \u201cAl\u00e9m disso, a medida contribui para a preserva\u00e7\u00e3o ambiental e o ordenamento do espa\u00e7o p\u00fablico\u201d, complementa.<\/p>\n<p>Qualquer interven\u00e7\u00e3o no hidr\u00f4metro e na rede da Embasa com o intuito de furtar \u00e1gua \u00e9 crime e o infrator est\u00e1 sujeito ao cumprimento das penalidades previstas na legisla\u00e7\u00e3o vigente. A popula\u00e7\u00e3o pode denunciar sigilosamente as situa\u00e7\u00f5es de fraude pelo 0800 0555 195, Atendimento Virtual (app ou site www.atendimentovirtual.embasa.ba.gov.br) e postos de atendimento da Embasa na rede SAC.<\/p>\n<\/div>\n<\/div>\n<\/article>\n<div id=\"modalGallery\" class=\"modal\" tabindex=\"-1\" role=\"dialog\"><label class=\"modal__bg\"><\/label><\/p>\n<div class=\"gallery-content\" role=\"document\">\n<div class=\"modal__inner\"><label class=\"modal__close\"><\/label><\/p>\n<div class=\"d-flex flex-row bg-white\">\n<div class=\"col title-container p-3\">\n<p class=\"h5 text-dark\">Foto: Reprodu\u00e7\u00e3o\/Embasa<\/p>\n<\/div>\n<\/div>\n<\/div>\n<\/div>\n<\/div>\n<\/section>\n<\/div>\n<\/div>\n<\/div>\n","protected":false},"excerpt":{"rendered":"<p>Dando continuidade \u00e0s a\u00e7\u00f5es de combate \u00e0s fraudes na rede p\u00fablica de \u00e1gua da capital, a Embasa montou uma nova opera\u00e7\u00e3o na orla de Salvador na semana passada. A a\u00e7\u00e3o foi respons\u00e1vel pela retirada de 25 liga\u00e7\u00f5es irregulares em barracas de praia na Boca do Rio e em Itapu\u00e3, totalizando a remo\u00e7\u00e3o de 700 metros [&hellip;]<\/p>\n","protected":false},"author":24,"featured_media":881070,"comment_status":"closed","ping_status":"closed","sticky":false,"template":"","format":"standard","meta":[],"categories":[5],"tags":[36874,2696,35707],"acf":[],"yoast_head":"<!-- This site is optimized with the Yoast SEO plugin v20.8 - https:\/\/yoast.com\/wordpress\/plugins\/seo\/ -->\n<title>EMBASA INTENSIFICA COMBATE A LIGA\u00c7\u00d5ES CLANDESTINAS EM BARRACAS DE PRAIA DA BOCA DO RIO E ITAPU\u00c3 - Bahia Economica Dando continuidade \u00e0s a\u00e7\u00f5es de combate \u00e0s fraudes na rede p\u00fablica de \u00e1gua da capital, a Embasa montou uma nova opera\u00e7\u00e3o na orla de Salvador na semana passada.<\/title>\n<meta name=\"description\" content=\"O maior portal de Economia da Bahia MUNIC\u00cdPIOS Bahia Economica Dando continuidade \u00e0s a\u00e7\u00f5es de combate \u00e0s fraudes na rede p\u00fablica de \u00e1gua da capital, a Embasa montou uma nova opera\u00e7\u00e3o na orla de Salvador na semana passada.\" \/>\n<meta name=\"robots\" content=\"index, follow, max-snippet:-1, max-image-preview:large, max-video-preview:-1\" \/>\n<link rel=\"canonical\" href=\"https:\/\/bahiaeconomica.com.br\/wp\/2025\/02\/14\/embasa-intensifica-combate-a-ligacoes-clandestinas-em-barracas-de-praia-da-boca-do-rio-e-itapua-2\/\" \/>\n<meta property=\"og:locale\" content=\"pt_BR\" \/>\n<meta property=\"og:type\" content=\"article\" \/>\n<meta property=\"og:title\" content=\"EMBASA INTENSIFICA COMBATE A LIGA\u00c7\u00d5ES CLANDESTINAS EM BARRACAS DE PRAIA DA BOCA DO RIO E ITAPU\u00c3 - Bahia Economica Dando continuidade \u00e0s a\u00e7\u00f5es de combate \u00e0s fraudes na rede p\u00fablica de \u00e1gua da capital, a Embasa montou uma nova opera\u00e7\u00e3o na orla de Salvador na semana passada.\" \/>\n<meta property=\"og:description\" content=\"O maior portal de Economia da Bahia MUNIC\u00cdPIOS Bahia Economica Dando continuidade \u00e0s a\u00e7\u00f5es de combate \u00e0s fraudes na rede p\u00fablica de \u00e1gua da capital, a Embasa montou uma nova opera\u00e7\u00e3o na orla de Salvador na semana passada.\" \/>\n<meta property=\"og:url\" content=\"https:\/\/bahiaeconomica.com.br\/wp\/2025\/02\/14\/embasa-intensifica-combate-a-ligacoes-clandestinas-em-barracas-de-praia-da-boca-do-rio-e-itapua-2\/\" \/>\n<meta property=\"og:site_name\" content=\"Bahia Economica\" \/>\n<meta property=\"article:publisher\" content=\"https:\/\/www.facebook.com\/bahiaeconomica\" \/>\n<meta property=\"article:published_time\" content=\"2025-02-14T20:26:47+00:00\" \/>\n<meta property=\"og:image\" content=\"https:\/\/bahiaeconomica.com.br\/wp\/wp-content\/uploads\/2025\/02\/embasa.jpg\" \/>\n\t<meta property=\"og:image:width\" content=\"600\" \/>\n\t<meta property=\"og:image:height\" content=\"420\" \/>\n\t<meta property=\"og:image:type\" content=\"image\/jpeg\" \/>\n<meta name=\"author\" content=\"VICTOR OLIVEIRA\" \/>\n<meta name=\"twitter:card\" content=\"summary_large_image\" \/>\n<meta name=\"twitter:label1\" content=\"Escrito por\" \/>\n\t<meta name=\"twitter:data1\" content=\"VICTOR OLIVEIRA\" \/>\n\t<meta name=\"twitter:label2\" content=\"Est. tempo de leitura\" \/>\n\t<meta name=\"twitter:data2\" content=\"2 minutos\" \/>\n<script type=\"application\/ld+json\" class=\"yoast-schema-graph\">{\"@context\":\"https:\/\/schema.org\",\"@graph\":[{\"@type\":\"Article\",\"@id\":\"https:\/\/bahiaeconomica.com.br\/wp\/2025\/02\/14\/embasa-intensifica-combate-a-ligacoes-clandestinas-em-barracas-de-praia-da-boca-do-rio-e-itapua-2\/#article\",\"isPartOf\":{\"@id\":\"https:\/\/bahiaeconomica.com.br\/wp\/2025\/02\/14\/embasa-intensifica-combate-a-ligacoes-clandestinas-em-barracas-de-praia-da-boca-do-rio-e-itapua-2\/\"},\"author\":{\"name\":\"VICTOR OLIVEIRA\",\"@id\":\"https:\/\/bahiaeconomica.com.br\/wp\/#\/schema\/person\/a17956d0e1112b626f403fb06b8129a9\"},\"headline\":\"EMBASA INTENSIFICA COMBATE A LIGA\u00c7\u00d5ES CLANDESTINAS EM BARRACAS DE PRAIA DA BOCA DO RIO E ITAPU\u00c3\",\"datePublished\":\"2025-02-14T20:26:47+00:00\",\"dateModified\":\"2025-02-14T20:26:47+00:00\",\"mainEntityOfPage\":{\"@id\":\"https:\/\/bahiaeconomica.com.br\/wp\/2025\/02\/14\/embasa-intensifica-combate-a-ligacoes-clandestinas-em-barracas-de-praia-da-boca-do-rio-e-itapua-2\/\"},\"wordCount\":267,\"publisher\":{\"@id\":\"https:\/\/bahiaeconomica.com.br\/wp\/#organization\"},\"keywords\":[\"Clandestinas\",\"embasa\",\"Liga\u00e7\u00f5es\"],\"articleSection\":[\"MUNIC\u00cdPIOS\"],\"inLanguage\":\"pt-BR\"},{\"@type\":\"WebPage\",\"@id\":\"https:\/\/bahiaeconomica.com.br\/wp\/2025\/02\/14\/embasa-intensifica-combate-a-ligacoes-clandestinas-em-barracas-de-praia-da-boca-do-rio-e-itapua-2\/\",\"url\":\"https:\/\/bahiaeconomica.com.br\/wp\/2025\/02\/14\/embasa-intensifica-combate-a-ligacoes-clandestinas-em-barracas-de-praia-da-boca-do-rio-e-itapua-2\/\",\"name\":\"EMBASA INTENSIFICA COMBATE A LIGA\u00c7\u00d5ES CLANDESTINAS EM BARRACAS DE PRAIA DA BOCA DO RIO E ITAPU\u00c3 - Bahia Economica Dando continuidade \u00e0s a\u00e7\u00f5es de combate \u00e0s fraudes na rede p\u00fablica de \u00e1gua da capital, a Embasa montou uma nova opera\u00e7\u00e3o na orla de Salvador na semana passada.\",\"isPartOf\":{\"@id\":\"https:\/\/bahiaeconomica.com.br\/wp\/#website\"},\"datePublished\":\"2025-02-14T20:26:47+00:00\",\"dateModified\":\"2025-02-14T20:26:47+00:00\",\"description\":\"O maior portal de Economia da Bahia MUNIC\u00cdPIOS Bahia Economica Dando continuidade \u00e0s a\u00e7\u00f5es de combate \u00e0s fraudes na rede p\u00fablica de \u00e1gua da capital, a Embasa montou uma nova opera\u00e7\u00e3o na orla de Salvador na semana passada.\",\"breadcrumb\":{\"@id\":\"https:\/\/bahiaeconomica.com.br\/wp\/2025\/02\/14\/embasa-intensifica-combate-a-ligacoes-clandestinas-em-barracas-de-praia-da-boca-do-rio-e-itapua-2\/#breadcrumb\"},\"inLanguage\":\"pt-BR\",\"potentialAction\":[{\"@type\":\"ReadAction\",\"target\":[\"https:\/\/bahiaeconomica.com.br\/wp\/2025\/02\/14\/embasa-intensifica-combate-a-ligacoes-clandestinas-em-barracas-de-praia-da-boca-do-rio-e-itapua-2\/\"]}]},{\"@type\":\"BreadcrumbList\",\"@id\":\"https:\/\/bahiaeconomica.com.br\/wp\/2025\/02\/14\/embasa-intensifica-combate-a-ligacoes-clandestinas-em-barracas-de-praia-da-boca-do-rio-e-itapua-2\/#breadcrumb\",\"itemListElement\":[{\"@type\":\"ListItem\",\"position\":1,\"name\":\"In\u00edcio\",\"item\":\"https:\/\/bahiaeconomica.com.br\/wp\/\"},{\"@type\":\"ListItem\",\"position\":2,\"name\":\"EMBASA INTENSIFICA COMBATE A LIGA\u00c7\u00d5ES CLANDESTINAS EM BARRACAS DE PRAIA DA BOCA DO RIO E ITAPU\u00c3\"}]},{\"@type\":\"WebSite\",\"@id\":\"https:\/\/bahiaeconomica.com.br\/wp\/#website\",\"url\":\"https:\/\/bahiaeconomica.com.br\/wp\/\",\"name\":\"Bahia Economica\",\"description\":\"O maior portal de Economia da Bahia\",\"publisher\":{\"@id\":\"https:\/\/bahiaeconomica.com.br\/wp\/#organization\"},\"potentialAction\":[{\"@type\":\"SearchAction\",\"target\":{\"@type\":\"EntryPoint\",\"urlTemplate\":\"https:\/\/bahiaeconomica.com.br\/wp\/?s={search_term_string}\"},\"query-input\":\"required name=search_term_string\"}],\"inLanguage\":\"pt-BR\"},{\"@type\":\"Organization\",\"@id\":\"https:\/\/bahiaeconomica.com.br\/wp\/#organization\",\"name\":\"Bahia Econ\u00f4mica\",\"url\":\"https:\/\/bahiaeconomica.com.br\/wp\/\",\"logo\":{\"@type\":\"ImageObject\",\"inLanguage\":\"pt-BR\",\"@id\":\"https:\/\/bahiaeconomica.com.br\/wp\/#\/schema\/logo\/image\/\",\"url\":\"https:\/\/bahiaeconomica.com.br\/wp\/wp-content\/uploads\/2020\/12\/cropped-BE.png\",\"contentUrl\":\"https:\/\/bahiaeconomica.com.br\/wp\/wp-content\/uploads\/2020\/12\/cropped-BE.png\",\"width\":512,\"height\":512,\"caption\":\"Bahia Econ\u00f4mica\"},\"image\":{\"@id\":\"https:\/\/bahiaeconomica.com.br\/wp\/#\/schema\/logo\/image\/\"},\"sameAs\":[\"https:\/\/www.facebook.com\/bahiaeconomica\"]},{\"@type\":\"Person\",\"@id\":\"https:\/\/bahiaeconomica.com.br\/wp\/#\/schema\/person\/a17956d0e1112b626f403fb06b8129a9\",\"name\":\"VICTOR OLIVEIRA\",\"sameAs\":[\"http:\/\/www.bahiaeconomica.com.br\"],\"url\":\"https:\/\/bahiaeconomica.com.br\/wp\/author\/victor-oliveira\/\"}]}<\/script>\n<!-- \/ Yoast SEO plugin. -->","yoast_head_json":{"title":"EMBASA INTENSIFICA COMBATE A LIGA\u00c7\u00d5ES CLANDESTINAS EM BARRACAS DE PRAIA DA BOCA DO RIO E ITAPU\u00c3 - Bahia Economica Dando continuidade \u00e0s a\u00e7\u00f5es de combate \u00e0s fraudes na rede p\u00fablica de \u00e1gua da capital, a Embasa montou uma nova opera\u00e7\u00e3o na orla de Salvador na semana passada.","description":"O maior portal de Economia da Bahia MUNIC\u00cdPIOS Bahia Economica Dando continuidade \u00e0s a\u00e7\u00f5es de combate \u00e0s fraudes na rede p\u00fablica de \u00e1gua da capital, a Embasa montou uma nova opera\u00e7\u00e3o na orla de Salvador na semana passada.","robots":{"index":"index","follow":"follow","max-snippet":"max-snippet:-1","max-image-preview":"max-image-preview:large","max-video-preview":"max-video-preview:-1"},"canonical":"https:\/\/bahiaeconomica.com.br\/wp\/2025\/02\/14\/embasa-intensifica-combate-a-ligacoes-clandestinas-em-barracas-de-praia-da-boca-do-rio-e-itapua-2\/","og_locale":"pt_BR","og_type":"article","og_title":"EMBASA INTENSIFICA COMBATE A LIGA\u00c7\u00d5ES CLANDESTINAS EM BARRACAS DE PRAIA DA BOCA DO RIO E ITAPU\u00c3 - Bahia Economica Dando continuidade \u00e0s a\u00e7\u00f5es de combate \u00e0s fraudes na rede p\u00fablica de \u00e1gua da capital, a Embasa montou uma nova opera\u00e7\u00e3o na orla de Salvador na semana passada.","og_description":"O maior portal de Economia da Bahia MUNIC\u00cdPIOS Bahia Economica Dando continuidade \u00e0s a\u00e7\u00f5es de combate \u00e0s fraudes na rede p\u00fablica de \u00e1gua da capital, a Embasa montou uma nova opera\u00e7\u00e3o na orla de Salvador na semana passada.","og_url":"https:\/\/bahiaeconomica.com.br\/wp\/2025\/02\/14\/embasa-intensifica-combate-a-ligacoes-clandestinas-em-barracas-de-praia-da-boca-do-rio-e-itapua-2\/","og_site_name":"Bahia Economica","article_publisher":"https:\/\/www.facebook.com\/bahiaeconomica","article_published_time":"2025-02-14T20:26:47+00:00","og_image":[{"width":600,"height":420,"url":"https:\/\/bahiaeconomica.com.br\/wp\/wp-content\/uploads\/2025\/02\/embasa.jpg","type":"image\/jpeg"}],"author":"VICTOR OLIVEIRA","twitter_card":"summary_large_image","twitter_misc":{"Escrito por":"VICTOR OLIVEIRA","Est. tempo de leitura":"2 minutos"},"schema":{"@context":"https:\/\/schema.org","@graph":[{"@type":"Article","@id":"https:\/\/bahiaeconomica.com.br\/wp\/2025\/02\/14\/embasa-intensifica-combate-a-ligacoes-clandestinas-em-barracas-de-praia-da-boca-do-rio-e-itapua-2\/#article","isPartOf":{"@id":"https:\/\/bahiaeconomica.com.br\/wp\/2025\/02\/14\/embasa-intensifica-combate-a-ligacoes-clandestinas-em-barracas-de-praia-da-boca-do-rio-e-itapua-2\/"},"author":{"name":"VICTOR OLIVEIRA","@id":"https:\/\/bahiaeconomica.com.br\/wp\/#\/schema\/person\/a17956d0e1112b626f403fb06b8129a9"},"headline":"EMBASA INTENSIFICA COMBATE A LIGA\u00c7\u00d5ES CLANDESTINAS EM BARRACAS DE PRAIA DA BOCA DO RIO E ITAPU\u00c3","datePublished":"2025-02-14T20:26:47+00:00","dateModified":"2025-02-14T20:26:47+00:00","mainEntityOfPage":{"@id":"https:\/\/bahiaeconomica.com.br\/wp\/2025\/02\/14\/embasa-intensifica-combate-a-ligacoes-clandestinas-em-barracas-de-praia-da-boca-do-rio-e-itapua-2\/"},"wordCount":267,"publisher":{"@id":"https:\/\/bahiaeconomica.com.br\/wp\/#organization"},"keywords":["Clandestinas","embasa","Liga\u00e7\u00f5es"],"articleSection":["MUNIC\u00cdPIOS"],"inLanguage":"pt-BR"},{"@type":"WebPage","@id":"https:\/\/bahiaeconomica.com.br\/wp\/2025\/02\/14\/embasa-intensifica-combate-a-ligacoes-clandestinas-em-barracas-de-praia-da-boca-do-rio-e-itapua-2\/","url":"https:\/\/bahiaeconomica.com.br\/wp\/2025\/02\/14\/embasa-intensifica-combate-a-ligacoes-clandestinas-em-barracas-de-praia-da-boca-do-rio-e-itapua-2\/","name":"EMBASA INTENSIFICA COMBATE A LIGA\u00c7\u00d5ES CLANDESTINAS EM BARRACAS DE PRAIA DA BOCA DO RIO E ITAPU\u00c3 - Bahia Economica Dando continuidade \u00e0s a\u00e7\u00f5es de combate \u00e0s fraudes na rede p\u00fablica de \u00e1gua da capital, a Embasa montou uma nova opera\u00e7\u00e3o na orla de Salvador na semana passada.","isPartOf":{"@id":"https:\/\/bahiaeconomica.com.br\/wp\/#website"},"datePublished":"2025-02-14T20:26:47+00:00","dateModified":"2025-02-14T20:26:47+00:00","description":"O maior portal de Economia da Bahia MUNIC\u00cdPIOS Bahia Economica Dando continuidade \u00e0s a\u00e7\u00f5es de combate \u00e0s fraudes na rede p\u00fablica de \u00e1gua da capital, a Embasa montou uma nova opera\u00e7\u00e3o na orla de Salvador na semana passada.","breadcrumb":{"@id":"https:\/\/bahiaeconomica.com.br\/wp\/2025\/02\/14\/embasa-intensifica-combate-a-ligacoes-clandestinas-em-barracas-de-praia-da-boca-do-rio-e-itapua-2\/#breadcrumb"},"inLanguage":"pt-BR","potentialAction":[{"@type":"ReadAction","target":["https:\/\/bahiaeconomica.com.br\/wp\/2025\/02\/14\/embasa-intensifica-combate-a-ligacoes-clandestinas-em-barracas-de-praia-da-boca-do-rio-e-itapua-2\/"]}]},{"@type":"BreadcrumbList","@id":"https:\/\/bahiaeconomica.com.br\/wp\/2025\/02\/14\/embasa-intensifica-combate-a-ligacoes-clandestinas-em-barracas-de-praia-da-boca-do-rio-e-itapua-2\/#breadcrumb","itemListElement":[{"@type":"ListItem","position":1,"name":"In\u00edcio","item":"https:\/\/bahiaeconomica.com.br\/wp\/"},{"@type":"ListItem","position":2,"name":"EMBASA INTENSIFICA COMBATE A LIGA\u00c7\u00d5ES CLANDESTINAS EM BARRACAS DE PRAIA DA BOCA DO RIO E ITAPU\u00c3"}]},{"@type":"WebSite","@id":"https:\/\/bahiaeconomica.com.br\/wp\/#website","url":"https:\/\/bahiaeconomica.com.br\/wp\/","name":"Bahia Economica","description":"O maior portal de Economia da Bahia","publisher":{"@id":"https:\/\/bahiaeconomica.com.br\/wp\/#organization"},"potentialAction":[{"@type":"SearchAction","target":{"@type":"EntryPoint","urlTemplate":"https:\/\/bahiaeconomica.com.br\/wp\/?s={search_term_string}"},"query-input":"required name=search_term_string"}],"inLanguage":"pt-BR"},{"@type":"Organization","@id":"https:\/\/bahiaeconomica.com.br\/wp\/#organization","name":"Bahia Econ\u00f4mica","url":"https:\/\/bahiaeconomica.com.br\/wp\/","logo":{"@type":"ImageObject","inLanguage":"pt-BR","@id":"https:\/\/bahiaeconomica.com.br\/wp\/#\/schema\/logo\/image\/","url":"https:\/\/bahiaeconomica.com.br\/wp\/wp-content\/uploads\/2020\/12\/cropped-BE.png","contentUrl":"https:\/\/bahiaeconomica.com.br\/wp\/wp-content\/uploads\/2020\/12\/cropped-BE.png","width":512,"height":512,"caption":"Bahia Econ\u00f4mica"},"image":{"@id":"https:\/\/bahiaeconomica.com.br\/wp\/#\/schema\/logo\/image\/"},"sameAs":["https:\/\/www.facebook.com\/bahiaeconomica"]},{"@type":"Person","@id":"https:\/\/bahiaeconomica.com.br\/wp\/#\/schema\/person\/a17956d0e1112b626f403fb06b8129a9","name":"VICTOR OLIVEIRA","sameAs":["http:\/\/www.bahiaeconomica.com.br"],"url":"https:\/\/bahiaeconomica.com.br\/wp\/author\/victor-oliveira\/"}]}},"views":3,"_links":{"self":[{"href":"https:\/\/bahiaeconomica.com.br\/wp\/wp-json\/wp\/v2\/posts\/881050"}],"collection":[{"href":"https:\/\/bahiaeconomica.com.br\/wp\/wp-json\/wp\/v2\/posts"}],"about":[{"href":"https:\/\/bahiaeconomica.com.br\/wp\/wp-json\/wp\/v2\/types\/post"}],"author":[{"embeddable":true,"href":"https:\/\/bahiaeconomica.com.br\/wp\/wp-json\/wp\/v2\/users\/24"}],"replies":[{"embeddable":true,"href":"https:\/\/bahiaeconomica.com.br\/wp\/wp-json\/wp\/v2\/comments?post=881050"}],"version-history":[{"count":1,"href":"https:\/\/bahiaeconomica.com.br\/wp\/wp-json\/wp\/v2\/posts\/881050\/revisions"}],"predecessor-version":[{"id":881073,"href":"https:\/\/bahiaeconomica.com.br\/wp\/wp-json\/wp\/v2\/posts\/881050\/revisions\/881073"}],"wp:featuredmedia":[{"embeddable":true,"href":"https:\/\/bahiaeconomica.com.br\/wp\/wp-json\/wp\/v2\/media\/881070"}],"wp:attachment":[{"href":"https:\/\/bahiaeconomica.com.br\/wp\/wp-json\/wp\/v2\/media?parent=881050"}],"wp:term":[{"taxonomy":"category","embeddable":true,"href":"https:\/\/bahiaeconomica.com.br\/wp\/wp-json\/wp\/v2\/categories?post=881050"},{"taxonomy":"post_tag","embeddable":true,"href":"https:\/\/bahiaeconomica.com.br\/wp\/wp-json\/wp\/v2\/tags?post=881050"}],"curies":[{"name":"wp","href":"https:\/\/api.w.org\/{rel}","templated":true}]}}