{"id":880852,"date":"2025-02-14T12:00:07","date_gmt":"2025-02-14T15:00:07","guid":{"rendered":"https:\/\/bahiaeconomica.com.br\/wp\/?p=880852"},"modified":"2025-02-14T11:26:17","modified_gmt":"2025-02-14T14:26:17","slug":"meis-poderao-lucrar-r6-bilhoes-com-compras-governamentais","status":"publish","type":"post","link":"https:\/\/bahiaeconomica.com.br\/wp\/2025\/02\/14\/meis-poderao-lucrar-r6-bilhoes-com-compras-governamentais\/","title":{"rendered":"MEI&#8217;S PODER\u00c3O LUCRAR R$6 BILH\u00d5ES COM COMPRAS GOVERNAMENTAIS"},"content":{"rendered":"<p>Em pouco menos de uma semana ap\u00f3s o seu lan\u00e7amento, a plataforma &#8220;Contrata + Brasil&#8221; \u2013 que conecta \u00f3rg\u00e3os p\u00fablicos a microempreendedores individuais para a execu\u00e7\u00e3o de pequenos servi\u00e7os \u2013 j\u00e1 conta com a ades\u00e3o de mais de 630 munic\u00edpios. A estimativa feita pelo Sebrae \u00e9 de que, em sua primeira fase, a plataforma criada pelo governo federal tem o potencial de criar quase R$6 bilh\u00f5es por ano em receita para os microempreendedores. Esse \u00e9 o valor que foi investido em 2024 em servi\u00e7os de manuten\u00e7\u00e3o e pequenos reparos em todos os n\u00edveis da gest\u00e3o p\u00fablica.<\/p>\n<p>Agora, o objetivo da institui\u00e7\u00e3o \u00e9 aumentar ainda mais o n\u00famero de oportunidades nas prefeituras e \u00f3rg\u00e3os p\u00fablicos por todo o pa\u00eds. Para isso, o Sebrae, que \u00e9 parceiro do governo federal na iniciativa, deseja estimular as prefeituras que j\u00e1 est\u00e3o no Programa Cidade Empreendedora a aderirem \u00e0 ferramenta.<\/p>\n<p>As contrata\u00e7\u00f5es envolvem servi\u00e7os fornecidos por pintores, encanadores, eletricistas, pedreiros e gesseiros, por exemplo, mas a participa\u00e7\u00e3o de MEIs ainda \u00e9 pequena. Dos 16 de milh\u00f5es de MEI em opera\u00e7\u00e3o no Brasil, apenas 70 mil est\u00e3o cadastrados na base de fornecedores do Governo Federal.<\/p>\n<p>&#8220;O papel do Sebrae, nesse momento, ser\u00e1 executado em duas frentes. A primeira, a partir do seu programa Cidade Empreendedora e das ferramentas e solu\u00e7\u00f5es voltadas ao gestor p\u00fablico, pretende trazer prefeituras e institui\u00e7\u00f5es para a plataforma Contrata Mais Brasil, vendo as vantagens para suas rotinas, para suas opera\u00e7\u00f5es. A outra \u00e9 utilizar o seu portf\u00f3lio j\u00e1 existente para provocar, estimular e impulsionar o cadastro desses empreendedores e na qualifica\u00e7\u00e3o deles com uma atua\u00e7\u00e3o customizada de acordo com demandas&#8221;, explicou o analista de Pol\u00edticas P\u00fablicas do Sebrae Pedro Pessoa.<\/p>\n<p>&#8220;As prefeituras trazem isso como um grande ganho de poder ter ali, no munic\u00edpio, um fornecedor, uma empresa. Isso desenvolve o munic\u00edpio, o dinheiro fica no territ\u00f3rio e tem tamb\u00e9m a quest\u00e3o da qualidade do servi\u00e7o, porque voc\u00ea vai se adequando \u00e0 demanda e faz com que essa empresa se requalifique&#8221;, aponta Pedro Pessoa. &#8220;\u00c9 uma plataforma que vai ser inclusiva do ponto de vista econ\u00f4mico, pois quem est\u00e1 mal avaliado n\u00e3o \u00e9 exclu\u00eddo &#8211; recebe capacita\u00e7\u00e3o do Sebrae para melhorar sua posi\u00e7\u00e3o. A gente vai ter informa\u00e7\u00f5es e dados para sermos muito assertivos na adequa\u00e7\u00e3o e no aprimoramento do neg\u00f3cio naquilo que o setor p\u00fablico est\u00e1 exigindo&#8221;, continua o analista.<\/p>\n<p>Foto: Reprodu\u00e7\u00e3o<\/p>\n","protected":false},"excerpt":{"rendered":"<p>Em pouco menos de uma semana ap\u00f3s o seu lan\u00e7amento, a plataforma &#8220;Contrata + Brasil&#8221; \u2013 que conecta \u00f3rg\u00e3os p\u00fablicos a microempreendedores individuais para a execu\u00e7\u00e3o de pequenos servi\u00e7os \u2013 j\u00e1 conta com a ades\u00e3o de mais de 630 munic\u00edpios. A estimativa feita pelo Sebrae \u00e9 de que, em sua primeira fase, a plataforma criada [&hellip;]<\/p>\n","protected":false},"author":20,"featured_media":880854,"comment_status":"closed","ping_status":"closed","sticky":false,"template":"","format":"standard","meta":[],"categories":[3],"tags":[36851,32192,405],"acf":[],"yoast_head":"<!-- This site is optimized with the Yoast SEO plugin v20.8 - https:\/\/yoast.com\/wordpress\/plugins\/seo\/ -->\n<title>MEI&#039;S PODER\u00c3O LUCRAR R$6 BILH\u00d5ES COM COMPRAS GOVERNAMENTAIS - Bahia Economica<\/title>\n<meta name=\"description\" content=\"O maior portal de Economia da Bahia ECONOMIA \/ POL\u00cdTICA Bahia Economica plataforma j\u00e1 conta com a ades\u00e3o de mais de 630 munic\u00edpios\" \/>\n<meta name=\"robots\" content=\"index, follow, max-snippet:-1, max-image-preview:large, max-video-preview:-1\" \/>\n<link rel=\"canonical\" href=\"https:\/\/bahiaeconomica.com.br\/wp\/2025\/02\/14\/meis-poderao-lucrar-r6-bilhoes-com-compras-governamentais\/\" \/>\n<meta property=\"og:locale\" content=\"pt_BR\" \/>\n<meta property=\"og:type\" content=\"article\" \/>\n<meta property=\"og:title\" content=\"MEI&#039;S PODER\u00c3O LUCRAR R$6 BILH\u00d5ES COM COMPRAS GOVERNAMENTAIS - Bahia Economica\" \/>\n<meta property=\"og:description\" content=\"O maior portal de Economia da Bahia ECONOMIA \/ POL\u00cdTICA Bahia Economica plataforma j\u00e1 conta com a ades\u00e3o de mais de 630 munic\u00edpios\" \/>\n<meta property=\"og:url\" content=\"https:\/\/bahiaeconomica.com.br\/wp\/2025\/02\/14\/meis-poderao-lucrar-r6-bilhoes-com-compras-governamentais\/\" \/>\n<meta property=\"og:site_name\" content=\"Bahia Economica\" \/>\n<meta property=\"article:publisher\" content=\"https:\/\/www.facebook.com\/bahiaeconomica\" \/>\n<meta property=\"article:published_time\" content=\"2025-02-14T15:00:07+00:00\" \/>\n<meta property=\"article:modified_time\" content=\"2025-02-14T14:26:17+00:00\" \/>\n<meta property=\"og:image\" content=\"https:\/\/bahiaeconomica.com.br\/wp\/wp-content\/uploads\/2025\/02\/ContrataBrasil.jpg\" \/>\n\t<meta property=\"og:image:width\" content=\"1280\" \/>\n\t<meta property=\"og:image:height\" content=\"720\" \/>\n\t<meta property=\"og:image:type\" content=\"image\/jpeg\" \/>\n<meta name=\"author\" content=\"BRUNA CARVALHO\" \/>\n<meta name=\"twitter:card\" content=\"summary_large_image\" \/>\n<meta name=\"twitter:label1\" content=\"Escrito por\" \/>\n\t<meta name=\"twitter:data1\" content=\"BRUNA CARVALHO\" \/>\n\t<meta name=\"twitter:label2\" content=\"Est. tempo de leitura\" \/>\n\t<meta name=\"twitter:data2\" content=\"3 minutos\" \/>\n<script type=\"application\/ld+json\" class=\"yoast-schema-graph\">{\"@context\":\"https:\/\/schema.org\",\"@graph\":[{\"@type\":\"Article\",\"@id\":\"https:\/\/bahiaeconomica.com.br\/wp\/2025\/02\/14\/meis-poderao-lucrar-r6-bilhoes-com-compras-governamentais\/#article\",\"isPartOf\":{\"@id\":\"https:\/\/bahiaeconomica.com.br\/wp\/2025\/02\/14\/meis-poderao-lucrar-r6-bilhoes-com-compras-governamentais\/\"},\"author\":{\"name\":\"BRUNA CARVALHO\",\"@id\":\"https:\/\/bahiaeconomica.com.br\/wp\/#\/schema\/person\/9310b0e591f5979f6f99773eac5804e6\"},\"headline\":\"MEI&#8217;S PODER\u00c3O LUCRAR R$6 BILH\u00d5ES COM COMPRAS GOVERNAMENTAIS\",\"datePublished\":\"2025-02-14T15:00:07+00:00\",\"dateModified\":\"2025-02-14T14:26:17+00:00\",\"mainEntityOfPage\":{\"@id\":\"https:\/\/bahiaeconomica.com.br\/wp\/2025\/02\/14\/meis-poderao-lucrar-r6-bilhoes-com-compras-governamentais\/\"},\"wordCount\":436,\"publisher\":{\"@id\":\"https:\/\/bahiaeconomica.com.br\/wp\/#organization\"},\"keywords\":[\"contra + brasil\",\"lucros\",\"MEI\"],\"articleSection\":[\"ECONOMIA \/ POL\u00cdTICA\"],\"inLanguage\":\"pt-BR\"},{\"@type\":\"WebPage\",\"@id\":\"https:\/\/bahiaeconomica.com.br\/wp\/2025\/02\/14\/meis-poderao-lucrar-r6-bilhoes-com-compras-governamentais\/\",\"url\":\"https:\/\/bahiaeconomica.com.br\/wp\/2025\/02\/14\/meis-poderao-lucrar-r6-bilhoes-com-compras-governamentais\/\",\"name\":\"MEI'S PODER\u00c3O LUCRAR R$6 BILH\u00d5ES COM COMPRAS GOVERNAMENTAIS - Bahia Economica\",\"isPartOf\":{\"@id\":\"https:\/\/bahiaeconomica.com.br\/wp\/#website\"},\"datePublished\":\"2025-02-14T15:00:07+00:00\",\"dateModified\":\"2025-02-14T14:26:17+00:00\",\"description\":\"O maior portal de Economia da Bahia ECONOMIA \/ POL\u00cdTICA Bahia Economica plataforma j\u00e1 conta com a ades\u00e3o de mais de 630 munic\u00edpios\",\"breadcrumb\":{\"@id\":\"https:\/\/bahiaeconomica.com.br\/wp\/2025\/02\/14\/meis-poderao-lucrar-r6-bilhoes-com-compras-governamentais\/#breadcrumb\"},\"inLanguage\":\"pt-BR\",\"potentialAction\":[{\"@type\":\"ReadAction\",\"target\":[\"https:\/\/bahiaeconomica.com.br\/wp\/2025\/02\/14\/meis-poderao-lucrar-r6-bilhoes-com-compras-governamentais\/\"]}]},{\"@type\":\"BreadcrumbList\",\"@id\":\"https:\/\/bahiaeconomica.com.br\/wp\/2025\/02\/14\/meis-poderao-lucrar-r6-bilhoes-com-compras-governamentais\/#breadcrumb\",\"itemListElement\":[{\"@type\":\"ListItem\",\"position\":1,\"name\":\"In\u00edcio\",\"item\":\"https:\/\/bahiaeconomica.com.br\/wp\/\"},{\"@type\":\"ListItem\",\"position\":2,\"name\":\"MEI&#8217;S PODER\u00c3O LUCRAR R$6 BILH\u00d5ES COM COMPRAS GOVERNAMENTAIS\"}]},{\"@type\":\"WebSite\",\"@id\":\"https:\/\/bahiaeconomica.com.br\/wp\/#website\",\"url\":\"https:\/\/bahiaeconomica.com.br\/wp\/\",\"name\":\"Bahia Economica\",\"description\":\"O maior portal de Economia da Bahia\",\"publisher\":{\"@id\":\"https:\/\/bahiaeconomica.com.br\/wp\/#organization\"},\"potentialAction\":[{\"@type\":\"SearchAction\",\"target\":{\"@type\":\"EntryPoint\",\"urlTemplate\":\"https:\/\/bahiaeconomica.com.br\/wp\/?s={search_term_string}\"},\"query-input\":\"required name=search_term_string\"}],\"inLanguage\":\"pt-BR\"},{\"@type\":\"Organization\",\"@id\":\"https:\/\/bahiaeconomica.com.br\/wp\/#organization\",\"name\":\"Bahia Econ\u00f4mica\",\"url\":\"https:\/\/bahiaeconomica.com.br\/wp\/\",\"logo\":{\"@type\":\"ImageObject\",\"inLanguage\":\"pt-BR\",\"@id\":\"https:\/\/bahiaeconomica.com.br\/wp\/#\/schema\/logo\/image\/\",\"url\":\"https:\/\/bahiaeconomica.com.br\/wp\/wp-content\/uploads\/2020\/12\/cropped-BE.png\",\"contentUrl\":\"https:\/\/bahiaeconomica.com.br\/wp\/wp-content\/uploads\/2020\/12\/cropped-BE.png\",\"width\":512,\"height\":512,\"caption\":\"Bahia Econ\u00f4mica\"},\"image\":{\"@id\":\"https:\/\/bahiaeconomica.com.br\/wp\/#\/schema\/logo\/image\/\"},\"sameAs\":[\"https:\/\/www.facebook.com\/bahiaeconomica\"]},{\"@type\":\"Person\",\"@id\":\"https:\/\/bahiaeconomica.com.br\/wp\/#\/schema\/person\/9310b0e591f5979f6f99773eac5804e6\",\"name\":\"BRUNA CARVALHO\",\"sameAs\":[\"http:\/\/www.bahiaeconomica.com.br\"],\"url\":\"https:\/\/bahiaeconomica.com.br\/wp\/author\/bruna\/\"}]}<\/script>\n<!-- \/ Yoast SEO plugin. -->","yoast_head_json":{"title":"MEI'S PODER\u00c3O LUCRAR R$6 BILH\u00d5ES COM COMPRAS GOVERNAMENTAIS - Bahia Economica","description":"O maior portal de Economia da Bahia ECONOMIA \/ POL\u00cdTICA Bahia Economica plataforma j\u00e1 conta com a ades\u00e3o de mais de 630 munic\u00edpios","robots":{"index":"index","follow":"follow","max-snippet":"max-snippet:-1","max-image-preview":"max-image-preview:large","max-video-preview":"max-video-preview:-1"},"canonical":"https:\/\/bahiaeconomica.com.br\/wp\/2025\/02\/14\/meis-poderao-lucrar-r6-bilhoes-com-compras-governamentais\/","og_locale":"pt_BR","og_type":"article","og_title":"MEI'S PODER\u00c3O LUCRAR R$6 BILH\u00d5ES COM COMPRAS GOVERNAMENTAIS - Bahia Economica","og_description":"O maior portal de Economia da Bahia ECONOMIA \/ POL\u00cdTICA Bahia Economica plataforma j\u00e1 conta com a ades\u00e3o de mais de 630 munic\u00edpios","og_url":"https:\/\/bahiaeconomica.com.br\/wp\/2025\/02\/14\/meis-poderao-lucrar-r6-bilhoes-com-compras-governamentais\/","og_site_name":"Bahia Economica","article_publisher":"https:\/\/www.facebook.com\/bahiaeconomica","article_published_time":"2025-02-14T15:00:07+00:00","article_modified_time":"2025-02-14T14:26:17+00:00","og_image":[{"width":1280,"height":720,"url":"https:\/\/bahiaeconomica.com.br\/wp\/wp-content\/uploads\/2025\/02\/ContrataBrasil.jpg","type":"image\/jpeg"}],"author":"BRUNA CARVALHO","twitter_card":"summary_large_image","twitter_misc":{"Escrito por":"BRUNA CARVALHO","Est. tempo de leitura":"3 minutos"},"schema":{"@context":"https:\/\/schema.org","@graph":[{"@type":"Article","@id":"https:\/\/bahiaeconomica.com.br\/wp\/2025\/02\/14\/meis-poderao-lucrar-r6-bilhoes-com-compras-governamentais\/#article","isPartOf":{"@id":"https:\/\/bahiaeconomica.com.br\/wp\/2025\/02\/14\/meis-poderao-lucrar-r6-bilhoes-com-compras-governamentais\/"},"author":{"name":"BRUNA CARVALHO","@id":"https:\/\/bahiaeconomica.com.br\/wp\/#\/schema\/person\/9310b0e591f5979f6f99773eac5804e6"},"headline":"MEI&#8217;S PODER\u00c3O LUCRAR R$6 BILH\u00d5ES COM COMPRAS GOVERNAMENTAIS","datePublished":"2025-02-14T15:00:07+00:00","dateModified":"2025-02-14T14:26:17+00:00","mainEntityOfPage":{"@id":"https:\/\/bahiaeconomica.com.br\/wp\/2025\/02\/14\/meis-poderao-lucrar-r6-bilhoes-com-compras-governamentais\/"},"wordCount":436,"publisher":{"@id":"https:\/\/bahiaeconomica.com.br\/wp\/#organization"},"keywords":["contra + brasil","lucros","MEI"],"articleSection":["ECONOMIA \/ POL\u00cdTICA"],"inLanguage":"pt-BR"},{"@type":"WebPage","@id":"https:\/\/bahiaeconomica.com.br\/wp\/2025\/02\/14\/meis-poderao-lucrar-r6-bilhoes-com-compras-governamentais\/","url":"https:\/\/bahiaeconomica.com.br\/wp\/2025\/02\/14\/meis-poderao-lucrar-r6-bilhoes-com-compras-governamentais\/","name":"MEI'S PODER\u00c3O LUCRAR R$6 BILH\u00d5ES COM COMPRAS GOVERNAMENTAIS - Bahia Economica","isPartOf":{"@id":"https:\/\/bahiaeconomica.com.br\/wp\/#website"},"datePublished":"2025-02-14T15:00:07+00:00","dateModified":"2025-02-14T14:26:17+00:00","description":"O maior portal de Economia da Bahia ECONOMIA \/ POL\u00cdTICA Bahia Economica plataforma j\u00e1 conta com a ades\u00e3o de mais de 630 munic\u00edpios","breadcrumb":{"@id":"https:\/\/bahiaeconomica.com.br\/wp\/2025\/02\/14\/meis-poderao-lucrar-r6-bilhoes-com-compras-governamentais\/#breadcrumb"},"inLanguage":"pt-BR","potentialAction":[{"@type":"ReadAction","target":["https:\/\/bahiaeconomica.com.br\/wp\/2025\/02\/14\/meis-poderao-lucrar-r6-bilhoes-com-compras-governamentais\/"]}]},{"@type":"BreadcrumbList","@id":"https:\/\/bahiaeconomica.com.br\/wp\/2025\/02\/14\/meis-poderao-lucrar-r6-bilhoes-com-compras-governamentais\/#breadcrumb","itemListElement":[{"@type":"ListItem","position":1,"name":"In\u00edcio","item":"https:\/\/bahiaeconomica.com.br\/wp\/"},{"@type":"ListItem","position":2,"name":"MEI&#8217;S PODER\u00c3O LUCRAR R$6 BILH\u00d5ES COM COMPRAS GOVERNAMENTAIS"}]},{"@type":"WebSite","@id":"https:\/\/bahiaeconomica.com.br\/wp\/#website","url":"https:\/\/bahiaeconomica.com.br\/wp\/","name":"Bahia Economica","description":"O maior portal de Economia da Bahia","publisher":{"@id":"https:\/\/bahiaeconomica.com.br\/wp\/#organization"},"potentialAction":[{"@type":"SearchAction","target":{"@type":"EntryPoint","urlTemplate":"https:\/\/bahiaeconomica.com.br\/wp\/?s={search_term_string}"},"query-input":"required name=search_term_string"}],"inLanguage":"pt-BR"},{"@type":"Organization","@id":"https:\/\/bahiaeconomica.com.br\/wp\/#organization","name":"Bahia Econ\u00f4mica","url":"https:\/\/bahiaeconomica.com.br\/wp\/","logo":{"@type":"ImageObject","inLanguage":"pt-BR","@id":"https:\/\/bahiaeconomica.com.br\/wp\/#\/schema\/logo\/image\/","url":"https:\/\/bahiaeconomica.com.br\/wp\/wp-content\/uploads\/2020\/12\/cropped-BE.png","contentUrl":"https:\/\/bahiaeconomica.com.br\/wp\/wp-content\/uploads\/2020\/12\/cropped-BE.png","width":512,"height":512,"caption":"Bahia Econ\u00f4mica"},"image":{"@id":"https:\/\/bahiaeconomica.com.br\/wp\/#\/schema\/logo\/image\/"},"sameAs":["https:\/\/www.facebook.com\/bahiaeconomica"]},{"@type":"Person","@id":"https:\/\/bahiaeconomica.com.br\/wp\/#\/schema\/person\/9310b0e591f5979f6f99773eac5804e6","name":"BRUNA CARVALHO","sameAs":["http:\/\/www.bahiaeconomica.com.br"],"url":"https:\/\/bahiaeconomica.com.br\/wp\/author\/bruna\/"}]}},"views":11,"_links":{"self":[{"href":"https:\/\/bahiaeconomica.com.br\/wp\/wp-json\/wp\/v2\/posts\/880852"}],"collection":[{"href":"https:\/\/bahiaeconomica.com.br\/wp\/wp-json\/wp\/v2\/posts"}],"about":[{"href":"https:\/\/bahiaeconomica.com.br\/wp\/wp-json\/wp\/v2\/types\/post"}],"author":[{"embeddable":true,"href":"https:\/\/bahiaeconomica.com.br\/wp\/wp-json\/wp\/v2\/users\/20"}],"replies":[{"embeddable":true,"href":"https:\/\/bahiaeconomica.com.br\/wp\/wp-json\/wp\/v2\/comments?post=880852"}],"version-history":[{"count":1,"href":"https:\/\/bahiaeconomica.com.br\/wp\/wp-json\/wp\/v2\/posts\/880852\/revisions"}],"predecessor-version":[{"id":880856,"href":"https:\/\/bahiaeconomica.com.br\/wp\/wp-json\/wp\/v2\/posts\/880852\/revisions\/880856"}],"wp:featuredmedia":[{"embeddable":true,"href":"https:\/\/bahiaeconomica.com.br\/wp\/wp-json\/wp\/v2\/media\/880854"}],"wp:attachment":[{"href":"https:\/\/bahiaeconomica.com.br\/wp\/wp-json\/wp\/v2\/media?parent=880852"}],"wp:term":[{"taxonomy":"category","embeddable":true,"href":"https:\/\/bahiaeconomica.com.br\/wp\/wp-json\/wp\/v2\/categories?post=880852"},{"taxonomy":"post_tag","embeddable":true,"href":"https:\/\/bahiaeconomica.com.br\/wp\/wp-json\/wp\/v2\/tags?post=880852"}],"curies":[{"name":"wp","href":"https:\/\/api.w.org\/{rel}","templated":true}]}}