{"id":880390,"date":"2025-02-13T07:00:15","date_gmt":"2025-02-13T10:00:15","guid":{"rendered":"https:\/\/bahiaeconomica.com.br\/wp\/?p=880390"},"modified":"2025-02-13T06:51:36","modified_gmt":"2025-02-13T09:51:36","slug":"jeronimo-critica-gestora-do-ferry-boat-e-nao-descarta-romper-contrato-entenda","status":"publish","type":"post","link":"https:\/\/bahiaeconomica.com.br\/wp\/2025\/02\/13\/jeronimo-critica-gestora-do-ferry-boat-e-nao-descarta-romper-contrato-entenda\/","title":{"rendered":"JER\u00d4NIMO CRITICA GESTORA DO FERRY-BOAT E N\u00c3O DESCARTA ROMPER CONTRATO; ENTENDA \u00a0"},"content":{"rendered":"<p>O governador Jer\u00f4nimo Rodrigues (PT) n\u00e3o poupou criticas \u00e0 gest\u00e3o do ferry-boart e falou em romper o contrato com a Internacional Travessias, caso a situa\u00e7\u00e3o n\u00e3o melhore. A declara\u00e7\u00e3o ocorreu durante agenda de entregas no Hospital Ana Nery, em Salvador. Jer\u00f4nimo afirmou que estuda a possibilidade de revis\u00e3o do contrato de concess\u00e3o da empresa, que est\u00e1 respons\u00e1vel pela condu\u00e7\u00e3o do transporte desde 2013. O governador ainda criticou a Ag\u00eancia Estadual de Regula\u00e7\u00e3o de Servi\u00e7os P\u00fablicos de Energia, Transportes e Comunica\u00e7\u00f5es da Bahia (Agerba), que faz a fiscaliza\u00e7\u00e3o do ferry.<\/p>\n<p>\u201cVoc\u00eas sabem o quanto eu sofro, eu sou usu\u00e1rio, sou usu\u00e1rio, n\u00e3o tenho lancha, eu n\u00e3o uso lancha, eu sempre que posso eu vou, a n\u00e3o ser uma agenda mais r\u00e1pida, que eu uso o helic\u00f3ptero ou outro, mas sempre que eu posso eu vou de ferry-boat. Aguardo, tem a hora marcada, eu fa\u00e7o isso, como qualquer pessoa faz, n\u00e3o estou me escondendo. E me constrangeu bastante a forma como foi conduzida\u201d, disparou.<\/p>\n<p>Foto: Divulga\u00e7\u00e3o | Internacional Travessias<\/p>\n<p>&nbsp;<\/p>\n","protected":false},"excerpt":{"rendered":"<p>O governador Jer\u00f4nimo Rodrigues (PT) n\u00e3o poupou criticas \u00e0 gest\u00e3o do ferry-boart e falou em romper o contrato com a Internacional Travessias, caso a situa\u00e7\u00e3o n\u00e3o melhore. A declara\u00e7\u00e3o ocorreu durante agenda de entregas no Hospital Ana Nery, em Salvador. Jer\u00f4nimo afirmou que estuda a possibilidade de revis\u00e3o do contrato de concess\u00e3o da empresa, que [&hellip;]<\/p>\n","protected":false},"author":8,"featured_media":880391,"comment_status":"closed","ping_status":"closed","sticky":false,"template":"","format":"standard","meta":[],"categories":[14,3],"tags":[36813,4628,1544,1181,4119,33337],"acf":[],"yoast_head":"<!-- This site is optimized with the Yoast SEO plugin v20.8 - https:\/\/yoast.com\/wordpress\/plugins\/seo\/ -->\n<title>JER\u00d4NIMO CRITICA GESTORA DO FERRY-BOAT E N\u00c3O DESCARTA ROMPER CONTRATO; ENTENDA \u00a0 - Bahia Economica<\/title>\n<meta name=\"description\" content=\"O maior portal de Economia da Bahia DESTAQUE DO DIA, ECONOMIA \/ POL\u00cdTICA Bahia Economica governador Jer\u00f4nimo Rodrigues (PT) n\u00e3o poupou criticas\" \/>\n<meta name=\"robots\" content=\"index, follow, max-snippet:-1, max-image-preview:large, max-video-preview:-1\" \/>\n<link rel=\"canonical\" href=\"https:\/\/bahiaeconomica.com.br\/wp\/2025\/02\/13\/jeronimo-critica-gestora-do-ferry-boat-e-nao-descarta-romper-contrato-entenda\/\" \/>\n<meta property=\"og:locale\" content=\"pt_BR\" \/>\n<meta property=\"og:type\" content=\"article\" \/>\n<meta property=\"og:title\" content=\"JER\u00d4NIMO CRITICA GESTORA DO FERRY-BOAT E N\u00c3O DESCARTA ROMPER CONTRATO; ENTENDA \u00a0 - Bahia Economica\" \/>\n<meta property=\"og:description\" content=\"O maior portal de Economia da Bahia DESTAQUE DO DIA, ECONOMIA \/ POL\u00cdTICA Bahia Economica governador Jer\u00f4nimo Rodrigues (PT) n\u00e3o poupou criticas\" \/>\n<meta property=\"og:url\" content=\"https:\/\/bahiaeconomica.com.br\/wp\/2025\/02\/13\/jeronimo-critica-gestora-do-ferry-boat-e-nao-descarta-romper-contrato-entenda\/\" \/>\n<meta property=\"og:site_name\" content=\"Bahia Economica\" \/>\n<meta property=\"article:publisher\" content=\"https:\/\/www.facebook.com\/bahiaeconomica\" \/>\n<meta property=\"article:published_time\" content=\"2025-02-13T10:00:15+00:00\" \/>\n<meta property=\"article:modified_time\" content=\"2025-02-13T09:51:36+00:00\" \/>\n<meta property=\"og:image\" content=\"https:\/\/bahiaeconomica.com.br\/wp\/wp-content\/uploads\/2025\/02\/Jeronimo-detona-ferry-e-nao-descarta-medida-drasti0130700900202502121842-ScaleDownProportional.webp\" \/>\n\t<meta property=\"og:image:width\" content=\"1200\" \/>\n\t<meta property=\"og:image:height\" content=\"675\" \/>\n\t<meta property=\"og:image:type\" content=\"image\/webp\" \/>\n<meta name=\"author\" content=\"JP\" \/>\n<meta name=\"twitter:card\" content=\"summary_large_image\" \/>\n<meta name=\"twitter:label1\" content=\"Escrito por\" \/>\n\t<meta name=\"twitter:data1\" content=\"JP\" \/>\n\t<meta name=\"twitter:label2\" content=\"Est. tempo de leitura\" \/>\n\t<meta name=\"twitter:data2\" content=\"1 minuto\" \/>\n<script type=\"application\/ld+json\" class=\"yoast-schema-graph\">{\"@context\":\"https:\/\/schema.org\",\"@graph\":[{\"@type\":\"Article\",\"@id\":\"https:\/\/bahiaeconomica.com.br\/wp\/2025\/02\/13\/jeronimo-critica-gestora-do-ferry-boat-e-nao-descarta-romper-contrato-entenda\/#article\",\"isPartOf\":{\"@id\":\"https:\/\/bahiaeconomica.com.br\/wp\/2025\/02\/13\/jeronimo-critica-gestora-do-ferry-boat-e-nao-descarta-romper-contrato-entenda\/\"},\"author\":{\"name\":\"JP\",\"@id\":\"https:\/\/bahiaeconomica.com.br\/wp\/#\/schema\/person\/c86d3a3f8960425a0f9d0e5245991f4e\"},\"headline\":\"JER\u00d4NIMO CRITICA GESTORA DO FERRY-BOAT E N\u00c3O DESCARTA ROMPER CONTRATO; ENTENDA \u00a0\",\"datePublished\":\"2025-02-13T10:00:15+00:00\",\"dateModified\":\"2025-02-13T09:51:36+00:00\",\"mainEntityOfPage\":{\"@id\":\"https:\/\/bahiaeconomica.com.br\/wp\/2025\/02\/13\/jeronimo-critica-gestora-do-ferry-boat-e-nao-descarta-romper-contrato-entenda\/\"},\"wordCount\":206,\"publisher\":{\"@id\":\"https:\/\/bahiaeconomica.com.br\/wp\/#organization\"},\"keywords\":[\"do ferryboat\",\"internacional\",\"jeronimo\",\"preco\",\"rodrigues\",\"travessias\"],\"articleSection\":[\"DESTAQUE DO DIA\",\"ECONOMIA \/ POL\u00cdTICA\"],\"inLanguage\":\"pt-BR\"},{\"@type\":\"WebPage\",\"@id\":\"https:\/\/bahiaeconomica.com.br\/wp\/2025\/02\/13\/jeronimo-critica-gestora-do-ferry-boat-e-nao-descarta-romper-contrato-entenda\/\",\"url\":\"https:\/\/bahiaeconomica.com.br\/wp\/2025\/02\/13\/jeronimo-critica-gestora-do-ferry-boat-e-nao-descarta-romper-contrato-entenda\/\",\"name\":\"JER\u00d4NIMO CRITICA GESTORA DO FERRY-BOAT E N\u00c3O DESCARTA ROMPER CONTRATO; ENTENDA \u00a0 - Bahia Economica\",\"isPartOf\":{\"@id\":\"https:\/\/bahiaeconomica.com.br\/wp\/#website\"},\"datePublished\":\"2025-02-13T10:00:15+00:00\",\"dateModified\":\"2025-02-13T09:51:36+00:00\",\"description\":\"O maior portal de Economia da Bahia DESTAQUE DO DIA, ECONOMIA \/ POL\u00cdTICA Bahia Economica governador Jer\u00f4nimo Rodrigues (PT) n\u00e3o poupou criticas\",\"breadcrumb\":{\"@id\":\"https:\/\/bahiaeconomica.com.br\/wp\/2025\/02\/13\/jeronimo-critica-gestora-do-ferry-boat-e-nao-descarta-romper-contrato-entenda\/#breadcrumb\"},\"inLanguage\":\"pt-BR\",\"potentialAction\":[{\"@type\":\"ReadAction\",\"target\":[\"https:\/\/bahiaeconomica.com.br\/wp\/2025\/02\/13\/jeronimo-critica-gestora-do-ferry-boat-e-nao-descarta-romper-contrato-entenda\/\"]}]},{\"@type\":\"BreadcrumbList\",\"@id\":\"https:\/\/bahiaeconomica.com.br\/wp\/2025\/02\/13\/jeronimo-critica-gestora-do-ferry-boat-e-nao-descarta-romper-contrato-entenda\/#breadcrumb\",\"itemListElement\":[{\"@type\":\"ListItem\",\"position\":1,\"name\":\"In\u00edcio\",\"item\":\"https:\/\/bahiaeconomica.com.br\/wp\/\"},{\"@type\":\"ListItem\",\"position\":2,\"name\":\"JER\u00d4NIMO CRITICA GESTORA DO FERRY-BOAT E N\u00c3O DESCARTA ROMPER CONTRATO; ENTENDA \u00a0\"}]},{\"@type\":\"WebSite\",\"@id\":\"https:\/\/bahiaeconomica.com.br\/wp\/#website\",\"url\":\"https:\/\/bahiaeconomica.com.br\/wp\/\",\"name\":\"Bahia Economica\",\"description\":\"O maior portal de Economia da Bahia\",\"publisher\":{\"@id\":\"https:\/\/bahiaeconomica.com.br\/wp\/#organization\"},\"potentialAction\":[{\"@type\":\"SearchAction\",\"target\":{\"@type\":\"EntryPoint\",\"urlTemplate\":\"https:\/\/bahiaeconomica.com.br\/wp\/?s={search_term_string}\"},\"query-input\":\"required name=search_term_string\"}],\"inLanguage\":\"pt-BR\"},{\"@type\":\"Organization\",\"@id\":\"https:\/\/bahiaeconomica.com.br\/wp\/#organization\",\"name\":\"Bahia Econ\u00f4mica\",\"url\":\"https:\/\/bahiaeconomica.com.br\/wp\/\",\"logo\":{\"@type\":\"ImageObject\",\"inLanguage\":\"pt-BR\",\"@id\":\"https:\/\/bahiaeconomica.com.br\/wp\/#\/schema\/logo\/image\/\",\"url\":\"https:\/\/bahiaeconomica.com.br\/wp\/wp-content\/uploads\/2020\/12\/cropped-BE.png\",\"contentUrl\":\"https:\/\/bahiaeconomica.com.br\/wp\/wp-content\/uploads\/2020\/12\/cropped-BE.png\",\"width\":512,\"height\":512,\"caption\":\"Bahia Econ\u00f4mica\"},\"image\":{\"@id\":\"https:\/\/bahiaeconomica.com.br\/wp\/#\/schema\/logo\/image\/\"},\"sameAs\":[\"https:\/\/www.facebook.com\/bahiaeconomica\"]},{\"@type\":\"Person\",\"@id\":\"https:\/\/bahiaeconomica.com.br\/wp\/#\/schema\/person\/c86d3a3f8960425a0f9d0e5245991f4e\",\"name\":\"JP\",\"sameAs\":[\"https:\/\/bahiaeconomica.com.br\/wp\/beta\/\"],\"url\":\"https:\/\/bahiaeconomica.com.br\/wp\/author\/jp\/\"}]}<\/script>\n<!-- \/ Yoast SEO plugin. -->","yoast_head_json":{"title":"JER\u00d4NIMO CRITICA GESTORA DO FERRY-BOAT E N\u00c3O DESCARTA ROMPER CONTRATO; ENTENDA \u00a0 - Bahia Economica","description":"O maior portal de Economia da Bahia DESTAQUE DO DIA, ECONOMIA \/ POL\u00cdTICA Bahia Economica governador Jer\u00f4nimo Rodrigues (PT) n\u00e3o poupou criticas","robots":{"index":"index","follow":"follow","max-snippet":"max-snippet:-1","max-image-preview":"max-image-preview:large","max-video-preview":"max-video-preview:-1"},"canonical":"https:\/\/bahiaeconomica.com.br\/wp\/2025\/02\/13\/jeronimo-critica-gestora-do-ferry-boat-e-nao-descarta-romper-contrato-entenda\/","og_locale":"pt_BR","og_type":"article","og_title":"JER\u00d4NIMO CRITICA GESTORA DO FERRY-BOAT E N\u00c3O DESCARTA ROMPER CONTRATO; ENTENDA \u00a0 - Bahia Economica","og_description":"O maior portal de Economia da Bahia DESTAQUE DO DIA, ECONOMIA \/ POL\u00cdTICA Bahia Economica governador Jer\u00f4nimo Rodrigues (PT) n\u00e3o poupou criticas","og_url":"https:\/\/bahiaeconomica.com.br\/wp\/2025\/02\/13\/jeronimo-critica-gestora-do-ferry-boat-e-nao-descarta-romper-contrato-entenda\/","og_site_name":"Bahia Economica","article_publisher":"https:\/\/www.facebook.com\/bahiaeconomica","article_published_time":"2025-02-13T10:00:15+00:00","article_modified_time":"2025-02-13T09:51:36+00:00","og_image":[{"width":1200,"height":675,"url":"https:\/\/bahiaeconomica.com.br\/wp\/wp-content\/uploads\/2025\/02\/Jeronimo-detona-ferry-e-nao-descarta-medida-drasti0130700900202502121842-ScaleDownProportional.webp","type":"image\/webp"}],"author":"JP","twitter_card":"summary_large_image","twitter_misc":{"Escrito por":"JP","Est. tempo de leitura":"1 minuto"},"schema":{"@context":"https:\/\/schema.org","@graph":[{"@type":"Article","@id":"https:\/\/bahiaeconomica.com.br\/wp\/2025\/02\/13\/jeronimo-critica-gestora-do-ferry-boat-e-nao-descarta-romper-contrato-entenda\/#article","isPartOf":{"@id":"https:\/\/bahiaeconomica.com.br\/wp\/2025\/02\/13\/jeronimo-critica-gestora-do-ferry-boat-e-nao-descarta-romper-contrato-entenda\/"},"author":{"name":"JP","@id":"https:\/\/bahiaeconomica.com.br\/wp\/#\/schema\/person\/c86d3a3f8960425a0f9d0e5245991f4e"},"headline":"JER\u00d4NIMO CRITICA GESTORA DO FERRY-BOAT E N\u00c3O DESCARTA ROMPER CONTRATO; ENTENDA \u00a0","datePublished":"2025-02-13T10:00:15+00:00","dateModified":"2025-02-13T09:51:36+00:00","mainEntityOfPage":{"@id":"https:\/\/bahiaeconomica.com.br\/wp\/2025\/02\/13\/jeronimo-critica-gestora-do-ferry-boat-e-nao-descarta-romper-contrato-entenda\/"},"wordCount":206,"publisher":{"@id":"https:\/\/bahiaeconomica.com.br\/wp\/#organization"},"keywords":["do ferryboat","internacional","jeronimo","preco","rodrigues","travessias"],"articleSection":["DESTAQUE DO DIA","ECONOMIA \/ POL\u00cdTICA"],"inLanguage":"pt-BR"},{"@type":"WebPage","@id":"https:\/\/bahiaeconomica.com.br\/wp\/2025\/02\/13\/jeronimo-critica-gestora-do-ferry-boat-e-nao-descarta-romper-contrato-entenda\/","url":"https:\/\/bahiaeconomica.com.br\/wp\/2025\/02\/13\/jeronimo-critica-gestora-do-ferry-boat-e-nao-descarta-romper-contrato-entenda\/","name":"JER\u00d4NIMO CRITICA GESTORA DO FERRY-BOAT E N\u00c3O DESCARTA ROMPER CONTRATO; ENTENDA \u00a0 - Bahia Economica","isPartOf":{"@id":"https:\/\/bahiaeconomica.com.br\/wp\/#website"},"datePublished":"2025-02-13T10:00:15+00:00","dateModified":"2025-02-13T09:51:36+00:00","description":"O maior portal de Economia da Bahia DESTAQUE DO DIA, ECONOMIA \/ POL\u00cdTICA Bahia Economica governador Jer\u00f4nimo Rodrigues (PT) n\u00e3o poupou criticas","breadcrumb":{"@id":"https:\/\/bahiaeconomica.com.br\/wp\/2025\/02\/13\/jeronimo-critica-gestora-do-ferry-boat-e-nao-descarta-romper-contrato-entenda\/#breadcrumb"},"inLanguage":"pt-BR","potentialAction":[{"@type":"ReadAction","target":["https:\/\/bahiaeconomica.com.br\/wp\/2025\/02\/13\/jeronimo-critica-gestora-do-ferry-boat-e-nao-descarta-romper-contrato-entenda\/"]}]},{"@type":"BreadcrumbList","@id":"https:\/\/bahiaeconomica.com.br\/wp\/2025\/02\/13\/jeronimo-critica-gestora-do-ferry-boat-e-nao-descarta-romper-contrato-entenda\/#breadcrumb","itemListElement":[{"@type":"ListItem","position":1,"name":"In\u00edcio","item":"https:\/\/bahiaeconomica.com.br\/wp\/"},{"@type":"ListItem","position":2,"name":"JER\u00d4NIMO CRITICA GESTORA DO FERRY-BOAT E N\u00c3O DESCARTA ROMPER CONTRATO; ENTENDA \u00a0"}]},{"@type":"WebSite","@id":"https:\/\/bahiaeconomica.com.br\/wp\/#website","url":"https:\/\/bahiaeconomica.com.br\/wp\/","name":"Bahia Economica","description":"O maior portal de Economia da Bahia","publisher":{"@id":"https:\/\/bahiaeconomica.com.br\/wp\/#organization"},"potentialAction":[{"@type":"SearchAction","target":{"@type":"EntryPoint","urlTemplate":"https:\/\/bahiaeconomica.com.br\/wp\/?s={search_term_string}"},"query-input":"required name=search_term_string"}],"inLanguage":"pt-BR"},{"@type":"Organization","@id":"https:\/\/bahiaeconomica.com.br\/wp\/#organization","name":"Bahia Econ\u00f4mica","url":"https:\/\/bahiaeconomica.com.br\/wp\/","logo":{"@type":"ImageObject","inLanguage":"pt-BR","@id":"https:\/\/bahiaeconomica.com.br\/wp\/#\/schema\/logo\/image\/","url":"https:\/\/bahiaeconomica.com.br\/wp\/wp-content\/uploads\/2020\/12\/cropped-BE.png","contentUrl":"https:\/\/bahiaeconomica.com.br\/wp\/wp-content\/uploads\/2020\/12\/cropped-BE.png","width":512,"height":512,"caption":"Bahia Econ\u00f4mica"},"image":{"@id":"https:\/\/bahiaeconomica.com.br\/wp\/#\/schema\/logo\/image\/"},"sameAs":["https:\/\/www.facebook.com\/bahiaeconomica"]},{"@type":"Person","@id":"https:\/\/bahiaeconomica.com.br\/wp\/#\/schema\/person\/c86d3a3f8960425a0f9d0e5245991f4e","name":"JP","sameAs":["https:\/\/bahiaeconomica.com.br\/wp\/beta\/"],"url":"https:\/\/bahiaeconomica.com.br\/wp\/author\/jp\/"}]}},"views":106,"_links":{"self":[{"href":"https:\/\/bahiaeconomica.com.br\/wp\/wp-json\/wp\/v2\/posts\/880390"}],"collection":[{"href":"https:\/\/bahiaeconomica.com.br\/wp\/wp-json\/wp\/v2\/posts"}],"about":[{"href":"https:\/\/bahiaeconomica.com.br\/wp\/wp-json\/wp\/v2\/types\/post"}],"author":[{"embeddable":true,"href":"https:\/\/bahiaeconomica.com.br\/wp\/wp-json\/wp\/v2\/users\/8"}],"replies":[{"embeddable":true,"href":"https:\/\/bahiaeconomica.com.br\/wp\/wp-json\/wp\/v2\/comments?post=880390"}],"version-history":[{"count":1,"href":"https:\/\/bahiaeconomica.com.br\/wp\/wp-json\/wp\/v2\/posts\/880390\/revisions"}],"predecessor-version":[{"id":880392,"href":"https:\/\/bahiaeconomica.com.br\/wp\/wp-json\/wp\/v2\/posts\/880390\/revisions\/880392"}],"wp:featuredmedia":[{"embeddable":true,"href":"https:\/\/bahiaeconomica.com.br\/wp\/wp-json\/wp\/v2\/media\/880391"}],"wp:attachment":[{"href":"https:\/\/bahiaeconomica.com.br\/wp\/wp-json\/wp\/v2\/media?parent=880390"}],"wp:term":[{"taxonomy":"category","embeddable":true,"href":"https:\/\/bahiaeconomica.com.br\/wp\/wp-json\/wp\/v2\/categories?post=880390"},{"taxonomy":"post_tag","embeddable":true,"href":"https:\/\/bahiaeconomica.com.br\/wp\/wp-json\/wp\/v2\/tags?post=880390"}],"curies":[{"name":"wp","href":"https:\/\/api.w.org\/{rel}","templated":true}]}}