{"id":880367,"date":"2025-02-12T19:54:06","date_gmt":"2025-02-12T22:54:06","guid":{"rendered":"https:\/\/bahiaeconomica.com.br\/wp\/?p=880367"},"modified":"2025-02-12T19:17:38","modified_gmt":"2025-02-12T22:17:38","slug":"logistica-dos-correios-expande-mercado-para-a-agricultura-familiar-da-bahia","status":"publish","type":"post","link":"https:\/\/bahiaeconomica.com.br\/wp\/2025\/02\/12\/logistica-dos-correios-expande-mercado-para-a-agricultura-familiar-da-bahia\/","title":{"rendered":"LOG\u00cdSTICA DOS CORREIOS EXPANDE MERCADO PARA A AGRICULTURA FAMILIAR DA BAHIA"},"content":{"rendered":"<p>A agricultura familiar baiana ganha um novo impulso com o apoio log\u00edstico dos Correios, ampliando a comercializa\u00e7\u00e3o de seus produtos. A parceria in\u00e9dita entre o Governo do Estado e os Correios foi firmada durante a Feira Baiana da Agricultura Familiar e Economia Solid\u00e1ria, em dezembro de 2024, por meio de um termo de coopera\u00e7\u00e3o t\u00e9cnica. Essa colabora\u00e7\u00e3o estabelece solu\u00e7\u00f5es log\u00edsticas que facilitam o escoamento da produ\u00e7\u00e3o, permitindo que os produtos cheguem a todas as regi\u00f5es do Brasil e at\u00e9 ao mercado internacional, j\u00e1 mostrando resultados positivos. O tema foi abordado no Podcast Agricultura Familiar, transmitido nesta ter\u00e7a-feira (11) no Instagram e YouTube da CAR.<\/p>\n<p>Viabilizada pela Companhia de Desenvolvimento e A\u00e7\u00e3o Regional (CAR) e pela Federa\u00e7\u00e3o Unicafes Bahia, a parceria oferece aos agricultores familiares, cooperativas e associa\u00e7\u00f5es a possibilidade de otimizar suas entregas, superando desafios log\u00edsticos hist\u00f3ricos e fortalecendo a presen\u00e7a dos produtos no com\u00e9rcio digital.<\/p>\n<p>O diretor-presidente da CAR, Jeandro Ribeiro, enfatiza que a parceria fecha um ciclo fundamental para o fortalecimento da agricultura familiar baiana. &#8220;Ela conecta todos os elos da cadeia produtiva \u2014 o agricultor, a cooperativa e o consumidor. \u00c9 mais uma revolu\u00e7\u00e3o nesse segmento, um passo decisivo para expandir a presen\u00e7a dos produtos em todo o mundo&#8221;.<\/p>\n<p>Com essa parceria, os Correios oferecem solu\u00e7\u00f5es log\u00edsticas que beneficiam produtores e consumidores. O gerente regional de Desenvolvimento dos Correios, Juarez Pereira, destaca a abrang\u00eancia do servi\u00e7o: &#8220;Somos o maior operador log\u00edstico da Am\u00e9rica Latina e estamos presentes em todos os munic\u00edpios baianos. Com essa parceria, podemos entregar desde pequenas encomendas para consumidores individuais at\u00e9 grandes remessas de cooperativas para todo o Brasil e o exterior. Em Salvador, entregamos pedidos em at\u00e9 24 horas, com prazos diferenciados para outras capitais e o interior do Estado.&#8221;<\/p>\n<p>A parceria tamb\u00e9m inclui coleta programada nas sedes das cooperativas, envio de amostras para feiras nacionais e internacionais e personaliza\u00e7\u00e3o da log\u00edstica do Programa Nacional de Alimenta\u00e7\u00e3o Escolar (PNAE). Al\u00e9m disso, est\u00e3o sendo criados Centros de Distribui\u00e7\u00e3o em Salvador, com planos de expans\u00e3o para outras capitais, otimizando o abastecimento e reduzindo custos.<\/p>\n<p>&nbsp;<\/p>\n<p>Fotos: Andr\u00e9 Frutu\u00f4so\/Ascom CAR<\/p>\n<p>&nbsp;<\/p>\n","protected":false},"excerpt":{"rendered":"<p>A agricultura familiar baiana ganha um novo impulso com o apoio log\u00edstico dos Correios, ampliando a comercializa\u00e7\u00e3o de seus produtos. A parceria in\u00e9dita entre o Governo do Estado e os Correios foi firmada durante a Feira Baiana da Agricultura Familiar e Economia Solid\u00e1ria, em dezembro de 2024, por meio de um termo de coopera\u00e7\u00e3o t\u00e9cnica. [&hellip;]<\/p>\n","protected":false},"author":22,"featured_media":880381,"comment_status":"closed","ping_status":"closed","sticky":false,"template":"","format":"standard","meta":[],"categories":[3],"tags":[943,85,1112,933,1995,805,4858,36810,1161,36811],"acf":[],"yoast_head":"<!-- This site is optimized with the Yoast SEO plugin v20.8 - https:\/\/yoast.com\/wordpress\/plugins\/seo\/ -->\n<title>LOG\u00cdSTICA DOS CORREIOS EXPANDE MERCADO PARA A AGRICULTURA FAMILIAR DA BAHIA - Bahia Economica<\/title>\n<meta name=\"description\" content=\"O maior portal de Economia da Bahia ECONOMIA \/ POL\u00cdTICA Bahia Economica\" \/>\n<meta name=\"robots\" content=\"index, follow, max-snippet:-1, max-image-preview:large, max-video-preview:-1\" \/>\n<link rel=\"canonical\" href=\"https:\/\/bahiaeconomica.com.br\/wp\/2025\/02\/12\/logistica-dos-correios-expande-mercado-para-a-agricultura-familiar-da-bahia\/\" \/>\n<meta property=\"og:locale\" content=\"pt_BR\" \/>\n<meta property=\"og:type\" content=\"article\" \/>\n<meta property=\"og:title\" content=\"LOG\u00cdSTICA DOS CORREIOS EXPANDE MERCADO PARA A AGRICULTURA FAMILIAR DA BAHIA - Bahia Economica\" \/>\n<meta property=\"og:description\" content=\"O maior portal de Economia da Bahia ECONOMIA \/ POL\u00cdTICA Bahia Economica\" \/>\n<meta property=\"og:url\" content=\"https:\/\/bahiaeconomica.com.br\/wp\/2025\/02\/12\/logistica-dos-correios-expande-mercado-para-a-agricultura-familiar-da-bahia\/\" \/>\n<meta property=\"og:site_name\" content=\"Bahia Economica\" \/>\n<meta property=\"article:publisher\" content=\"https:\/\/www.facebook.com\/bahiaeconomica\" \/>\n<meta property=\"article:published_time\" content=\"2025-02-12T22:54:06+00:00\" \/>\n<meta property=\"article:modified_time\" content=\"2025-02-12T22:17:38+00:00\" \/>\n<meta property=\"og:image\" content=\"https:\/\/bahiaeconomica.com.br\/wp\/wp-content\/uploads\/2025\/02\/WhatsApp-Image-2025-02-12-at-17.38.23.jpeg\" \/>\n\t<meta property=\"og:image:width\" content=\"2560\" \/>\n\t<meta property=\"og:image:height\" content=\"1920\" \/>\n\t<meta property=\"og:image:type\" content=\"image\/jpeg\" \/>\n<meta name=\"author\" content=\"Matheus Souza\" \/>\n<meta name=\"twitter:card\" content=\"summary_large_image\" \/>\n<meta name=\"twitter:label1\" content=\"Escrito por\" \/>\n\t<meta name=\"twitter:data1\" content=\"Matheus Souza\" \/>\n\t<meta name=\"twitter:label2\" content=\"Est. tempo de leitura\" \/>\n\t<meta name=\"twitter:data2\" content=\"2 minutos\" \/>\n<script type=\"application\/ld+json\" class=\"yoast-schema-graph\">{\"@context\":\"https:\/\/schema.org\",\"@graph\":[{\"@type\":\"Article\",\"@id\":\"https:\/\/bahiaeconomica.com.br\/wp\/2025\/02\/12\/logistica-dos-correios-expande-mercado-para-a-agricultura-familiar-da-bahia\/#article\",\"isPartOf\":{\"@id\":\"https:\/\/bahiaeconomica.com.br\/wp\/2025\/02\/12\/logistica-dos-correios-expande-mercado-para-a-agricultura-familiar-da-bahia\/\"},\"author\":{\"name\":\"Matheus Souza\",\"@id\":\"https:\/\/bahiaeconomica.com.br\/wp\/#\/schema\/person\/3304d50cfd32353c7d08c39066638997\"},\"headline\":\"LOG\u00cdSTICA DOS CORREIOS EXPANDE MERCADO PARA A AGRICULTURA FAMILIAR DA BAHIA\",\"datePublished\":\"2025-02-12T22:54:06+00:00\",\"dateModified\":\"2025-02-12T22:17:38+00:00\",\"mainEntityOfPage\":{\"@id\":\"https:\/\/bahiaeconomica.com.br\/wp\/2025\/02\/12\/logistica-dos-correios-expande-mercado-para-a-agricultura-familiar-da-bahia\/\"},\"wordCount\":390,\"publisher\":{\"@id\":\"https:\/\/bahiaeconomica.com.br\/wp\/#organization\"},\"keywords\":[\"agricultura\",\"Bahia\",\"correios\",\"cultura\",\"expans\u00e3o\",\"investimentos\",\"log\u00edstica\",\"Margareth Mezenes\",\"mercado\",\"Nacionaliza\u00e7\u00e3o\"],\"articleSection\":[\"ECONOMIA \/ POL\u00cdTICA\"],\"inLanguage\":\"pt-BR\"},{\"@type\":\"WebPage\",\"@id\":\"https:\/\/bahiaeconomica.com.br\/wp\/2025\/02\/12\/logistica-dos-correios-expande-mercado-para-a-agricultura-familiar-da-bahia\/\",\"url\":\"https:\/\/bahiaeconomica.com.br\/wp\/2025\/02\/12\/logistica-dos-correios-expande-mercado-para-a-agricultura-familiar-da-bahia\/\",\"name\":\"LOG\u00cdSTICA DOS CORREIOS EXPANDE MERCADO PARA A AGRICULTURA FAMILIAR DA BAHIA - Bahia Economica\",\"isPartOf\":{\"@id\":\"https:\/\/bahiaeconomica.com.br\/wp\/#website\"},\"datePublished\":\"2025-02-12T22:54:06+00:00\",\"dateModified\":\"2025-02-12T22:17:38+00:00\",\"description\":\"O maior portal de Economia da Bahia ECONOMIA \/ POL\u00cdTICA Bahia Economica\",\"breadcrumb\":{\"@id\":\"https:\/\/bahiaeconomica.com.br\/wp\/2025\/02\/12\/logistica-dos-correios-expande-mercado-para-a-agricultura-familiar-da-bahia\/#breadcrumb\"},\"inLanguage\":\"pt-BR\",\"potentialAction\":[{\"@type\":\"ReadAction\",\"target\":[\"https:\/\/bahiaeconomica.com.br\/wp\/2025\/02\/12\/logistica-dos-correios-expande-mercado-para-a-agricultura-familiar-da-bahia\/\"]}]},{\"@type\":\"BreadcrumbList\",\"@id\":\"https:\/\/bahiaeconomica.com.br\/wp\/2025\/02\/12\/logistica-dos-correios-expande-mercado-para-a-agricultura-familiar-da-bahia\/#breadcrumb\",\"itemListElement\":[{\"@type\":\"ListItem\",\"position\":1,\"name\":\"In\u00edcio\",\"item\":\"https:\/\/bahiaeconomica.com.br\/wp\/\"},{\"@type\":\"ListItem\",\"position\":2,\"name\":\"LOG\u00cdSTICA DOS CORREIOS EXPANDE MERCADO PARA A AGRICULTURA FAMILIAR DA BAHIA\"}]},{\"@type\":\"WebSite\",\"@id\":\"https:\/\/bahiaeconomica.com.br\/wp\/#website\",\"url\":\"https:\/\/bahiaeconomica.com.br\/wp\/\",\"name\":\"Bahia Economica\",\"description\":\"O maior portal de Economia da Bahia\",\"publisher\":{\"@id\":\"https:\/\/bahiaeconomica.com.br\/wp\/#organization\"},\"potentialAction\":[{\"@type\":\"SearchAction\",\"target\":{\"@type\":\"EntryPoint\",\"urlTemplate\":\"https:\/\/bahiaeconomica.com.br\/wp\/?s={search_term_string}\"},\"query-input\":\"required name=search_term_string\"}],\"inLanguage\":\"pt-BR\"},{\"@type\":\"Organization\",\"@id\":\"https:\/\/bahiaeconomica.com.br\/wp\/#organization\",\"name\":\"Bahia Econ\u00f4mica\",\"url\":\"https:\/\/bahiaeconomica.com.br\/wp\/\",\"logo\":{\"@type\":\"ImageObject\",\"inLanguage\":\"pt-BR\",\"@id\":\"https:\/\/bahiaeconomica.com.br\/wp\/#\/schema\/logo\/image\/\",\"url\":\"https:\/\/bahiaeconomica.com.br\/wp\/wp-content\/uploads\/2020\/12\/cropped-BE.png\",\"contentUrl\":\"https:\/\/bahiaeconomica.com.br\/wp\/wp-content\/uploads\/2020\/12\/cropped-BE.png\",\"width\":512,\"height\":512,\"caption\":\"Bahia Econ\u00f4mica\"},\"image\":{\"@id\":\"https:\/\/bahiaeconomica.com.br\/wp\/#\/schema\/logo\/image\/\"},\"sameAs\":[\"https:\/\/www.facebook.com\/bahiaeconomica\"]},{\"@type\":\"Person\",\"@id\":\"https:\/\/bahiaeconomica.com.br\/wp\/#\/schema\/person\/3304d50cfd32353c7d08c39066638997\",\"name\":\"Matheus Souza\",\"sameAs\":[\"http:\/\/www.bahiaeconomica.com.br\"],\"url\":\"https:\/\/bahiaeconomica.com.br\/wp\/author\/matheus-souza\/\"}]}<\/script>\n<!-- \/ Yoast SEO plugin. -->","yoast_head_json":{"title":"LOG\u00cdSTICA DOS CORREIOS EXPANDE MERCADO PARA A AGRICULTURA FAMILIAR DA BAHIA - Bahia Economica","description":"O maior portal de Economia da Bahia ECONOMIA \/ POL\u00cdTICA Bahia Economica","robots":{"index":"index","follow":"follow","max-snippet":"max-snippet:-1","max-image-preview":"max-image-preview:large","max-video-preview":"max-video-preview:-1"},"canonical":"https:\/\/bahiaeconomica.com.br\/wp\/2025\/02\/12\/logistica-dos-correios-expande-mercado-para-a-agricultura-familiar-da-bahia\/","og_locale":"pt_BR","og_type":"article","og_title":"LOG\u00cdSTICA DOS CORREIOS EXPANDE MERCADO PARA A AGRICULTURA FAMILIAR DA BAHIA - Bahia Economica","og_description":"O maior portal de Economia da Bahia ECONOMIA \/ POL\u00cdTICA Bahia Economica","og_url":"https:\/\/bahiaeconomica.com.br\/wp\/2025\/02\/12\/logistica-dos-correios-expande-mercado-para-a-agricultura-familiar-da-bahia\/","og_site_name":"Bahia Economica","article_publisher":"https:\/\/www.facebook.com\/bahiaeconomica","article_published_time":"2025-02-12T22:54:06+00:00","article_modified_time":"2025-02-12T22:17:38+00:00","og_image":[{"width":2560,"height":1920,"url":"https:\/\/bahiaeconomica.com.br\/wp\/wp-content\/uploads\/2025\/02\/WhatsApp-Image-2025-02-12-at-17.38.23.jpeg","type":"image\/jpeg"}],"author":"Matheus Souza","twitter_card":"summary_large_image","twitter_misc":{"Escrito por":"Matheus Souza","Est. tempo de leitura":"2 minutos"},"schema":{"@context":"https:\/\/schema.org","@graph":[{"@type":"Article","@id":"https:\/\/bahiaeconomica.com.br\/wp\/2025\/02\/12\/logistica-dos-correios-expande-mercado-para-a-agricultura-familiar-da-bahia\/#article","isPartOf":{"@id":"https:\/\/bahiaeconomica.com.br\/wp\/2025\/02\/12\/logistica-dos-correios-expande-mercado-para-a-agricultura-familiar-da-bahia\/"},"author":{"name":"Matheus Souza","@id":"https:\/\/bahiaeconomica.com.br\/wp\/#\/schema\/person\/3304d50cfd32353c7d08c39066638997"},"headline":"LOG\u00cdSTICA DOS CORREIOS EXPANDE MERCADO PARA A AGRICULTURA FAMILIAR DA BAHIA","datePublished":"2025-02-12T22:54:06+00:00","dateModified":"2025-02-12T22:17:38+00:00","mainEntityOfPage":{"@id":"https:\/\/bahiaeconomica.com.br\/wp\/2025\/02\/12\/logistica-dos-correios-expande-mercado-para-a-agricultura-familiar-da-bahia\/"},"wordCount":390,"publisher":{"@id":"https:\/\/bahiaeconomica.com.br\/wp\/#organization"},"keywords":["agricultura","Bahia","correios","cultura","expans\u00e3o","investimentos","log\u00edstica","Margareth Mezenes","mercado","Nacionaliza\u00e7\u00e3o"],"articleSection":["ECONOMIA \/ POL\u00cdTICA"],"inLanguage":"pt-BR"},{"@type":"WebPage","@id":"https:\/\/bahiaeconomica.com.br\/wp\/2025\/02\/12\/logistica-dos-correios-expande-mercado-para-a-agricultura-familiar-da-bahia\/","url":"https:\/\/bahiaeconomica.com.br\/wp\/2025\/02\/12\/logistica-dos-correios-expande-mercado-para-a-agricultura-familiar-da-bahia\/","name":"LOG\u00cdSTICA DOS CORREIOS EXPANDE MERCADO PARA A AGRICULTURA FAMILIAR DA BAHIA - Bahia Economica","isPartOf":{"@id":"https:\/\/bahiaeconomica.com.br\/wp\/#website"},"datePublished":"2025-02-12T22:54:06+00:00","dateModified":"2025-02-12T22:17:38+00:00","description":"O maior portal de Economia da Bahia ECONOMIA \/ POL\u00cdTICA Bahia Economica","breadcrumb":{"@id":"https:\/\/bahiaeconomica.com.br\/wp\/2025\/02\/12\/logistica-dos-correios-expande-mercado-para-a-agricultura-familiar-da-bahia\/#breadcrumb"},"inLanguage":"pt-BR","potentialAction":[{"@type":"ReadAction","target":["https:\/\/bahiaeconomica.com.br\/wp\/2025\/02\/12\/logistica-dos-correios-expande-mercado-para-a-agricultura-familiar-da-bahia\/"]}]},{"@type":"BreadcrumbList","@id":"https:\/\/bahiaeconomica.com.br\/wp\/2025\/02\/12\/logistica-dos-correios-expande-mercado-para-a-agricultura-familiar-da-bahia\/#breadcrumb","itemListElement":[{"@type":"ListItem","position":1,"name":"In\u00edcio","item":"https:\/\/bahiaeconomica.com.br\/wp\/"},{"@type":"ListItem","position":2,"name":"LOG\u00cdSTICA DOS CORREIOS EXPANDE MERCADO PARA A AGRICULTURA FAMILIAR DA BAHIA"}]},{"@type":"WebSite","@id":"https:\/\/bahiaeconomica.com.br\/wp\/#website","url":"https:\/\/bahiaeconomica.com.br\/wp\/","name":"Bahia Economica","description":"O maior portal de Economia da Bahia","publisher":{"@id":"https:\/\/bahiaeconomica.com.br\/wp\/#organization"},"potentialAction":[{"@type":"SearchAction","target":{"@type":"EntryPoint","urlTemplate":"https:\/\/bahiaeconomica.com.br\/wp\/?s={search_term_string}"},"query-input":"required name=search_term_string"}],"inLanguage":"pt-BR"},{"@type":"Organization","@id":"https:\/\/bahiaeconomica.com.br\/wp\/#organization","name":"Bahia Econ\u00f4mica","url":"https:\/\/bahiaeconomica.com.br\/wp\/","logo":{"@type":"ImageObject","inLanguage":"pt-BR","@id":"https:\/\/bahiaeconomica.com.br\/wp\/#\/schema\/logo\/image\/","url":"https:\/\/bahiaeconomica.com.br\/wp\/wp-content\/uploads\/2020\/12\/cropped-BE.png","contentUrl":"https:\/\/bahiaeconomica.com.br\/wp\/wp-content\/uploads\/2020\/12\/cropped-BE.png","width":512,"height":512,"caption":"Bahia Econ\u00f4mica"},"image":{"@id":"https:\/\/bahiaeconomica.com.br\/wp\/#\/schema\/logo\/image\/"},"sameAs":["https:\/\/www.facebook.com\/bahiaeconomica"]},{"@type":"Person","@id":"https:\/\/bahiaeconomica.com.br\/wp\/#\/schema\/person\/3304d50cfd32353c7d08c39066638997","name":"Matheus Souza","sameAs":["http:\/\/www.bahiaeconomica.com.br"],"url":"https:\/\/bahiaeconomica.com.br\/wp\/author\/matheus-souza\/"}]}},"views":26,"_links":{"self":[{"href":"https:\/\/bahiaeconomica.com.br\/wp\/wp-json\/wp\/v2\/posts\/880367"}],"collection":[{"href":"https:\/\/bahiaeconomica.com.br\/wp\/wp-json\/wp\/v2\/posts"}],"about":[{"href":"https:\/\/bahiaeconomica.com.br\/wp\/wp-json\/wp\/v2\/types\/post"}],"author":[{"embeddable":true,"href":"https:\/\/bahiaeconomica.com.br\/wp\/wp-json\/wp\/v2\/users\/22"}],"replies":[{"embeddable":true,"href":"https:\/\/bahiaeconomica.com.br\/wp\/wp-json\/wp\/v2\/comments?post=880367"}],"version-history":[{"count":1,"href":"https:\/\/bahiaeconomica.com.br\/wp\/wp-json\/wp\/v2\/posts\/880367\/revisions"}],"predecessor-version":[{"id":880382,"href":"https:\/\/bahiaeconomica.com.br\/wp\/wp-json\/wp\/v2\/posts\/880367\/revisions\/880382"}],"wp:featuredmedia":[{"embeddable":true,"href":"https:\/\/bahiaeconomica.com.br\/wp\/wp-json\/wp\/v2\/media\/880381"}],"wp:attachment":[{"href":"https:\/\/bahiaeconomica.com.br\/wp\/wp-json\/wp\/v2\/media?parent=880367"}],"wp:term":[{"taxonomy":"category","embeddable":true,"href":"https:\/\/bahiaeconomica.com.br\/wp\/wp-json\/wp\/v2\/categories?post=880367"},{"taxonomy":"post_tag","embeddable":true,"href":"https:\/\/bahiaeconomica.com.br\/wp\/wp-json\/wp\/v2\/tags?post=880367"}],"curies":[{"name":"wp","href":"https:\/\/api.w.org\/{rel}","templated":true}]}}