{"id":880285,"date":"2025-02-12T16:59:21","date_gmt":"2025-02-12T19:59:21","guid":{"rendered":"https:\/\/bahiaeconomica.com.br\/wp\/?p=880285"},"modified":"2025-02-12T14:48:12","modified_gmt":"2025-02-12T17:48:12","slug":"metro-contara-com-operacao-especial-durante-o-carnaval-de-2025","status":"publish","type":"post","link":"https:\/\/bahiaeconomica.com.br\/wp\/2025\/02\/12\/metro-contara-com-operacao-especial-durante-o-carnaval-de-2025\/","title":{"rendered":"METR\u00d4 CONTAR\u00c1 COM OPERA\u00c7\u00c3O ESPECIAL DURANTE O CARNAVAL DE 2025"},"content":{"rendered":"<p>A Secretaria de Desenvolvimento Urbano da Bahia, em parceria com a Companhia de Transportes do Estado da Bahia (CTB) e a CCR Metr\u00f4 Bahia, estabeleceu uma opera\u00e7\u00e3o especial no sistema metrovi\u00e1rio de Salvador e Lauro de Freitas para atender os foli\u00f5es durante o Carnaval de 2025.<\/p>\n<p>Ao todo, ser\u00e3o 163 horas ininterruptas de servi\u00e7o no metr\u00f4, com mais de 600 viagens adicionais durante a madrugada. As esta\u00e7\u00f5es Lapa, Acesso Norte e Rodovi\u00e1ria funcionar\u00e3o 24 horas para embarque, enquanto as demais estar\u00e3o abertas apenas para desembarque, com exce\u00e7\u00e3o da esta\u00e7\u00e3o do Centro Administrativo da Bahia (CAB), que permanecer\u00e1 fechada nesse per\u00edodo.<\/p>\n<p>Mais de 900 colaboradores estar\u00e3o em servi\u00e7o para garantir o deslocamento seguro dos foli\u00f5es. A opera\u00e7\u00e3o tamb\u00e9m contar\u00e1 com o apoio da Pol\u00edcia Militar da Bahia, que manter\u00e1 uma base 24h na esta\u00e7\u00e3o da Lapa, al\u00e9m de realizar patrulhamento nos terminais de \u00f4nibus, rondas no entorno das esta\u00e7\u00f5es do metr\u00f4 e monitoramento das sa\u00eddas das passarelas.<\/p>\n<p>Al\u00e9m do metr\u00f4, o sistema BRT de Salvador tamb\u00e9m operar\u00e1 24h, com trajeto entre a Rodovi\u00e1ria e a Lapa. Al\u00e9m disso, uma linha de \u00f4nibus gratuita ser\u00e1 disponibilizada entre a Lapa e a Barra.<\/p>\n<p>A secret\u00e1ria Jusmari Oliveira destacou que haver\u00e1 uma opera\u00e7\u00e3o especial no pr\u00e9-Carnaval para dar in\u00edcio \u00e0s atividades deste ano. \u201cN\u00f3s teremos no pr\u00e9-Carnaval uma opera\u00e7\u00e3o especial para as festas do Fuzu\u00ea, Furdun\u00e7o e Pipoco, que voc\u00eas gostam tanto. O metr\u00f4 funcionar\u00e1 at\u00e9 a madrugada, garantindo que voc\u00ea v\u00e1 e volte com seguran\u00e7a.\u201d<\/p>\n<p>Das 5h \u00e0 meia-noite, o funcionamento ser\u00e1 normal em todas as esta\u00e7\u00f5es, permitindo embarque e desembarque de passageiros. De acordo com a CCR Metr\u00f4 Bahia, \u00e9 previsto um aumento de 10% no fluxo de passageiros em compara\u00e7\u00e3o ao ano anterior.<\/p>\n<p>Foto: Reprodu\u00e7\u00e3o<\/p>\n","protected":false},"excerpt":{"rendered":"<p>A Secretaria de Desenvolvimento Urbano da Bahia, em parceria com a Companhia de Transportes do Estado da Bahia (CTB) e a CCR Metr\u00f4 Bahia, estabeleceu uma opera\u00e7\u00e3o especial no sistema metrovi\u00e1rio de Salvador e Lauro de Freitas para atender os foli\u00f5es durante o Carnaval de 2025. Ao todo, ser\u00e3o 163 horas ininterruptas de servi\u00e7o no [&hellip;]<\/p>\n","protected":false},"author":15,"featured_media":880288,"comment_status":"closed","ping_status":"closed","sticky":false,"template":"","format":"standard","meta":[],"categories":[14,5],"tags":[26706,1053,73],"acf":[],"yoast_head":"<!-- This site is optimized with the Yoast SEO plugin v20.8 - https:\/\/yoast.com\/wordpress\/plugins\/seo\/ -->\n<title>METR\u00d4 CONTAR\u00c1 COM OPERA\u00c7\u00c3O ESPECIAL DURANTE O CARNAVAL DE 2025 - Bahia Economica<\/title>\n<meta name=\"description\" content=\"O maior portal de Economia da Bahia DESTAQUE DO DIA, MUNIC\u00cdPIOS Bahia Economica A Secretaria de Desenvolvimento Urbano da Bahia, em parceria com a Companhia\" \/>\n<meta name=\"robots\" content=\"index, follow, max-snippet:-1, max-image-preview:large, max-video-preview:-1\" \/>\n<link rel=\"canonical\" href=\"https:\/\/bahiaeconomica.com.br\/wp\/2025\/02\/12\/metro-contara-com-operacao-especial-durante-o-carnaval-de-2025\/\" \/>\n<meta property=\"og:locale\" content=\"pt_BR\" \/>\n<meta property=\"og:type\" content=\"article\" \/>\n<meta property=\"og:title\" content=\"METR\u00d4 CONTAR\u00c1 COM OPERA\u00c7\u00c3O ESPECIAL DURANTE O CARNAVAL DE 2025 - Bahia Economica\" \/>\n<meta property=\"og:description\" content=\"O maior portal de Economia da Bahia DESTAQUE DO DIA, MUNIC\u00cdPIOS Bahia Economica A Secretaria de Desenvolvimento Urbano da Bahia, em parceria com a Companhia\" \/>\n<meta property=\"og:url\" content=\"https:\/\/bahiaeconomica.com.br\/wp\/2025\/02\/12\/metro-contara-com-operacao-especial-durante-o-carnaval-de-2025\/\" \/>\n<meta property=\"og:site_name\" content=\"Bahia Economica\" \/>\n<meta property=\"article:publisher\" content=\"https:\/\/www.facebook.com\/bahiaeconomica\" \/>\n<meta property=\"article:published_time\" content=\"2025-02-12T19:59:21+00:00\" \/>\n<meta property=\"article:modified_time\" content=\"2025-02-12T17:48:12+00:00\" \/>\n<meta property=\"og:image\" content=\"https:\/\/bahiaeconomica.com.br\/wp\/wp-content\/uploads\/2025\/02\/Tres-estacoes-de-metro-nao-vao-funcionar-neste-dom0127378200202406072230-ScaleDownProportional-768x512-1.webp\" \/>\n\t<meta property=\"og:image:width\" content=\"768\" \/>\n\t<meta property=\"og:image:height\" content=\"512\" \/>\n\t<meta property=\"og:image:type\" content=\"image\/webp\" \/>\n<meta name=\"author\" content=\"VICTORIA ISABEL\" \/>\n<meta name=\"twitter:card\" content=\"summary_large_image\" \/>\n<meta name=\"twitter:label1\" content=\"Escrito por\" \/>\n\t<meta name=\"twitter:data1\" content=\"VICTORIA ISABEL\" \/>\n\t<meta name=\"twitter:label2\" content=\"Est. tempo de leitura\" \/>\n\t<meta name=\"twitter:data2\" content=\"2 minutos\" \/>\n<script type=\"application\/ld+json\" class=\"yoast-schema-graph\">{\"@context\":\"https:\/\/schema.org\",\"@graph\":[{\"@type\":\"Article\",\"@id\":\"https:\/\/bahiaeconomica.com.br\/wp\/2025\/02\/12\/metro-contara-com-operacao-especial-durante-o-carnaval-de-2025\/#article\",\"isPartOf\":{\"@id\":\"https:\/\/bahiaeconomica.com.br\/wp\/2025\/02\/12\/metro-contara-com-operacao-especial-durante-o-carnaval-de-2025\/\"},\"author\":{\"name\":\"VICTORIA ISABEL\",\"@id\":\"https:\/\/bahiaeconomica.com.br\/wp\/#\/schema\/person\/b719ce0fb1c09f3c7a00d9243ced4a6f\"},\"headline\":\"METR\u00d4 CONTAR\u00c1 COM OPERA\u00c7\u00c3O ESPECIAL DURANTE O CARNAVAL DE 2025\",\"datePublished\":\"2025-02-12T19:59:21+00:00\",\"dateModified\":\"2025-02-12T17:48:12+00:00\",\"mainEntityOfPage\":{\"@id\":\"https:\/\/bahiaeconomica.com.br\/wp\/2025\/02\/12\/metro-contara-com-operacao-especial-durante-o-carnaval-de-2025\/\"},\"wordCount\":325,\"publisher\":{\"@id\":\"https:\/\/bahiaeconomica.com.br\/wp\/#organization\"},\"keywords\":[\"carnaval de 2025\",\"Metr\u00f4\",\"Salvador\"],\"articleSection\":[\"DESTAQUE DO DIA\",\"MUNIC\u00cdPIOS\"],\"inLanguage\":\"pt-BR\"},{\"@type\":\"WebPage\",\"@id\":\"https:\/\/bahiaeconomica.com.br\/wp\/2025\/02\/12\/metro-contara-com-operacao-especial-durante-o-carnaval-de-2025\/\",\"url\":\"https:\/\/bahiaeconomica.com.br\/wp\/2025\/02\/12\/metro-contara-com-operacao-especial-durante-o-carnaval-de-2025\/\",\"name\":\"METR\u00d4 CONTAR\u00c1 COM OPERA\u00c7\u00c3O ESPECIAL DURANTE O CARNAVAL DE 2025 - Bahia Economica\",\"isPartOf\":{\"@id\":\"https:\/\/bahiaeconomica.com.br\/wp\/#website\"},\"datePublished\":\"2025-02-12T19:59:21+00:00\",\"dateModified\":\"2025-02-12T17:48:12+00:00\",\"description\":\"O maior portal de Economia da Bahia DESTAQUE DO DIA, MUNIC\u00cdPIOS Bahia Economica A Secretaria de Desenvolvimento Urbano da Bahia, em parceria com a Companhia\",\"breadcrumb\":{\"@id\":\"https:\/\/bahiaeconomica.com.br\/wp\/2025\/02\/12\/metro-contara-com-operacao-especial-durante-o-carnaval-de-2025\/#breadcrumb\"},\"inLanguage\":\"pt-BR\",\"potentialAction\":[{\"@type\":\"ReadAction\",\"target\":[\"https:\/\/bahiaeconomica.com.br\/wp\/2025\/02\/12\/metro-contara-com-operacao-especial-durante-o-carnaval-de-2025\/\"]}]},{\"@type\":\"BreadcrumbList\",\"@id\":\"https:\/\/bahiaeconomica.com.br\/wp\/2025\/02\/12\/metro-contara-com-operacao-especial-durante-o-carnaval-de-2025\/#breadcrumb\",\"itemListElement\":[{\"@type\":\"ListItem\",\"position\":1,\"name\":\"In\u00edcio\",\"item\":\"https:\/\/bahiaeconomica.com.br\/wp\/\"},{\"@type\":\"ListItem\",\"position\":2,\"name\":\"METR\u00d4 CONTAR\u00c1 COM OPERA\u00c7\u00c3O ESPECIAL DURANTE O CARNAVAL DE 2025\"}]},{\"@type\":\"WebSite\",\"@id\":\"https:\/\/bahiaeconomica.com.br\/wp\/#website\",\"url\":\"https:\/\/bahiaeconomica.com.br\/wp\/\",\"name\":\"Bahia Economica\",\"description\":\"O maior portal de Economia da Bahia\",\"publisher\":{\"@id\":\"https:\/\/bahiaeconomica.com.br\/wp\/#organization\"},\"potentialAction\":[{\"@type\":\"SearchAction\",\"target\":{\"@type\":\"EntryPoint\",\"urlTemplate\":\"https:\/\/bahiaeconomica.com.br\/wp\/?s={search_term_string}\"},\"query-input\":\"required name=search_term_string\"}],\"inLanguage\":\"pt-BR\"},{\"@type\":\"Organization\",\"@id\":\"https:\/\/bahiaeconomica.com.br\/wp\/#organization\",\"name\":\"Bahia Econ\u00f4mica\",\"url\":\"https:\/\/bahiaeconomica.com.br\/wp\/\",\"logo\":{\"@type\":\"ImageObject\",\"inLanguage\":\"pt-BR\",\"@id\":\"https:\/\/bahiaeconomica.com.br\/wp\/#\/schema\/logo\/image\/\",\"url\":\"https:\/\/bahiaeconomica.com.br\/wp\/wp-content\/uploads\/2020\/12\/cropped-BE.png\",\"contentUrl\":\"https:\/\/bahiaeconomica.com.br\/wp\/wp-content\/uploads\/2020\/12\/cropped-BE.png\",\"width\":512,\"height\":512,\"caption\":\"Bahia Econ\u00f4mica\"},\"image\":{\"@id\":\"https:\/\/bahiaeconomica.com.br\/wp\/#\/schema\/logo\/image\/\"},\"sameAs\":[\"https:\/\/www.facebook.com\/bahiaeconomica\"]},{\"@type\":\"Person\",\"@id\":\"https:\/\/bahiaeconomica.com.br\/wp\/#\/schema\/person\/b719ce0fb1c09f3c7a00d9243ced4a6f\",\"name\":\"VICTORIA ISABEL\",\"sameAs\":[\"http:\/\/www.bahiaeconomica.com.br\"],\"url\":\"https:\/\/bahiaeconomica.com.br\/wp\/author\/victoria-isabel\/\"}]}<\/script>\n<!-- \/ Yoast SEO plugin. -->","yoast_head_json":{"title":"METR\u00d4 CONTAR\u00c1 COM OPERA\u00c7\u00c3O ESPECIAL DURANTE O CARNAVAL DE 2025 - Bahia Economica","description":"O maior portal de Economia da Bahia DESTAQUE DO DIA, MUNIC\u00cdPIOS Bahia Economica A Secretaria de Desenvolvimento Urbano da Bahia, em parceria com a Companhia","robots":{"index":"index","follow":"follow","max-snippet":"max-snippet:-1","max-image-preview":"max-image-preview:large","max-video-preview":"max-video-preview:-1"},"canonical":"https:\/\/bahiaeconomica.com.br\/wp\/2025\/02\/12\/metro-contara-com-operacao-especial-durante-o-carnaval-de-2025\/","og_locale":"pt_BR","og_type":"article","og_title":"METR\u00d4 CONTAR\u00c1 COM OPERA\u00c7\u00c3O ESPECIAL DURANTE O CARNAVAL DE 2025 - Bahia Economica","og_description":"O maior portal de Economia da Bahia DESTAQUE DO DIA, MUNIC\u00cdPIOS Bahia Economica A Secretaria de Desenvolvimento Urbano da Bahia, em parceria com a Companhia","og_url":"https:\/\/bahiaeconomica.com.br\/wp\/2025\/02\/12\/metro-contara-com-operacao-especial-durante-o-carnaval-de-2025\/","og_site_name":"Bahia Economica","article_publisher":"https:\/\/www.facebook.com\/bahiaeconomica","article_published_time":"2025-02-12T19:59:21+00:00","article_modified_time":"2025-02-12T17:48:12+00:00","og_image":[{"width":768,"height":512,"url":"https:\/\/bahiaeconomica.com.br\/wp\/wp-content\/uploads\/2025\/02\/Tres-estacoes-de-metro-nao-vao-funcionar-neste-dom0127378200202406072230-ScaleDownProportional-768x512-1.webp","type":"image\/webp"}],"author":"VICTORIA ISABEL","twitter_card":"summary_large_image","twitter_misc":{"Escrito por":"VICTORIA ISABEL","Est. tempo de leitura":"2 minutos"},"schema":{"@context":"https:\/\/schema.org","@graph":[{"@type":"Article","@id":"https:\/\/bahiaeconomica.com.br\/wp\/2025\/02\/12\/metro-contara-com-operacao-especial-durante-o-carnaval-de-2025\/#article","isPartOf":{"@id":"https:\/\/bahiaeconomica.com.br\/wp\/2025\/02\/12\/metro-contara-com-operacao-especial-durante-o-carnaval-de-2025\/"},"author":{"name":"VICTORIA ISABEL","@id":"https:\/\/bahiaeconomica.com.br\/wp\/#\/schema\/person\/b719ce0fb1c09f3c7a00d9243ced4a6f"},"headline":"METR\u00d4 CONTAR\u00c1 COM OPERA\u00c7\u00c3O ESPECIAL DURANTE O CARNAVAL DE 2025","datePublished":"2025-02-12T19:59:21+00:00","dateModified":"2025-02-12T17:48:12+00:00","mainEntityOfPage":{"@id":"https:\/\/bahiaeconomica.com.br\/wp\/2025\/02\/12\/metro-contara-com-operacao-especial-durante-o-carnaval-de-2025\/"},"wordCount":325,"publisher":{"@id":"https:\/\/bahiaeconomica.com.br\/wp\/#organization"},"keywords":["carnaval de 2025","Metr\u00f4","Salvador"],"articleSection":["DESTAQUE DO DIA","MUNIC\u00cdPIOS"],"inLanguage":"pt-BR"},{"@type":"WebPage","@id":"https:\/\/bahiaeconomica.com.br\/wp\/2025\/02\/12\/metro-contara-com-operacao-especial-durante-o-carnaval-de-2025\/","url":"https:\/\/bahiaeconomica.com.br\/wp\/2025\/02\/12\/metro-contara-com-operacao-especial-durante-o-carnaval-de-2025\/","name":"METR\u00d4 CONTAR\u00c1 COM OPERA\u00c7\u00c3O ESPECIAL DURANTE O CARNAVAL DE 2025 - Bahia Economica","isPartOf":{"@id":"https:\/\/bahiaeconomica.com.br\/wp\/#website"},"datePublished":"2025-02-12T19:59:21+00:00","dateModified":"2025-02-12T17:48:12+00:00","description":"O maior portal de Economia da Bahia DESTAQUE DO DIA, MUNIC\u00cdPIOS Bahia Economica A Secretaria de Desenvolvimento Urbano da Bahia, em parceria com a Companhia","breadcrumb":{"@id":"https:\/\/bahiaeconomica.com.br\/wp\/2025\/02\/12\/metro-contara-com-operacao-especial-durante-o-carnaval-de-2025\/#breadcrumb"},"inLanguage":"pt-BR","potentialAction":[{"@type":"ReadAction","target":["https:\/\/bahiaeconomica.com.br\/wp\/2025\/02\/12\/metro-contara-com-operacao-especial-durante-o-carnaval-de-2025\/"]}]},{"@type":"BreadcrumbList","@id":"https:\/\/bahiaeconomica.com.br\/wp\/2025\/02\/12\/metro-contara-com-operacao-especial-durante-o-carnaval-de-2025\/#breadcrumb","itemListElement":[{"@type":"ListItem","position":1,"name":"In\u00edcio","item":"https:\/\/bahiaeconomica.com.br\/wp\/"},{"@type":"ListItem","position":2,"name":"METR\u00d4 CONTAR\u00c1 COM OPERA\u00c7\u00c3O ESPECIAL DURANTE O CARNAVAL DE 2025"}]},{"@type":"WebSite","@id":"https:\/\/bahiaeconomica.com.br\/wp\/#website","url":"https:\/\/bahiaeconomica.com.br\/wp\/","name":"Bahia Economica","description":"O maior portal de Economia da Bahia","publisher":{"@id":"https:\/\/bahiaeconomica.com.br\/wp\/#organization"},"potentialAction":[{"@type":"SearchAction","target":{"@type":"EntryPoint","urlTemplate":"https:\/\/bahiaeconomica.com.br\/wp\/?s={search_term_string}"},"query-input":"required name=search_term_string"}],"inLanguage":"pt-BR"},{"@type":"Organization","@id":"https:\/\/bahiaeconomica.com.br\/wp\/#organization","name":"Bahia Econ\u00f4mica","url":"https:\/\/bahiaeconomica.com.br\/wp\/","logo":{"@type":"ImageObject","inLanguage":"pt-BR","@id":"https:\/\/bahiaeconomica.com.br\/wp\/#\/schema\/logo\/image\/","url":"https:\/\/bahiaeconomica.com.br\/wp\/wp-content\/uploads\/2020\/12\/cropped-BE.png","contentUrl":"https:\/\/bahiaeconomica.com.br\/wp\/wp-content\/uploads\/2020\/12\/cropped-BE.png","width":512,"height":512,"caption":"Bahia Econ\u00f4mica"},"image":{"@id":"https:\/\/bahiaeconomica.com.br\/wp\/#\/schema\/logo\/image\/"},"sameAs":["https:\/\/www.facebook.com\/bahiaeconomica"]},{"@type":"Person","@id":"https:\/\/bahiaeconomica.com.br\/wp\/#\/schema\/person\/b719ce0fb1c09f3c7a00d9243ced4a6f","name":"VICTORIA ISABEL","sameAs":["http:\/\/www.bahiaeconomica.com.br"],"url":"https:\/\/bahiaeconomica.com.br\/wp\/author\/victoria-isabel\/"}]}},"views":18,"_links":{"self":[{"href":"https:\/\/bahiaeconomica.com.br\/wp\/wp-json\/wp\/v2\/posts\/880285"}],"collection":[{"href":"https:\/\/bahiaeconomica.com.br\/wp\/wp-json\/wp\/v2\/posts"}],"about":[{"href":"https:\/\/bahiaeconomica.com.br\/wp\/wp-json\/wp\/v2\/types\/post"}],"author":[{"embeddable":true,"href":"https:\/\/bahiaeconomica.com.br\/wp\/wp-json\/wp\/v2\/users\/15"}],"replies":[{"embeddable":true,"href":"https:\/\/bahiaeconomica.com.br\/wp\/wp-json\/wp\/v2\/comments?post=880285"}],"version-history":[{"count":1,"href":"https:\/\/bahiaeconomica.com.br\/wp\/wp-json\/wp\/v2\/posts\/880285\/revisions"}],"predecessor-version":[{"id":880289,"href":"https:\/\/bahiaeconomica.com.br\/wp\/wp-json\/wp\/v2\/posts\/880285\/revisions\/880289"}],"wp:featuredmedia":[{"embeddable":true,"href":"https:\/\/bahiaeconomica.com.br\/wp\/wp-json\/wp\/v2\/media\/880288"}],"wp:attachment":[{"href":"https:\/\/bahiaeconomica.com.br\/wp\/wp-json\/wp\/v2\/media?parent=880285"}],"wp:term":[{"taxonomy":"category","embeddable":true,"href":"https:\/\/bahiaeconomica.com.br\/wp\/wp-json\/wp\/v2\/categories?post=880285"},{"taxonomy":"post_tag","embeddable":true,"href":"https:\/\/bahiaeconomica.com.br\/wp\/wp-json\/wp\/v2\/tags?post=880285"}],"curies":[{"name":"wp","href":"https:\/\/api.w.org\/{rel}","templated":true}]}}