{"id":879877,"date":"2025-02-11T09:58:26","date_gmt":"2025-02-11T12:58:26","guid":{"rendered":"https:\/\/bahiaeconomica.com.br\/wp\/?p=879877"},"modified":"2025-02-11T09:14:52","modified_gmt":"2025-02-11T12:14:52","slug":"shopping-barra-recebe-exposicao-imersiva-van-gogh-impressionistas","status":"publish","type":"post","link":"https:\/\/bahiaeconomica.com.br\/wp\/2025\/02\/11\/shopping-barra-recebe-exposicao-imersiva-van-gogh-impressionistas\/","title":{"rendered":"SHOPPING BARRA RECEBE EXPOSI\u00c7\u00c3O IMERSIVA &#8216;VAN GOGH &#038; IMPRESSIONISTAS&#8217;"},"content":{"rendered":"<p>A partir do dia 20 de mar\u00e7o, o Shopping Barra recebe a exposi\u00e7\u00e3o imersiva Van Gogh &amp; Impressionistas, espet\u00e1culo de superproje\u00e7\u00f5es 360\u00ba de alta defini\u00e7\u00e3o e outras instala\u00e7\u00f5es, que aplica efeitos e movimentos de videografismo em obras consagradas do pintor holand\u00eas. Os ingressos j\u00e1 est\u00e3o dispon\u00edveis para compra online no site www.vangogheimpressionistas.com.br<\/p>\n<p>A exposi\u00e7\u00e3o, em curta temporada, traz ao p\u00fablico baiano uma viagem pelo universo do pintor, que concebeu mais de duas mil obras ao longo de pouco mais de uma d\u00e9cada, como autorretratos, &#8220;A Noite Estrelada&#8221;, &#8220;Quarto em Arles&#8221;, &#8220;Girass\u00f3is&#8221;, &#8220;Amendoeira em Flor&#8221;, dentre outras. Como b\u00f4nus, a mostra oferece uma incurs\u00e3o na obra de quatro artistas impressionistas e p\u00f3s-impressionistas: Monet, Renoir, Gauguin e C\u00e9zanne. O passeio imersivo fica ainda mais emocionante com a trilha sonora especial, baseada em grandes cl\u00e1ssicos da m\u00fasica universal.<\/p>\n<p>Para receber a grande mostra imersiva, um espa\u00e7o in\u00e9dito do Shopping Barra, localizado no\u00a0estacionamento G2 Oeste, re\u00fane arte, tecnologia e emo\u00e7\u00e3o. Uma nova \u00e1rea exclusiva que conta com labirinto instagram\u00e1vel, instala\u00e7\u00f5es art\u00edsticas retratando curiosidades sobre a vida dos artistas, loja de\u00a0souvenirs, al\u00e9m do atelier imersivo com as superproje\u00e7\u00f5es 360\u00ba de alta defini\u00e7\u00e3o nas paredes, piso e cubo.<\/p>\n<p>&nbsp;<\/p>\n<p><strong>SERVI\u00c7O:<\/strong><\/p>\n<p>Van Gogh &amp; Impressionistas em Salvador:\u00a0a exposi\u00e7\u00e3o imersiva aclamada por 800 mil pessoas no Brasil estreia no Shopping Barra dia 20 de mar\u00e7o.<\/p>\n<p><strong>Data:<\/strong>\u00a0a partir de 20 de mar\u00e7o de 2025, em curta temporada.<\/p>\n<p><strong>Dias de funcionamento:<\/strong> diariamente, exceto \u00e0s segundas-feiras.<\/p>\n<p><strong>Hor\u00e1rio:\u00a0<\/strong>Ter\u00e7a a s\u00e1bado: das 9h \u00e0s 22h (\u00faltimo hor\u00e1rio de entrada \u00e0s 21h)<\/p>\n<p>Domingos e feriados: das 12h \u00e0s 22h (\u00faltimo hor\u00e1rio de entrada \u00e0s 21h)<\/p>\n<p><strong>Local:<\/strong>\u00a0Shopping Barra (Estacionamento G2 Oeste).<\/p>\n<p><strong>Quanto custa:<\/strong>\u00a0Ter\u00e7a a sexta &#8211; diurno: R$60 inteira \/ R$30 meia-entrada;<\/p>\n<p>Ter\u00e7a a sexta &#8211; noturno: R$70 inteira \/ R$ 35 meia-entrada;<\/p>\n<p>Final de semana e feriados: R$95 inteira \/ R$47,50 meia-entrada.<\/p>\n<p><strong>Onde comprar:<\/strong>\u00a0vangogheimpressionistas.com.br\/.<\/p>\n<p>Foto: Acervo Lightland<\/p>\n","protected":false},"excerpt":{"rendered":"<p>A partir do dia 20 de mar\u00e7o, o Shopping Barra recebe a exposi\u00e7\u00e3o imersiva Van Gogh &amp; Impressionistas, espet\u00e1culo de superproje\u00e7\u00f5es 360\u00ba de alta defini\u00e7\u00e3o e outras instala\u00e7\u00f5es, que aplica efeitos e movimentos de videografismo em obras consagradas do pintor holand\u00eas. Os ingressos j\u00e1 est\u00e3o dispon\u00edveis para compra online no site www.vangogheimpressionistas.com.br A exposi\u00e7\u00e3o, em [&hellip;]<\/p>\n","protected":false},"author":20,"featured_media":879879,"comment_status":"closed","ping_status":"closed","sticky":false,"template":"","format":"standard","meta":[],"categories":[689],"tags":[6304,12919,36754],"acf":[],"yoast_head":"<!-- This site is optimized with the Yoast SEO plugin v20.8 - https:\/\/yoast.com\/wordpress\/plugins\/seo\/ -->\n<title>SHOPPING BARRA RECEBE EXPOSI\u00c7\u00c3O IMERSIVA &#039;VAN GOGH &amp; IMPRESSIONISTAS&#039; - Bahia Economica<\/title>\n<meta name=\"description\" content=\"O maior portal de Economia da Bahia CULTURA E ARTE Bahia Economica ingressos j\u00e1 est\u00e3o dispon\u00edveis para compra online\" \/>\n<meta name=\"robots\" content=\"index, follow, max-snippet:-1, max-image-preview:large, max-video-preview:-1\" \/>\n<link rel=\"canonical\" href=\"https:\/\/bahiaeconomica.com.br\/wp\/2025\/02\/11\/shopping-barra-recebe-exposicao-imersiva-van-gogh-impressionistas\/\" \/>\n<meta property=\"og:locale\" content=\"pt_BR\" \/>\n<meta property=\"og:type\" content=\"article\" \/>\n<meta property=\"og:title\" content=\"SHOPPING BARRA RECEBE EXPOSI\u00c7\u00c3O IMERSIVA &#039;VAN GOGH &amp; IMPRESSIONISTAS&#039; - Bahia Economica\" \/>\n<meta property=\"og:description\" content=\"O maior portal de Economia da Bahia CULTURA E ARTE Bahia Economica ingressos j\u00e1 est\u00e3o dispon\u00edveis para compra online\" \/>\n<meta property=\"og:url\" content=\"https:\/\/bahiaeconomica.com.br\/wp\/2025\/02\/11\/shopping-barra-recebe-exposicao-imersiva-van-gogh-impressionistas\/\" \/>\n<meta property=\"og:site_name\" content=\"Bahia Economica\" \/>\n<meta property=\"article:publisher\" content=\"https:\/\/www.facebook.com\/bahiaeconomica\" \/>\n<meta property=\"article:published_time\" content=\"2025-02-11T12:58:26+00:00\" \/>\n<meta property=\"article:modified_time\" content=\"2025-02-11T12:14:52+00:00\" \/>\n<meta property=\"og:image\" content=\"https:\/\/bahiaeconomica.com.br\/wp\/wp-content\/uploads\/2025\/02\/Acervo-Lightland-Van-Gogh-01.jpg\" \/>\n\t<meta property=\"og:image:width\" content=\"1200\" \/>\n\t<meta property=\"og:image:height\" content=\"770\" \/>\n\t<meta property=\"og:image:type\" content=\"image\/jpeg\" \/>\n<meta name=\"author\" content=\"BRUNA CARVALHO\" \/>\n<meta name=\"twitter:card\" content=\"summary_large_image\" \/>\n<meta name=\"twitter:label1\" content=\"Escrito por\" \/>\n\t<meta name=\"twitter:data1\" content=\"BRUNA CARVALHO\" \/>\n\t<meta name=\"twitter:label2\" content=\"Est. tempo de leitura\" \/>\n\t<meta name=\"twitter:data2\" content=\"2 minutos\" \/>\n<script type=\"application\/ld+json\" class=\"yoast-schema-graph\">{\"@context\":\"https:\/\/schema.org\",\"@graph\":[{\"@type\":\"Article\",\"@id\":\"https:\/\/bahiaeconomica.com.br\/wp\/2025\/02\/11\/shopping-barra-recebe-exposicao-imersiva-van-gogh-impressionistas\/#article\",\"isPartOf\":{\"@id\":\"https:\/\/bahiaeconomica.com.br\/wp\/2025\/02\/11\/shopping-barra-recebe-exposicao-imersiva-van-gogh-impressionistas\/\"},\"author\":{\"name\":\"BRUNA CARVALHO\",\"@id\":\"https:\/\/bahiaeconomica.com.br\/wp\/#\/schema\/person\/9310b0e591f5979f6f99773eac5804e6\"},\"headline\":\"SHOPPING BARRA RECEBE EXPOSI\u00c7\u00c3O IMERSIVA &#8216;VAN GOGH &#038; IMPRESSIONISTAS&#8217;\",\"datePublished\":\"2025-02-11T12:58:26+00:00\",\"dateModified\":\"2025-02-11T12:14:52+00:00\",\"mainEntityOfPage\":{\"@id\":\"https:\/\/bahiaeconomica.com.br\/wp\/2025\/02\/11\/shopping-barra-recebe-exposicao-imersiva-van-gogh-impressionistas\/\"},\"wordCount\":354,\"publisher\":{\"@id\":\"https:\/\/bahiaeconomica.com.br\/wp\/#organization\"},\"keywords\":[\"exposi\u00e7\u00e3o\",\"Shopping Barra\",\"van gogh\"],\"articleSection\":[\"CULTURA E ARTE\"],\"inLanguage\":\"pt-BR\"},{\"@type\":\"WebPage\",\"@id\":\"https:\/\/bahiaeconomica.com.br\/wp\/2025\/02\/11\/shopping-barra-recebe-exposicao-imersiva-van-gogh-impressionistas\/\",\"url\":\"https:\/\/bahiaeconomica.com.br\/wp\/2025\/02\/11\/shopping-barra-recebe-exposicao-imersiva-van-gogh-impressionistas\/\",\"name\":\"SHOPPING BARRA RECEBE EXPOSI\u00c7\u00c3O IMERSIVA 'VAN GOGH & IMPRESSIONISTAS' - Bahia Economica\",\"isPartOf\":{\"@id\":\"https:\/\/bahiaeconomica.com.br\/wp\/#website\"},\"datePublished\":\"2025-02-11T12:58:26+00:00\",\"dateModified\":\"2025-02-11T12:14:52+00:00\",\"description\":\"O maior portal de Economia da Bahia CULTURA E ARTE Bahia Economica ingressos j\u00e1 est\u00e3o dispon\u00edveis para compra online\",\"breadcrumb\":{\"@id\":\"https:\/\/bahiaeconomica.com.br\/wp\/2025\/02\/11\/shopping-barra-recebe-exposicao-imersiva-van-gogh-impressionistas\/#breadcrumb\"},\"inLanguage\":\"pt-BR\",\"potentialAction\":[{\"@type\":\"ReadAction\",\"target\":[\"https:\/\/bahiaeconomica.com.br\/wp\/2025\/02\/11\/shopping-barra-recebe-exposicao-imersiva-van-gogh-impressionistas\/\"]}]},{\"@type\":\"BreadcrumbList\",\"@id\":\"https:\/\/bahiaeconomica.com.br\/wp\/2025\/02\/11\/shopping-barra-recebe-exposicao-imersiva-van-gogh-impressionistas\/#breadcrumb\",\"itemListElement\":[{\"@type\":\"ListItem\",\"position\":1,\"name\":\"In\u00edcio\",\"item\":\"https:\/\/bahiaeconomica.com.br\/wp\/\"},{\"@type\":\"ListItem\",\"position\":2,\"name\":\"SHOPPING BARRA RECEBE EXPOSI\u00c7\u00c3O IMERSIVA &#8216;VAN GOGH &#038; IMPRESSIONISTAS&#8217;\"}]},{\"@type\":\"WebSite\",\"@id\":\"https:\/\/bahiaeconomica.com.br\/wp\/#website\",\"url\":\"https:\/\/bahiaeconomica.com.br\/wp\/\",\"name\":\"Bahia Economica\",\"description\":\"O maior portal de Economia da Bahia\",\"publisher\":{\"@id\":\"https:\/\/bahiaeconomica.com.br\/wp\/#organization\"},\"potentialAction\":[{\"@type\":\"SearchAction\",\"target\":{\"@type\":\"EntryPoint\",\"urlTemplate\":\"https:\/\/bahiaeconomica.com.br\/wp\/?s={search_term_string}\"},\"query-input\":\"required name=search_term_string\"}],\"inLanguage\":\"pt-BR\"},{\"@type\":\"Organization\",\"@id\":\"https:\/\/bahiaeconomica.com.br\/wp\/#organization\",\"name\":\"Bahia Econ\u00f4mica\",\"url\":\"https:\/\/bahiaeconomica.com.br\/wp\/\",\"logo\":{\"@type\":\"ImageObject\",\"inLanguage\":\"pt-BR\",\"@id\":\"https:\/\/bahiaeconomica.com.br\/wp\/#\/schema\/logo\/image\/\",\"url\":\"https:\/\/bahiaeconomica.com.br\/wp\/wp-content\/uploads\/2020\/12\/cropped-BE.png\",\"contentUrl\":\"https:\/\/bahiaeconomica.com.br\/wp\/wp-content\/uploads\/2020\/12\/cropped-BE.png\",\"width\":512,\"height\":512,\"caption\":\"Bahia Econ\u00f4mica\"},\"image\":{\"@id\":\"https:\/\/bahiaeconomica.com.br\/wp\/#\/schema\/logo\/image\/\"},\"sameAs\":[\"https:\/\/www.facebook.com\/bahiaeconomica\"]},{\"@type\":\"Person\",\"@id\":\"https:\/\/bahiaeconomica.com.br\/wp\/#\/schema\/person\/9310b0e591f5979f6f99773eac5804e6\",\"name\":\"BRUNA CARVALHO\",\"sameAs\":[\"http:\/\/www.bahiaeconomica.com.br\"],\"url\":\"https:\/\/bahiaeconomica.com.br\/wp\/author\/bruna\/\"}]}<\/script>\n<!-- \/ Yoast SEO plugin. -->","yoast_head_json":{"title":"SHOPPING BARRA RECEBE EXPOSI\u00c7\u00c3O IMERSIVA 'VAN GOGH & IMPRESSIONISTAS' - Bahia Economica","description":"O maior portal de Economia da Bahia CULTURA E ARTE Bahia Economica ingressos j\u00e1 est\u00e3o dispon\u00edveis para compra online","robots":{"index":"index","follow":"follow","max-snippet":"max-snippet:-1","max-image-preview":"max-image-preview:large","max-video-preview":"max-video-preview:-1"},"canonical":"https:\/\/bahiaeconomica.com.br\/wp\/2025\/02\/11\/shopping-barra-recebe-exposicao-imersiva-van-gogh-impressionistas\/","og_locale":"pt_BR","og_type":"article","og_title":"SHOPPING BARRA RECEBE EXPOSI\u00c7\u00c3O IMERSIVA 'VAN GOGH & IMPRESSIONISTAS' - Bahia Economica","og_description":"O maior portal de Economia da Bahia CULTURA E ARTE Bahia Economica ingressos j\u00e1 est\u00e3o dispon\u00edveis para compra online","og_url":"https:\/\/bahiaeconomica.com.br\/wp\/2025\/02\/11\/shopping-barra-recebe-exposicao-imersiva-van-gogh-impressionistas\/","og_site_name":"Bahia Economica","article_publisher":"https:\/\/www.facebook.com\/bahiaeconomica","article_published_time":"2025-02-11T12:58:26+00:00","article_modified_time":"2025-02-11T12:14:52+00:00","og_image":[{"width":1200,"height":770,"url":"https:\/\/bahiaeconomica.com.br\/wp\/wp-content\/uploads\/2025\/02\/Acervo-Lightland-Van-Gogh-01.jpg","type":"image\/jpeg"}],"author":"BRUNA CARVALHO","twitter_card":"summary_large_image","twitter_misc":{"Escrito por":"BRUNA CARVALHO","Est. tempo de leitura":"2 minutos"},"schema":{"@context":"https:\/\/schema.org","@graph":[{"@type":"Article","@id":"https:\/\/bahiaeconomica.com.br\/wp\/2025\/02\/11\/shopping-barra-recebe-exposicao-imersiva-van-gogh-impressionistas\/#article","isPartOf":{"@id":"https:\/\/bahiaeconomica.com.br\/wp\/2025\/02\/11\/shopping-barra-recebe-exposicao-imersiva-van-gogh-impressionistas\/"},"author":{"name":"BRUNA CARVALHO","@id":"https:\/\/bahiaeconomica.com.br\/wp\/#\/schema\/person\/9310b0e591f5979f6f99773eac5804e6"},"headline":"SHOPPING BARRA RECEBE EXPOSI\u00c7\u00c3O IMERSIVA &#8216;VAN GOGH &#038; IMPRESSIONISTAS&#8217;","datePublished":"2025-02-11T12:58:26+00:00","dateModified":"2025-02-11T12:14:52+00:00","mainEntityOfPage":{"@id":"https:\/\/bahiaeconomica.com.br\/wp\/2025\/02\/11\/shopping-barra-recebe-exposicao-imersiva-van-gogh-impressionistas\/"},"wordCount":354,"publisher":{"@id":"https:\/\/bahiaeconomica.com.br\/wp\/#organization"},"keywords":["exposi\u00e7\u00e3o","Shopping Barra","van gogh"],"articleSection":["CULTURA E ARTE"],"inLanguage":"pt-BR"},{"@type":"WebPage","@id":"https:\/\/bahiaeconomica.com.br\/wp\/2025\/02\/11\/shopping-barra-recebe-exposicao-imersiva-van-gogh-impressionistas\/","url":"https:\/\/bahiaeconomica.com.br\/wp\/2025\/02\/11\/shopping-barra-recebe-exposicao-imersiva-van-gogh-impressionistas\/","name":"SHOPPING BARRA RECEBE EXPOSI\u00c7\u00c3O IMERSIVA 'VAN GOGH & IMPRESSIONISTAS' - Bahia Economica","isPartOf":{"@id":"https:\/\/bahiaeconomica.com.br\/wp\/#website"},"datePublished":"2025-02-11T12:58:26+00:00","dateModified":"2025-02-11T12:14:52+00:00","description":"O maior portal de Economia da Bahia CULTURA E ARTE Bahia Economica ingressos j\u00e1 est\u00e3o dispon\u00edveis para compra online","breadcrumb":{"@id":"https:\/\/bahiaeconomica.com.br\/wp\/2025\/02\/11\/shopping-barra-recebe-exposicao-imersiva-van-gogh-impressionistas\/#breadcrumb"},"inLanguage":"pt-BR","potentialAction":[{"@type":"ReadAction","target":["https:\/\/bahiaeconomica.com.br\/wp\/2025\/02\/11\/shopping-barra-recebe-exposicao-imersiva-van-gogh-impressionistas\/"]}]},{"@type":"BreadcrumbList","@id":"https:\/\/bahiaeconomica.com.br\/wp\/2025\/02\/11\/shopping-barra-recebe-exposicao-imersiva-van-gogh-impressionistas\/#breadcrumb","itemListElement":[{"@type":"ListItem","position":1,"name":"In\u00edcio","item":"https:\/\/bahiaeconomica.com.br\/wp\/"},{"@type":"ListItem","position":2,"name":"SHOPPING BARRA RECEBE EXPOSI\u00c7\u00c3O IMERSIVA &#8216;VAN GOGH &#038; IMPRESSIONISTAS&#8217;"}]},{"@type":"WebSite","@id":"https:\/\/bahiaeconomica.com.br\/wp\/#website","url":"https:\/\/bahiaeconomica.com.br\/wp\/","name":"Bahia Economica","description":"O maior portal de Economia da Bahia","publisher":{"@id":"https:\/\/bahiaeconomica.com.br\/wp\/#organization"},"potentialAction":[{"@type":"SearchAction","target":{"@type":"EntryPoint","urlTemplate":"https:\/\/bahiaeconomica.com.br\/wp\/?s={search_term_string}"},"query-input":"required name=search_term_string"}],"inLanguage":"pt-BR"},{"@type":"Organization","@id":"https:\/\/bahiaeconomica.com.br\/wp\/#organization","name":"Bahia Econ\u00f4mica","url":"https:\/\/bahiaeconomica.com.br\/wp\/","logo":{"@type":"ImageObject","inLanguage":"pt-BR","@id":"https:\/\/bahiaeconomica.com.br\/wp\/#\/schema\/logo\/image\/","url":"https:\/\/bahiaeconomica.com.br\/wp\/wp-content\/uploads\/2020\/12\/cropped-BE.png","contentUrl":"https:\/\/bahiaeconomica.com.br\/wp\/wp-content\/uploads\/2020\/12\/cropped-BE.png","width":512,"height":512,"caption":"Bahia Econ\u00f4mica"},"image":{"@id":"https:\/\/bahiaeconomica.com.br\/wp\/#\/schema\/logo\/image\/"},"sameAs":["https:\/\/www.facebook.com\/bahiaeconomica"]},{"@type":"Person","@id":"https:\/\/bahiaeconomica.com.br\/wp\/#\/schema\/person\/9310b0e591f5979f6f99773eac5804e6","name":"BRUNA CARVALHO","sameAs":["http:\/\/www.bahiaeconomica.com.br"],"url":"https:\/\/bahiaeconomica.com.br\/wp\/author\/bruna\/"}]}},"views":85,"_links":{"self":[{"href":"https:\/\/bahiaeconomica.com.br\/wp\/wp-json\/wp\/v2\/posts\/879877"}],"collection":[{"href":"https:\/\/bahiaeconomica.com.br\/wp\/wp-json\/wp\/v2\/posts"}],"about":[{"href":"https:\/\/bahiaeconomica.com.br\/wp\/wp-json\/wp\/v2\/types\/post"}],"author":[{"embeddable":true,"href":"https:\/\/bahiaeconomica.com.br\/wp\/wp-json\/wp\/v2\/users\/20"}],"replies":[{"embeddable":true,"href":"https:\/\/bahiaeconomica.com.br\/wp\/wp-json\/wp\/v2\/comments?post=879877"}],"version-history":[{"count":1,"href":"https:\/\/bahiaeconomica.com.br\/wp\/wp-json\/wp\/v2\/posts\/879877\/revisions"}],"predecessor-version":[{"id":879882,"href":"https:\/\/bahiaeconomica.com.br\/wp\/wp-json\/wp\/v2\/posts\/879877\/revisions\/879882"}],"wp:featuredmedia":[{"embeddable":true,"href":"https:\/\/bahiaeconomica.com.br\/wp\/wp-json\/wp\/v2\/media\/879879"}],"wp:attachment":[{"href":"https:\/\/bahiaeconomica.com.br\/wp\/wp-json\/wp\/v2\/media?parent=879877"}],"wp:term":[{"taxonomy":"category","embeddable":true,"href":"https:\/\/bahiaeconomica.com.br\/wp\/wp-json\/wp\/v2\/categories?post=879877"},{"taxonomy":"post_tag","embeddable":true,"href":"https:\/\/bahiaeconomica.com.br\/wp\/wp-json\/wp\/v2\/tags?post=879877"}],"curies":[{"name":"wp","href":"https:\/\/api.w.org\/{rel}","templated":true}]}}