{"id":879699,"date":"2025-02-10T15:21:00","date_gmt":"2025-02-10T18:21:00","guid":{"rendered":"https:\/\/bahiaeconomica.com.br\/wp\/?p=879699"},"modified":"2025-02-10T15:21:00","modified_gmt":"2025-02-10T18:21:00","slug":"sesab-realiza-reuniao-com-representantes-de-instituicoes-publicas-para-discutir-o-pacto-bahia-pela-saude","status":"publish","type":"post","link":"https:\/\/bahiaeconomica.com.br\/wp\/2025\/02\/10\/sesab-realiza-reuniao-com-representantes-de-instituicoes-publicas-para-discutir-o-pacto-bahia-pela-saude\/","title":{"rendered":"SESAB REALIZA REUNI\u00c3O COM REPRESENTANTES DE INSTITUI\u00c7\u00d5ES P\u00daBLICAS PARA DISCUTIR O PACTO BAHIA PELA SA\u00daDE"},"content":{"rendered":"<p>Sesab se re\u00fane com representantes de institui\u00e7\u00f5es p\u00fablicas para discutir avan\u00e7os no Pacto Bahia pela Sa\u00fade<\/p>\n<p>Os avan\u00e7os do Pacto Bahia pela Sa\u00fade foram debatidos nesta segunda-feira (10), durante uma reuni\u00e3o no Centro de Opera\u00e7\u00f5es e Intelig\u00eancia (COI), em Salvador. O encontro foi conduzido pela secret\u00e1ria da Sa\u00fade (Sesab), Roberta Santana, e reuniu representantes de diversas institui\u00e7\u00f5es para discutir estrat\u00e9gias de fortalecimento e regionaliza\u00e7\u00e3o da assist\u00eancia m\u00e9dica no estado, garantindo um atendimento mais eficiente \u00e0 popula\u00e7\u00e3o.<\/p>\n<p>&#8220;Estamos fortalecendo um modelo de assist\u00eancia descentralizado, ampliando o acesso \u00e0 sa\u00fade com mais agilidade e qualidade. Na primeira reuni\u00e3o de desdobramento, definimos que o Comit\u00ea T\u00e9cnico apresentar\u00e1, ainda em mar\u00e7o, os projetos e o plano de a\u00e7\u00e3o ao governador. Saio satisfeita, pois j\u00e1 temos iniciativas promissoras para melhorar os indicadores de sa\u00fade da Bahia.&#8221;, afirmou Roberta Santana. A reuni\u00e3o contou tamb\u00e9m com representantes do Minist\u00e9rio da Sa\u00fade, Minist\u00e9rio P\u00fablico, Tribunal de Justi\u00e7a, Defensoria P\u00fablica, Tribunal de Contas, Assembleia Legislativa, Procuradoria Geral do Estado e secretarias estaduais.<\/p>\n<p>Infraestrutura<\/p>\n<p>Foram debatidos a amplia\u00e7\u00e3o da infraestrutura hospitalar, a otimiza\u00e7\u00e3o da regula\u00e7\u00e3o de atendimentos e a distribui\u00e7\u00e3o dos investimentos. Um dos destaques foi o repasse de R$ 200 milh\u00f5es do Governo Federal, previsto pela Portaria GM\/MS n\u00ba 6.594, para refor\u00e7ar as a\u00e7\u00f5es de M\u00e9dia e Alta Complexidade.<\/p>\n<p>A Bahia est\u00e1 estruturada em nove macrorregi\u00f5es e 28 regi\u00f5es de sa\u00fade, com uma rede estadual que inclui 52 hospitais, 26 policl\u00ednicas regionais, 16 centros de reabilita\u00e7\u00e3o e 304 servi\u00e7os da Rede de Aten\u00e7\u00e3o Psicossocial (RAPS). O planejamento prev\u00ea a expans\u00e3o dos servi\u00e7os especializados.<\/p>\n<p>Desafios<\/p>\n<p>A promotora de Justi\u00e7a Roc\u00edo Garcia, coordenadora do Centro de Apoio Operacional de Defesa da Sa\u00fade do Minist\u00e9rio P\u00fablico, destacou: &#8220;O Minist\u00e9rio P\u00fablico v\u00ea essa iniciativa como fundamental para a melhoria do atendimento \u00e0 popula\u00e7\u00e3o. Nosso papel ser\u00e1 garantir que os compromissos assumidos sejam cumpridos e que a gest\u00e3o da sa\u00fade p\u00fablica avance com transpar\u00eancia e efici\u00eancia.&#8221;<\/p>\n<p>O desembargador M\u00e1rio Albiani Alves J\u00fanior, coordenador do Comit\u00ea Estadual do F\u00f3rum Nacional de Sa\u00fade do Conselho Nacional de Justi\u00e7a (TJ-BA), destacou a import\u00e2ncia do debate sobre o pacto para garantir melhorias no acesso da popula\u00e7\u00e3o aos servi\u00e7os de sa\u00fade: &#8220;Discutir e aprimorar esse modelo \u00e9 essencial para que o sistema funcione de forma mais eficiente, assegurando que os cidad\u00e3os tenham atendimento \u00e1gil e justo, sem a necessidade de recorrer \u00e0 Justi\u00e7a.&#8221;<\/p>\n<p>Compromissos<\/p>\n<p>Entre os compromissos estabelecidos pelo Pacto Bahia pela Sa\u00fade, est\u00e3o a\u00e7\u00f5es priorit\u00e1rias para o primeiro semestre de 2025, que incluem: aumentar a efici\u00eancia da regula\u00e7\u00e3o da rede de urg\u00eancia e emerg\u00eancia, ampliar e qualificar a aten\u00e7\u00e3o prim\u00e1ria \u00e0 sa\u00fade, e reduzir a mortalidade materna, infantil e neonatal. J\u00e1 para o segundo semestre de 2025, os compromissos incluem ampliar a rede de aten\u00e7\u00e3o a pessoas com defici\u00eancia e autismo, al\u00e9m de expandir a rede de assist\u00eancia psicossocial.<\/p>\n<p>Rep\u00f3rter: T\u00e1cio Santos\/GOVBA<\/p>\n","protected":false},"excerpt":{"rendered":"<p>Sesab se re\u00fane com representantes de institui\u00e7\u00f5es p\u00fablicas para discutir avan\u00e7os no Pacto Bahia pela Sa\u00fade Os avan\u00e7os do Pacto Bahia pela Sa\u00fade foram debatidos nesta segunda-feira (10), durante uma reuni\u00e3o no Centro de Opera\u00e7\u00f5es e Intelig\u00eancia (COI), em Salvador. O encontro foi conduzido pela secret\u00e1ria da Sa\u00fade (Sesab), Roberta Santana, e reuniu representantes de [&hellip;]<\/p>\n","protected":false},"author":22,"featured_media":879702,"comment_status":"closed","ping_status":"closed","sticky":false,"template":"","format":"standard","meta":[],"categories":[14601],"tags":[36722,14061,1205,116],"acf":[],"yoast_head":"<!-- This site is optimized with the Yoast SEO plugin v20.8 - https:\/\/yoast.com\/wordpress\/plugins\/seo\/ -->\n<title>SESAB REALIZA REUNI\u00c3O COM REPRESENTANTES DE INSTITUI\u00c7\u00d5ES P\u00daBLICAS PARA DISCUTIR O PACTO BAHIA PELA SA\u00daDE - Bahia Economica<\/title>\n<meta name=\"description\" content=\"O maior portal de Economia da Bahia Pol\u00edtica Bahia Economica\" \/>\n<meta name=\"robots\" content=\"index, follow, max-snippet:-1, max-image-preview:large, max-video-preview:-1\" \/>\n<link rel=\"canonical\" href=\"https:\/\/bahiaeconomica.com.br\/wp\/2025\/02\/10\/sesab-realiza-reuniao-com-representantes-de-instituicoes-publicas-para-discutir-o-pacto-bahia-pela-saude\/\" \/>\n<meta property=\"og:locale\" content=\"pt_BR\" \/>\n<meta property=\"og:type\" content=\"article\" \/>\n<meta property=\"og:title\" content=\"SESAB REALIZA REUNI\u00c3O COM REPRESENTANTES DE INSTITUI\u00c7\u00d5ES P\u00daBLICAS PARA DISCUTIR O PACTO BAHIA PELA SA\u00daDE - Bahia Economica\" \/>\n<meta property=\"og:description\" content=\"O maior portal de Economia da Bahia Pol\u00edtica Bahia Economica\" \/>\n<meta property=\"og:url\" content=\"https:\/\/bahiaeconomica.com.br\/wp\/2025\/02\/10\/sesab-realiza-reuniao-com-representantes-de-instituicoes-publicas-para-discutir-o-pacto-bahia-pela-saude\/\" \/>\n<meta property=\"og:site_name\" content=\"Bahia Economica\" \/>\n<meta property=\"article:publisher\" content=\"https:\/\/www.facebook.com\/bahiaeconomica\" \/>\n<meta property=\"article:published_time\" content=\"2025-02-10T18:21:00+00:00\" \/>\n<meta property=\"og:image\" content=\"https:\/\/bahiaeconomica.com.br\/wp\/wp-content\/uploads\/2025\/02\/Mayara-Fernandes-SJDH-3.jpeg\" \/>\n\t<meta property=\"og:image:width\" content=\"1600\" \/>\n\t<meta property=\"og:image:height\" content=\"1066\" \/>\n\t<meta property=\"og:image:type\" content=\"image\/jpeg\" \/>\n<meta name=\"author\" content=\"Matheus Souza\" \/>\n<meta name=\"twitter:card\" content=\"summary_large_image\" \/>\n<meta name=\"twitter:label1\" content=\"Escrito por\" \/>\n\t<meta name=\"twitter:data1\" content=\"Matheus Souza\" \/>\n\t<meta name=\"twitter:label2\" content=\"Est. tempo de leitura\" \/>\n\t<meta name=\"twitter:data2\" content=\"3 minutos\" \/>\n<script type=\"application\/ld+json\" class=\"yoast-schema-graph\">{\"@context\":\"https:\/\/schema.org\",\"@graph\":[{\"@type\":\"Article\",\"@id\":\"https:\/\/bahiaeconomica.com.br\/wp\/2025\/02\/10\/sesab-realiza-reuniao-com-representantes-de-instituicoes-publicas-para-discutir-o-pacto-bahia-pela-saude\/#article\",\"isPartOf\":{\"@id\":\"https:\/\/bahiaeconomica.com.br\/wp\/2025\/02\/10\/sesab-realiza-reuniao-com-representantes-de-instituicoes-publicas-para-discutir-o-pacto-bahia-pela-saude\/\"},\"author\":{\"name\":\"Matheus Souza\",\"@id\":\"https:\/\/bahiaeconomica.com.br\/wp\/#\/schema\/person\/3304d50cfd32353c7d08c39066638997\"},\"headline\":\"SESAB REALIZA REUNI\u00c3O COM REPRESENTANTES DE INSTITUI\u00c7\u00d5ES P\u00daBLICAS PARA DISCUTIR O PACTO BAHIA PELA SA\u00daDE\",\"datePublished\":\"2025-02-10T18:21:00+00:00\",\"dateModified\":\"2025-02-10T18:21:00+00:00\",\"mainEntityOfPage\":{\"@id\":\"https:\/\/bahiaeconomica.com.br\/wp\/2025\/02\/10\/sesab-realiza-reuniao-com-representantes-de-instituicoes-publicas-para-discutir-o-pacto-bahia-pela-saude\/\"},\"wordCount\":560,\"publisher\":{\"@id\":\"https:\/\/bahiaeconomica.com.br\/wp\/#organization\"},\"keywords\":[\"bahia pela sa\u00fade\",\"INSTITUI\u00c7\u00d5ES P\u00daBLICAS\",\"reuniao\",\"Sesab\"],\"articleSection\":[\"Pol\u00edtica\"],\"inLanguage\":\"pt-BR\"},{\"@type\":\"WebPage\",\"@id\":\"https:\/\/bahiaeconomica.com.br\/wp\/2025\/02\/10\/sesab-realiza-reuniao-com-representantes-de-instituicoes-publicas-para-discutir-o-pacto-bahia-pela-saude\/\",\"url\":\"https:\/\/bahiaeconomica.com.br\/wp\/2025\/02\/10\/sesab-realiza-reuniao-com-representantes-de-instituicoes-publicas-para-discutir-o-pacto-bahia-pela-saude\/\",\"name\":\"SESAB REALIZA REUNI\u00c3O COM REPRESENTANTES DE INSTITUI\u00c7\u00d5ES P\u00daBLICAS PARA DISCUTIR O PACTO BAHIA PELA SA\u00daDE - Bahia Economica\",\"isPartOf\":{\"@id\":\"https:\/\/bahiaeconomica.com.br\/wp\/#website\"},\"datePublished\":\"2025-02-10T18:21:00+00:00\",\"dateModified\":\"2025-02-10T18:21:00+00:00\",\"description\":\"O maior portal de Economia da Bahia Pol\u00edtica Bahia Economica\",\"breadcrumb\":{\"@id\":\"https:\/\/bahiaeconomica.com.br\/wp\/2025\/02\/10\/sesab-realiza-reuniao-com-representantes-de-instituicoes-publicas-para-discutir-o-pacto-bahia-pela-saude\/#breadcrumb\"},\"inLanguage\":\"pt-BR\",\"potentialAction\":[{\"@type\":\"ReadAction\",\"target\":[\"https:\/\/bahiaeconomica.com.br\/wp\/2025\/02\/10\/sesab-realiza-reuniao-com-representantes-de-instituicoes-publicas-para-discutir-o-pacto-bahia-pela-saude\/\"]}]},{\"@type\":\"BreadcrumbList\",\"@id\":\"https:\/\/bahiaeconomica.com.br\/wp\/2025\/02\/10\/sesab-realiza-reuniao-com-representantes-de-instituicoes-publicas-para-discutir-o-pacto-bahia-pela-saude\/#breadcrumb\",\"itemListElement\":[{\"@type\":\"ListItem\",\"position\":1,\"name\":\"In\u00edcio\",\"item\":\"https:\/\/bahiaeconomica.com.br\/wp\/\"},{\"@type\":\"ListItem\",\"position\":2,\"name\":\"SESAB REALIZA REUNI\u00c3O COM REPRESENTANTES DE INSTITUI\u00c7\u00d5ES P\u00daBLICAS PARA DISCUTIR O PACTO BAHIA PELA SA\u00daDE\"}]},{\"@type\":\"WebSite\",\"@id\":\"https:\/\/bahiaeconomica.com.br\/wp\/#website\",\"url\":\"https:\/\/bahiaeconomica.com.br\/wp\/\",\"name\":\"Bahia Economica\",\"description\":\"O maior portal de Economia da Bahia\",\"publisher\":{\"@id\":\"https:\/\/bahiaeconomica.com.br\/wp\/#organization\"},\"potentialAction\":[{\"@type\":\"SearchAction\",\"target\":{\"@type\":\"EntryPoint\",\"urlTemplate\":\"https:\/\/bahiaeconomica.com.br\/wp\/?s={search_term_string}\"},\"query-input\":\"required name=search_term_string\"}],\"inLanguage\":\"pt-BR\"},{\"@type\":\"Organization\",\"@id\":\"https:\/\/bahiaeconomica.com.br\/wp\/#organization\",\"name\":\"Bahia Econ\u00f4mica\",\"url\":\"https:\/\/bahiaeconomica.com.br\/wp\/\",\"logo\":{\"@type\":\"ImageObject\",\"inLanguage\":\"pt-BR\",\"@id\":\"https:\/\/bahiaeconomica.com.br\/wp\/#\/schema\/logo\/image\/\",\"url\":\"https:\/\/bahiaeconomica.com.br\/wp\/wp-content\/uploads\/2020\/12\/cropped-BE.png\",\"contentUrl\":\"https:\/\/bahiaeconomica.com.br\/wp\/wp-content\/uploads\/2020\/12\/cropped-BE.png\",\"width\":512,\"height\":512,\"caption\":\"Bahia Econ\u00f4mica\"},\"image\":{\"@id\":\"https:\/\/bahiaeconomica.com.br\/wp\/#\/schema\/logo\/image\/\"},\"sameAs\":[\"https:\/\/www.facebook.com\/bahiaeconomica\"]},{\"@type\":\"Person\",\"@id\":\"https:\/\/bahiaeconomica.com.br\/wp\/#\/schema\/person\/3304d50cfd32353c7d08c39066638997\",\"name\":\"Matheus Souza\",\"sameAs\":[\"http:\/\/www.bahiaeconomica.com.br\"],\"url\":\"https:\/\/bahiaeconomica.com.br\/wp\/author\/matheus-souza\/\"}]}<\/script>\n<!-- \/ Yoast SEO plugin. -->","yoast_head_json":{"title":"SESAB REALIZA REUNI\u00c3O COM REPRESENTANTES DE INSTITUI\u00c7\u00d5ES P\u00daBLICAS PARA DISCUTIR O PACTO BAHIA PELA SA\u00daDE - Bahia Economica","description":"O maior portal de Economia da Bahia Pol\u00edtica Bahia Economica","robots":{"index":"index","follow":"follow","max-snippet":"max-snippet:-1","max-image-preview":"max-image-preview:large","max-video-preview":"max-video-preview:-1"},"canonical":"https:\/\/bahiaeconomica.com.br\/wp\/2025\/02\/10\/sesab-realiza-reuniao-com-representantes-de-instituicoes-publicas-para-discutir-o-pacto-bahia-pela-saude\/","og_locale":"pt_BR","og_type":"article","og_title":"SESAB REALIZA REUNI\u00c3O COM REPRESENTANTES DE INSTITUI\u00c7\u00d5ES P\u00daBLICAS PARA DISCUTIR O PACTO BAHIA PELA SA\u00daDE - Bahia Economica","og_description":"O maior portal de Economia da Bahia Pol\u00edtica Bahia Economica","og_url":"https:\/\/bahiaeconomica.com.br\/wp\/2025\/02\/10\/sesab-realiza-reuniao-com-representantes-de-instituicoes-publicas-para-discutir-o-pacto-bahia-pela-saude\/","og_site_name":"Bahia Economica","article_publisher":"https:\/\/www.facebook.com\/bahiaeconomica","article_published_time":"2025-02-10T18:21:00+00:00","og_image":[{"width":1600,"height":1066,"url":"https:\/\/bahiaeconomica.com.br\/wp\/wp-content\/uploads\/2025\/02\/Mayara-Fernandes-SJDH-3.jpeg","type":"image\/jpeg"}],"author":"Matheus Souza","twitter_card":"summary_large_image","twitter_misc":{"Escrito por":"Matheus Souza","Est. tempo de leitura":"3 minutos"},"schema":{"@context":"https:\/\/schema.org","@graph":[{"@type":"Article","@id":"https:\/\/bahiaeconomica.com.br\/wp\/2025\/02\/10\/sesab-realiza-reuniao-com-representantes-de-instituicoes-publicas-para-discutir-o-pacto-bahia-pela-saude\/#article","isPartOf":{"@id":"https:\/\/bahiaeconomica.com.br\/wp\/2025\/02\/10\/sesab-realiza-reuniao-com-representantes-de-instituicoes-publicas-para-discutir-o-pacto-bahia-pela-saude\/"},"author":{"name":"Matheus Souza","@id":"https:\/\/bahiaeconomica.com.br\/wp\/#\/schema\/person\/3304d50cfd32353c7d08c39066638997"},"headline":"SESAB REALIZA REUNI\u00c3O COM REPRESENTANTES DE INSTITUI\u00c7\u00d5ES P\u00daBLICAS PARA DISCUTIR O PACTO BAHIA PELA SA\u00daDE","datePublished":"2025-02-10T18:21:00+00:00","dateModified":"2025-02-10T18:21:00+00:00","mainEntityOfPage":{"@id":"https:\/\/bahiaeconomica.com.br\/wp\/2025\/02\/10\/sesab-realiza-reuniao-com-representantes-de-instituicoes-publicas-para-discutir-o-pacto-bahia-pela-saude\/"},"wordCount":560,"publisher":{"@id":"https:\/\/bahiaeconomica.com.br\/wp\/#organization"},"keywords":["bahia pela sa\u00fade","INSTITUI\u00c7\u00d5ES P\u00daBLICAS","reuniao","Sesab"],"articleSection":["Pol\u00edtica"],"inLanguage":"pt-BR"},{"@type":"WebPage","@id":"https:\/\/bahiaeconomica.com.br\/wp\/2025\/02\/10\/sesab-realiza-reuniao-com-representantes-de-instituicoes-publicas-para-discutir-o-pacto-bahia-pela-saude\/","url":"https:\/\/bahiaeconomica.com.br\/wp\/2025\/02\/10\/sesab-realiza-reuniao-com-representantes-de-instituicoes-publicas-para-discutir-o-pacto-bahia-pela-saude\/","name":"SESAB REALIZA REUNI\u00c3O COM REPRESENTANTES DE INSTITUI\u00c7\u00d5ES P\u00daBLICAS PARA DISCUTIR O PACTO BAHIA PELA SA\u00daDE - Bahia Economica","isPartOf":{"@id":"https:\/\/bahiaeconomica.com.br\/wp\/#website"},"datePublished":"2025-02-10T18:21:00+00:00","dateModified":"2025-02-10T18:21:00+00:00","description":"O maior portal de Economia da Bahia Pol\u00edtica Bahia Economica","breadcrumb":{"@id":"https:\/\/bahiaeconomica.com.br\/wp\/2025\/02\/10\/sesab-realiza-reuniao-com-representantes-de-instituicoes-publicas-para-discutir-o-pacto-bahia-pela-saude\/#breadcrumb"},"inLanguage":"pt-BR","potentialAction":[{"@type":"ReadAction","target":["https:\/\/bahiaeconomica.com.br\/wp\/2025\/02\/10\/sesab-realiza-reuniao-com-representantes-de-instituicoes-publicas-para-discutir-o-pacto-bahia-pela-saude\/"]}]},{"@type":"BreadcrumbList","@id":"https:\/\/bahiaeconomica.com.br\/wp\/2025\/02\/10\/sesab-realiza-reuniao-com-representantes-de-instituicoes-publicas-para-discutir-o-pacto-bahia-pela-saude\/#breadcrumb","itemListElement":[{"@type":"ListItem","position":1,"name":"In\u00edcio","item":"https:\/\/bahiaeconomica.com.br\/wp\/"},{"@type":"ListItem","position":2,"name":"SESAB REALIZA REUNI\u00c3O COM REPRESENTANTES DE INSTITUI\u00c7\u00d5ES P\u00daBLICAS PARA DISCUTIR O PACTO BAHIA PELA SA\u00daDE"}]},{"@type":"WebSite","@id":"https:\/\/bahiaeconomica.com.br\/wp\/#website","url":"https:\/\/bahiaeconomica.com.br\/wp\/","name":"Bahia Economica","description":"O maior portal de Economia da Bahia","publisher":{"@id":"https:\/\/bahiaeconomica.com.br\/wp\/#organization"},"potentialAction":[{"@type":"SearchAction","target":{"@type":"EntryPoint","urlTemplate":"https:\/\/bahiaeconomica.com.br\/wp\/?s={search_term_string}"},"query-input":"required name=search_term_string"}],"inLanguage":"pt-BR"},{"@type":"Organization","@id":"https:\/\/bahiaeconomica.com.br\/wp\/#organization","name":"Bahia Econ\u00f4mica","url":"https:\/\/bahiaeconomica.com.br\/wp\/","logo":{"@type":"ImageObject","inLanguage":"pt-BR","@id":"https:\/\/bahiaeconomica.com.br\/wp\/#\/schema\/logo\/image\/","url":"https:\/\/bahiaeconomica.com.br\/wp\/wp-content\/uploads\/2020\/12\/cropped-BE.png","contentUrl":"https:\/\/bahiaeconomica.com.br\/wp\/wp-content\/uploads\/2020\/12\/cropped-BE.png","width":512,"height":512,"caption":"Bahia Econ\u00f4mica"},"image":{"@id":"https:\/\/bahiaeconomica.com.br\/wp\/#\/schema\/logo\/image\/"},"sameAs":["https:\/\/www.facebook.com\/bahiaeconomica"]},{"@type":"Person","@id":"https:\/\/bahiaeconomica.com.br\/wp\/#\/schema\/person\/3304d50cfd32353c7d08c39066638997","name":"Matheus Souza","sameAs":["http:\/\/www.bahiaeconomica.com.br"],"url":"https:\/\/bahiaeconomica.com.br\/wp\/author\/matheus-souza\/"}]}},"views":8,"_links":{"self":[{"href":"https:\/\/bahiaeconomica.com.br\/wp\/wp-json\/wp\/v2\/posts\/879699"}],"collection":[{"href":"https:\/\/bahiaeconomica.com.br\/wp\/wp-json\/wp\/v2\/posts"}],"about":[{"href":"https:\/\/bahiaeconomica.com.br\/wp\/wp-json\/wp\/v2\/types\/post"}],"author":[{"embeddable":true,"href":"https:\/\/bahiaeconomica.com.br\/wp\/wp-json\/wp\/v2\/users\/22"}],"replies":[{"embeddable":true,"href":"https:\/\/bahiaeconomica.com.br\/wp\/wp-json\/wp\/v2\/comments?post=879699"}],"version-history":[{"count":1,"href":"https:\/\/bahiaeconomica.com.br\/wp\/wp-json\/wp\/v2\/posts\/879699\/revisions"}],"predecessor-version":[{"id":879709,"href":"https:\/\/bahiaeconomica.com.br\/wp\/wp-json\/wp\/v2\/posts\/879699\/revisions\/879709"}],"wp:featuredmedia":[{"embeddable":true,"href":"https:\/\/bahiaeconomica.com.br\/wp\/wp-json\/wp\/v2\/media\/879702"}],"wp:attachment":[{"href":"https:\/\/bahiaeconomica.com.br\/wp\/wp-json\/wp\/v2\/media?parent=879699"}],"wp:term":[{"taxonomy":"category","embeddable":true,"href":"https:\/\/bahiaeconomica.com.br\/wp\/wp-json\/wp\/v2\/categories?post=879699"},{"taxonomy":"post_tag","embeddable":true,"href":"https:\/\/bahiaeconomica.com.br\/wp\/wp-json\/wp\/v2\/tags?post=879699"}],"curies":[{"name":"wp","href":"https:\/\/api.w.org\/{rel}","templated":true}]}}