{"id":879328,"date":"2025-02-07T16:58:39","date_gmt":"2025-02-07T19:58:39","guid":{"rendered":"https:\/\/bahiaeconomica.com.br\/wp\/?p=879328"},"modified":"2025-02-07T15:54:35","modified_gmt":"2025-02-07T18:54:35","slug":"empresas-de-apostas-terao-de-pagar-taxas-de-fiscalizacao-ao-governo-federal","status":"publish","type":"post","link":"https:\/\/bahiaeconomica.com.br\/wp\/2025\/02\/07\/empresas-de-apostas-terao-de-pagar-taxas-de-fiscalizacao-ao-governo-federal\/","title":{"rendered":"EMPRESAS DE APOSTAS TER\u00c3O DE PAGAR TAXAS DE FISCALIZA\u00c7\u00c3O AO GOVERNO FEDERAL"},"content":{"rendered":"<p>O Minist\u00e9rio da Fazenda publicou nesta sexta-feira (9) uma portaria que regulamenta a cobran\u00e7a de taxas de fiscaliza\u00e7\u00e3o para as empresas de apostas de quota fixa, conhecidas como &#8220;bets&#8221;, autorizadas a operar no Brasil. A medida, que entrou em vigor imediatamente, foi divulgada no Di\u00e1rio Oficial da Uni\u00e3o (DOU).<\/p>\n<p>De acordo com o texto, a taxa ser\u00e1 aplicada com base em faixas de valores destinadas ao custeio e manuten\u00e7\u00e3o das empresas do setor. O pagamento dever\u00e1 ser efetuado at\u00e9 o dia 10 do m\u00eas seguinte \u00e0 distribui\u00e7\u00e3o dos pr\u00eamios aos apostadores.<\/p>\n<p>A regulamenta\u00e7\u00e3o desse mercado tem origem na Lei 13.756, sancionada em dezembro de 2018 pelo ent\u00e3o presidente Michel Temer, que legalizou as apostas esportivas de quota fixa no pa\u00eds. Desde o ano passado, o Minist\u00e9rio da Fazenda tem implementado uma s\u00e9rie de normas para regular o funcionamento dessas empresas, regras que passaram a valer em 1\u00ba de janeiro deste ano.<\/p>\n<p>Com o in\u00edcio da fiscaliza\u00e7\u00e3o mais rigorosa, o governo tamb\u00e9m busca refor\u00e7ar o controle sobre transa\u00e7\u00f5es financeiras realizadas por apostadores e operadoras. At\u00e9 19 de janeiro de 2024, o Executivo j\u00e1 havia arrecadado R$ 1,65 bilh\u00e3o em outorgas \u2013 valor pago pelas empresas para obter autoriza\u00e7\u00e3o de opera\u00e7\u00e3o no Brasil.<\/p>\n<p>Al\u00e9m do monitoramento financeiro, a regulamenta\u00e7\u00e3o estabelece diretrizes para o chamado \u201cjogo respons\u00e1vel\u201d. Entre as exig\u00eancias, as empresas devem cruzar os dados das apostas com a renda dos jogadores para prevenir o superendividamento e outras consequ\u00eancias sociais. Tamb\u00e9m ser\u00e1 obrigat\u00f3rio oferecer mecanismos para que usu\u00e1rios estabele\u00e7am limites de tempo, valores de aposta e perdas, al\u00e9m da implementa\u00e7\u00e3o de alertas e bloqueios tempor\u00e1rios de contas.<\/p>\n<p>Os dados das opera\u00e7\u00f5es ser\u00e3o compartilhados com o governo por meio do Sistema de Gest\u00e3o de Apostas (Sigap). Contudo, devido ao grande volume de informa\u00e7\u00f5es, a integra\u00e7\u00e3o ocorrer\u00e1 de forma gradual.<\/p>\n<p>&nbsp;<\/p>\n","protected":false},"excerpt":{"rendered":"<p>O Minist\u00e9rio da Fazenda publicou nesta sexta-feira (9) uma portaria que regulamenta a cobran\u00e7a de taxas de fiscaliza\u00e7\u00e3o para as empresas de apostas de quota fixa, conhecidas como &#8220;bets&#8221;, autorizadas a operar no Brasil. A medida, que entrou em vigor imediatamente, foi divulgada no Di\u00e1rio Oficial da Uni\u00e3o (DOU). De acordo com o texto, a [&hellip;]<\/p>\n","protected":false},"author":22,"featured_media":846549,"comment_status":"closed","ping_status":"closed","sticky":false,"template":"","format":"standard","meta":[],"categories":[14,3],"tags":[11429,302,99,2355],"acf":[],"yoast_head":"<!-- This site is optimized with the Yoast SEO plugin v20.8 - https:\/\/yoast.com\/wordpress\/plugins\/seo\/ -->\n<title>EMPRESAS DE APOSTAS TER\u00c3O DE PAGAR TAXAS DE FISCALIZA\u00c7\u00c3O AO GOVERNO FEDERAL - Bahia Economica<\/title>\n<meta name=\"description\" content=\"O maior portal de Economia da Bahia DESTAQUE DO DIA, ECONOMIA \/ POL\u00cdTICA Bahia Economica\" \/>\n<meta name=\"robots\" content=\"index, follow, max-snippet:-1, max-image-preview:large, max-video-preview:-1\" \/>\n<link rel=\"canonical\" href=\"https:\/\/bahiaeconomica.com.br\/wp\/2025\/02\/07\/empresas-de-apostas-terao-de-pagar-taxas-de-fiscalizacao-ao-governo-federal\/\" \/>\n<meta property=\"og:locale\" content=\"pt_BR\" \/>\n<meta property=\"og:type\" content=\"article\" \/>\n<meta property=\"og:title\" content=\"EMPRESAS DE APOSTAS TER\u00c3O DE PAGAR TAXAS DE FISCALIZA\u00c7\u00c3O AO GOVERNO FEDERAL - Bahia Economica\" \/>\n<meta property=\"og:description\" content=\"O maior portal de Economia da Bahia DESTAQUE DO DIA, ECONOMIA \/ POL\u00cdTICA Bahia Economica\" \/>\n<meta property=\"og:url\" content=\"https:\/\/bahiaeconomica.com.br\/wp\/2025\/02\/07\/empresas-de-apostas-terao-de-pagar-taxas-de-fiscalizacao-ao-governo-federal\/\" \/>\n<meta property=\"og:site_name\" content=\"Bahia Economica\" \/>\n<meta property=\"article:publisher\" content=\"https:\/\/www.facebook.com\/bahiaeconomica\" \/>\n<meta property=\"article:published_time\" content=\"2025-02-07T19:58:39+00:00\" \/>\n<meta property=\"article:modified_time\" content=\"2025-02-07T18:54:35+00:00\" \/>\n<meta property=\"og:image\" content=\"https:\/\/bahiaeconomica.com.br\/wp\/wp-content\/uploads\/2024\/09\/154509reporter-metropole-vai-as-ruas-saber-relacao-de-soteropolitanos-com-casas-de-apostas-3.jpg\" \/>\n\t<meta property=\"og:image:width\" content=\"1600\" \/>\n\t<meta property=\"og:image:height\" content=\"752\" \/>\n\t<meta property=\"og:image:type\" content=\"image\/jpeg\" \/>\n<meta name=\"author\" content=\"Matheus Souza\" \/>\n<meta name=\"twitter:card\" content=\"summary_large_image\" \/>\n<meta name=\"twitter:label1\" content=\"Escrito por\" \/>\n\t<meta name=\"twitter:data1\" content=\"Matheus Souza\" \/>\n\t<meta name=\"twitter:label2\" content=\"Est. tempo de leitura\" \/>\n\t<meta name=\"twitter:data2\" content=\"2 minutos\" \/>\n<script type=\"application\/ld+json\" class=\"yoast-schema-graph\">{\"@context\":\"https:\/\/schema.org\",\"@graph\":[{\"@type\":\"Article\",\"@id\":\"https:\/\/bahiaeconomica.com.br\/wp\/2025\/02\/07\/empresas-de-apostas-terao-de-pagar-taxas-de-fiscalizacao-ao-governo-federal\/#article\",\"isPartOf\":{\"@id\":\"https:\/\/bahiaeconomica.com.br\/wp\/2025\/02\/07\/empresas-de-apostas-terao-de-pagar-taxas-de-fiscalizacao-ao-governo-federal\/\"},\"author\":{\"name\":\"Matheus Souza\",\"@id\":\"https:\/\/bahiaeconomica.com.br\/wp\/#\/schema\/person\/3304d50cfd32353c7d08c39066638997\"},\"headline\":\"EMPRESAS DE APOSTAS TER\u00c3O DE PAGAR TAXAS DE FISCALIZA\u00c7\u00c3O AO GOVERNO FEDERAL\",\"datePublished\":\"2025-02-07T19:58:39+00:00\",\"dateModified\":\"2025-02-07T18:54:35+00:00\",\"mainEntityOfPage\":{\"@id\":\"https:\/\/bahiaeconomica.com.br\/wp\/2025\/02\/07\/empresas-de-apostas-terao-de-pagar-taxas-de-fiscalizacao-ao-governo-federal\/\"},\"wordCount\":340,\"publisher\":{\"@id\":\"https:\/\/bahiaeconomica.com.br\/wp\/#organization\"},\"keywords\":[\"Apostas\",\"fiscaliza\u00e7\u00e3o\",\"Governo Federal\",\"taxas\"],\"articleSection\":[\"DESTAQUE DO DIA\",\"ECONOMIA \/ POL\u00cdTICA\"],\"inLanguage\":\"pt-BR\"},{\"@type\":\"WebPage\",\"@id\":\"https:\/\/bahiaeconomica.com.br\/wp\/2025\/02\/07\/empresas-de-apostas-terao-de-pagar-taxas-de-fiscalizacao-ao-governo-federal\/\",\"url\":\"https:\/\/bahiaeconomica.com.br\/wp\/2025\/02\/07\/empresas-de-apostas-terao-de-pagar-taxas-de-fiscalizacao-ao-governo-federal\/\",\"name\":\"EMPRESAS DE APOSTAS TER\u00c3O DE PAGAR TAXAS DE FISCALIZA\u00c7\u00c3O AO GOVERNO FEDERAL - Bahia Economica\",\"isPartOf\":{\"@id\":\"https:\/\/bahiaeconomica.com.br\/wp\/#website\"},\"datePublished\":\"2025-02-07T19:58:39+00:00\",\"dateModified\":\"2025-02-07T18:54:35+00:00\",\"description\":\"O maior portal de Economia da Bahia DESTAQUE DO DIA, ECONOMIA \/ POL\u00cdTICA Bahia Economica\",\"breadcrumb\":{\"@id\":\"https:\/\/bahiaeconomica.com.br\/wp\/2025\/02\/07\/empresas-de-apostas-terao-de-pagar-taxas-de-fiscalizacao-ao-governo-federal\/#breadcrumb\"},\"inLanguage\":\"pt-BR\",\"potentialAction\":[{\"@type\":\"ReadAction\",\"target\":[\"https:\/\/bahiaeconomica.com.br\/wp\/2025\/02\/07\/empresas-de-apostas-terao-de-pagar-taxas-de-fiscalizacao-ao-governo-federal\/\"]}]},{\"@type\":\"BreadcrumbList\",\"@id\":\"https:\/\/bahiaeconomica.com.br\/wp\/2025\/02\/07\/empresas-de-apostas-terao-de-pagar-taxas-de-fiscalizacao-ao-governo-federal\/#breadcrumb\",\"itemListElement\":[{\"@type\":\"ListItem\",\"position\":1,\"name\":\"In\u00edcio\",\"item\":\"https:\/\/bahiaeconomica.com.br\/wp\/\"},{\"@type\":\"ListItem\",\"position\":2,\"name\":\"EMPRESAS DE APOSTAS TER\u00c3O DE PAGAR TAXAS DE FISCALIZA\u00c7\u00c3O AO GOVERNO FEDERAL\"}]},{\"@type\":\"WebSite\",\"@id\":\"https:\/\/bahiaeconomica.com.br\/wp\/#website\",\"url\":\"https:\/\/bahiaeconomica.com.br\/wp\/\",\"name\":\"Bahia Economica\",\"description\":\"O maior portal de Economia da Bahia\",\"publisher\":{\"@id\":\"https:\/\/bahiaeconomica.com.br\/wp\/#organization\"},\"potentialAction\":[{\"@type\":\"SearchAction\",\"target\":{\"@type\":\"EntryPoint\",\"urlTemplate\":\"https:\/\/bahiaeconomica.com.br\/wp\/?s={search_term_string}\"},\"query-input\":\"required name=search_term_string\"}],\"inLanguage\":\"pt-BR\"},{\"@type\":\"Organization\",\"@id\":\"https:\/\/bahiaeconomica.com.br\/wp\/#organization\",\"name\":\"Bahia Econ\u00f4mica\",\"url\":\"https:\/\/bahiaeconomica.com.br\/wp\/\",\"logo\":{\"@type\":\"ImageObject\",\"inLanguage\":\"pt-BR\",\"@id\":\"https:\/\/bahiaeconomica.com.br\/wp\/#\/schema\/logo\/image\/\",\"url\":\"https:\/\/bahiaeconomica.com.br\/wp\/wp-content\/uploads\/2020\/12\/cropped-BE.png\",\"contentUrl\":\"https:\/\/bahiaeconomica.com.br\/wp\/wp-content\/uploads\/2020\/12\/cropped-BE.png\",\"width\":512,\"height\":512,\"caption\":\"Bahia Econ\u00f4mica\"},\"image\":{\"@id\":\"https:\/\/bahiaeconomica.com.br\/wp\/#\/schema\/logo\/image\/\"},\"sameAs\":[\"https:\/\/www.facebook.com\/bahiaeconomica\"]},{\"@type\":\"Person\",\"@id\":\"https:\/\/bahiaeconomica.com.br\/wp\/#\/schema\/person\/3304d50cfd32353c7d08c39066638997\",\"name\":\"Matheus Souza\",\"sameAs\":[\"http:\/\/www.bahiaeconomica.com.br\"],\"url\":\"https:\/\/bahiaeconomica.com.br\/wp\/author\/matheus-souza\/\"}]}<\/script>\n<!-- \/ Yoast SEO plugin. -->","yoast_head_json":{"title":"EMPRESAS DE APOSTAS TER\u00c3O DE PAGAR TAXAS DE FISCALIZA\u00c7\u00c3O AO GOVERNO FEDERAL - Bahia Economica","description":"O maior portal de Economia da Bahia DESTAQUE DO DIA, ECONOMIA \/ POL\u00cdTICA Bahia Economica","robots":{"index":"index","follow":"follow","max-snippet":"max-snippet:-1","max-image-preview":"max-image-preview:large","max-video-preview":"max-video-preview:-1"},"canonical":"https:\/\/bahiaeconomica.com.br\/wp\/2025\/02\/07\/empresas-de-apostas-terao-de-pagar-taxas-de-fiscalizacao-ao-governo-federal\/","og_locale":"pt_BR","og_type":"article","og_title":"EMPRESAS DE APOSTAS TER\u00c3O DE PAGAR TAXAS DE FISCALIZA\u00c7\u00c3O AO GOVERNO FEDERAL - Bahia Economica","og_description":"O maior portal de Economia da Bahia DESTAQUE DO DIA, ECONOMIA \/ POL\u00cdTICA Bahia Economica","og_url":"https:\/\/bahiaeconomica.com.br\/wp\/2025\/02\/07\/empresas-de-apostas-terao-de-pagar-taxas-de-fiscalizacao-ao-governo-federal\/","og_site_name":"Bahia Economica","article_publisher":"https:\/\/www.facebook.com\/bahiaeconomica","article_published_time":"2025-02-07T19:58:39+00:00","article_modified_time":"2025-02-07T18:54:35+00:00","og_image":[{"width":1600,"height":752,"url":"https:\/\/bahiaeconomica.com.br\/wp\/wp-content\/uploads\/2024\/09\/154509reporter-metropole-vai-as-ruas-saber-relacao-de-soteropolitanos-com-casas-de-apostas-3.jpg","type":"image\/jpeg"}],"author":"Matheus Souza","twitter_card":"summary_large_image","twitter_misc":{"Escrito por":"Matheus Souza","Est. tempo de leitura":"2 minutos"},"schema":{"@context":"https:\/\/schema.org","@graph":[{"@type":"Article","@id":"https:\/\/bahiaeconomica.com.br\/wp\/2025\/02\/07\/empresas-de-apostas-terao-de-pagar-taxas-de-fiscalizacao-ao-governo-federal\/#article","isPartOf":{"@id":"https:\/\/bahiaeconomica.com.br\/wp\/2025\/02\/07\/empresas-de-apostas-terao-de-pagar-taxas-de-fiscalizacao-ao-governo-federal\/"},"author":{"name":"Matheus Souza","@id":"https:\/\/bahiaeconomica.com.br\/wp\/#\/schema\/person\/3304d50cfd32353c7d08c39066638997"},"headline":"EMPRESAS DE APOSTAS TER\u00c3O DE PAGAR TAXAS DE FISCALIZA\u00c7\u00c3O AO GOVERNO FEDERAL","datePublished":"2025-02-07T19:58:39+00:00","dateModified":"2025-02-07T18:54:35+00:00","mainEntityOfPage":{"@id":"https:\/\/bahiaeconomica.com.br\/wp\/2025\/02\/07\/empresas-de-apostas-terao-de-pagar-taxas-de-fiscalizacao-ao-governo-federal\/"},"wordCount":340,"publisher":{"@id":"https:\/\/bahiaeconomica.com.br\/wp\/#organization"},"keywords":["Apostas","fiscaliza\u00e7\u00e3o","Governo Federal","taxas"],"articleSection":["DESTAQUE DO DIA","ECONOMIA \/ POL\u00cdTICA"],"inLanguage":"pt-BR"},{"@type":"WebPage","@id":"https:\/\/bahiaeconomica.com.br\/wp\/2025\/02\/07\/empresas-de-apostas-terao-de-pagar-taxas-de-fiscalizacao-ao-governo-federal\/","url":"https:\/\/bahiaeconomica.com.br\/wp\/2025\/02\/07\/empresas-de-apostas-terao-de-pagar-taxas-de-fiscalizacao-ao-governo-federal\/","name":"EMPRESAS DE APOSTAS TER\u00c3O DE PAGAR TAXAS DE FISCALIZA\u00c7\u00c3O AO GOVERNO FEDERAL - Bahia Economica","isPartOf":{"@id":"https:\/\/bahiaeconomica.com.br\/wp\/#website"},"datePublished":"2025-02-07T19:58:39+00:00","dateModified":"2025-02-07T18:54:35+00:00","description":"O maior portal de Economia da Bahia DESTAQUE DO DIA, ECONOMIA \/ POL\u00cdTICA Bahia Economica","breadcrumb":{"@id":"https:\/\/bahiaeconomica.com.br\/wp\/2025\/02\/07\/empresas-de-apostas-terao-de-pagar-taxas-de-fiscalizacao-ao-governo-federal\/#breadcrumb"},"inLanguage":"pt-BR","potentialAction":[{"@type":"ReadAction","target":["https:\/\/bahiaeconomica.com.br\/wp\/2025\/02\/07\/empresas-de-apostas-terao-de-pagar-taxas-de-fiscalizacao-ao-governo-federal\/"]}]},{"@type":"BreadcrumbList","@id":"https:\/\/bahiaeconomica.com.br\/wp\/2025\/02\/07\/empresas-de-apostas-terao-de-pagar-taxas-de-fiscalizacao-ao-governo-federal\/#breadcrumb","itemListElement":[{"@type":"ListItem","position":1,"name":"In\u00edcio","item":"https:\/\/bahiaeconomica.com.br\/wp\/"},{"@type":"ListItem","position":2,"name":"EMPRESAS DE APOSTAS TER\u00c3O DE PAGAR TAXAS DE FISCALIZA\u00c7\u00c3O AO GOVERNO FEDERAL"}]},{"@type":"WebSite","@id":"https:\/\/bahiaeconomica.com.br\/wp\/#website","url":"https:\/\/bahiaeconomica.com.br\/wp\/","name":"Bahia Economica","description":"O maior portal de Economia da Bahia","publisher":{"@id":"https:\/\/bahiaeconomica.com.br\/wp\/#organization"},"potentialAction":[{"@type":"SearchAction","target":{"@type":"EntryPoint","urlTemplate":"https:\/\/bahiaeconomica.com.br\/wp\/?s={search_term_string}"},"query-input":"required name=search_term_string"}],"inLanguage":"pt-BR"},{"@type":"Organization","@id":"https:\/\/bahiaeconomica.com.br\/wp\/#organization","name":"Bahia Econ\u00f4mica","url":"https:\/\/bahiaeconomica.com.br\/wp\/","logo":{"@type":"ImageObject","inLanguage":"pt-BR","@id":"https:\/\/bahiaeconomica.com.br\/wp\/#\/schema\/logo\/image\/","url":"https:\/\/bahiaeconomica.com.br\/wp\/wp-content\/uploads\/2020\/12\/cropped-BE.png","contentUrl":"https:\/\/bahiaeconomica.com.br\/wp\/wp-content\/uploads\/2020\/12\/cropped-BE.png","width":512,"height":512,"caption":"Bahia Econ\u00f4mica"},"image":{"@id":"https:\/\/bahiaeconomica.com.br\/wp\/#\/schema\/logo\/image\/"},"sameAs":["https:\/\/www.facebook.com\/bahiaeconomica"]},{"@type":"Person","@id":"https:\/\/bahiaeconomica.com.br\/wp\/#\/schema\/person\/3304d50cfd32353c7d08c39066638997","name":"Matheus Souza","sameAs":["http:\/\/www.bahiaeconomica.com.br"],"url":"https:\/\/bahiaeconomica.com.br\/wp\/author\/matheus-souza\/"}]}},"views":9,"_links":{"self":[{"href":"https:\/\/bahiaeconomica.com.br\/wp\/wp-json\/wp\/v2\/posts\/879328"}],"collection":[{"href":"https:\/\/bahiaeconomica.com.br\/wp\/wp-json\/wp\/v2\/posts"}],"about":[{"href":"https:\/\/bahiaeconomica.com.br\/wp\/wp-json\/wp\/v2\/types\/post"}],"author":[{"embeddable":true,"href":"https:\/\/bahiaeconomica.com.br\/wp\/wp-json\/wp\/v2\/users\/22"}],"replies":[{"embeddable":true,"href":"https:\/\/bahiaeconomica.com.br\/wp\/wp-json\/wp\/v2\/comments?post=879328"}],"version-history":[{"count":1,"href":"https:\/\/bahiaeconomica.com.br\/wp\/wp-json\/wp\/v2\/posts\/879328\/revisions"}],"predecessor-version":[{"id":879340,"href":"https:\/\/bahiaeconomica.com.br\/wp\/wp-json\/wp\/v2\/posts\/879328\/revisions\/879340"}],"wp:featuredmedia":[{"embeddable":true,"href":"https:\/\/bahiaeconomica.com.br\/wp\/wp-json\/wp\/v2\/media\/846549"}],"wp:attachment":[{"href":"https:\/\/bahiaeconomica.com.br\/wp\/wp-json\/wp\/v2\/media?parent=879328"}],"wp:term":[{"taxonomy":"category","embeddable":true,"href":"https:\/\/bahiaeconomica.com.br\/wp\/wp-json\/wp\/v2\/categories?post=879328"},{"taxonomy":"post_tag","embeddable":true,"href":"https:\/\/bahiaeconomica.com.br\/wp\/wp-json\/wp\/v2\/tags?post=879328"}],"curies":[{"name":"wp","href":"https:\/\/api.w.org\/{rel}","templated":true}]}}