{"id":879065,"date":"2025-02-06T18:49:52","date_gmt":"2025-02-06T21:49:52","guid":{"rendered":"https:\/\/bahiaeconomica.com.br\/wp\/?p=879065"},"modified":"2025-02-06T17:35:05","modified_gmt":"2025-02-06T20:35:05","slug":"senado-ja-analisa-temas-prioritarios-para-a-agenda-economica-do-governo","status":"publish","type":"post","link":"https:\/\/bahiaeconomica.com.br\/wp\/2025\/02\/06\/senado-ja-analisa-temas-prioritarios-para-a-agenda-economica-do-governo\/","title":{"rendered":"SENADO J\u00c1 ANALISA TEMAS PRIORIT\u00c1RIOS PARA A AGENDA ECON\u00d4MICA DO GOVERNO"},"content":{"rendered":"<p>O ministro da Fazenda, Fernando Haddad, entregou na quarta-feira (5) ao presidente da C\u00e2mara dos Deputados, Hugo Motta, uma lista com 25 temas que a equipe econ\u00f4mica considera priorit\u00e1rios para o pa\u00eds. O governo vai enviar ao Congresso Nacional projetos dentro dessa agenda, mas pelo menos quatro dessas medidas j\u00e1 est\u00e3o em tramita\u00e7\u00e3o no Senado e podem ser analisadas pelos senadores.<\/p>\n<p>No Senado se encontra, por exemplo, o projeto que cria o Comit\u00ea Gestor do Imposto sobre Bens e Servi\u00e7os (CG-IBS), parte da regulamenta\u00e7\u00e3o da reforma tribut\u00e1ria (PLP 108\/2024). O texto estabelece normas para gerenciar e administrar o novo imposto. A gest\u00e3o do comit\u00ea ser\u00e1 compartilhada entre estados e munic\u00edpios.<\/p>\n<p>A proposta tamb\u00e9m define como ser\u00e1 o processo administrativo para resolver disputas relativas ao IBS, como o dinheiro arrecadado ser\u00e1 distribu\u00eddo e como ser\u00e3o tratados os saldos de cr\u00e9ditos do ICMS durante a transi\u00e7\u00e3o para o novo imposto. A mat\u00e9ria\u00a0foi aprovada pela C\u00e2mara dos Deputados em outubro de 2024 e aguarda a distribui\u00e7\u00e3o \u00e0s comiss\u00f5es do Senado.<\/p>\n<p>Outro projeto que em tramita\u00e7\u00e3o \u00e9 o que promove atualiza\u00e7\u00f5es na Lei das Fal\u00eancias (Lei 11.101, de 2005) (PL 3\/2024). Entre outros pontos, o projeto\u00a0busca fortalecer a governan\u00e7a no processo falimentar, introduzindo a figura do gestor fiduci\u00e1rio e a cria\u00e7\u00e3o do plano de fal\u00eancias. Ele tamb\u00e9m trata do mandato do administrador judicial e de medidas para agilizar a venda dos bens da massa falida. Aprovado na C\u00e2mara em mar\u00e7o do ano passado, o projeto tamb\u00e9 aguarda seu despacho para as comiss\u00f5es.<\/p>\n<p>O Senado tamb\u00e9m pode analisar novas regras para o funcionamento, a fiscaliza\u00e7\u00e3o e o gerenciamento de riscos no Sistema de Pagamentos Brasileiro (SPB) (PL 2.926\/2023). A ideia \u00e9 aumentar a efici\u00eancia das opera\u00e7\u00f5es entre institui\u00e7\u00f5es financeiras, reduzindo custos e trazendo mais seguran\u00e7a ao consumidor. O SBP \u00e9 respons\u00e1vel pela intermedia\u00e7\u00e3o das opera\u00e7\u00f5es de transfer\u00eancia de fundos, valores mobili\u00e1rios e outros ativos financeiros.\u00a0A mat\u00e9ria foi aprovada na C\u00e2mara no \u00faltimo m\u00eas de novembro. No Senado, ainda aguarda a distribui\u00e7\u00e3o \u00e0s comiss\u00f5es.<\/p>\n<p>J\u00e1 o projeto que cria a execu\u00e7\u00e3o extrajudicial de d\u00edvidas \u00e9 o mais avan\u00e7ado dos quatro:\u00a0ele chegou a entrar na pauta do Plen\u00e1rio em 2022, mas n\u00e3o conseguiu consenso para vota\u00e7\u00e3o (PL 6.204\/2019). Pelo texto, a execu\u00e7\u00e3o extrajudicial passaria a ser uma das atribui\u00e7\u00f5es dos tabeli\u00e3es de protesto. Segundo a autora, senadora Soraya Thronicke (Podemos-MS), a mat\u00e9ria busca facilitar e tornar mais r\u00e1pida a cobran\u00e7a de d\u00edvidas. Por conta das diverg\u00eancias, ele retornou para an\u00e1lise da Comiss\u00e3o de Constitui\u00e7\u00e3o e Justi\u00e7a (CCJ).<\/p>\n<p>Fonte: Ag\u00eancia Senado<br \/>\nFoto: Marcos Oliveira\/Ag\u00eancia Senado<\/p>\n","protected":false},"excerpt":{"rendered":"<p>O ministro da Fazenda, Fernando Haddad, entregou na quarta-feira (5) ao presidente da C\u00e2mara dos Deputados, Hugo Motta, uma lista com 25 temas que a equipe econ\u00f4mica considera priorit\u00e1rios para o pa\u00eds. O governo vai enviar ao Congresso Nacional projetos dentro dessa agenda, mas pelo menos quatro dessas medidas j\u00e1 est\u00e3o em tramita\u00e7\u00e3o no Senado [&hellip;]<\/p>\n","protected":false},"author":16,"featured_media":879066,"comment_status":"closed","ping_status":"closed","sticky":false,"template":"","format":"standard","meta":[],"categories":[14601],"tags":[36654,233,855],"acf":[],"yoast_head":"<!-- This site is optimized with the Yoast SEO plugin v20.8 - https:\/\/yoast.com\/wordpress\/plugins\/seo\/ -->\n<title>SENADO J\u00c1 ANALISA TEMAS PRIORIT\u00c1RIOS PARA A AGENDA ECON\u00d4MICA DO GOVERNO - Bahia Economica<\/title>\n<meta name=\"description\" content=\"O maior portal de Economia da Bahia Pol\u00edtica Bahia Economica\" \/>\n<meta name=\"robots\" content=\"index, follow, max-snippet:-1, max-image-preview:large, max-video-preview:-1\" \/>\n<link rel=\"canonical\" href=\"https:\/\/bahiaeconomica.com.br\/wp\/2025\/02\/06\/senado-ja-analisa-temas-prioritarios-para-a-agenda-economica-do-governo\/\" \/>\n<meta property=\"og:locale\" content=\"pt_BR\" \/>\n<meta property=\"og:type\" content=\"article\" \/>\n<meta property=\"og:title\" content=\"SENADO J\u00c1 ANALISA TEMAS PRIORIT\u00c1RIOS PARA A AGENDA ECON\u00d4MICA DO GOVERNO - Bahia Economica\" \/>\n<meta property=\"og:description\" content=\"O maior portal de Economia da Bahia Pol\u00edtica Bahia Economica\" \/>\n<meta property=\"og:url\" content=\"https:\/\/bahiaeconomica.com.br\/wp\/2025\/02\/06\/senado-ja-analisa-temas-prioritarios-para-a-agenda-economica-do-governo\/\" \/>\n<meta property=\"og:site_name\" content=\"Bahia Economica\" \/>\n<meta property=\"article:publisher\" content=\"https:\/\/www.facebook.com\/bahiaeconomica\" \/>\n<meta property=\"article:published_time\" content=\"2025-02-06T21:49:52+00:00\" \/>\n<meta property=\"article:modified_time\" content=\"2025-02-06T20:35:05+00:00\" \/>\n<meta property=\"og:image\" content=\"https:\/\/bahiaeconomica.com.br\/wp\/wp-content\/uploads\/2025\/02\/imagem_materia-33.jpg\" \/>\n\t<meta property=\"og:image:width\" content=\"860\" \/>\n\t<meta property=\"og:image:height\" content=\"570\" \/>\n\t<meta property=\"og:image:type\" content=\"image\/jpeg\" \/>\n<meta name=\"author\" content=\"LUIZA NASCIMENTO\" \/>\n<meta name=\"twitter:card\" content=\"summary_large_image\" \/>\n<meta name=\"twitter:label1\" content=\"Escrito por\" \/>\n\t<meta name=\"twitter:data1\" content=\"LUIZA NASCIMENTO\" \/>\n\t<meta name=\"twitter:label2\" content=\"Est. tempo de leitura\" \/>\n\t<meta name=\"twitter:data2\" content=\"3 minutos\" \/>\n<script type=\"application\/ld+json\" class=\"yoast-schema-graph\">{\"@context\":\"https:\/\/schema.org\",\"@graph\":[{\"@type\":\"Article\",\"@id\":\"https:\/\/bahiaeconomica.com.br\/wp\/2025\/02\/06\/senado-ja-analisa-temas-prioritarios-para-a-agenda-economica-do-governo\/#article\",\"isPartOf\":{\"@id\":\"https:\/\/bahiaeconomica.com.br\/wp\/2025\/02\/06\/senado-ja-analisa-temas-prioritarios-para-a-agenda-economica-do-governo\/\"},\"author\":{\"name\":\"LUIZA NASCIMENTO\",\"@id\":\"https:\/\/bahiaeconomica.com.br\/wp\/#\/schema\/person\/18273ac0fe04bfd4e7b101bf17d40152\"},\"headline\":\"SENADO J\u00c1 ANALISA TEMAS PRIORIT\u00c1RIOS PARA A AGENDA ECON\u00d4MICA DO GOVERNO\",\"datePublished\":\"2025-02-06T21:49:52+00:00\",\"dateModified\":\"2025-02-06T20:35:05+00:00\",\"mainEntityOfPage\":{\"@id\":\"https:\/\/bahiaeconomica.com.br\/wp\/2025\/02\/06\/senado-ja-analisa-temas-prioritarios-para-a-agenda-economica-do-governo\/\"},\"wordCount\":488,\"publisher\":{\"@id\":\"https:\/\/bahiaeconomica.com.br\/wp\/#organization\"},\"keywords\":[\"agenda econ\u00f4mica\",\"Governo\",\"senado\"],\"articleSection\":[\"Pol\u00edtica\"],\"inLanguage\":\"pt-BR\"},{\"@type\":\"WebPage\",\"@id\":\"https:\/\/bahiaeconomica.com.br\/wp\/2025\/02\/06\/senado-ja-analisa-temas-prioritarios-para-a-agenda-economica-do-governo\/\",\"url\":\"https:\/\/bahiaeconomica.com.br\/wp\/2025\/02\/06\/senado-ja-analisa-temas-prioritarios-para-a-agenda-economica-do-governo\/\",\"name\":\"SENADO J\u00c1 ANALISA TEMAS PRIORIT\u00c1RIOS PARA A AGENDA ECON\u00d4MICA DO GOVERNO - Bahia Economica\",\"isPartOf\":{\"@id\":\"https:\/\/bahiaeconomica.com.br\/wp\/#website\"},\"datePublished\":\"2025-02-06T21:49:52+00:00\",\"dateModified\":\"2025-02-06T20:35:05+00:00\",\"description\":\"O maior portal de Economia da Bahia Pol\u00edtica Bahia Economica\",\"breadcrumb\":{\"@id\":\"https:\/\/bahiaeconomica.com.br\/wp\/2025\/02\/06\/senado-ja-analisa-temas-prioritarios-para-a-agenda-economica-do-governo\/#breadcrumb\"},\"inLanguage\":\"pt-BR\",\"potentialAction\":[{\"@type\":\"ReadAction\",\"target\":[\"https:\/\/bahiaeconomica.com.br\/wp\/2025\/02\/06\/senado-ja-analisa-temas-prioritarios-para-a-agenda-economica-do-governo\/\"]}]},{\"@type\":\"BreadcrumbList\",\"@id\":\"https:\/\/bahiaeconomica.com.br\/wp\/2025\/02\/06\/senado-ja-analisa-temas-prioritarios-para-a-agenda-economica-do-governo\/#breadcrumb\",\"itemListElement\":[{\"@type\":\"ListItem\",\"position\":1,\"name\":\"In\u00edcio\",\"item\":\"https:\/\/bahiaeconomica.com.br\/wp\/\"},{\"@type\":\"ListItem\",\"position\":2,\"name\":\"SENADO J\u00c1 ANALISA TEMAS PRIORIT\u00c1RIOS PARA A AGENDA ECON\u00d4MICA DO GOVERNO\"}]},{\"@type\":\"WebSite\",\"@id\":\"https:\/\/bahiaeconomica.com.br\/wp\/#website\",\"url\":\"https:\/\/bahiaeconomica.com.br\/wp\/\",\"name\":\"Bahia Economica\",\"description\":\"O maior portal de Economia da Bahia\",\"publisher\":{\"@id\":\"https:\/\/bahiaeconomica.com.br\/wp\/#organization\"},\"potentialAction\":[{\"@type\":\"SearchAction\",\"target\":{\"@type\":\"EntryPoint\",\"urlTemplate\":\"https:\/\/bahiaeconomica.com.br\/wp\/?s={search_term_string}\"},\"query-input\":\"required name=search_term_string\"}],\"inLanguage\":\"pt-BR\"},{\"@type\":\"Organization\",\"@id\":\"https:\/\/bahiaeconomica.com.br\/wp\/#organization\",\"name\":\"Bahia Econ\u00f4mica\",\"url\":\"https:\/\/bahiaeconomica.com.br\/wp\/\",\"logo\":{\"@type\":\"ImageObject\",\"inLanguage\":\"pt-BR\",\"@id\":\"https:\/\/bahiaeconomica.com.br\/wp\/#\/schema\/logo\/image\/\",\"url\":\"https:\/\/bahiaeconomica.com.br\/wp\/wp-content\/uploads\/2020\/12\/cropped-BE.png\",\"contentUrl\":\"https:\/\/bahiaeconomica.com.br\/wp\/wp-content\/uploads\/2020\/12\/cropped-BE.png\",\"width\":512,\"height\":512,\"caption\":\"Bahia Econ\u00f4mica\"},\"image\":{\"@id\":\"https:\/\/bahiaeconomica.com.br\/wp\/#\/schema\/logo\/image\/\"},\"sameAs\":[\"https:\/\/www.facebook.com\/bahiaeconomica\"]},{\"@type\":\"Person\",\"@id\":\"https:\/\/bahiaeconomica.com.br\/wp\/#\/schema\/person\/18273ac0fe04bfd4e7b101bf17d40152\",\"name\":\"LUIZA NASCIMENTO\",\"sameAs\":[\"http:\/\/www.bahiaeconomica.com.br\"],\"url\":\"https:\/\/bahiaeconomica.com.br\/wp\/author\/luiza-nascimento\/\"}]}<\/script>\n<!-- \/ Yoast SEO plugin. -->","yoast_head_json":{"title":"SENADO J\u00c1 ANALISA TEMAS PRIORIT\u00c1RIOS PARA A AGENDA ECON\u00d4MICA DO GOVERNO - Bahia Economica","description":"O maior portal de Economia da Bahia Pol\u00edtica Bahia Economica","robots":{"index":"index","follow":"follow","max-snippet":"max-snippet:-1","max-image-preview":"max-image-preview:large","max-video-preview":"max-video-preview:-1"},"canonical":"https:\/\/bahiaeconomica.com.br\/wp\/2025\/02\/06\/senado-ja-analisa-temas-prioritarios-para-a-agenda-economica-do-governo\/","og_locale":"pt_BR","og_type":"article","og_title":"SENADO J\u00c1 ANALISA TEMAS PRIORIT\u00c1RIOS PARA A AGENDA ECON\u00d4MICA DO GOVERNO - Bahia Economica","og_description":"O maior portal de Economia da Bahia Pol\u00edtica Bahia Economica","og_url":"https:\/\/bahiaeconomica.com.br\/wp\/2025\/02\/06\/senado-ja-analisa-temas-prioritarios-para-a-agenda-economica-do-governo\/","og_site_name":"Bahia Economica","article_publisher":"https:\/\/www.facebook.com\/bahiaeconomica","article_published_time":"2025-02-06T21:49:52+00:00","article_modified_time":"2025-02-06T20:35:05+00:00","og_image":[{"width":860,"height":570,"url":"https:\/\/bahiaeconomica.com.br\/wp\/wp-content\/uploads\/2025\/02\/imagem_materia-33.jpg","type":"image\/jpeg"}],"author":"LUIZA NASCIMENTO","twitter_card":"summary_large_image","twitter_misc":{"Escrito por":"LUIZA NASCIMENTO","Est. tempo de leitura":"3 minutos"},"schema":{"@context":"https:\/\/schema.org","@graph":[{"@type":"Article","@id":"https:\/\/bahiaeconomica.com.br\/wp\/2025\/02\/06\/senado-ja-analisa-temas-prioritarios-para-a-agenda-economica-do-governo\/#article","isPartOf":{"@id":"https:\/\/bahiaeconomica.com.br\/wp\/2025\/02\/06\/senado-ja-analisa-temas-prioritarios-para-a-agenda-economica-do-governo\/"},"author":{"name":"LUIZA NASCIMENTO","@id":"https:\/\/bahiaeconomica.com.br\/wp\/#\/schema\/person\/18273ac0fe04bfd4e7b101bf17d40152"},"headline":"SENADO J\u00c1 ANALISA TEMAS PRIORIT\u00c1RIOS PARA A AGENDA ECON\u00d4MICA DO GOVERNO","datePublished":"2025-02-06T21:49:52+00:00","dateModified":"2025-02-06T20:35:05+00:00","mainEntityOfPage":{"@id":"https:\/\/bahiaeconomica.com.br\/wp\/2025\/02\/06\/senado-ja-analisa-temas-prioritarios-para-a-agenda-economica-do-governo\/"},"wordCount":488,"publisher":{"@id":"https:\/\/bahiaeconomica.com.br\/wp\/#organization"},"keywords":["agenda econ\u00f4mica","Governo","senado"],"articleSection":["Pol\u00edtica"],"inLanguage":"pt-BR"},{"@type":"WebPage","@id":"https:\/\/bahiaeconomica.com.br\/wp\/2025\/02\/06\/senado-ja-analisa-temas-prioritarios-para-a-agenda-economica-do-governo\/","url":"https:\/\/bahiaeconomica.com.br\/wp\/2025\/02\/06\/senado-ja-analisa-temas-prioritarios-para-a-agenda-economica-do-governo\/","name":"SENADO J\u00c1 ANALISA TEMAS PRIORIT\u00c1RIOS PARA A AGENDA ECON\u00d4MICA DO GOVERNO - Bahia Economica","isPartOf":{"@id":"https:\/\/bahiaeconomica.com.br\/wp\/#website"},"datePublished":"2025-02-06T21:49:52+00:00","dateModified":"2025-02-06T20:35:05+00:00","description":"O maior portal de Economia da Bahia Pol\u00edtica Bahia Economica","breadcrumb":{"@id":"https:\/\/bahiaeconomica.com.br\/wp\/2025\/02\/06\/senado-ja-analisa-temas-prioritarios-para-a-agenda-economica-do-governo\/#breadcrumb"},"inLanguage":"pt-BR","potentialAction":[{"@type":"ReadAction","target":["https:\/\/bahiaeconomica.com.br\/wp\/2025\/02\/06\/senado-ja-analisa-temas-prioritarios-para-a-agenda-economica-do-governo\/"]}]},{"@type":"BreadcrumbList","@id":"https:\/\/bahiaeconomica.com.br\/wp\/2025\/02\/06\/senado-ja-analisa-temas-prioritarios-para-a-agenda-economica-do-governo\/#breadcrumb","itemListElement":[{"@type":"ListItem","position":1,"name":"In\u00edcio","item":"https:\/\/bahiaeconomica.com.br\/wp\/"},{"@type":"ListItem","position":2,"name":"SENADO J\u00c1 ANALISA TEMAS PRIORIT\u00c1RIOS PARA A AGENDA ECON\u00d4MICA DO GOVERNO"}]},{"@type":"WebSite","@id":"https:\/\/bahiaeconomica.com.br\/wp\/#website","url":"https:\/\/bahiaeconomica.com.br\/wp\/","name":"Bahia Economica","description":"O maior portal de Economia da Bahia","publisher":{"@id":"https:\/\/bahiaeconomica.com.br\/wp\/#organization"},"potentialAction":[{"@type":"SearchAction","target":{"@type":"EntryPoint","urlTemplate":"https:\/\/bahiaeconomica.com.br\/wp\/?s={search_term_string}"},"query-input":"required name=search_term_string"}],"inLanguage":"pt-BR"},{"@type":"Organization","@id":"https:\/\/bahiaeconomica.com.br\/wp\/#organization","name":"Bahia Econ\u00f4mica","url":"https:\/\/bahiaeconomica.com.br\/wp\/","logo":{"@type":"ImageObject","inLanguage":"pt-BR","@id":"https:\/\/bahiaeconomica.com.br\/wp\/#\/schema\/logo\/image\/","url":"https:\/\/bahiaeconomica.com.br\/wp\/wp-content\/uploads\/2020\/12\/cropped-BE.png","contentUrl":"https:\/\/bahiaeconomica.com.br\/wp\/wp-content\/uploads\/2020\/12\/cropped-BE.png","width":512,"height":512,"caption":"Bahia Econ\u00f4mica"},"image":{"@id":"https:\/\/bahiaeconomica.com.br\/wp\/#\/schema\/logo\/image\/"},"sameAs":["https:\/\/www.facebook.com\/bahiaeconomica"]},{"@type":"Person","@id":"https:\/\/bahiaeconomica.com.br\/wp\/#\/schema\/person\/18273ac0fe04bfd4e7b101bf17d40152","name":"LUIZA NASCIMENTO","sameAs":["http:\/\/www.bahiaeconomica.com.br"],"url":"https:\/\/bahiaeconomica.com.br\/wp\/author\/luiza-nascimento\/"}]}},"views":3,"_links":{"self":[{"href":"https:\/\/bahiaeconomica.com.br\/wp\/wp-json\/wp\/v2\/posts\/879065"}],"collection":[{"href":"https:\/\/bahiaeconomica.com.br\/wp\/wp-json\/wp\/v2\/posts"}],"about":[{"href":"https:\/\/bahiaeconomica.com.br\/wp\/wp-json\/wp\/v2\/types\/post"}],"author":[{"embeddable":true,"href":"https:\/\/bahiaeconomica.com.br\/wp\/wp-json\/wp\/v2\/users\/16"}],"replies":[{"embeddable":true,"href":"https:\/\/bahiaeconomica.com.br\/wp\/wp-json\/wp\/v2\/comments?post=879065"}],"version-history":[{"count":1,"href":"https:\/\/bahiaeconomica.com.br\/wp\/wp-json\/wp\/v2\/posts\/879065\/revisions"}],"predecessor-version":[{"id":879068,"href":"https:\/\/bahiaeconomica.com.br\/wp\/wp-json\/wp\/v2\/posts\/879065\/revisions\/879068"}],"wp:featuredmedia":[{"embeddable":true,"href":"https:\/\/bahiaeconomica.com.br\/wp\/wp-json\/wp\/v2\/media\/879066"}],"wp:attachment":[{"href":"https:\/\/bahiaeconomica.com.br\/wp\/wp-json\/wp\/v2\/media?parent=879065"}],"wp:term":[{"taxonomy":"category","embeddable":true,"href":"https:\/\/bahiaeconomica.com.br\/wp\/wp-json\/wp\/v2\/categories?post=879065"},{"taxonomy":"post_tag","embeddable":true,"href":"https:\/\/bahiaeconomica.com.br\/wp\/wp-json\/wp\/v2\/tags?post=879065"}],"curies":[{"name":"wp","href":"https:\/\/api.w.org\/{rel}","templated":true}]}}