{"id":877835,"date":"2025-02-03T10:40:42","date_gmt":"2025-02-03T13:40:42","guid":{"rendered":"https:\/\/bahiaeconomica.com.br\/wp\/?p=877835"},"modified":"2025-02-03T10:07:48","modified_gmt":"2025-02-03T13:07:48","slug":"stf-abre-trabalhos-de-2025-nesta-segunda-feira-3","status":"publish","type":"post","link":"https:\/\/bahiaeconomica.com.br\/wp\/2025\/02\/03\/stf-abre-trabalhos-de-2025-nesta-segunda-feira-3\/","title":{"rendered":"STF ABRE TRABALHOS DE 2025 NESTA SEGUNDA-FEIRA (3)"},"content":{"rendered":"<p>O Supremo Tribunal Federal (STF) abre nesta segunda-feira (3) os trabalhos do plen\u00e1rio em 2025. A Corte estava em recesso desde o fim do dezembro do ano passado, e os ministros atuaram nesse per\u00edodo somente em quest\u00f5es urgentes.<\/p>\n<p>A sess\u00e3o solene que marcar\u00e1 o retorno \u00e0s atividades jurisdicionais deve come\u00e7ar \u00e0s 14h de segunda feira. Diversas autoridades foram convidadas, entre as quais, o presidente Luiz In\u00e1cio Lula da Silva e o vice-presidente Geraldo Alckmin, al\u00e9m de ministros do governo federal, e os novos presidentes da C\u00e2mara dos Deputados, Hugo Motta (Republicanos-PB), e do Senado, Davi Alcolumbre (Uni\u00e3o Brasil-AP).<\/p>\n<p>Durante a cerim\u00f4nia, est\u00e1 previsto um discurso do presidente do Supremo, Lu\u00eds Roberto Barroso. O teor da fala ainda n\u00e3o foi antecipado.<\/p>\n<p>Os primeiros julgamentos de 2025 ser\u00e3o realizados a partir de quarta-feira (5), quando a Corte retomar\u00e1 a an\u00e1lise da legalidade das revistas \u00edntimas vexat\u00f3rias nos pres\u00eddios para evitar a entrada de drogas, armas e celulares.<\/p>\n<p>O Supremo j\u00e1 formou maioria para proibir as revistas, mas o julgamento foi interrompido por um pedido de vista do ministro Alexandre de Moraes, que proferir\u00e1 seu voto .<\/p>\n<p><strong>Letalidade policial\u00a0<\/strong><br \/>\nNo mesmo dia, tamb\u00e9m est\u00e1 na pauta a retomada do julgamento da Argui\u00e7\u00e3o de Descumprimento de Preceito Fundamental (ADPF) das Favelas, processo que trata da letalidade policial no Rio de Janeiro.<\/p>\n<p>Na ADPF 635, a Corte j\u00e1 determinou medidas para reduzir a letalidade durante opera\u00e7\u00f5es realizadas pela Pol\u00edcia Militar contra o crime organizado nas comunidades da capital fluminense.<\/p>\n<p>Em novembro do ano passado, o plen\u00e1rio deu in\u00edcio \u00e0 leitura do relat\u00f3rio do caso, documento que resume o hist\u00f3rico da tramita\u00e7\u00e3o do processo, \u00a0e \u00e0s sustenta\u00e7\u00f5es orais das partes envolvidas no processo. Agora, os ministros v\u00e3o proferir os votos.<\/p>\n<p>Com a ADPF, a Corte j\u00e1 obrigou o uso de c\u00e2meras corporais na farda dos policiais e nas viaturas e tamb\u00e9m determinou aviso antecipado das opera\u00e7\u00f5es para autoridades das \u00e1reas de sa\u00fade e educa\u00e7\u00e3o para proteger escolas e unidades de sa\u00fade de tiroteios entre policiais e criminosos. O caso ser\u00e1 julgado definitivamente.<\/p>\n<p>O plen\u00e1rio tamb\u00e9m vai julgar a legalidade de cerca de 300 portarias do governo do ent\u00e3o presidente Jair Bolsonaro que anularam a anistia concedida a cabos da Aeron\u00e1utica perseguidos durante a ditadura militar.<\/p>\n<p>No primeiro semestre deste ano, deve chegar ao Supremo a den\u00fancia da Procuradoria-Geral da Rep\u00fablica (PGR) envolvendo o ex-presidente Jair Bolsonaro mais 39 acusados por tentativa de golpe de Estado e aboli\u00e7\u00e3o violenta do Estado Democr\u00e1tico de Direito.<\/p>\n<p>Foto: \u00a0Fabio Rodrigues-Pozzebom\/ Ag\u00eancia Brasil\/Arquivo<\/p>\n","protected":false},"excerpt":{"rendered":"<p>O Supremo Tribunal Federal (STF) abre nesta segunda-feira (3) os trabalhos do plen\u00e1rio em 2025. A Corte estava em recesso desde o fim do dezembro do ano passado, e os ministros atuaram nesse per\u00edodo somente em quest\u00f5es urgentes. A sess\u00e3o solene que marcar\u00e1 o retorno \u00e0s atividades jurisdicionais deve come\u00e7ar \u00e0s 14h de segunda feira. [&hellip;]<\/p>\n","protected":false},"author":20,"featured_media":877837,"comment_status":"closed","ping_status":"closed","sticky":false,"template":"","format":"standard","meta":[],"categories":[14601],"tags":[6011,7997,93],"acf":[],"yoast_head":"<!-- This site is optimized with the Yoast SEO plugin v20.8 - https:\/\/yoast.com\/wordpress\/plugins\/seo\/ -->\n<title>STF ABRE TRABALHOS DE 2025 NESTA SEGUNDA-FEIRA (3) - Bahia Economica<\/title>\n<meta name=\"description\" content=\"O maior portal de Economia da Bahia Pol\u00edtica Bahia Economica Primeiros julgamentos do ano come\u00e7am na quarta-feira\" \/>\n<meta name=\"robots\" content=\"index, follow, max-snippet:-1, max-image-preview:large, max-video-preview:-1\" \/>\n<link rel=\"canonical\" href=\"https:\/\/bahiaeconomica.com.br\/wp\/2025\/02\/03\/stf-abre-trabalhos-de-2025-nesta-segunda-feira-3\/\" \/>\n<meta property=\"og:locale\" content=\"pt_BR\" \/>\n<meta property=\"og:type\" content=\"article\" \/>\n<meta property=\"og:title\" content=\"STF ABRE TRABALHOS DE 2025 NESTA SEGUNDA-FEIRA (3) - Bahia Economica\" \/>\n<meta property=\"og:description\" content=\"O maior portal de Economia da Bahia Pol\u00edtica Bahia Economica Primeiros julgamentos do ano come\u00e7am na quarta-feira\" \/>\n<meta property=\"og:url\" content=\"https:\/\/bahiaeconomica.com.br\/wp\/2025\/02\/03\/stf-abre-trabalhos-de-2025-nesta-segunda-feira-3\/\" \/>\n<meta property=\"og:site_name\" content=\"Bahia Economica\" \/>\n<meta property=\"article:publisher\" content=\"https:\/\/www.facebook.com\/bahiaeconomica\" \/>\n<meta property=\"article:published_time\" content=\"2025-02-03T13:40:42+00:00\" \/>\n<meta property=\"article:modified_time\" content=\"2025-02-03T13:07:48+00:00\" \/>\n<meta property=\"og:image\" content=\"https:\/\/bahiaeconomica.com.br\/wp\/wp-content\/uploads\/2025\/02\/11042023-pzzb9223.webp\" \/>\n\t<meta property=\"og:image:width\" content=\"1170\" \/>\n\t<meta property=\"og:image:height\" content=\"700\" \/>\n\t<meta property=\"og:image:type\" content=\"image\/webp\" \/>\n<meta name=\"author\" content=\"BRUNA CARVALHO\" \/>\n<meta name=\"twitter:card\" content=\"summary_large_image\" \/>\n<meta name=\"twitter:label1\" content=\"Escrito por\" \/>\n\t<meta name=\"twitter:data1\" content=\"BRUNA CARVALHO\" \/>\n\t<meta name=\"twitter:label2\" content=\"Est. tempo de leitura\" \/>\n\t<meta name=\"twitter:data2\" content=\"3 minutos\" \/>\n<script type=\"application\/ld+json\" class=\"yoast-schema-graph\">{\"@context\":\"https:\/\/schema.org\",\"@graph\":[{\"@type\":\"Article\",\"@id\":\"https:\/\/bahiaeconomica.com.br\/wp\/2025\/02\/03\/stf-abre-trabalhos-de-2025-nesta-segunda-feira-3\/#article\",\"isPartOf\":{\"@id\":\"https:\/\/bahiaeconomica.com.br\/wp\/2025\/02\/03\/stf-abre-trabalhos-de-2025-nesta-segunda-feira-3\/\"},\"author\":{\"name\":\"BRUNA CARVALHO\",\"@id\":\"https:\/\/bahiaeconomica.com.br\/wp\/#\/schema\/person\/9310b0e591f5979f6f99773eac5804e6\"},\"headline\":\"STF ABRE TRABALHOS DE 2025 NESTA SEGUNDA-FEIRA (3)\",\"datePublished\":\"2025-02-03T13:40:42+00:00\",\"dateModified\":\"2025-02-03T13:07:48+00:00\",\"mainEntityOfPage\":{\"@id\":\"https:\/\/bahiaeconomica.com.br\/wp\/2025\/02\/03\/stf-abre-trabalhos-de-2025-nesta-segunda-feira-3\/\"},\"wordCount\":452,\"publisher\":{\"@id\":\"https:\/\/bahiaeconomica.com.br\/wp\/#organization\"},\"keywords\":[\"2025\",\"agenda\",\"STF\"],\"articleSection\":[\"Pol\u00edtica\"],\"inLanguage\":\"pt-BR\"},{\"@type\":\"WebPage\",\"@id\":\"https:\/\/bahiaeconomica.com.br\/wp\/2025\/02\/03\/stf-abre-trabalhos-de-2025-nesta-segunda-feira-3\/\",\"url\":\"https:\/\/bahiaeconomica.com.br\/wp\/2025\/02\/03\/stf-abre-trabalhos-de-2025-nesta-segunda-feira-3\/\",\"name\":\"STF ABRE TRABALHOS DE 2025 NESTA SEGUNDA-FEIRA (3) - Bahia Economica\",\"isPartOf\":{\"@id\":\"https:\/\/bahiaeconomica.com.br\/wp\/#website\"},\"datePublished\":\"2025-02-03T13:40:42+00:00\",\"dateModified\":\"2025-02-03T13:07:48+00:00\",\"description\":\"O maior portal de Economia da Bahia Pol\u00edtica Bahia Economica Primeiros julgamentos do ano come\u00e7am na quarta-feira\",\"breadcrumb\":{\"@id\":\"https:\/\/bahiaeconomica.com.br\/wp\/2025\/02\/03\/stf-abre-trabalhos-de-2025-nesta-segunda-feira-3\/#breadcrumb\"},\"inLanguage\":\"pt-BR\",\"potentialAction\":[{\"@type\":\"ReadAction\",\"target\":[\"https:\/\/bahiaeconomica.com.br\/wp\/2025\/02\/03\/stf-abre-trabalhos-de-2025-nesta-segunda-feira-3\/\"]}]},{\"@type\":\"BreadcrumbList\",\"@id\":\"https:\/\/bahiaeconomica.com.br\/wp\/2025\/02\/03\/stf-abre-trabalhos-de-2025-nesta-segunda-feira-3\/#breadcrumb\",\"itemListElement\":[{\"@type\":\"ListItem\",\"position\":1,\"name\":\"In\u00edcio\",\"item\":\"https:\/\/bahiaeconomica.com.br\/wp\/\"},{\"@type\":\"ListItem\",\"position\":2,\"name\":\"STF ABRE TRABALHOS DE 2025 NESTA SEGUNDA-FEIRA (3)\"}]},{\"@type\":\"WebSite\",\"@id\":\"https:\/\/bahiaeconomica.com.br\/wp\/#website\",\"url\":\"https:\/\/bahiaeconomica.com.br\/wp\/\",\"name\":\"Bahia Economica\",\"description\":\"O maior portal de Economia da Bahia\",\"publisher\":{\"@id\":\"https:\/\/bahiaeconomica.com.br\/wp\/#organization\"},\"potentialAction\":[{\"@type\":\"SearchAction\",\"target\":{\"@type\":\"EntryPoint\",\"urlTemplate\":\"https:\/\/bahiaeconomica.com.br\/wp\/?s={search_term_string}\"},\"query-input\":\"required name=search_term_string\"}],\"inLanguage\":\"pt-BR\"},{\"@type\":\"Organization\",\"@id\":\"https:\/\/bahiaeconomica.com.br\/wp\/#organization\",\"name\":\"Bahia Econ\u00f4mica\",\"url\":\"https:\/\/bahiaeconomica.com.br\/wp\/\",\"logo\":{\"@type\":\"ImageObject\",\"inLanguage\":\"pt-BR\",\"@id\":\"https:\/\/bahiaeconomica.com.br\/wp\/#\/schema\/logo\/image\/\",\"url\":\"https:\/\/bahiaeconomica.com.br\/wp\/wp-content\/uploads\/2020\/12\/cropped-BE.png\",\"contentUrl\":\"https:\/\/bahiaeconomica.com.br\/wp\/wp-content\/uploads\/2020\/12\/cropped-BE.png\",\"width\":512,\"height\":512,\"caption\":\"Bahia Econ\u00f4mica\"},\"image\":{\"@id\":\"https:\/\/bahiaeconomica.com.br\/wp\/#\/schema\/logo\/image\/\"},\"sameAs\":[\"https:\/\/www.facebook.com\/bahiaeconomica\"]},{\"@type\":\"Person\",\"@id\":\"https:\/\/bahiaeconomica.com.br\/wp\/#\/schema\/person\/9310b0e591f5979f6f99773eac5804e6\",\"name\":\"BRUNA CARVALHO\",\"sameAs\":[\"http:\/\/www.bahiaeconomica.com.br\"],\"url\":\"https:\/\/bahiaeconomica.com.br\/wp\/author\/bruna\/\"}]}<\/script>\n<!-- \/ Yoast SEO plugin. -->","yoast_head_json":{"title":"STF ABRE TRABALHOS DE 2025 NESTA SEGUNDA-FEIRA (3) - Bahia Economica","description":"O maior portal de Economia da Bahia Pol\u00edtica Bahia Economica Primeiros julgamentos do ano come\u00e7am na quarta-feira","robots":{"index":"index","follow":"follow","max-snippet":"max-snippet:-1","max-image-preview":"max-image-preview:large","max-video-preview":"max-video-preview:-1"},"canonical":"https:\/\/bahiaeconomica.com.br\/wp\/2025\/02\/03\/stf-abre-trabalhos-de-2025-nesta-segunda-feira-3\/","og_locale":"pt_BR","og_type":"article","og_title":"STF ABRE TRABALHOS DE 2025 NESTA SEGUNDA-FEIRA (3) - Bahia Economica","og_description":"O maior portal de Economia da Bahia Pol\u00edtica Bahia Economica Primeiros julgamentos do ano come\u00e7am na quarta-feira","og_url":"https:\/\/bahiaeconomica.com.br\/wp\/2025\/02\/03\/stf-abre-trabalhos-de-2025-nesta-segunda-feira-3\/","og_site_name":"Bahia Economica","article_publisher":"https:\/\/www.facebook.com\/bahiaeconomica","article_published_time":"2025-02-03T13:40:42+00:00","article_modified_time":"2025-02-03T13:07:48+00:00","og_image":[{"width":1170,"height":700,"url":"https:\/\/bahiaeconomica.com.br\/wp\/wp-content\/uploads\/2025\/02\/11042023-pzzb9223.webp","type":"image\/webp"}],"author":"BRUNA CARVALHO","twitter_card":"summary_large_image","twitter_misc":{"Escrito por":"BRUNA CARVALHO","Est. tempo de leitura":"3 minutos"},"schema":{"@context":"https:\/\/schema.org","@graph":[{"@type":"Article","@id":"https:\/\/bahiaeconomica.com.br\/wp\/2025\/02\/03\/stf-abre-trabalhos-de-2025-nesta-segunda-feira-3\/#article","isPartOf":{"@id":"https:\/\/bahiaeconomica.com.br\/wp\/2025\/02\/03\/stf-abre-trabalhos-de-2025-nesta-segunda-feira-3\/"},"author":{"name":"BRUNA CARVALHO","@id":"https:\/\/bahiaeconomica.com.br\/wp\/#\/schema\/person\/9310b0e591f5979f6f99773eac5804e6"},"headline":"STF ABRE TRABALHOS DE 2025 NESTA SEGUNDA-FEIRA (3)","datePublished":"2025-02-03T13:40:42+00:00","dateModified":"2025-02-03T13:07:48+00:00","mainEntityOfPage":{"@id":"https:\/\/bahiaeconomica.com.br\/wp\/2025\/02\/03\/stf-abre-trabalhos-de-2025-nesta-segunda-feira-3\/"},"wordCount":452,"publisher":{"@id":"https:\/\/bahiaeconomica.com.br\/wp\/#organization"},"keywords":["2025","agenda","STF"],"articleSection":["Pol\u00edtica"],"inLanguage":"pt-BR"},{"@type":"WebPage","@id":"https:\/\/bahiaeconomica.com.br\/wp\/2025\/02\/03\/stf-abre-trabalhos-de-2025-nesta-segunda-feira-3\/","url":"https:\/\/bahiaeconomica.com.br\/wp\/2025\/02\/03\/stf-abre-trabalhos-de-2025-nesta-segunda-feira-3\/","name":"STF ABRE TRABALHOS DE 2025 NESTA SEGUNDA-FEIRA (3) - Bahia Economica","isPartOf":{"@id":"https:\/\/bahiaeconomica.com.br\/wp\/#website"},"datePublished":"2025-02-03T13:40:42+00:00","dateModified":"2025-02-03T13:07:48+00:00","description":"O maior portal de Economia da Bahia Pol\u00edtica Bahia Economica Primeiros julgamentos do ano come\u00e7am na quarta-feira","breadcrumb":{"@id":"https:\/\/bahiaeconomica.com.br\/wp\/2025\/02\/03\/stf-abre-trabalhos-de-2025-nesta-segunda-feira-3\/#breadcrumb"},"inLanguage":"pt-BR","potentialAction":[{"@type":"ReadAction","target":["https:\/\/bahiaeconomica.com.br\/wp\/2025\/02\/03\/stf-abre-trabalhos-de-2025-nesta-segunda-feira-3\/"]}]},{"@type":"BreadcrumbList","@id":"https:\/\/bahiaeconomica.com.br\/wp\/2025\/02\/03\/stf-abre-trabalhos-de-2025-nesta-segunda-feira-3\/#breadcrumb","itemListElement":[{"@type":"ListItem","position":1,"name":"In\u00edcio","item":"https:\/\/bahiaeconomica.com.br\/wp\/"},{"@type":"ListItem","position":2,"name":"STF ABRE TRABALHOS DE 2025 NESTA SEGUNDA-FEIRA (3)"}]},{"@type":"WebSite","@id":"https:\/\/bahiaeconomica.com.br\/wp\/#website","url":"https:\/\/bahiaeconomica.com.br\/wp\/","name":"Bahia Economica","description":"O maior portal de Economia da Bahia","publisher":{"@id":"https:\/\/bahiaeconomica.com.br\/wp\/#organization"},"potentialAction":[{"@type":"SearchAction","target":{"@type":"EntryPoint","urlTemplate":"https:\/\/bahiaeconomica.com.br\/wp\/?s={search_term_string}"},"query-input":"required name=search_term_string"}],"inLanguage":"pt-BR"},{"@type":"Organization","@id":"https:\/\/bahiaeconomica.com.br\/wp\/#organization","name":"Bahia Econ\u00f4mica","url":"https:\/\/bahiaeconomica.com.br\/wp\/","logo":{"@type":"ImageObject","inLanguage":"pt-BR","@id":"https:\/\/bahiaeconomica.com.br\/wp\/#\/schema\/logo\/image\/","url":"https:\/\/bahiaeconomica.com.br\/wp\/wp-content\/uploads\/2020\/12\/cropped-BE.png","contentUrl":"https:\/\/bahiaeconomica.com.br\/wp\/wp-content\/uploads\/2020\/12\/cropped-BE.png","width":512,"height":512,"caption":"Bahia Econ\u00f4mica"},"image":{"@id":"https:\/\/bahiaeconomica.com.br\/wp\/#\/schema\/logo\/image\/"},"sameAs":["https:\/\/www.facebook.com\/bahiaeconomica"]},{"@type":"Person","@id":"https:\/\/bahiaeconomica.com.br\/wp\/#\/schema\/person\/9310b0e591f5979f6f99773eac5804e6","name":"BRUNA CARVALHO","sameAs":["http:\/\/www.bahiaeconomica.com.br"],"url":"https:\/\/bahiaeconomica.com.br\/wp\/author\/bruna\/"}]}},"views":1,"_links":{"self":[{"href":"https:\/\/bahiaeconomica.com.br\/wp\/wp-json\/wp\/v2\/posts\/877835"}],"collection":[{"href":"https:\/\/bahiaeconomica.com.br\/wp\/wp-json\/wp\/v2\/posts"}],"about":[{"href":"https:\/\/bahiaeconomica.com.br\/wp\/wp-json\/wp\/v2\/types\/post"}],"author":[{"embeddable":true,"href":"https:\/\/bahiaeconomica.com.br\/wp\/wp-json\/wp\/v2\/users\/20"}],"replies":[{"embeddable":true,"href":"https:\/\/bahiaeconomica.com.br\/wp\/wp-json\/wp\/v2\/comments?post=877835"}],"version-history":[{"count":1,"href":"https:\/\/bahiaeconomica.com.br\/wp\/wp-json\/wp\/v2\/posts\/877835\/revisions"}],"predecessor-version":[{"id":877838,"href":"https:\/\/bahiaeconomica.com.br\/wp\/wp-json\/wp\/v2\/posts\/877835\/revisions\/877838"}],"wp:featuredmedia":[{"embeddable":true,"href":"https:\/\/bahiaeconomica.com.br\/wp\/wp-json\/wp\/v2\/media\/877837"}],"wp:attachment":[{"href":"https:\/\/bahiaeconomica.com.br\/wp\/wp-json\/wp\/v2\/media?parent=877835"}],"wp:term":[{"taxonomy":"category","embeddable":true,"href":"https:\/\/bahiaeconomica.com.br\/wp\/wp-json\/wp\/v2\/categories?post=877835"},{"taxonomy":"post_tag","embeddable":true,"href":"https:\/\/bahiaeconomica.com.br\/wp\/wp-json\/wp\/v2\/tags?post=877835"}],"curies":[{"name":"wp","href":"https:\/\/api.w.org\/{rel}","templated":true}]}}