{"id":877554,"date":"2025-01-31T14:25:09","date_gmt":"2025-01-31T17:25:09","guid":{"rendered":"https:\/\/bahiaeconomica.com.br\/wp\/?p=877554"},"modified":"2025-01-31T14:29:28","modified_gmt":"2025-01-31T17:29:28","slug":"sisu-candidatos-podem-se-inscrever-na-lista-de-espera-ate-esta-sexta","status":"publish","type":"post","link":"https:\/\/bahiaeconomica.com.br\/wp\/2025\/01\/31\/sisu-candidatos-podem-se-inscrever-na-lista-de-espera-ate-esta-sexta\/","title":{"rendered":"SISU: CANDIDATOS PODEM SE INSCREVER NA LISTA DE ESPERA AT\u00c9 ESTA SEXTA"},"content":{"rendered":"<p>Os candidatos do Sistema de Sele\u00e7\u00e3o Unificada (Sisu) 2025 que n\u00e3o foram classificados em nenhuma de suas duas op\u00e7\u00f5es de cursos na chamada regular t\u00eam at\u00e9 esta sexta-feira (31) para manifestar interesse em participar da lista de espera.<\/p>\n<p>O Sisu re\u00fane as vagas ofertadas por institui\u00e7\u00f5es p\u00fablicas\u202fde\u202fensino\u202fsuperior\u202fde\u202ftodo\u202fo Brasil, que participam\u202fdo\u202fprocesso seletivo vigente.<\/p>\n<p><strong>Lista de espera<br \/>\n<\/strong><br \/>\nPara participar da lista de espera o candidato deve realizar a manifesta\u00e7\u00e3o de interesse pelo boletim do candidato, no Portal \u00danico de Acesso ao Ensino Superior do Minist\u00e9rio da Educa\u00e7\u00e3o (MEC) .<\/p>\n<p>A lista de espera valer\u00e1 para apenas uma das op\u00e7\u00f5es indicadas pelo candidato no momento em que se inscreveu no Sisu.<\/p>\n<p>Ao clicar no bot\u00e3o correspondente para confirmar a inten\u00e7\u00e3o de entrar na lista de espera, o sistema mostrar\u00e1 a melhor classifica\u00e7\u00e3o do candidato entre as modalidades de concorr\u00eancia para cada curso para ajudar o candidato a decidir sobre a lista de espera.<\/p>\n<p><strong>Convoca\u00e7\u00e3o<\/strong><\/p>\n<p>A convoca\u00e7\u00e3o da lista de espera segue a mesma ordem de classifica\u00e7\u00e3o da chamada regular, mas considera\u202fapenas os candidatos que manifestaram interesse na lista.<\/p>\n<p>A chamada dos concorrentes \u00e9 de responsabilidade exclusiva das institui\u00e7\u00f5es de ensino superior e cabe ao estudante acompanhar a lista de espera diretamente com as universidades e os institutos federais nos quais o estudante manifestou interesse em estudar.<\/p>\n<p>Durante todo o ano, as institui\u00e7\u00f5es p\u00fablicas de educa\u00e7\u00e3o superior participantes do Sisu podem usar a lista de espera para preenchimento das vagas eventualmente n\u00e3o ocupadas na chamada regular.<\/p>\n<p>O resultado da primeira edi\u00e7\u00e3o do Sisu de 2025 saiu na segunda-feira (27). Ao todo, s\u00e3o 254.899\u202fcandidatos\u202faprovados \u2013 sendo\u202f128.691\u202fna ampla concorr\u00eancia,\u202f111.655\u202fna modalidade de cotas\u202fe\u202f14.553,\u202fpor meio\u202fde\u202foutras a\u00e7\u00f5es afirmativas das pr\u00f3prias\u202finstitui\u00e7\u00f5es de ensino superior.<\/p>\n<p><strong>Sisu<br \/>\n<\/strong><br \/>\nDesde 2010, o Sisu re\u00fane as vagas ofertadas por institui\u00e7\u00f5es p\u00fablicas\u202fde\u202fensino\u202fsuperior\u202fde\u202ftodo\u202fo Brasil, que participam\u202fdo\u202fprocesso seletivo vigente.<\/p>\n<p>A maioria das institui\u00e7\u00f5es participantes s\u00e3o da rede federal de ensino superior, com destaque para universidades e institutos federais.<\/p>\n<p>O programa do governo federal tem o objetivo de democratizar o acesso \u00e0s institui\u00e7\u00f5es p\u00fablicas de ensino superior no pa\u00eds.<\/p>\n<p>A sele\u00e7\u00e3o dos estudantes \u00e9 feita com base na m\u00e9dia das notas obtidas no Exame Nacional do Ensino M\u00e9dio (Enem) do ano anterior, respeitando o limite de vagas dispon\u00edveis para cada curso e modalidade de concorr\u00eancia.<\/p>\n<p>Para saber mais a respeito do sistema, o estudante pode entrar em contato com a institui\u00e7\u00e3o. Para outras d\u00favidas, o telefone de atendimento do MEC: 0800 61 61 61.<\/p>\n<p>Foto: Jose Cruz\/Ag\u00eancia Brasil<\/p>\n<div id=\"block-tts-block-tts\" class=\"block block-tts\">\n<div class=\"content\">\n<div id=\"tts-container\" class=\"container-audio rel-position\"><\/div>\n<\/div>\n<\/div>\n","protected":false},"excerpt":{"rendered":"<p>Os candidatos do Sistema de Sele\u00e7\u00e3o Unificada (Sisu) 2025 que n\u00e3o foram classificados em nenhuma de suas duas op\u00e7\u00f5es de cursos na chamada regular t\u00eam at\u00e9 esta sexta-feira (31) para manifestar interesse em participar da lista de espera. O Sisu re\u00fane as vagas ofertadas por institui\u00e7\u00f5es p\u00fablicas\u202fde\u202fensino\u202fsuperior\u202fde\u202ftodo\u202fo Brasil, que participam\u202fdo\u202fprocesso seletivo vigente. Lista de espera [&hellip;]<\/p>\n","protected":false},"author":15,"featured_media":877556,"comment_status":"closed","ping_status":"closed","sticky":false,"template":"","format":"standard","meta":[],"categories":[21],"tags":[15984,929],"acf":[],"yoast_head":"<!-- This site is optimized with the Yoast SEO plugin v20.8 - https:\/\/yoast.com\/wordpress\/plugins\/seo\/ -->\n<title>SISU: CANDIDATOS PODEM SE INSCREVER NA LISTA DE ESPERA AT\u00c9 ESTA SEXTA - Bahia Economica<\/title>\n<meta name=\"description\" content=\"O maior portal de Economia da Bahia Sa\u00fade \/ Educa\u00e7\u00e3o Bahia Economica Os candidatos do Sistema de Sele\u00e7\u00e3o Unificada (Sisu) 2025 que n\u00e3o foram classificados\" \/>\n<meta name=\"robots\" content=\"index, follow, max-snippet:-1, max-image-preview:large, max-video-preview:-1\" \/>\n<link rel=\"canonical\" href=\"https:\/\/bahiaeconomica.com.br\/wp\/2025\/01\/31\/sisu-candidatos-podem-se-inscrever-na-lista-de-espera-ate-esta-sexta\/\" \/>\n<meta property=\"og:locale\" content=\"pt_BR\" \/>\n<meta property=\"og:type\" content=\"article\" \/>\n<meta property=\"og:title\" content=\"SISU: CANDIDATOS PODEM SE INSCREVER NA LISTA DE ESPERA AT\u00c9 ESTA SEXTA - Bahia Economica\" \/>\n<meta property=\"og:description\" content=\"O maior portal de Economia da Bahia Sa\u00fade \/ Educa\u00e7\u00e3o Bahia Economica Os candidatos do Sistema de Sele\u00e7\u00e3o Unificada (Sisu) 2025 que n\u00e3o foram classificados\" \/>\n<meta property=\"og:url\" content=\"https:\/\/bahiaeconomica.com.br\/wp\/2025\/01\/31\/sisu-candidatos-podem-se-inscrever-na-lista-de-espera-ate-esta-sexta\/\" \/>\n<meta property=\"og:site_name\" content=\"Bahia Economica\" \/>\n<meta property=\"article:publisher\" content=\"https:\/\/www.facebook.com\/bahiaeconomica\" \/>\n<meta property=\"article:published_time\" content=\"2025-01-31T17:25:09+00:00\" \/>\n<meta property=\"article:modified_time\" content=\"2025-01-31T17:29:28+00:00\" \/>\n<meta property=\"og:image\" content=\"https:\/\/bahiaeconomica.com.br\/wp\/wp-content\/uploads\/2025\/01\/0d9a5474.webp\" \/>\n\t<meta property=\"og:image:width\" content=\"1170\" \/>\n\t<meta property=\"og:image:height\" content=\"700\" \/>\n\t<meta property=\"og:image:type\" content=\"image\/webp\" \/>\n<meta name=\"author\" content=\"VICTORIA ISABEL\" \/>\n<meta name=\"twitter:card\" content=\"summary_large_image\" \/>\n<meta name=\"twitter:label1\" content=\"Escrito por\" \/>\n\t<meta name=\"twitter:data1\" content=\"VICTORIA ISABEL\" \/>\n\t<meta name=\"twitter:label2\" content=\"Est. tempo de leitura\" \/>\n\t<meta name=\"twitter:data2\" content=\"3 minutos\" \/>\n<script type=\"application\/ld+json\" class=\"yoast-schema-graph\">{\"@context\":\"https:\/\/schema.org\",\"@graph\":[{\"@type\":\"Article\",\"@id\":\"https:\/\/bahiaeconomica.com.br\/wp\/2025\/01\/31\/sisu-candidatos-podem-se-inscrever-na-lista-de-espera-ate-esta-sexta\/#article\",\"isPartOf\":{\"@id\":\"https:\/\/bahiaeconomica.com.br\/wp\/2025\/01\/31\/sisu-candidatos-podem-se-inscrever-na-lista-de-espera-ate-esta-sexta\/\"},\"author\":{\"name\":\"VICTORIA ISABEL\",\"@id\":\"https:\/\/bahiaeconomica.com.br\/wp\/#\/schema\/person\/b719ce0fb1c09f3c7a00d9243ced4a6f\"},\"headline\":\"SISU: CANDIDATOS PODEM SE INSCREVER NA LISTA DE ESPERA AT\u00c9 ESTA SEXTA\",\"datePublished\":\"2025-01-31T17:25:09+00:00\",\"dateModified\":\"2025-01-31T17:29:28+00:00\",\"mainEntityOfPage\":{\"@id\":\"https:\/\/bahiaeconomica.com.br\/wp\/2025\/01\/31\/sisu-candidatos-podem-se-inscrever-na-lista-de-espera-ate-esta-sexta\/\"},\"wordCount\":469,\"publisher\":{\"@id\":\"https:\/\/bahiaeconomica.com.br\/wp\/#organization\"},\"keywords\":[\"lista de espera\",\"Sisu\"],\"articleSection\":[\"Sa\u00fade \/ Educa\u00e7\u00e3o\"],\"inLanguage\":\"pt-BR\"},{\"@type\":\"WebPage\",\"@id\":\"https:\/\/bahiaeconomica.com.br\/wp\/2025\/01\/31\/sisu-candidatos-podem-se-inscrever-na-lista-de-espera-ate-esta-sexta\/\",\"url\":\"https:\/\/bahiaeconomica.com.br\/wp\/2025\/01\/31\/sisu-candidatos-podem-se-inscrever-na-lista-de-espera-ate-esta-sexta\/\",\"name\":\"SISU: CANDIDATOS PODEM SE INSCREVER NA LISTA DE ESPERA AT\u00c9 ESTA SEXTA - Bahia Economica\",\"isPartOf\":{\"@id\":\"https:\/\/bahiaeconomica.com.br\/wp\/#website\"},\"datePublished\":\"2025-01-31T17:25:09+00:00\",\"dateModified\":\"2025-01-31T17:29:28+00:00\",\"description\":\"O maior portal de Economia da Bahia Sa\u00fade \/ Educa\u00e7\u00e3o Bahia Economica Os candidatos do Sistema de Sele\u00e7\u00e3o Unificada (Sisu) 2025 que n\u00e3o foram classificados\",\"breadcrumb\":{\"@id\":\"https:\/\/bahiaeconomica.com.br\/wp\/2025\/01\/31\/sisu-candidatos-podem-se-inscrever-na-lista-de-espera-ate-esta-sexta\/#breadcrumb\"},\"inLanguage\":\"pt-BR\",\"potentialAction\":[{\"@type\":\"ReadAction\",\"target\":[\"https:\/\/bahiaeconomica.com.br\/wp\/2025\/01\/31\/sisu-candidatos-podem-se-inscrever-na-lista-de-espera-ate-esta-sexta\/\"]}]},{\"@type\":\"BreadcrumbList\",\"@id\":\"https:\/\/bahiaeconomica.com.br\/wp\/2025\/01\/31\/sisu-candidatos-podem-se-inscrever-na-lista-de-espera-ate-esta-sexta\/#breadcrumb\",\"itemListElement\":[{\"@type\":\"ListItem\",\"position\":1,\"name\":\"In\u00edcio\",\"item\":\"https:\/\/bahiaeconomica.com.br\/wp\/\"},{\"@type\":\"ListItem\",\"position\":2,\"name\":\"SISU: CANDIDATOS PODEM SE INSCREVER NA LISTA DE ESPERA AT\u00c9 ESTA SEXTA\"}]},{\"@type\":\"WebSite\",\"@id\":\"https:\/\/bahiaeconomica.com.br\/wp\/#website\",\"url\":\"https:\/\/bahiaeconomica.com.br\/wp\/\",\"name\":\"Bahia Economica\",\"description\":\"O maior portal de Economia da Bahia\",\"publisher\":{\"@id\":\"https:\/\/bahiaeconomica.com.br\/wp\/#organization\"},\"potentialAction\":[{\"@type\":\"SearchAction\",\"target\":{\"@type\":\"EntryPoint\",\"urlTemplate\":\"https:\/\/bahiaeconomica.com.br\/wp\/?s={search_term_string}\"},\"query-input\":\"required name=search_term_string\"}],\"inLanguage\":\"pt-BR\"},{\"@type\":\"Organization\",\"@id\":\"https:\/\/bahiaeconomica.com.br\/wp\/#organization\",\"name\":\"Bahia Econ\u00f4mica\",\"url\":\"https:\/\/bahiaeconomica.com.br\/wp\/\",\"logo\":{\"@type\":\"ImageObject\",\"inLanguage\":\"pt-BR\",\"@id\":\"https:\/\/bahiaeconomica.com.br\/wp\/#\/schema\/logo\/image\/\",\"url\":\"https:\/\/bahiaeconomica.com.br\/wp\/wp-content\/uploads\/2020\/12\/cropped-BE.png\",\"contentUrl\":\"https:\/\/bahiaeconomica.com.br\/wp\/wp-content\/uploads\/2020\/12\/cropped-BE.png\",\"width\":512,\"height\":512,\"caption\":\"Bahia Econ\u00f4mica\"},\"image\":{\"@id\":\"https:\/\/bahiaeconomica.com.br\/wp\/#\/schema\/logo\/image\/\"},\"sameAs\":[\"https:\/\/www.facebook.com\/bahiaeconomica\"]},{\"@type\":\"Person\",\"@id\":\"https:\/\/bahiaeconomica.com.br\/wp\/#\/schema\/person\/b719ce0fb1c09f3c7a00d9243ced4a6f\",\"name\":\"VICTORIA ISABEL\",\"sameAs\":[\"http:\/\/www.bahiaeconomica.com.br\"],\"url\":\"https:\/\/bahiaeconomica.com.br\/wp\/author\/victoria-isabel\/\"}]}<\/script>\n<!-- \/ Yoast SEO plugin. -->","yoast_head_json":{"title":"SISU: CANDIDATOS PODEM SE INSCREVER NA LISTA DE ESPERA AT\u00c9 ESTA SEXTA - Bahia Economica","description":"O maior portal de Economia da Bahia Sa\u00fade \/ Educa\u00e7\u00e3o Bahia Economica Os candidatos do Sistema de Sele\u00e7\u00e3o Unificada (Sisu) 2025 que n\u00e3o foram classificados","robots":{"index":"index","follow":"follow","max-snippet":"max-snippet:-1","max-image-preview":"max-image-preview:large","max-video-preview":"max-video-preview:-1"},"canonical":"https:\/\/bahiaeconomica.com.br\/wp\/2025\/01\/31\/sisu-candidatos-podem-se-inscrever-na-lista-de-espera-ate-esta-sexta\/","og_locale":"pt_BR","og_type":"article","og_title":"SISU: CANDIDATOS PODEM SE INSCREVER NA LISTA DE ESPERA AT\u00c9 ESTA SEXTA - Bahia Economica","og_description":"O maior portal de Economia da Bahia Sa\u00fade \/ Educa\u00e7\u00e3o Bahia Economica Os candidatos do Sistema de Sele\u00e7\u00e3o Unificada (Sisu) 2025 que n\u00e3o foram classificados","og_url":"https:\/\/bahiaeconomica.com.br\/wp\/2025\/01\/31\/sisu-candidatos-podem-se-inscrever-na-lista-de-espera-ate-esta-sexta\/","og_site_name":"Bahia Economica","article_publisher":"https:\/\/www.facebook.com\/bahiaeconomica","article_published_time":"2025-01-31T17:25:09+00:00","article_modified_time":"2025-01-31T17:29:28+00:00","og_image":[{"width":1170,"height":700,"url":"https:\/\/bahiaeconomica.com.br\/wp\/wp-content\/uploads\/2025\/01\/0d9a5474.webp","type":"image\/webp"}],"author":"VICTORIA ISABEL","twitter_card":"summary_large_image","twitter_misc":{"Escrito por":"VICTORIA ISABEL","Est. tempo de leitura":"3 minutos"},"schema":{"@context":"https:\/\/schema.org","@graph":[{"@type":"Article","@id":"https:\/\/bahiaeconomica.com.br\/wp\/2025\/01\/31\/sisu-candidatos-podem-se-inscrever-na-lista-de-espera-ate-esta-sexta\/#article","isPartOf":{"@id":"https:\/\/bahiaeconomica.com.br\/wp\/2025\/01\/31\/sisu-candidatos-podem-se-inscrever-na-lista-de-espera-ate-esta-sexta\/"},"author":{"name":"VICTORIA ISABEL","@id":"https:\/\/bahiaeconomica.com.br\/wp\/#\/schema\/person\/b719ce0fb1c09f3c7a00d9243ced4a6f"},"headline":"SISU: CANDIDATOS PODEM SE INSCREVER NA LISTA DE ESPERA AT\u00c9 ESTA SEXTA","datePublished":"2025-01-31T17:25:09+00:00","dateModified":"2025-01-31T17:29:28+00:00","mainEntityOfPage":{"@id":"https:\/\/bahiaeconomica.com.br\/wp\/2025\/01\/31\/sisu-candidatos-podem-se-inscrever-na-lista-de-espera-ate-esta-sexta\/"},"wordCount":469,"publisher":{"@id":"https:\/\/bahiaeconomica.com.br\/wp\/#organization"},"keywords":["lista de espera","Sisu"],"articleSection":["Sa\u00fade \/ Educa\u00e7\u00e3o"],"inLanguage":"pt-BR"},{"@type":"WebPage","@id":"https:\/\/bahiaeconomica.com.br\/wp\/2025\/01\/31\/sisu-candidatos-podem-se-inscrever-na-lista-de-espera-ate-esta-sexta\/","url":"https:\/\/bahiaeconomica.com.br\/wp\/2025\/01\/31\/sisu-candidatos-podem-se-inscrever-na-lista-de-espera-ate-esta-sexta\/","name":"SISU: CANDIDATOS PODEM SE INSCREVER NA LISTA DE ESPERA AT\u00c9 ESTA SEXTA - Bahia Economica","isPartOf":{"@id":"https:\/\/bahiaeconomica.com.br\/wp\/#website"},"datePublished":"2025-01-31T17:25:09+00:00","dateModified":"2025-01-31T17:29:28+00:00","description":"O maior portal de Economia da Bahia Sa\u00fade \/ Educa\u00e7\u00e3o Bahia Economica Os candidatos do Sistema de Sele\u00e7\u00e3o Unificada (Sisu) 2025 que n\u00e3o foram classificados","breadcrumb":{"@id":"https:\/\/bahiaeconomica.com.br\/wp\/2025\/01\/31\/sisu-candidatos-podem-se-inscrever-na-lista-de-espera-ate-esta-sexta\/#breadcrumb"},"inLanguage":"pt-BR","potentialAction":[{"@type":"ReadAction","target":["https:\/\/bahiaeconomica.com.br\/wp\/2025\/01\/31\/sisu-candidatos-podem-se-inscrever-na-lista-de-espera-ate-esta-sexta\/"]}]},{"@type":"BreadcrumbList","@id":"https:\/\/bahiaeconomica.com.br\/wp\/2025\/01\/31\/sisu-candidatos-podem-se-inscrever-na-lista-de-espera-ate-esta-sexta\/#breadcrumb","itemListElement":[{"@type":"ListItem","position":1,"name":"In\u00edcio","item":"https:\/\/bahiaeconomica.com.br\/wp\/"},{"@type":"ListItem","position":2,"name":"SISU: CANDIDATOS PODEM SE INSCREVER NA LISTA DE ESPERA AT\u00c9 ESTA SEXTA"}]},{"@type":"WebSite","@id":"https:\/\/bahiaeconomica.com.br\/wp\/#website","url":"https:\/\/bahiaeconomica.com.br\/wp\/","name":"Bahia Economica","description":"O maior portal de Economia da Bahia","publisher":{"@id":"https:\/\/bahiaeconomica.com.br\/wp\/#organization"},"potentialAction":[{"@type":"SearchAction","target":{"@type":"EntryPoint","urlTemplate":"https:\/\/bahiaeconomica.com.br\/wp\/?s={search_term_string}"},"query-input":"required name=search_term_string"}],"inLanguage":"pt-BR"},{"@type":"Organization","@id":"https:\/\/bahiaeconomica.com.br\/wp\/#organization","name":"Bahia Econ\u00f4mica","url":"https:\/\/bahiaeconomica.com.br\/wp\/","logo":{"@type":"ImageObject","inLanguage":"pt-BR","@id":"https:\/\/bahiaeconomica.com.br\/wp\/#\/schema\/logo\/image\/","url":"https:\/\/bahiaeconomica.com.br\/wp\/wp-content\/uploads\/2020\/12\/cropped-BE.png","contentUrl":"https:\/\/bahiaeconomica.com.br\/wp\/wp-content\/uploads\/2020\/12\/cropped-BE.png","width":512,"height":512,"caption":"Bahia Econ\u00f4mica"},"image":{"@id":"https:\/\/bahiaeconomica.com.br\/wp\/#\/schema\/logo\/image\/"},"sameAs":["https:\/\/www.facebook.com\/bahiaeconomica"]},{"@type":"Person","@id":"https:\/\/bahiaeconomica.com.br\/wp\/#\/schema\/person\/b719ce0fb1c09f3c7a00d9243ced4a6f","name":"VICTORIA ISABEL","sameAs":["http:\/\/www.bahiaeconomica.com.br"],"url":"https:\/\/bahiaeconomica.com.br\/wp\/author\/victoria-isabel\/"}]}},"views":0,"_links":{"self":[{"href":"https:\/\/bahiaeconomica.com.br\/wp\/wp-json\/wp\/v2\/posts\/877554"}],"collection":[{"href":"https:\/\/bahiaeconomica.com.br\/wp\/wp-json\/wp\/v2\/posts"}],"about":[{"href":"https:\/\/bahiaeconomica.com.br\/wp\/wp-json\/wp\/v2\/types\/post"}],"author":[{"embeddable":true,"href":"https:\/\/bahiaeconomica.com.br\/wp\/wp-json\/wp\/v2\/users\/15"}],"replies":[{"embeddable":true,"href":"https:\/\/bahiaeconomica.com.br\/wp\/wp-json\/wp\/v2\/comments?post=877554"}],"version-history":[{"count":1,"href":"https:\/\/bahiaeconomica.com.br\/wp\/wp-json\/wp\/v2\/posts\/877554\/revisions"}],"predecessor-version":[{"id":877558,"href":"https:\/\/bahiaeconomica.com.br\/wp\/wp-json\/wp\/v2\/posts\/877554\/revisions\/877558"}],"wp:featuredmedia":[{"embeddable":true,"href":"https:\/\/bahiaeconomica.com.br\/wp\/wp-json\/wp\/v2\/media\/877556"}],"wp:attachment":[{"href":"https:\/\/bahiaeconomica.com.br\/wp\/wp-json\/wp\/v2\/media?parent=877554"}],"wp:term":[{"taxonomy":"category","embeddable":true,"href":"https:\/\/bahiaeconomica.com.br\/wp\/wp-json\/wp\/v2\/categories?post=877554"},{"taxonomy":"post_tag","embeddable":true,"href":"https:\/\/bahiaeconomica.com.br\/wp\/wp-json\/wp\/v2\/tags?post=877554"}],"curies":[{"name":"wp","href":"https:\/\/api.w.org\/{rel}","templated":true}]}}