{"id":877199,"date":"2025-01-30T13:00:55","date_gmt":"2025-01-30T16:00:55","guid":{"rendered":"https:\/\/bahiaeconomica.com.br\/wp\/?p=877199"},"modified":"2025-01-30T13:14:31","modified_gmt":"2025-01-30T16:14:31","slug":"bruno-reis-solta-spoilers-do-carnaval-e-diz-que-abertura-da-folia-deve-ser-no-campo-grande","status":"publish","type":"post","link":"https:\/\/bahiaeconomica.com.br\/wp\/2025\/01\/30\/bruno-reis-solta-spoilers-do-carnaval-e-diz-que-abertura-da-folia-deve-ser-no-campo-grande\/","title":{"rendered":"BRUNO REIS SOLTA \u2018SPOILERS\u2019 DO CARNAVAL E DIZ QUE ABERTURA DA FOLIA DEVE SER NO CAMPO GRANDE"},"content":{"rendered":"<p>O prefeito Bruno Reis soltou alguns &#8216;spoilers&#8217; do Carnaval 2025 e afirmou que a abertura da folia deste ano deve ser no circuito Osmar (Campo Grande). Entre as novidades anunciadas por ele est\u00e1 a apresenta\u00e7\u00e3o da banda BaianaSystem no Campo Grande no s\u00e1bado de Carnaval. As declara\u00e7\u00f5es ocorreram nesta quinta-feira (30) durante entrega de 40 \u00f4nibus, todos com ar-condicionado e tecnologia Euro 6, para compor a frota municipal.<\/p>\n<p>\u201cJ\u00e1 estamos fortalecendo a contrata\u00e7\u00e3o de atra\u00e7\u00f5es, grandes atra\u00e7\u00f5es que mobilizam pessoas, que tem a sua pipoca j\u00e1 conhecida tradicionalmente, para se apresentar no s\u00e1bado no Campo Grande. Dando um spoiler a\u00ed para voc\u00eas: BaianaSystem j\u00e1 confirmou que no s\u00e1bado topa, a convite da Prefeitura, se apresentar no circuito do Campo Grande. E hoje BaianaSystem tem essa capacidade de arrastar seus f\u00e3s, uma verdadeira multid\u00e3o\u201d, disse.<\/p>\n<p>O prefeito pontuou que a tend\u00eancia \u00e9 que o Carnaval deste ano tenha tamb\u00e9m um s\u00e1bado muito forte no circuito Osmar. \u201cOu seja, o Circuito Campo Grande que tradicionalmente tinha, digamos assim, uma ativa\u00e7\u00e3o maior no domingo, segundo e ter\u00e7a, esse ano n\u00f3s j\u00e1 vamos come\u00e7ar no s\u00e1bado. Vai distribuir melhor as pessoas nos circuitos, como Ivete, por exemplo, vai se apresentar pela prefeitura na ter\u00e7a-feira de Carnaval l\u00e1 no Campo Grande\u201d, afirmou.<\/p>\n<p>Sobre a abertura da folia, o prefeito destacou que os detalhes ainda est\u00e3o sendo fechados. \u201cEstamos fechando (sobre a abertura). Ainda ontem tratei sobre esse assunto. Estamos tomando as decis\u00f5es finais, mas muito provavelmente a abertura na quinta-feira ser\u00e1 no circuito do Campo Grande. N\u00f3s fizemos a abertura em 2023 na Barra, em 2024 na pra\u00e7a Castro Alves, e muito provavelmente a abertura de 2025 ser\u00e1 no Campo Grande, mas estamos fechando os detalhes\u201d, declarou.<\/p>\n<p>Fotos: Valter Pontes\/ Secom PMS<\/p>\n","protected":false},"excerpt":{"rendered":"<p>O prefeito Bruno Reis soltou alguns &#8216;spoilers&#8217; do Carnaval 2025 e afirmou que a abertura da folia deste ano deve ser no circuito Osmar (Campo Grande). Entre as novidades anunciadas por ele est\u00e1 a apresenta\u00e7\u00e3o da banda BaianaSystem no Campo Grande no s\u00e1bado de Carnaval. As declara\u00e7\u00f5es ocorreram nesta quinta-feira (30) durante entrega de 40 [&hellip;]<\/p>\n","protected":false},"author":8,"featured_media":877200,"comment_status":"closed","ping_status":"closed","sticky":false,"template":"","format":"standard","meta":[],"categories":[14,3],"tags":[85,1208,100,931],"acf":[],"yoast_head":"<!-- This site is optimized with the Yoast SEO plugin v20.8 - https:\/\/yoast.com\/wordpress\/plugins\/seo\/ -->\n<title>BRUNO REIS SOLTA \u2018SPOILERS\u2019 DO CARNAVAL E DIZ QUE ABERTURA DA FOLIA DEVE SER NO CAMPO GRANDE - Bahia Economica<\/title>\n<meta name=\"description\" content=\"O maior portal de Economia da Bahia DESTAQUE DO DIA, ECONOMIA \/ POL\u00cdTICA Bahia Economica O prefeito pontuou que a tend\u00eancia \u00e9 que o Carnaval deste ano tenha tamb\u00e9m\" \/>\n<meta name=\"robots\" content=\"index, follow, max-snippet:-1, max-image-preview:large, max-video-preview:-1\" \/>\n<link rel=\"canonical\" href=\"https:\/\/bahiaeconomica.com.br\/wp\/2025\/01\/30\/bruno-reis-solta-spoilers-do-carnaval-e-diz-que-abertura-da-folia-deve-ser-no-campo-grande\/\" \/>\n<meta property=\"og:locale\" content=\"pt_BR\" \/>\n<meta property=\"og:type\" content=\"article\" \/>\n<meta property=\"og:title\" content=\"BRUNO REIS SOLTA \u2018SPOILERS\u2019 DO CARNAVAL E DIZ QUE ABERTURA DA FOLIA DEVE SER NO CAMPO GRANDE - Bahia Economica\" \/>\n<meta property=\"og:description\" content=\"O maior portal de Economia da Bahia DESTAQUE DO DIA, ECONOMIA \/ POL\u00cdTICA Bahia Economica O prefeito pontuou que a tend\u00eancia \u00e9 que o Carnaval deste ano tenha tamb\u00e9m\" \/>\n<meta property=\"og:url\" content=\"https:\/\/bahiaeconomica.com.br\/wp\/2025\/01\/30\/bruno-reis-solta-spoilers-do-carnaval-e-diz-que-abertura-da-folia-deve-ser-no-campo-grande\/\" \/>\n<meta property=\"og:site_name\" content=\"Bahia Economica\" \/>\n<meta property=\"article:publisher\" content=\"https:\/\/www.facebook.com\/bahiaeconomica\" \/>\n<meta property=\"article:published_time\" content=\"2025-01-30T16:00:55+00:00\" \/>\n<meta property=\"article:modified_time\" content=\"2025-01-30T16:14:31+00:00\" \/>\n<meta property=\"og:image\" content=\"https:\/\/bahiaeconomica.com.br\/wp\/wp-content\/uploads\/2025\/01\/WhatsApp-Image-2025-01-30-at-12.14.01-e1738253661674.jpeg\" \/>\n\t<meta property=\"og:image:width\" content=\"1600\" \/>\n\t<meta property=\"og:image:height\" content=\"732\" \/>\n\t<meta property=\"og:image:type\" content=\"image\/jpeg\" \/>\n<meta name=\"author\" content=\"JP\" \/>\n<meta name=\"twitter:card\" content=\"summary_large_image\" \/>\n<meta name=\"twitter:label1\" content=\"Escrito por\" \/>\n\t<meta name=\"twitter:data1\" content=\"JP\" \/>\n\t<meta name=\"twitter:label2\" content=\"Est. tempo de leitura\" \/>\n\t<meta name=\"twitter:data2\" content=\"2 minutos\" \/>\n<script type=\"application\/ld+json\" class=\"yoast-schema-graph\">{\"@context\":\"https:\/\/schema.org\",\"@graph\":[{\"@type\":\"Article\",\"@id\":\"https:\/\/bahiaeconomica.com.br\/wp\/2025\/01\/30\/bruno-reis-solta-spoilers-do-carnaval-e-diz-que-abertura-da-folia-deve-ser-no-campo-grande\/#article\",\"isPartOf\":{\"@id\":\"https:\/\/bahiaeconomica.com.br\/wp\/2025\/01\/30\/bruno-reis-solta-spoilers-do-carnaval-e-diz-que-abertura-da-folia-deve-ser-no-campo-grande\/\"},\"author\":{\"name\":\"JP\",\"@id\":\"https:\/\/bahiaeconomica.com.br\/wp\/#\/schema\/person\/c86d3a3f8960425a0f9d0e5245991f4e\"},\"headline\":\"BRUNO REIS SOLTA \u2018SPOILERS\u2019 DO CARNAVAL E DIZ QUE ABERTURA DA FOLIA DEVE SER NO CAMPO GRANDE\",\"datePublished\":\"2025-01-30T16:00:55+00:00\",\"dateModified\":\"2025-01-30T16:14:31+00:00\",\"mainEntityOfPage\":{\"@id\":\"https:\/\/bahiaeconomica.com.br\/wp\/2025\/01\/30\/bruno-reis-solta-spoilers-do-carnaval-e-diz-que-abertura-da-folia-deve-ser-no-campo-grande\/\"},\"wordCount\":320,\"publisher\":{\"@id\":\"https:\/\/bahiaeconomica.com.br\/wp\/#organization\"},\"keywords\":[\"Bahia\",\"bruno\",\"Pol\u00edtica\",\"reis\"],\"articleSection\":[\"DESTAQUE DO DIA\",\"ECONOMIA \/ POL\u00cdTICA\"],\"inLanguage\":\"pt-BR\"},{\"@type\":\"WebPage\",\"@id\":\"https:\/\/bahiaeconomica.com.br\/wp\/2025\/01\/30\/bruno-reis-solta-spoilers-do-carnaval-e-diz-que-abertura-da-folia-deve-ser-no-campo-grande\/\",\"url\":\"https:\/\/bahiaeconomica.com.br\/wp\/2025\/01\/30\/bruno-reis-solta-spoilers-do-carnaval-e-diz-que-abertura-da-folia-deve-ser-no-campo-grande\/\",\"name\":\"BRUNO REIS SOLTA \u2018SPOILERS\u2019 DO CARNAVAL E DIZ QUE ABERTURA DA FOLIA DEVE SER NO CAMPO GRANDE - Bahia Economica\",\"isPartOf\":{\"@id\":\"https:\/\/bahiaeconomica.com.br\/wp\/#website\"},\"datePublished\":\"2025-01-30T16:00:55+00:00\",\"dateModified\":\"2025-01-30T16:14:31+00:00\",\"description\":\"O maior portal de Economia da Bahia DESTAQUE DO DIA, ECONOMIA \/ POL\u00cdTICA Bahia Economica O prefeito pontuou que a tend\u00eancia \u00e9 que o Carnaval deste ano tenha tamb\u00e9m\",\"breadcrumb\":{\"@id\":\"https:\/\/bahiaeconomica.com.br\/wp\/2025\/01\/30\/bruno-reis-solta-spoilers-do-carnaval-e-diz-que-abertura-da-folia-deve-ser-no-campo-grande\/#breadcrumb\"},\"inLanguage\":\"pt-BR\",\"potentialAction\":[{\"@type\":\"ReadAction\",\"target\":[\"https:\/\/bahiaeconomica.com.br\/wp\/2025\/01\/30\/bruno-reis-solta-spoilers-do-carnaval-e-diz-que-abertura-da-folia-deve-ser-no-campo-grande\/\"]}]},{\"@type\":\"BreadcrumbList\",\"@id\":\"https:\/\/bahiaeconomica.com.br\/wp\/2025\/01\/30\/bruno-reis-solta-spoilers-do-carnaval-e-diz-que-abertura-da-folia-deve-ser-no-campo-grande\/#breadcrumb\",\"itemListElement\":[{\"@type\":\"ListItem\",\"position\":1,\"name\":\"In\u00edcio\",\"item\":\"https:\/\/bahiaeconomica.com.br\/wp\/\"},{\"@type\":\"ListItem\",\"position\":2,\"name\":\"BRUNO REIS SOLTA \u2018SPOILERS\u2019 DO CARNAVAL E DIZ QUE ABERTURA DA FOLIA DEVE SER NO CAMPO GRANDE\"}]},{\"@type\":\"WebSite\",\"@id\":\"https:\/\/bahiaeconomica.com.br\/wp\/#website\",\"url\":\"https:\/\/bahiaeconomica.com.br\/wp\/\",\"name\":\"Bahia Economica\",\"description\":\"O maior portal de Economia da Bahia\",\"publisher\":{\"@id\":\"https:\/\/bahiaeconomica.com.br\/wp\/#organization\"},\"potentialAction\":[{\"@type\":\"SearchAction\",\"target\":{\"@type\":\"EntryPoint\",\"urlTemplate\":\"https:\/\/bahiaeconomica.com.br\/wp\/?s={search_term_string}\"},\"query-input\":\"required name=search_term_string\"}],\"inLanguage\":\"pt-BR\"},{\"@type\":\"Organization\",\"@id\":\"https:\/\/bahiaeconomica.com.br\/wp\/#organization\",\"name\":\"Bahia Econ\u00f4mica\",\"url\":\"https:\/\/bahiaeconomica.com.br\/wp\/\",\"logo\":{\"@type\":\"ImageObject\",\"inLanguage\":\"pt-BR\",\"@id\":\"https:\/\/bahiaeconomica.com.br\/wp\/#\/schema\/logo\/image\/\",\"url\":\"https:\/\/bahiaeconomica.com.br\/wp\/wp-content\/uploads\/2020\/12\/cropped-BE.png\",\"contentUrl\":\"https:\/\/bahiaeconomica.com.br\/wp\/wp-content\/uploads\/2020\/12\/cropped-BE.png\",\"width\":512,\"height\":512,\"caption\":\"Bahia Econ\u00f4mica\"},\"image\":{\"@id\":\"https:\/\/bahiaeconomica.com.br\/wp\/#\/schema\/logo\/image\/\"},\"sameAs\":[\"https:\/\/www.facebook.com\/bahiaeconomica\"]},{\"@type\":\"Person\",\"@id\":\"https:\/\/bahiaeconomica.com.br\/wp\/#\/schema\/person\/c86d3a3f8960425a0f9d0e5245991f4e\",\"name\":\"JP\",\"sameAs\":[\"https:\/\/bahiaeconomica.com.br\/wp\/beta\/\"],\"url\":\"https:\/\/bahiaeconomica.com.br\/wp\/author\/jp\/\"}]}<\/script>\n<!-- \/ Yoast SEO plugin. -->","yoast_head_json":{"title":"BRUNO REIS SOLTA \u2018SPOILERS\u2019 DO CARNAVAL E DIZ QUE ABERTURA DA FOLIA DEVE SER NO CAMPO GRANDE - Bahia Economica","description":"O maior portal de Economia da Bahia DESTAQUE DO DIA, ECONOMIA \/ POL\u00cdTICA Bahia Economica O prefeito pontuou que a tend\u00eancia \u00e9 que o Carnaval deste ano tenha tamb\u00e9m","robots":{"index":"index","follow":"follow","max-snippet":"max-snippet:-1","max-image-preview":"max-image-preview:large","max-video-preview":"max-video-preview:-1"},"canonical":"https:\/\/bahiaeconomica.com.br\/wp\/2025\/01\/30\/bruno-reis-solta-spoilers-do-carnaval-e-diz-que-abertura-da-folia-deve-ser-no-campo-grande\/","og_locale":"pt_BR","og_type":"article","og_title":"BRUNO REIS SOLTA \u2018SPOILERS\u2019 DO CARNAVAL E DIZ QUE ABERTURA DA FOLIA DEVE SER NO CAMPO GRANDE - Bahia Economica","og_description":"O maior portal de Economia da Bahia DESTAQUE DO DIA, ECONOMIA \/ POL\u00cdTICA Bahia Economica O prefeito pontuou que a tend\u00eancia \u00e9 que o Carnaval deste ano tenha tamb\u00e9m","og_url":"https:\/\/bahiaeconomica.com.br\/wp\/2025\/01\/30\/bruno-reis-solta-spoilers-do-carnaval-e-diz-que-abertura-da-folia-deve-ser-no-campo-grande\/","og_site_name":"Bahia Economica","article_publisher":"https:\/\/www.facebook.com\/bahiaeconomica","article_published_time":"2025-01-30T16:00:55+00:00","article_modified_time":"2025-01-30T16:14:31+00:00","og_image":[{"width":1600,"height":732,"url":"https:\/\/bahiaeconomica.com.br\/wp\/wp-content\/uploads\/2025\/01\/WhatsApp-Image-2025-01-30-at-12.14.01-e1738253661674.jpeg","type":"image\/jpeg"}],"author":"JP","twitter_card":"summary_large_image","twitter_misc":{"Escrito por":"JP","Est. tempo de leitura":"2 minutos"},"schema":{"@context":"https:\/\/schema.org","@graph":[{"@type":"Article","@id":"https:\/\/bahiaeconomica.com.br\/wp\/2025\/01\/30\/bruno-reis-solta-spoilers-do-carnaval-e-diz-que-abertura-da-folia-deve-ser-no-campo-grande\/#article","isPartOf":{"@id":"https:\/\/bahiaeconomica.com.br\/wp\/2025\/01\/30\/bruno-reis-solta-spoilers-do-carnaval-e-diz-que-abertura-da-folia-deve-ser-no-campo-grande\/"},"author":{"name":"JP","@id":"https:\/\/bahiaeconomica.com.br\/wp\/#\/schema\/person\/c86d3a3f8960425a0f9d0e5245991f4e"},"headline":"BRUNO REIS SOLTA \u2018SPOILERS\u2019 DO CARNAVAL E DIZ QUE ABERTURA DA FOLIA DEVE SER NO CAMPO GRANDE","datePublished":"2025-01-30T16:00:55+00:00","dateModified":"2025-01-30T16:14:31+00:00","mainEntityOfPage":{"@id":"https:\/\/bahiaeconomica.com.br\/wp\/2025\/01\/30\/bruno-reis-solta-spoilers-do-carnaval-e-diz-que-abertura-da-folia-deve-ser-no-campo-grande\/"},"wordCount":320,"publisher":{"@id":"https:\/\/bahiaeconomica.com.br\/wp\/#organization"},"keywords":["Bahia","bruno","Pol\u00edtica","reis"],"articleSection":["DESTAQUE DO DIA","ECONOMIA \/ POL\u00cdTICA"],"inLanguage":"pt-BR"},{"@type":"WebPage","@id":"https:\/\/bahiaeconomica.com.br\/wp\/2025\/01\/30\/bruno-reis-solta-spoilers-do-carnaval-e-diz-que-abertura-da-folia-deve-ser-no-campo-grande\/","url":"https:\/\/bahiaeconomica.com.br\/wp\/2025\/01\/30\/bruno-reis-solta-spoilers-do-carnaval-e-diz-que-abertura-da-folia-deve-ser-no-campo-grande\/","name":"BRUNO REIS SOLTA \u2018SPOILERS\u2019 DO CARNAVAL E DIZ QUE ABERTURA DA FOLIA DEVE SER NO CAMPO GRANDE - Bahia Economica","isPartOf":{"@id":"https:\/\/bahiaeconomica.com.br\/wp\/#website"},"datePublished":"2025-01-30T16:00:55+00:00","dateModified":"2025-01-30T16:14:31+00:00","description":"O maior portal de Economia da Bahia DESTAQUE DO DIA, ECONOMIA \/ POL\u00cdTICA Bahia Economica O prefeito pontuou que a tend\u00eancia \u00e9 que o Carnaval deste ano tenha tamb\u00e9m","breadcrumb":{"@id":"https:\/\/bahiaeconomica.com.br\/wp\/2025\/01\/30\/bruno-reis-solta-spoilers-do-carnaval-e-diz-que-abertura-da-folia-deve-ser-no-campo-grande\/#breadcrumb"},"inLanguage":"pt-BR","potentialAction":[{"@type":"ReadAction","target":["https:\/\/bahiaeconomica.com.br\/wp\/2025\/01\/30\/bruno-reis-solta-spoilers-do-carnaval-e-diz-que-abertura-da-folia-deve-ser-no-campo-grande\/"]}]},{"@type":"BreadcrumbList","@id":"https:\/\/bahiaeconomica.com.br\/wp\/2025\/01\/30\/bruno-reis-solta-spoilers-do-carnaval-e-diz-que-abertura-da-folia-deve-ser-no-campo-grande\/#breadcrumb","itemListElement":[{"@type":"ListItem","position":1,"name":"In\u00edcio","item":"https:\/\/bahiaeconomica.com.br\/wp\/"},{"@type":"ListItem","position":2,"name":"BRUNO REIS SOLTA \u2018SPOILERS\u2019 DO CARNAVAL E DIZ QUE ABERTURA DA FOLIA DEVE SER NO CAMPO GRANDE"}]},{"@type":"WebSite","@id":"https:\/\/bahiaeconomica.com.br\/wp\/#website","url":"https:\/\/bahiaeconomica.com.br\/wp\/","name":"Bahia Economica","description":"O maior portal de Economia da Bahia","publisher":{"@id":"https:\/\/bahiaeconomica.com.br\/wp\/#organization"},"potentialAction":[{"@type":"SearchAction","target":{"@type":"EntryPoint","urlTemplate":"https:\/\/bahiaeconomica.com.br\/wp\/?s={search_term_string}"},"query-input":"required name=search_term_string"}],"inLanguage":"pt-BR"},{"@type":"Organization","@id":"https:\/\/bahiaeconomica.com.br\/wp\/#organization","name":"Bahia Econ\u00f4mica","url":"https:\/\/bahiaeconomica.com.br\/wp\/","logo":{"@type":"ImageObject","inLanguage":"pt-BR","@id":"https:\/\/bahiaeconomica.com.br\/wp\/#\/schema\/logo\/image\/","url":"https:\/\/bahiaeconomica.com.br\/wp\/wp-content\/uploads\/2020\/12\/cropped-BE.png","contentUrl":"https:\/\/bahiaeconomica.com.br\/wp\/wp-content\/uploads\/2020\/12\/cropped-BE.png","width":512,"height":512,"caption":"Bahia Econ\u00f4mica"},"image":{"@id":"https:\/\/bahiaeconomica.com.br\/wp\/#\/schema\/logo\/image\/"},"sameAs":["https:\/\/www.facebook.com\/bahiaeconomica"]},{"@type":"Person","@id":"https:\/\/bahiaeconomica.com.br\/wp\/#\/schema\/person\/c86d3a3f8960425a0f9d0e5245991f4e","name":"JP","sameAs":["https:\/\/bahiaeconomica.com.br\/wp\/beta\/"],"url":"https:\/\/bahiaeconomica.com.br\/wp\/author\/jp\/"}]}},"views":38,"_links":{"self":[{"href":"https:\/\/bahiaeconomica.com.br\/wp\/wp-json\/wp\/v2\/posts\/877199"}],"collection":[{"href":"https:\/\/bahiaeconomica.com.br\/wp\/wp-json\/wp\/v2\/posts"}],"about":[{"href":"https:\/\/bahiaeconomica.com.br\/wp\/wp-json\/wp\/v2\/types\/post"}],"author":[{"embeddable":true,"href":"https:\/\/bahiaeconomica.com.br\/wp\/wp-json\/wp\/v2\/users\/8"}],"replies":[{"embeddable":true,"href":"https:\/\/bahiaeconomica.com.br\/wp\/wp-json\/wp\/v2\/comments?post=877199"}],"version-history":[{"count":1,"href":"https:\/\/bahiaeconomica.com.br\/wp\/wp-json\/wp\/v2\/posts\/877199\/revisions"}],"predecessor-version":[{"id":877201,"href":"https:\/\/bahiaeconomica.com.br\/wp\/wp-json\/wp\/v2\/posts\/877199\/revisions\/877201"}],"wp:featuredmedia":[{"embeddable":true,"href":"https:\/\/bahiaeconomica.com.br\/wp\/wp-json\/wp\/v2\/media\/877200"}],"wp:attachment":[{"href":"https:\/\/bahiaeconomica.com.br\/wp\/wp-json\/wp\/v2\/media?parent=877199"}],"wp:term":[{"taxonomy":"category","embeddable":true,"href":"https:\/\/bahiaeconomica.com.br\/wp\/wp-json\/wp\/v2\/categories?post=877199"},{"taxonomy":"post_tag","embeddable":true,"href":"https:\/\/bahiaeconomica.com.br\/wp\/wp-json\/wp\/v2\/tags?post=877199"}],"curies":[{"name":"wp","href":"https:\/\/api.w.org\/{rel}","templated":true}]}}