{"id":874916,"date":"2025-01-21T16:23:57","date_gmt":"2025-01-21T19:23:57","guid":{"rendered":"https:\/\/bahiaeconomica.com.br\/wp\/?p=874916"},"modified":"2025-01-21T14:43:18","modified_gmt":"2025-01-21T17:43:18","slug":"oms-espera-que-trump-reconsidere-saida-dos-eua-da-entidade","status":"publish","type":"post","link":"https:\/\/bahiaeconomica.com.br\/wp\/2025\/01\/21\/oms-espera-que-trump-reconsidere-saida-dos-eua-da-entidade\/","title":{"rendered":"OMS ESPERA QUE TRUMP RECONSIDERE SA\u00cdDA DOS EUA DA ENTIDADE"},"content":{"rendered":"<p>A Organiza\u00e7\u00e3o Mundial da Sa\u00fade (OMS) informou esperar que o novo presidente dos Estados Unidos, Donald Trump, reconsidere a decis\u00e3o de retirar o pa\u00eds de sua lista de Estados-membros. O an\u00fancio da sa\u00edda dos Estados Unidos da ag\u00eancia de sa\u00fade das Na\u00e7\u00f5es Unidas foi feito por Trump nessa segunda-feira (20), logo ap\u00f3s a cerim\u00f4nia de posse.<\/p>\n<p>\u201cA OMS desempenha um papel crucial na prote\u00e7\u00e3o da sa\u00fade e da seguran\u00e7a da popula\u00e7\u00e3o mundial, incluindo de norte-americanos, abordando causas profundas de doen\u00e7as, construindo sistemas de sa\u00fade mais fortes e detectando, prevenindo e respondendo a emerg\u00eancias em sa\u00fade, incluindo surtos, geralmente em locais perigosos, onde outros n\u00e3o podem ir,\u201d disse a OMS.<\/p>\n<p>Em nota publicada nesta ter\u00e7a-feira (21), a OMS destacou que os Estados Unidos figuram dentre os membros fundadores da entidade e t\u00eam participado na defini\u00e7\u00e3o e gest\u00e3o dos trabalhos desde ent\u00e3o, juntamente com outros 193 Estados-membros, por meio de sua a\u00e7\u00e3o ativa na Assembleia Mundial da Sa\u00fade e no conselho executivo da entidade.<\/p>\n<p>Vidas salvas<br \/>\n\u201cPor mais de sete d\u00e9cadas, a OMS e os Estados Unidos salvaram incont\u00e1veis vidas e protegeram norte-americanos e toda a popula\u00e7\u00e3o global de amea\u00e7as \u00e0 sa\u00fade. Juntos, eliminamos a var\u00edola e levamos a poliomielite \u00e0 beira da erradica\u00e7\u00e3o. Institui\u00e7\u00f5es norte-americanas contribu\u00edram e foram beneficiadas por essa ades\u00e3o como Estado-membro da OMS\u201d, argumentou a organiza\u00e7\u00e3o.<\/p>\n<p>\u201cEsperamos que os Estados Unidos reconsiderem e esperamos poder engajar em um di\u00e1logo construtivo para manter a parceria entre o pa\u00eds e a OMS, para o benef\u00edcio da sa\u00fade e do bem-estar de milh\u00f5es de pessoas em todo o mundo\u201d, concluiu a nota.<\/p>\n<p>Foto: Divulga\u00e7\u00e3o\/OMS<\/p>\n<p>Fonte: Ag\u00eancia Brasil<\/p>\n","protected":false},"excerpt":{"rendered":"<p>A Organiza\u00e7\u00e3o Mundial da Sa\u00fade (OMS) informou esperar que o novo presidente dos Estados Unidos, Donald Trump, reconsidere a decis\u00e3o de retirar o pa\u00eds de sua lista de Estados-membros. O an\u00fancio da sa\u00edda dos Estados Unidos da ag\u00eancia de sa\u00fade das Na\u00e7\u00f5es Unidas foi feito por Trump nessa segunda-feira (20), logo ap\u00f3s a cerim\u00f4nia de [&hellip;]<\/p>\n","protected":false},"author":16,"featured_media":874920,"comment_status":"closed","ping_status":"closed","sticky":false,"template":"","format":"standard","meta":[],"categories":[21],"tags":[863,301,6626],"acf":[],"yoast_head":"<!-- This site is optimized with the Yoast SEO plugin v20.8 - https:\/\/yoast.com\/wordpress\/plugins\/seo\/ -->\n<title>OMS ESPERA QUE TRUMP RECONSIDERE SA\u00cdDA DOS EUA DA ENTIDADE - Bahia Economica<\/title>\n<meta name=\"description\" content=\"O maior portal de Economia da Bahia Sa\u00fade \/ Educa\u00e7\u00e3o Bahia Economica\" \/>\n<meta name=\"robots\" content=\"index, follow, max-snippet:-1, max-image-preview:large, max-video-preview:-1\" \/>\n<link rel=\"canonical\" href=\"https:\/\/bahiaeconomica.com.br\/wp\/2025\/01\/21\/oms-espera-que-trump-reconsidere-saida-dos-eua-da-entidade\/\" \/>\n<meta property=\"og:locale\" content=\"pt_BR\" \/>\n<meta property=\"og:type\" content=\"article\" \/>\n<meta property=\"og:title\" content=\"OMS ESPERA QUE TRUMP RECONSIDERE SA\u00cdDA DOS EUA DA ENTIDADE - Bahia Economica\" \/>\n<meta property=\"og:description\" content=\"O maior portal de Economia da Bahia Sa\u00fade \/ Educa\u00e7\u00e3o Bahia Economica\" \/>\n<meta property=\"og:url\" content=\"https:\/\/bahiaeconomica.com.br\/wp\/2025\/01\/21\/oms-espera-que-trump-reconsidere-saida-dos-eua-da-entidade\/\" \/>\n<meta property=\"og:site_name\" content=\"Bahia Economica\" \/>\n<meta property=\"article:publisher\" content=\"https:\/\/www.facebook.com\/bahiaeconomica\" \/>\n<meta property=\"article:published_time\" content=\"2025-01-21T19:23:57+00:00\" \/>\n<meta property=\"article:modified_time\" content=\"2025-01-21T17:43:18+00:00\" \/>\n<meta property=\"og:image\" content=\"https:\/\/bahiaeconomica.com.br\/wp\/wp-content\/uploads\/2025\/01\/WhatsApp-Image-2021-02-02-at-14.17.361.jpeg\" \/>\n\t<meta property=\"og:image:width\" content=\"600\" \/>\n\t<meta property=\"og:image:height\" content=\"420\" \/>\n\t<meta property=\"og:image:type\" content=\"image\/jpeg\" \/>\n<meta name=\"author\" content=\"LUIZA NASCIMENTO\" \/>\n<meta name=\"twitter:card\" content=\"summary_large_image\" \/>\n<meta name=\"twitter:label1\" content=\"Escrito por\" \/>\n\t<meta name=\"twitter:data1\" content=\"LUIZA NASCIMENTO\" \/>\n\t<meta name=\"twitter:label2\" content=\"Est. tempo de leitura\" \/>\n\t<meta name=\"twitter:data2\" content=\"2 minutos\" \/>\n<script type=\"application\/ld+json\" class=\"yoast-schema-graph\">{\"@context\":\"https:\/\/schema.org\",\"@graph\":[{\"@type\":\"Article\",\"@id\":\"https:\/\/bahiaeconomica.com.br\/wp\/2025\/01\/21\/oms-espera-que-trump-reconsidere-saida-dos-eua-da-entidade\/#article\",\"isPartOf\":{\"@id\":\"https:\/\/bahiaeconomica.com.br\/wp\/2025\/01\/21\/oms-espera-que-trump-reconsidere-saida-dos-eua-da-entidade\/\"},\"author\":{\"name\":\"LUIZA NASCIMENTO\",\"@id\":\"https:\/\/bahiaeconomica.com.br\/wp\/#\/schema\/person\/18273ac0fe04bfd4e7b101bf17d40152\"},\"headline\":\"OMS ESPERA QUE TRUMP RECONSIDERE SA\u00cdDA DOS EUA DA ENTIDADE\",\"datePublished\":\"2025-01-21T19:23:57+00:00\",\"dateModified\":\"2025-01-21T17:43:18+00:00\",\"mainEntityOfPage\":{\"@id\":\"https:\/\/bahiaeconomica.com.br\/wp\/2025\/01\/21\/oms-espera-que-trump-reconsidere-saida-dos-eua-da-entidade\/\"},\"wordCount\":318,\"publisher\":{\"@id\":\"https:\/\/bahiaeconomica.com.br\/wp\/#organization\"},\"keywords\":[\"eua\",\"OMS\",\"trump\"],\"articleSection\":[\"Sa\u00fade \/ Educa\u00e7\u00e3o\"],\"inLanguage\":\"pt-BR\"},{\"@type\":\"WebPage\",\"@id\":\"https:\/\/bahiaeconomica.com.br\/wp\/2025\/01\/21\/oms-espera-que-trump-reconsidere-saida-dos-eua-da-entidade\/\",\"url\":\"https:\/\/bahiaeconomica.com.br\/wp\/2025\/01\/21\/oms-espera-que-trump-reconsidere-saida-dos-eua-da-entidade\/\",\"name\":\"OMS ESPERA QUE TRUMP RECONSIDERE SA\u00cdDA DOS EUA DA ENTIDADE - Bahia Economica\",\"isPartOf\":{\"@id\":\"https:\/\/bahiaeconomica.com.br\/wp\/#website\"},\"datePublished\":\"2025-01-21T19:23:57+00:00\",\"dateModified\":\"2025-01-21T17:43:18+00:00\",\"description\":\"O maior portal de Economia da Bahia Sa\u00fade \/ Educa\u00e7\u00e3o Bahia Economica\",\"breadcrumb\":{\"@id\":\"https:\/\/bahiaeconomica.com.br\/wp\/2025\/01\/21\/oms-espera-que-trump-reconsidere-saida-dos-eua-da-entidade\/#breadcrumb\"},\"inLanguage\":\"pt-BR\",\"potentialAction\":[{\"@type\":\"ReadAction\",\"target\":[\"https:\/\/bahiaeconomica.com.br\/wp\/2025\/01\/21\/oms-espera-que-trump-reconsidere-saida-dos-eua-da-entidade\/\"]}]},{\"@type\":\"BreadcrumbList\",\"@id\":\"https:\/\/bahiaeconomica.com.br\/wp\/2025\/01\/21\/oms-espera-que-trump-reconsidere-saida-dos-eua-da-entidade\/#breadcrumb\",\"itemListElement\":[{\"@type\":\"ListItem\",\"position\":1,\"name\":\"In\u00edcio\",\"item\":\"https:\/\/bahiaeconomica.com.br\/wp\/\"},{\"@type\":\"ListItem\",\"position\":2,\"name\":\"OMS ESPERA QUE TRUMP RECONSIDERE SA\u00cdDA DOS EUA DA ENTIDADE\"}]},{\"@type\":\"WebSite\",\"@id\":\"https:\/\/bahiaeconomica.com.br\/wp\/#website\",\"url\":\"https:\/\/bahiaeconomica.com.br\/wp\/\",\"name\":\"Bahia Economica\",\"description\":\"O maior portal de Economia da Bahia\",\"publisher\":{\"@id\":\"https:\/\/bahiaeconomica.com.br\/wp\/#organization\"},\"potentialAction\":[{\"@type\":\"SearchAction\",\"target\":{\"@type\":\"EntryPoint\",\"urlTemplate\":\"https:\/\/bahiaeconomica.com.br\/wp\/?s={search_term_string}\"},\"query-input\":\"required name=search_term_string\"}],\"inLanguage\":\"pt-BR\"},{\"@type\":\"Organization\",\"@id\":\"https:\/\/bahiaeconomica.com.br\/wp\/#organization\",\"name\":\"Bahia Econ\u00f4mica\",\"url\":\"https:\/\/bahiaeconomica.com.br\/wp\/\",\"logo\":{\"@type\":\"ImageObject\",\"inLanguage\":\"pt-BR\",\"@id\":\"https:\/\/bahiaeconomica.com.br\/wp\/#\/schema\/logo\/image\/\",\"url\":\"https:\/\/bahiaeconomica.com.br\/wp\/wp-content\/uploads\/2020\/12\/cropped-BE.png\",\"contentUrl\":\"https:\/\/bahiaeconomica.com.br\/wp\/wp-content\/uploads\/2020\/12\/cropped-BE.png\",\"width\":512,\"height\":512,\"caption\":\"Bahia Econ\u00f4mica\"},\"image\":{\"@id\":\"https:\/\/bahiaeconomica.com.br\/wp\/#\/schema\/logo\/image\/\"},\"sameAs\":[\"https:\/\/www.facebook.com\/bahiaeconomica\"]},{\"@type\":\"Person\",\"@id\":\"https:\/\/bahiaeconomica.com.br\/wp\/#\/schema\/person\/18273ac0fe04bfd4e7b101bf17d40152\",\"name\":\"LUIZA NASCIMENTO\",\"sameAs\":[\"http:\/\/www.bahiaeconomica.com.br\"],\"url\":\"https:\/\/bahiaeconomica.com.br\/wp\/author\/luiza-nascimento\/\"}]}<\/script>\n<!-- \/ Yoast SEO plugin. -->","yoast_head_json":{"title":"OMS ESPERA QUE TRUMP RECONSIDERE SA\u00cdDA DOS EUA DA ENTIDADE - Bahia Economica","description":"O maior portal de Economia da Bahia Sa\u00fade \/ Educa\u00e7\u00e3o Bahia Economica","robots":{"index":"index","follow":"follow","max-snippet":"max-snippet:-1","max-image-preview":"max-image-preview:large","max-video-preview":"max-video-preview:-1"},"canonical":"https:\/\/bahiaeconomica.com.br\/wp\/2025\/01\/21\/oms-espera-que-trump-reconsidere-saida-dos-eua-da-entidade\/","og_locale":"pt_BR","og_type":"article","og_title":"OMS ESPERA QUE TRUMP RECONSIDERE SA\u00cdDA DOS EUA DA ENTIDADE - Bahia Economica","og_description":"O maior portal de Economia da Bahia Sa\u00fade \/ Educa\u00e7\u00e3o Bahia Economica","og_url":"https:\/\/bahiaeconomica.com.br\/wp\/2025\/01\/21\/oms-espera-que-trump-reconsidere-saida-dos-eua-da-entidade\/","og_site_name":"Bahia Economica","article_publisher":"https:\/\/www.facebook.com\/bahiaeconomica","article_published_time":"2025-01-21T19:23:57+00:00","article_modified_time":"2025-01-21T17:43:18+00:00","og_image":[{"width":600,"height":420,"url":"https:\/\/bahiaeconomica.com.br\/wp\/wp-content\/uploads\/2025\/01\/WhatsApp-Image-2021-02-02-at-14.17.361.jpeg","type":"image\/jpeg"}],"author":"LUIZA NASCIMENTO","twitter_card":"summary_large_image","twitter_misc":{"Escrito por":"LUIZA NASCIMENTO","Est. tempo de leitura":"2 minutos"},"schema":{"@context":"https:\/\/schema.org","@graph":[{"@type":"Article","@id":"https:\/\/bahiaeconomica.com.br\/wp\/2025\/01\/21\/oms-espera-que-trump-reconsidere-saida-dos-eua-da-entidade\/#article","isPartOf":{"@id":"https:\/\/bahiaeconomica.com.br\/wp\/2025\/01\/21\/oms-espera-que-trump-reconsidere-saida-dos-eua-da-entidade\/"},"author":{"name":"LUIZA NASCIMENTO","@id":"https:\/\/bahiaeconomica.com.br\/wp\/#\/schema\/person\/18273ac0fe04bfd4e7b101bf17d40152"},"headline":"OMS ESPERA QUE TRUMP RECONSIDERE SA\u00cdDA DOS EUA DA ENTIDADE","datePublished":"2025-01-21T19:23:57+00:00","dateModified":"2025-01-21T17:43:18+00:00","mainEntityOfPage":{"@id":"https:\/\/bahiaeconomica.com.br\/wp\/2025\/01\/21\/oms-espera-que-trump-reconsidere-saida-dos-eua-da-entidade\/"},"wordCount":318,"publisher":{"@id":"https:\/\/bahiaeconomica.com.br\/wp\/#organization"},"keywords":["eua","OMS","trump"],"articleSection":["Sa\u00fade \/ Educa\u00e7\u00e3o"],"inLanguage":"pt-BR"},{"@type":"WebPage","@id":"https:\/\/bahiaeconomica.com.br\/wp\/2025\/01\/21\/oms-espera-que-trump-reconsidere-saida-dos-eua-da-entidade\/","url":"https:\/\/bahiaeconomica.com.br\/wp\/2025\/01\/21\/oms-espera-que-trump-reconsidere-saida-dos-eua-da-entidade\/","name":"OMS ESPERA QUE TRUMP RECONSIDERE SA\u00cdDA DOS EUA DA ENTIDADE - Bahia Economica","isPartOf":{"@id":"https:\/\/bahiaeconomica.com.br\/wp\/#website"},"datePublished":"2025-01-21T19:23:57+00:00","dateModified":"2025-01-21T17:43:18+00:00","description":"O maior portal de Economia da Bahia Sa\u00fade \/ Educa\u00e7\u00e3o Bahia Economica","breadcrumb":{"@id":"https:\/\/bahiaeconomica.com.br\/wp\/2025\/01\/21\/oms-espera-que-trump-reconsidere-saida-dos-eua-da-entidade\/#breadcrumb"},"inLanguage":"pt-BR","potentialAction":[{"@type":"ReadAction","target":["https:\/\/bahiaeconomica.com.br\/wp\/2025\/01\/21\/oms-espera-que-trump-reconsidere-saida-dos-eua-da-entidade\/"]}]},{"@type":"BreadcrumbList","@id":"https:\/\/bahiaeconomica.com.br\/wp\/2025\/01\/21\/oms-espera-que-trump-reconsidere-saida-dos-eua-da-entidade\/#breadcrumb","itemListElement":[{"@type":"ListItem","position":1,"name":"In\u00edcio","item":"https:\/\/bahiaeconomica.com.br\/wp\/"},{"@type":"ListItem","position":2,"name":"OMS ESPERA QUE TRUMP RECONSIDERE SA\u00cdDA DOS EUA DA ENTIDADE"}]},{"@type":"WebSite","@id":"https:\/\/bahiaeconomica.com.br\/wp\/#website","url":"https:\/\/bahiaeconomica.com.br\/wp\/","name":"Bahia Economica","description":"O maior portal de Economia da Bahia","publisher":{"@id":"https:\/\/bahiaeconomica.com.br\/wp\/#organization"},"potentialAction":[{"@type":"SearchAction","target":{"@type":"EntryPoint","urlTemplate":"https:\/\/bahiaeconomica.com.br\/wp\/?s={search_term_string}"},"query-input":"required name=search_term_string"}],"inLanguage":"pt-BR"},{"@type":"Organization","@id":"https:\/\/bahiaeconomica.com.br\/wp\/#organization","name":"Bahia Econ\u00f4mica","url":"https:\/\/bahiaeconomica.com.br\/wp\/","logo":{"@type":"ImageObject","inLanguage":"pt-BR","@id":"https:\/\/bahiaeconomica.com.br\/wp\/#\/schema\/logo\/image\/","url":"https:\/\/bahiaeconomica.com.br\/wp\/wp-content\/uploads\/2020\/12\/cropped-BE.png","contentUrl":"https:\/\/bahiaeconomica.com.br\/wp\/wp-content\/uploads\/2020\/12\/cropped-BE.png","width":512,"height":512,"caption":"Bahia Econ\u00f4mica"},"image":{"@id":"https:\/\/bahiaeconomica.com.br\/wp\/#\/schema\/logo\/image\/"},"sameAs":["https:\/\/www.facebook.com\/bahiaeconomica"]},{"@type":"Person","@id":"https:\/\/bahiaeconomica.com.br\/wp\/#\/schema\/person\/18273ac0fe04bfd4e7b101bf17d40152","name":"LUIZA NASCIMENTO","sameAs":["http:\/\/www.bahiaeconomica.com.br"],"url":"https:\/\/bahiaeconomica.com.br\/wp\/author\/luiza-nascimento\/"}]}},"views":2,"_links":{"self":[{"href":"https:\/\/bahiaeconomica.com.br\/wp\/wp-json\/wp\/v2\/posts\/874916"}],"collection":[{"href":"https:\/\/bahiaeconomica.com.br\/wp\/wp-json\/wp\/v2\/posts"}],"about":[{"href":"https:\/\/bahiaeconomica.com.br\/wp\/wp-json\/wp\/v2\/types\/post"}],"author":[{"embeddable":true,"href":"https:\/\/bahiaeconomica.com.br\/wp\/wp-json\/wp\/v2\/users\/16"}],"replies":[{"embeddable":true,"href":"https:\/\/bahiaeconomica.com.br\/wp\/wp-json\/wp\/v2\/comments?post=874916"}],"version-history":[{"count":1,"href":"https:\/\/bahiaeconomica.com.br\/wp\/wp-json\/wp\/v2\/posts\/874916\/revisions"}],"predecessor-version":[{"id":874924,"href":"https:\/\/bahiaeconomica.com.br\/wp\/wp-json\/wp\/v2\/posts\/874916\/revisions\/874924"}],"wp:featuredmedia":[{"embeddable":true,"href":"https:\/\/bahiaeconomica.com.br\/wp\/wp-json\/wp\/v2\/media\/874920"}],"wp:attachment":[{"href":"https:\/\/bahiaeconomica.com.br\/wp\/wp-json\/wp\/v2\/media?parent=874916"}],"wp:term":[{"taxonomy":"category","embeddable":true,"href":"https:\/\/bahiaeconomica.com.br\/wp\/wp-json\/wp\/v2\/categories?post=874916"},{"taxonomy":"post_tag","embeddable":true,"href":"https:\/\/bahiaeconomica.com.br\/wp\/wp-json\/wp\/v2\/tags?post=874916"}],"curies":[{"name":"wp","href":"https:\/\/api.w.org\/{rel}","templated":true}]}}