{"id":874447,"date":"2025-01-20T09:40:57","date_gmt":"2025-01-20T12:40:57","guid":{"rendered":"https:\/\/bahiaeconomica.com.br\/wp\/?p=874447"},"modified":"2025-01-20T09:54:55","modified_gmt":"2025-01-20T12:54:55","slug":"sinduscon-ba-e-crea-ba-prorrogam-inscricoes-de-construtechs-para-o-edital-do-hub-da-construcao","status":"publish","type":"post","link":"https:\/\/bahiaeconomica.com.br\/wp\/2025\/01\/20\/sinduscon-ba-e-crea-ba-prorrogam-inscricoes-de-construtechs-para-o-edital-do-hub-da-construcao\/","title":{"rendered":"SINDUSCON-BA E CREA-BA PRORROGAM INSCRI\u00c7\u00d5ES DE CONSTRUTECHS PARA O EDITAL DO HUB DA CONSTRU\u00c7\u00c3O"},"content":{"rendered":"<p>Para conectar startups e empresas do setor da constru\u00e7\u00e3o, o Sindicato da Ind\u00fastria da Constru\u00e7\u00e3o do Estado da Bahia \u2013 Sinduscon-BA e o Conselho Regional de Engenharia e Agronomia da Bahia (Crea-BA) est\u00e3o selecionando construtechs por meio do 2\u00ba Edital do Hub da Constru\u00e7\u00e3o.\u00a0 A iniciativa visa catalisar o futuro da constru\u00e7\u00e3o civil com inova\u00e7\u00e3o e tecnologia, em um ambiente de troca de ideias, gesta\u00e7\u00e3o de solu\u00e7\u00f5es inovadoras e promo\u00e7\u00e3o do empreendedorismo. As inscri\u00e7\u00f5es e submiss\u00e3o dos projetos devem ser realizadas at\u00e9 o dia 04\/02, por meio do link https:\/\/drive.google.com\/drive\/folders\/1wjSRc7qyNWLlVNRW1y8aTssv3NYsEZ5h?usp=sharing.<\/p>\n<p>Em seu primeiro edital, 10 construtechs foram apadrinhadas pelo Crea-BA e uma nova rodada de participa\u00e7\u00f5es ser\u00e1 oportunizada. Em menos de um ano de opera\u00e7\u00e3o, o projeto j\u00e1 impactou significativamente o ecossistema de constru\u00e7\u00e3o, funcionando como um programa de acelera\u00e7\u00e3o que promove colabora\u00e7\u00f5es entre construtechs e oferece suporte com um espa\u00e7o f\u00edsico de tr\u00eas andares \u2013 dotado de esta\u00e7\u00f5es de trabalho, salas de reuni\u00e3o e um rooftop para eventos \u2013 um ambiente ideal para desenvolver solu\u00e7\u00f5es, estreitar parcerias e moldar o futuro da constru\u00e7\u00e3o.<\/p>\n<p>O presidente do Sinduscon-BA, Alexandre Landim, afirma que \u201co apoio institucional e financeiro do Crea-BA permitiu que, neste primeiro ano, fosse poss\u00edvel juntar um grupo bem seleto de oportunidades, em um espa\u00e7o prop\u00edcio para o tipo de atividade, e viabilizar a conex\u00e3o das startups com as construtoras e das construtoras com a inova\u00e7\u00e3o\u201d. Para o presidente do Crea-BA, Joseval Carqueija, \u201co estado da Bahia tem um enorme potencial e profissionais comprometidos, desenvolvendo solu\u00e7\u00f5es que agregam efici\u00eancia e podem impulsionar o setor&#8221;.<\/p>\n<p>&nbsp;<\/p>\n<p>SERVI\u00c7O<\/p>\n<p>&#8211; O que: Inscri\u00e7\u00e3o para o Edital do Hub da Constru\u00e7\u00e3o<\/p>\n<p>&#8211; Prazo:\u00a0At\u00e9 o dia 04\/02.<\/p>\n<p>&#8211; Valor da Inscri\u00e7\u00e3o:\u00a0Gratuita<\/p>\n<p>&#8211; Link:\u00a0https:\/\/drive.google.com\/drive\/folders\/1wjSRc7qyNWLlVNRW1y8aTssv3NYsEZ5h?usp=sharing<\/p>\n","protected":false},"excerpt":{"rendered":"<p>Para conectar startups e empresas do setor da constru\u00e7\u00e3o, o Sindicato da Ind\u00fastria da Constru\u00e7\u00e3o do Estado da Bahia \u2013 Sinduscon-BA e o Conselho Regional de Engenharia e Agronomia da Bahia (Crea-BA) est\u00e3o selecionando construtechs por meio do 2\u00ba Edital do Hub da Constru\u00e7\u00e3o.\u00a0 A iniciativa visa catalisar o futuro da constru\u00e7\u00e3o civil com inova\u00e7\u00e3o [&hellip;]<\/p>\n","protected":false},"author":8,"featured_media":874448,"comment_status":"closed","ping_status":"closed","sticky":false,"template":"","format":"standard","meta":[],"categories":[5],"tags":[52,1952,100],"acf":[],"yoast_head":"<!-- This site is optimized with the Yoast SEO plugin v20.8 - https:\/\/yoast.com\/wordpress\/plugins\/seo\/ -->\n<title>SINDUSCON-BA E CREA-BA PRORROGAM INSCRI\u00c7\u00d5ES DE CONSTRUTECHS PARA O EDITAL DO HUB DA CONSTRU\u00c7\u00c3O - Bahia Economica<\/title>\n<meta name=\"description\" content=\"O maior portal de Economia da Bahia MUNIC\u00cdPIOS Bahia Economica das construtoras com a inova\u00e7\u00e3o\u201d. Para o presidente do Crea\" \/>\n<meta name=\"robots\" content=\"index, follow, max-snippet:-1, max-image-preview:large, max-video-preview:-1\" \/>\n<link rel=\"canonical\" href=\"https:\/\/bahiaeconomica.com.br\/wp\/2025\/01\/20\/sinduscon-ba-e-crea-ba-prorrogam-inscricoes-de-construtechs-para-o-edital-do-hub-da-construcao\/\" \/>\n<meta property=\"og:locale\" content=\"pt_BR\" \/>\n<meta property=\"og:type\" content=\"article\" \/>\n<meta property=\"og:title\" content=\"SINDUSCON-BA E CREA-BA PRORROGAM INSCRI\u00c7\u00d5ES DE CONSTRUTECHS PARA O EDITAL DO HUB DA CONSTRU\u00c7\u00c3O - Bahia Economica\" \/>\n<meta property=\"og:description\" content=\"O maior portal de Economia da Bahia MUNIC\u00cdPIOS Bahia Economica das construtoras com a inova\u00e7\u00e3o\u201d. Para o presidente do Crea\" \/>\n<meta property=\"og:url\" content=\"https:\/\/bahiaeconomica.com.br\/wp\/2025\/01\/20\/sinduscon-ba-e-crea-ba-prorrogam-inscricoes-de-construtechs-para-o-edital-do-hub-da-construcao\/\" \/>\n<meta property=\"og:site_name\" content=\"Bahia Economica\" \/>\n<meta property=\"article:publisher\" content=\"https:\/\/www.facebook.com\/bahiaeconomica\" \/>\n<meta property=\"article:published_time\" content=\"2025-01-20T12:40:57+00:00\" \/>\n<meta property=\"article:modified_time\" content=\"2025-01-20T12:54:55+00:00\" \/>\n<meta property=\"og:image\" content=\"https:\/\/bahiaeconomica.com.br\/wp\/wp-content\/uploads\/2025\/01\/WhatsApp-Image-2025-01-20-at-09.45.54.jpeg\" \/>\n\t<meta property=\"og:image:width\" content=\"900\" \/>\n\t<meta property=\"og:image:height\" content=\"800\" \/>\n\t<meta property=\"og:image:type\" content=\"image\/jpeg\" \/>\n<meta name=\"author\" content=\"JP\" \/>\n<meta name=\"twitter:card\" content=\"summary_large_image\" \/>\n<meta name=\"twitter:label1\" content=\"Escrito por\" \/>\n\t<meta name=\"twitter:data1\" content=\"JP\" \/>\n\t<meta name=\"twitter:label2\" content=\"Est. tempo de leitura\" \/>\n\t<meta name=\"twitter:data2\" content=\"2 minutos\" \/>\n<script type=\"application\/ld+json\" class=\"yoast-schema-graph\">{\"@context\":\"https:\/\/schema.org\",\"@graph\":[{\"@type\":\"Article\",\"@id\":\"https:\/\/bahiaeconomica.com.br\/wp\/2025\/01\/20\/sinduscon-ba-e-crea-ba-prorrogam-inscricoes-de-construtechs-para-o-edital-do-hub-da-construcao\/#article\",\"isPartOf\":{\"@id\":\"https:\/\/bahiaeconomica.com.br\/wp\/2025\/01\/20\/sinduscon-ba-e-crea-ba-prorrogam-inscricoes-de-construtechs-para-o-edital-do-hub-da-construcao\/\"},\"author\":{\"name\":\"JP\",\"@id\":\"https:\/\/bahiaeconomica.com.br\/wp\/#\/schema\/person\/c86d3a3f8960425a0f9d0e5245991f4e\"},\"headline\":\"SINDUSCON-BA E CREA-BA PRORROGAM INSCRI\u00c7\u00d5ES DE CONSTRUTECHS PARA O EDITAL DO HUB DA CONSTRU\u00c7\u00c3O\",\"datePublished\":\"2025-01-20T12:40:57+00:00\",\"dateModified\":\"2025-01-20T12:54:55+00:00\",\"mainEntityOfPage\":{\"@id\":\"https:\/\/bahiaeconomica.com.br\/wp\/2025\/01\/20\/sinduscon-ba-e-crea-ba-prorrogam-inscricoes-de-construtechs-para-o-edital-do-hub-da-construcao\/\"},\"wordCount\":352,\"publisher\":{\"@id\":\"https:\/\/bahiaeconomica.com.br\/wp\/#organization\"},\"keywords\":[\"Brasil\",\"hub\",\"Pol\u00edtica\"],\"articleSection\":[\"MUNIC\u00cdPIOS\"],\"inLanguage\":\"pt-BR\"},{\"@type\":\"WebPage\",\"@id\":\"https:\/\/bahiaeconomica.com.br\/wp\/2025\/01\/20\/sinduscon-ba-e-crea-ba-prorrogam-inscricoes-de-construtechs-para-o-edital-do-hub-da-construcao\/\",\"url\":\"https:\/\/bahiaeconomica.com.br\/wp\/2025\/01\/20\/sinduscon-ba-e-crea-ba-prorrogam-inscricoes-de-construtechs-para-o-edital-do-hub-da-construcao\/\",\"name\":\"SINDUSCON-BA E CREA-BA PRORROGAM INSCRI\u00c7\u00d5ES DE CONSTRUTECHS PARA O EDITAL DO HUB DA CONSTRU\u00c7\u00c3O - Bahia Economica\",\"isPartOf\":{\"@id\":\"https:\/\/bahiaeconomica.com.br\/wp\/#website\"},\"datePublished\":\"2025-01-20T12:40:57+00:00\",\"dateModified\":\"2025-01-20T12:54:55+00:00\",\"description\":\"O maior portal de Economia da Bahia MUNIC\u00cdPIOS Bahia Economica das construtoras com a inova\u00e7\u00e3o\u201d. Para o presidente do Crea\",\"breadcrumb\":{\"@id\":\"https:\/\/bahiaeconomica.com.br\/wp\/2025\/01\/20\/sinduscon-ba-e-crea-ba-prorrogam-inscricoes-de-construtechs-para-o-edital-do-hub-da-construcao\/#breadcrumb\"},\"inLanguage\":\"pt-BR\",\"potentialAction\":[{\"@type\":\"ReadAction\",\"target\":[\"https:\/\/bahiaeconomica.com.br\/wp\/2025\/01\/20\/sinduscon-ba-e-crea-ba-prorrogam-inscricoes-de-construtechs-para-o-edital-do-hub-da-construcao\/\"]}]},{\"@type\":\"BreadcrumbList\",\"@id\":\"https:\/\/bahiaeconomica.com.br\/wp\/2025\/01\/20\/sinduscon-ba-e-crea-ba-prorrogam-inscricoes-de-construtechs-para-o-edital-do-hub-da-construcao\/#breadcrumb\",\"itemListElement\":[{\"@type\":\"ListItem\",\"position\":1,\"name\":\"In\u00edcio\",\"item\":\"https:\/\/bahiaeconomica.com.br\/wp\/\"},{\"@type\":\"ListItem\",\"position\":2,\"name\":\"SINDUSCON-BA E CREA-BA PRORROGAM INSCRI\u00c7\u00d5ES DE CONSTRUTECHS PARA O EDITAL DO HUB DA CONSTRU\u00c7\u00c3O\"}]},{\"@type\":\"WebSite\",\"@id\":\"https:\/\/bahiaeconomica.com.br\/wp\/#website\",\"url\":\"https:\/\/bahiaeconomica.com.br\/wp\/\",\"name\":\"Bahia Economica\",\"description\":\"O maior portal de Economia da Bahia\",\"publisher\":{\"@id\":\"https:\/\/bahiaeconomica.com.br\/wp\/#organization\"},\"potentialAction\":[{\"@type\":\"SearchAction\",\"target\":{\"@type\":\"EntryPoint\",\"urlTemplate\":\"https:\/\/bahiaeconomica.com.br\/wp\/?s={search_term_string}\"},\"query-input\":\"required name=search_term_string\"}],\"inLanguage\":\"pt-BR\"},{\"@type\":\"Organization\",\"@id\":\"https:\/\/bahiaeconomica.com.br\/wp\/#organization\",\"name\":\"Bahia Econ\u00f4mica\",\"url\":\"https:\/\/bahiaeconomica.com.br\/wp\/\",\"logo\":{\"@type\":\"ImageObject\",\"inLanguage\":\"pt-BR\",\"@id\":\"https:\/\/bahiaeconomica.com.br\/wp\/#\/schema\/logo\/image\/\",\"url\":\"https:\/\/bahiaeconomica.com.br\/wp\/wp-content\/uploads\/2020\/12\/cropped-BE.png\",\"contentUrl\":\"https:\/\/bahiaeconomica.com.br\/wp\/wp-content\/uploads\/2020\/12\/cropped-BE.png\",\"width\":512,\"height\":512,\"caption\":\"Bahia Econ\u00f4mica\"},\"image\":{\"@id\":\"https:\/\/bahiaeconomica.com.br\/wp\/#\/schema\/logo\/image\/\"},\"sameAs\":[\"https:\/\/www.facebook.com\/bahiaeconomica\"]},{\"@type\":\"Person\",\"@id\":\"https:\/\/bahiaeconomica.com.br\/wp\/#\/schema\/person\/c86d3a3f8960425a0f9d0e5245991f4e\",\"name\":\"JP\",\"sameAs\":[\"https:\/\/bahiaeconomica.com.br\/wp\/beta\/\"],\"url\":\"https:\/\/bahiaeconomica.com.br\/wp\/author\/jp\/\"}]}<\/script>\n<!-- \/ Yoast SEO plugin. -->","yoast_head_json":{"title":"SINDUSCON-BA E CREA-BA PRORROGAM INSCRI\u00c7\u00d5ES DE CONSTRUTECHS PARA O EDITAL DO HUB DA CONSTRU\u00c7\u00c3O - Bahia Economica","description":"O maior portal de Economia da Bahia MUNIC\u00cdPIOS Bahia Economica das construtoras com a inova\u00e7\u00e3o\u201d. Para o presidente do Crea","robots":{"index":"index","follow":"follow","max-snippet":"max-snippet:-1","max-image-preview":"max-image-preview:large","max-video-preview":"max-video-preview:-1"},"canonical":"https:\/\/bahiaeconomica.com.br\/wp\/2025\/01\/20\/sinduscon-ba-e-crea-ba-prorrogam-inscricoes-de-construtechs-para-o-edital-do-hub-da-construcao\/","og_locale":"pt_BR","og_type":"article","og_title":"SINDUSCON-BA E CREA-BA PRORROGAM INSCRI\u00c7\u00d5ES DE CONSTRUTECHS PARA O EDITAL DO HUB DA CONSTRU\u00c7\u00c3O - Bahia Economica","og_description":"O maior portal de Economia da Bahia MUNIC\u00cdPIOS Bahia Economica das construtoras com a inova\u00e7\u00e3o\u201d. Para o presidente do Crea","og_url":"https:\/\/bahiaeconomica.com.br\/wp\/2025\/01\/20\/sinduscon-ba-e-crea-ba-prorrogam-inscricoes-de-construtechs-para-o-edital-do-hub-da-construcao\/","og_site_name":"Bahia Economica","article_publisher":"https:\/\/www.facebook.com\/bahiaeconomica","article_published_time":"2025-01-20T12:40:57+00:00","article_modified_time":"2025-01-20T12:54:55+00:00","og_image":[{"width":900,"height":800,"url":"https:\/\/bahiaeconomica.com.br\/wp\/wp-content\/uploads\/2025\/01\/WhatsApp-Image-2025-01-20-at-09.45.54.jpeg","type":"image\/jpeg"}],"author":"JP","twitter_card":"summary_large_image","twitter_misc":{"Escrito por":"JP","Est. tempo de leitura":"2 minutos"},"schema":{"@context":"https:\/\/schema.org","@graph":[{"@type":"Article","@id":"https:\/\/bahiaeconomica.com.br\/wp\/2025\/01\/20\/sinduscon-ba-e-crea-ba-prorrogam-inscricoes-de-construtechs-para-o-edital-do-hub-da-construcao\/#article","isPartOf":{"@id":"https:\/\/bahiaeconomica.com.br\/wp\/2025\/01\/20\/sinduscon-ba-e-crea-ba-prorrogam-inscricoes-de-construtechs-para-o-edital-do-hub-da-construcao\/"},"author":{"name":"JP","@id":"https:\/\/bahiaeconomica.com.br\/wp\/#\/schema\/person\/c86d3a3f8960425a0f9d0e5245991f4e"},"headline":"SINDUSCON-BA E CREA-BA PRORROGAM INSCRI\u00c7\u00d5ES DE CONSTRUTECHS PARA O EDITAL DO HUB DA CONSTRU\u00c7\u00c3O","datePublished":"2025-01-20T12:40:57+00:00","dateModified":"2025-01-20T12:54:55+00:00","mainEntityOfPage":{"@id":"https:\/\/bahiaeconomica.com.br\/wp\/2025\/01\/20\/sinduscon-ba-e-crea-ba-prorrogam-inscricoes-de-construtechs-para-o-edital-do-hub-da-construcao\/"},"wordCount":352,"publisher":{"@id":"https:\/\/bahiaeconomica.com.br\/wp\/#organization"},"keywords":["Brasil","hub","Pol\u00edtica"],"articleSection":["MUNIC\u00cdPIOS"],"inLanguage":"pt-BR"},{"@type":"WebPage","@id":"https:\/\/bahiaeconomica.com.br\/wp\/2025\/01\/20\/sinduscon-ba-e-crea-ba-prorrogam-inscricoes-de-construtechs-para-o-edital-do-hub-da-construcao\/","url":"https:\/\/bahiaeconomica.com.br\/wp\/2025\/01\/20\/sinduscon-ba-e-crea-ba-prorrogam-inscricoes-de-construtechs-para-o-edital-do-hub-da-construcao\/","name":"SINDUSCON-BA E CREA-BA PRORROGAM INSCRI\u00c7\u00d5ES DE CONSTRUTECHS PARA O EDITAL DO HUB DA CONSTRU\u00c7\u00c3O - Bahia Economica","isPartOf":{"@id":"https:\/\/bahiaeconomica.com.br\/wp\/#website"},"datePublished":"2025-01-20T12:40:57+00:00","dateModified":"2025-01-20T12:54:55+00:00","description":"O maior portal de Economia da Bahia MUNIC\u00cdPIOS Bahia Economica das construtoras com a inova\u00e7\u00e3o\u201d. Para o presidente do Crea","breadcrumb":{"@id":"https:\/\/bahiaeconomica.com.br\/wp\/2025\/01\/20\/sinduscon-ba-e-crea-ba-prorrogam-inscricoes-de-construtechs-para-o-edital-do-hub-da-construcao\/#breadcrumb"},"inLanguage":"pt-BR","potentialAction":[{"@type":"ReadAction","target":["https:\/\/bahiaeconomica.com.br\/wp\/2025\/01\/20\/sinduscon-ba-e-crea-ba-prorrogam-inscricoes-de-construtechs-para-o-edital-do-hub-da-construcao\/"]}]},{"@type":"BreadcrumbList","@id":"https:\/\/bahiaeconomica.com.br\/wp\/2025\/01\/20\/sinduscon-ba-e-crea-ba-prorrogam-inscricoes-de-construtechs-para-o-edital-do-hub-da-construcao\/#breadcrumb","itemListElement":[{"@type":"ListItem","position":1,"name":"In\u00edcio","item":"https:\/\/bahiaeconomica.com.br\/wp\/"},{"@type":"ListItem","position":2,"name":"SINDUSCON-BA E CREA-BA PRORROGAM INSCRI\u00c7\u00d5ES DE CONSTRUTECHS PARA O EDITAL DO HUB DA CONSTRU\u00c7\u00c3O"}]},{"@type":"WebSite","@id":"https:\/\/bahiaeconomica.com.br\/wp\/#website","url":"https:\/\/bahiaeconomica.com.br\/wp\/","name":"Bahia Economica","description":"O maior portal de Economia da Bahia","publisher":{"@id":"https:\/\/bahiaeconomica.com.br\/wp\/#organization"},"potentialAction":[{"@type":"SearchAction","target":{"@type":"EntryPoint","urlTemplate":"https:\/\/bahiaeconomica.com.br\/wp\/?s={search_term_string}"},"query-input":"required name=search_term_string"}],"inLanguage":"pt-BR"},{"@type":"Organization","@id":"https:\/\/bahiaeconomica.com.br\/wp\/#organization","name":"Bahia Econ\u00f4mica","url":"https:\/\/bahiaeconomica.com.br\/wp\/","logo":{"@type":"ImageObject","inLanguage":"pt-BR","@id":"https:\/\/bahiaeconomica.com.br\/wp\/#\/schema\/logo\/image\/","url":"https:\/\/bahiaeconomica.com.br\/wp\/wp-content\/uploads\/2020\/12\/cropped-BE.png","contentUrl":"https:\/\/bahiaeconomica.com.br\/wp\/wp-content\/uploads\/2020\/12\/cropped-BE.png","width":512,"height":512,"caption":"Bahia Econ\u00f4mica"},"image":{"@id":"https:\/\/bahiaeconomica.com.br\/wp\/#\/schema\/logo\/image\/"},"sameAs":["https:\/\/www.facebook.com\/bahiaeconomica"]},{"@type":"Person","@id":"https:\/\/bahiaeconomica.com.br\/wp\/#\/schema\/person\/c86d3a3f8960425a0f9d0e5245991f4e","name":"JP","sameAs":["https:\/\/bahiaeconomica.com.br\/wp\/beta\/"],"url":"https:\/\/bahiaeconomica.com.br\/wp\/author\/jp\/"}]}},"views":15,"_links":{"self":[{"href":"https:\/\/bahiaeconomica.com.br\/wp\/wp-json\/wp\/v2\/posts\/874447"}],"collection":[{"href":"https:\/\/bahiaeconomica.com.br\/wp\/wp-json\/wp\/v2\/posts"}],"about":[{"href":"https:\/\/bahiaeconomica.com.br\/wp\/wp-json\/wp\/v2\/types\/post"}],"author":[{"embeddable":true,"href":"https:\/\/bahiaeconomica.com.br\/wp\/wp-json\/wp\/v2\/users\/8"}],"replies":[{"embeddable":true,"href":"https:\/\/bahiaeconomica.com.br\/wp\/wp-json\/wp\/v2\/comments?post=874447"}],"version-history":[{"count":1,"href":"https:\/\/bahiaeconomica.com.br\/wp\/wp-json\/wp\/v2\/posts\/874447\/revisions"}],"predecessor-version":[{"id":874449,"href":"https:\/\/bahiaeconomica.com.br\/wp\/wp-json\/wp\/v2\/posts\/874447\/revisions\/874449"}],"wp:featuredmedia":[{"embeddable":true,"href":"https:\/\/bahiaeconomica.com.br\/wp\/wp-json\/wp\/v2\/media\/874448"}],"wp:attachment":[{"href":"https:\/\/bahiaeconomica.com.br\/wp\/wp-json\/wp\/v2\/media?parent=874447"}],"wp:term":[{"taxonomy":"category","embeddable":true,"href":"https:\/\/bahiaeconomica.com.br\/wp\/wp-json\/wp\/v2\/categories?post=874447"},{"taxonomy":"post_tag","embeddable":true,"href":"https:\/\/bahiaeconomica.com.br\/wp\/wp-json\/wp\/v2\/tags?post=874447"}],"curies":[{"name":"wp","href":"https:\/\/api.w.org\/{rel}","templated":true}]}}