{"id":873193,"date":"2025-01-14T16:28:34","date_gmt":"2025-01-14T19:28:34","guid":{"rendered":"https:\/\/bahiaeconomica.com.br\/wp\/?p=873193"},"modified":"2025-01-14T16:28:34","modified_gmt":"2025-01-14T19:28:34","slug":"confira-as-vagas-do-sinebahia-para-quarta-feira-15-em-salvador-rms-e-interior-da-bahia","status":"publish","type":"post","link":"https:\/\/bahiaeconomica.com.br\/wp\/2025\/01\/14\/confira-as-vagas-do-sinebahia-para-quarta-feira-15-em-salvador-rms-e-interior-da-bahia\/","title":{"rendered":"CONFIRA AS VAGAS DO SINEBAHIA PARA QUARTA-FEIRA (15) EM SALVADOR, RMS E INTERIOR DA BAHIA"},"content":{"rendered":"<p>DOCUMENTA\u00c7\u00c3O NECESS\u00c1RIA: Carteira de Trabalho f\u00edsica ou Digital, RG, CPF, comprovantes de resid\u00eancia e escolaridade, al\u00e9m de certificados de cursos, se assim desejar.<\/p>\n<p>Essas s\u00e3o apenas algumas vagas dispon\u00edveis e est\u00e3o sujeitas ao limite de encaminhamentos. Para consultar a lista completa, o trabalhador deve comparecer \u00e0 unidade de seu munic\u00edpio.<\/p>\n<p><strong>VAGAS DE SALVADOR PARA DIA 15\/01\/2025<\/strong><\/p>\n<p>ENGENHEIRO CIVIL (EST\u00c1GIO)<br \/>\nEnsino Superior incompleto em Engenharia Civil, a partir do 6\u00ba semestre<br \/>\nBolsa Aux\u00edlio: R$ 1.200,00 + benef\u00edcios<br \/>\n01 VAGA<\/p>\n<p>CONTROLADOR DE PRAGAS<br \/>\nEnsino m\u00e9dio completo<br \/>\nObrigat\u00f3rio possuir CNH \u201cA\u201d e Moto pr\u00f3prio<br \/>\nSal\u00e1rio: R$ 1.708,00 + benef\u00edcios<br \/>\n04 VAGAS<\/p>\n<p>CUMIM<br \/>\nEnsino m\u00e9dio completo<br \/>\nExperi\u00eancia m\u00ednima de 06 meses na fun\u00e7\u00e3o<br \/>\nSal\u00e1rio: R$ 1.518,00 + benef\u00edcios<br \/>\n02 VAGAS<\/p>\n<p>ENCARREGADO DE A\u00c7OUGUE<br \/>\nEnsino m\u00e9dio completo<br \/>\nExperi\u00eancia m\u00ednima de 06 meses na fun\u00e7\u00e3o<br \/>\nSal\u00e1rio: R$ 2.100,00 + benef\u00edcios<br \/>\n01 VAGA<\/p>\n<p>GOVERNANTA DE HOTELARIA<br \/>\nEnsino m\u00e9dio completo<br \/>\nExperi\u00eancia m\u00ednima de 06 meses na fun\u00e7\u00e3o<br \/>\n03 VAGAS<\/p>\n<p>MEC\u00c2NICO DE AUTOM\u00d3VEL<br \/>\nEnsino m\u00e9dio completo<br \/>\nExperi\u00eancia m\u00ednima de 06 meses na fun\u00e7\u00e3o<br \/>\nObrigat\u00f3rio possuir experi\u00eancia com mec\u00e2nica de moto, no\u00e7\u00f5es el\u00e9tricas de auto e inje\u00e7\u00e3o eletr\u00f4nicas de ve\u00edculos e habilita\u00e7\u00e3o (B).<br \/>\nSal\u00e1rio: R$ 1.811,00 + benef\u00edcios<br \/>\n02 VAGAS<\/p>\n<p>MEC\u00c2NICO DE MOTOR A DIESEL<br \/>\nEnsino fundamental completo<br \/>\nExperi\u00eancia m\u00ednima de 06 meses na fun\u00e7\u00e3o<br \/>\nObrigat\u00f3rio possuir experi\u00eancia em manuten\u00e7\u00e3o de ve\u00edculos m\u00e9dios e pesados<br \/>\nSal\u00e1rio: R$ 2.278,68+ benef\u00edcios<br \/>\n01 VAGA<\/p>\n<p>MONTADOR DE PNEUS<br \/>\nEnsino fundamental completo<br \/>\nExperi\u00eancia m\u00ednima de 06 meses na fun\u00e7\u00e3o<br \/>\n02 VAGAS<\/p>\n<p>T\u00c9CNICO EM FIBRAS \u00d3PTICAS<br \/>\nEnsino fundamental completo<br \/>\nExperi\u00eancia m\u00ednima de 06 meses na fun\u00e7\u00e3o<br \/>\nObrigat\u00f3rio possuir experi\u00eancia comprovada em infraestrutura em ambientes residenciais e comerciais, fus\u00e3o, rompimentos e dom\u00ednio sobre os equipamentos de fibra \u00f3ptica. Lan\u00e7amento e emendas de cabos a\u00e9reos e subterr\u00e2neos e habilita\u00e7\u00e3o (B)<br \/>\nTer conhecimento pr\u00e1tico dos equipamentos usados nas instala\u00e7\u00f5es e manuten\u00e7\u00f5es de redes<br \/>\n05 VAGAS<\/p>\n<p><strong>VAGAS DO SINEBAHIA CAPAZ \u2013 DIA 15\/01\/2025<\/strong><\/p>\n<p>AUXILIAR DE LIMPEZA<br \/>\nEXCLUSIVAS PARA PESSOAS COM DEFICI\u00caNCIA<br \/>\nEnsino m\u00e9dio completo<br \/>\nExperi\u00eancia m\u00ednima de 06 meses<br \/>\nSal\u00e1rio: R$ 1.518,00 + benef\u00edcios ser\u00e3o informados na entrevista<br \/>\n04 VAGAS<\/p>\n<p>MEC\u00c2NICO DE REFRIGERA\u00c7\u00c3O<br \/>\nEXCLUSIVAS PARA PESSOAS COM DEFICI\u00caNCIA<br \/>\nEnsino m\u00e9dio completo<br \/>\nExperi\u00eancia m\u00ednima de 06 meses<br \/>\nSal\u00e1rio + benef\u00edcios ser\u00e3o informados na entrevista<br \/>\n03 VAGAS<\/p>\n<p>VAGAS PARA LAURO DE FREITAS \u2013 DIA 16\/01\/2025<\/p>\n<p>AUXILIAR DE SERVI\u00c7OS GERAIS<br \/>\nEnsino M\u00e9dio Completo<br \/>\nExperi\u00eancia m\u00ednima de 06 meses<br \/>\nSal\u00e1rio: R$ 1.518,00<br \/>\n05 VAGAS<\/p>\n<p>AJUDANTE DE COZINHA<br \/>\nEnsino M\u00e9dio Completo<br \/>\nExperi\u00eancia m\u00ednima de 03 meses<br \/>\n03 VAGAS<\/p>\n<p>MARCENEIRO<br \/>\nEnsino Fundamental Completo<br \/>\nExperi\u00eancia m\u00ednima de 06 meses<br \/>\n01 VAGA<\/p>\n<p>REPRESENTANTE DE VENDAS<br \/>\nEnsino Superior Completo<br \/>\nExperi\u00eancia m\u00ednima de 06 meses<br \/>\nPossuir CNH B<br \/>\n01 VAGA<\/p>\n<p>AUXILIAR FINANCEIRO<br \/>\nEnsino Superior Completo<br \/>\nExperi\u00eancia m\u00ednima de 06 meses<br \/>\nPossuir CNH B<br \/>\n01 VAGA<\/p>\n<p>AJUDANTE DE A\u00c7OUGUEIRO<br \/>\nEnsino Fundamental Completo<br \/>\nExperi\u00eancia m\u00ednima de 06 meses<br \/>\nSal\u00e1rio: R$ 1.581,00<br \/>\n02 VAGAS<\/p>\n<p>A\u00c7OUGUEIRO<br \/>\nEnsino Fundamental Completo<br \/>\nExperi\u00eancia m\u00ednima de 06 meses<br \/>\nSal\u00e1rio: R$ 1.800.00<br \/>\n02 VAGAS<\/p>\n<p>AJUDANTE DE PINTURA EM MADEIRA<br \/>\nEnsino Fundamental Completo<br \/>\nExperi\u00eancia m\u00ednima de 06 meses<br \/>\n01 VAGA<\/p>\n<p><strong>VAGAS DE SIM\u00d5ES FILHO PARA DIA 15\/01\/2025<\/strong><\/p>\n<p>MEC\u00c2NICO DE M\u00c1QUINAS INDUSTRIAIS<br \/>\nEnsino M\u00e9dio completo<br \/>\nExperi\u00eancia em soldas<br \/>\n01 VAGA<\/p>\n<p>CALDEREIRO<br \/>\nEnsino M\u00e9dio completo<br \/>\nExperi\u00eancia m\u00ednima de 06 meses<br \/>\n02 VAGAS<\/p>\n<p>SERRALHEIRO<br \/>\nEnsino M\u00e9dio completo<br \/>\nExperi\u00eancia m\u00ednima de 06 meses<br \/>\n03 VAGAS<\/p>\n<p>CARPINTEIRO<br \/>\nEnsino M\u00e9dio completo<br \/>\nExperi\u00eancia m\u00ednima de 06 meses<br \/>\n04 VAGA<\/p>\n<p>MOTORISTA DE CAMINH\u00c3O MUNK<br \/>\nEnsino M\u00e9dio Completo<br \/>\nExperi\u00eancia m\u00ednima de 06 meses<br \/>\n01 VAGA<\/p>\n<p>MOTORISTA DE CAMINH\u00c3O BASCULHANTE<br \/>\nEnsino M\u00e9dio completo<br \/>\nExperi\u00eancia m\u00ednima de 06 meses<br \/>\n01 VAGA<\/p>\n<p>ANALISTA DE PLANEJAMENTO E OR\u00c7AMENTO<br \/>\nEnsino Superior completo<br \/>\nExperi\u00eancia Auto Cad, Excel e Msproject<br \/>\n01 VAGA<\/p>\n<p>AJUDANTE DE CARGA E DESCARGA<br \/>\nEnsino M\u00e9dio completo<br \/>\nExperi\u00eancia m\u00ednima de 06 meses<br \/>\n02 VAGAS<\/p>\n<p>ATENDENTE DE FARM\u00c1CIA (EST\u00c1GIO)<br \/>\nEnsino M\u00e9dio completo<br \/>\n02 VAGA<\/p>\n<p>AUXILIAR DE COZINHA<br \/>\nEnsino M\u00e9dio completo<br \/>\nDisponibilidade para residir em outro estado<br \/>\nExperi\u00eancia m\u00ednima de 06 Meses<br \/>\n03 VAGAS<\/p>\n<p>MEC\u00c2NICO DE REFRIGERA\u00c7\u00c3O<br \/>\nEnsino M\u00e9dio completo<br \/>\nExperi\u00eancia m\u00ednima 06 meses<br \/>\n01 VAGA<\/p>\n<p>MOTORISTA DE CAMINH\u00c3O<br \/>\nEnsino M\u00e9dio completo<br \/>\nExperi\u00eancia m\u00ednima de 06 meses<br \/>\nPossuir CNH D<br \/>\n03 VAGAS<\/p>\n<p>OPERADOR DE PONTE ROLANTE<br \/>\nEnsino M\u00e9dio Completo<br \/>\nExperi\u00eancia m\u00ednima de 06 meses<br \/>\n01 VAGA<\/p>\n<p><strong>VAGAS PARA FEIRA DE SANTANA &#8211; DIA 15\/01\/2025<\/strong><\/p>\n<p>AJUDANTE DE MOTORISTA<br \/>\nEnsino M\u00e9dio Completo<br \/>\nExperi\u00eancia m\u00ednima de 06 meses na fun\u00e7\u00e3o.<br \/>\n15 VAGAS<\/p>\n<p>ATENDENTE DE FARM\u00c1CIA<br \/>\nEnsino M\u00e9dio Completo<br \/>\nExperi\u00eancia m\u00ednima de 06 meses na fun\u00e7\u00e3o.<br \/>\n04 VAGAS<\/p>\n<p>AUXILIAR DE LIMPEZA<br \/>\nEnsino M\u00e9dio Completo<br \/>\nExperi\u00eancia m\u00ednima de 06 meses na fun\u00e7\u00e3o.<br \/>\n01 VAGA<\/p>\n<p>ESTOQUISTA<br \/>\nEnsino M\u00e9dio Completo<br \/>\nExperi\u00eancia m\u00ednima de 06 meses na fun\u00e7\u00e3o.<br \/>\n02 VAGAS<\/p>\n<p>FORNEIRO DE PADARIA<br \/>\nEnsino Fundamental Completo<br \/>\nExperi\u00eancia m\u00ednima de 03 meses na fun\u00e7\u00e3o.<br \/>\n02 VAGAS<\/p>\n<p>GERENTE DE LOJA<br \/>\nEnsino M\u00e9dio Completo<br \/>\nExperi\u00eancia m\u00ednima de 06 meses na fun\u00e7\u00e3o.<br \/>\n01 VAGA<\/p>\n<p>MOTORISTA ENTREGADOR<br \/>\nEnsino M\u00e9dio Completo<br \/>\nExperi\u00eancia m\u00ednima de 06 meses na fun\u00e7\u00e3o.<br \/>\nPossuir CNH D<br \/>\n10 VAGAS<\/p>\n<p><strong>VAGAS DE CAMA\u00c7ARI PARA DIA 15\/01\/2025<\/strong><\/p>\n<p>MARCENEIRO<br \/>\nEnsino Fundamental completo<br \/>\nExperi\u00eancia m\u00ednima de 06 meses em CTPS<br \/>\nImprescind\u00edvel: Experi\u00eancia na \u00e1rea<br \/>\n01 VAGA<\/p>\n<p>AJUDANTE DE PINTOR<br \/>\nEnsino Fundamental completo<br \/>\nExperi\u00eancia m\u00ednima de 06 meses em CTPS<br \/>\nImprescind\u00edvel: Experi\u00eancia na \u00e1rea<br \/>\n01 VAGA<\/p>\n<p>BALANCEADOR DE INDUZIDOS<br \/>\nEnsino M\u00e9dio Completo<br \/>\nExperi\u00eancia m\u00ednima de 06 meses em CTPS<br \/>\nImprescind\u00edvel: Experi\u00eancia na \u00e1rea e curso t\u00e9cnico na \u00e1rea especializada<br \/>\n01 VAGA<\/p>\n<p>TORNEIRO MEC\u00c2NICO<br \/>\nEnsino M\u00e9dio Completo<br \/>\nExperi\u00eancia m\u00ednima de 06 meses em CTPS<br \/>\nImprescind\u00edvel: Experi\u00eancia na \u00e1rea e curso t\u00e9cnico na \u00e1rea especializada<br \/>\n01 VAGA<\/p>\n<p>ALMOXARIFE<br \/>\nEnsino Fundamental Completo<br \/>\nExperi\u00eancia m\u00ednima de 06 meses em CTPS<br \/>\nImprescind\u00edvel: Experi\u00eancia na \u00e1rea<br \/>\n01 VAGA<\/p>\n<p>JARDINEIRO<br \/>\nEnsino Fundamental completo<br \/>\nExperi\u00eancia m\u00ednima de 06 meses em CTPS<br \/>\nSal\u00e1rio: R$ 1.592,26<br \/>\nImprescind\u00edvel: Experi\u00eancia na \u00e1rea<br \/>\n01 VAGA<\/p>\n<p><strong>VAGAS DE IPIR\u00c1 PARA DIA 15\/01\/2025<\/strong><\/p>\n<p>GERENTE DE LOJA<br \/>\nEnsino m\u00e9dio completo<br \/>\nExperi\u00eancia com gest\u00e3o de varejo e atacado, gest\u00e3o de opera\u00e7\u00e3o e pessoas, al\u00e9m de atendimento ao cliente.<br \/>\nPossuir habilidade com an\u00e1lise de or\u00e7amentos e custos com foco em resultados e estrat\u00e9gia de neg\u00f3cios;<br \/>\nPerfil \u00e1gil, planejado, organizado, estrat\u00e9gico, resolutivo, proativo, comunicador, anal\u00edtico e vis\u00e3o estrat\u00e9gica de neg\u00f3cio.<br \/>\nDisponibilidade para morar em Ipir\u00e1.<br \/>\n01 VAGA<\/p>\n<p>OPERADOR DE CAIXA<br \/>\nEnsino m\u00e9dio completo<br \/>\nExperi\u00eancia m\u00ednima de 06 meses<br \/>\n01 VAGA<\/p>\n<p>REPOSITOR DE MERCADORIAS<br \/>\nEnsino m\u00e9dio completo<br \/>\nExperi\u00eancia m\u00ednima de 06 meses<br \/>\n01 VAGA<\/p>\n<p><strong>VAGAS DE ALAGOINHAS PARA DIA 15\/01\/2025<\/strong><\/p>\n<p>AUXILIAR DE LABORAT\u00d3RIO<br \/>\nEnsino m\u00e9dio completo<br \/>\nExperi\u00eancia m\u00ednima de 06 meses<br \/>\nObrigat\u00f3rio possuir experi\u00eancia em ind\u00fastria de bebidas e curso t\u00e9cnico<br \/>\n03 VAGAS<\/p>\n<p>OPERADOR DE PRODU\u00c7\u00c3O I<br \/>\nEnsino M\u00e9dio completo<br \/>\nExperi\u00eancia m\u00ednima de 06 meses<br \/>\nAtividades s\u00e3o de atuar na opera\u00e7\u00e3o de m\u00e1quinas sopradoras Krones e Sidel, com realiza\u00e7\u00e3o de setup\u00b4s (trocas de formato), ajustes de receita, limpeza e lubrifica\u00e7\u00e3o dos equipamentos. Sopradoras, Enchedora, Embaladora, Rotuladoras.<br \/>\nObrigat\u00f3ria experi\u00eancia em ind\u00fastria de bebidas<br \/>\n07 VAGAS<\/p>\n<p>T\u00c9CNICO DE AUTOMA\u00c7\u00c3O<br \/>\nEnsino M\u00e9dio completo<br \/>\nExperi\u00eancia m\u00ednima de 06 meses<br \/>\nAtividades: verificar, inspecionar rotina dos equipamentos el\u00e9tricos da fabrica, controle de funcionamento operacional dos datador<br \/>\nObrigat\u00f3ria experi\u00eancia em ind\u00fastria de bebidas<br \/>\n01 VAGA<\/p>\n<p><strong>VAGAS DE ESPLANADA PARA DIA 15\/01\/2025<\/strong><\/p>\n<p>CONSULTOR DE VENDAS<br \/>\nEnsino M\u00e9dio<br \/>\nExperi\u00eancia na \u00e1rea<br \/>\nPossuir CNH B<br \/>\nBenef\u00edcios: plano odontol\u00f3gico, plano de assist\u00eancia familiar, aux\u00edlio funeral, seguro de vida e telemedicina.<br \/>\nSal\u00e1rio a combinar<br \/>\n01 VAGA<\/p>\n<p><strong>VAGAS PARA SENHOR DO BONFIM \u2013 DIA 15\/01\/2025<\/strong><\/p>\n<p>VENDEDOR<br \/>\nEnsino m\u00e9dio completo<br \/>\nExperi\u00eancia na \u00e1rea<br \/>\n01 VAGA<\/p>\n<p>VENDEDOR EXTERNO<br \/>\nEnsino fundamental completo<br \/>\nExperi\u00eancia na \u00e1rea<br \/>\n01 VAGA<\/p>\n<p>GERENTE DE ADMINISTRATIVO<br \/>\nEnsino superior completo<br \/>\nExperi\u00eancia na \u00e1rea<br \/>\n01 VAGA<\/p>\n<p>GERENTE DE LANCHONETE<br \/>\nEnsino m\u00e9dio completo<br \/>\nExperi\u00eancia na \u00e1rea<br \/>\n01 VAGA<\/p>\n<p>COBRADOR EXTERNO<br \/>\nEnsino m\u00e9dio completo<br \/>\nExperi\u00eancia na \u00e1rea<br \/>\nPossuir CNH A<br \/>\n01 VAGA<\/p>\n<p>SUPERVISOR COMERCIAL<br \/>\nEnsino m\u00e9dio completo<br \/>\nExperi\u00eancia na fun\u00e7\u00e3o<br \/>\n01 VAGA<\/p>\n<p>VENDEDOR<br \/>\nEnsino m\u00e9dio completo<br \/>\nExperi\u00eancia em loja de m\u00f3veis<br \/>\n02 VAGAS<\/p>\n<p>VENDEDOR EM DOMIC\u00cdLIO<br \/>\nEnsino m\u00e9dio completo<br \/>\nDisponibilidade para viagens<br \/>\nPossuir CNH AB<br \/>\nExige experi\u00eancia em \u00e1rea comercial<br \/>\nPossui benef\u00edcios (plano de sa\u00fade, odontol\u00f3gico, vale refei\u00e7\u00e3o)<br \/>\n01 VAGA<\/p>\n<p><strong>VAGAS DE GUANAMBI PARA DIA 15\/01\/2025<\/strong><\/p>\n<p>GAR\u00c7OM<br \/>\nExperi\u00eancia m\u00ednima de 06 meses<br \/>\n03 VAGAS<\/p>\n<p><strong>VAGAS DE JEQUI\u00c9 PARA DIA 15\/01\/2025<\/strong><\/p>\n<p>COSTUREIRA<br \/>\nEnsino fundamental completo<br \/>\nExperi\u00eancia com m\u00e1quina galoneira<br \/>\n01 VAGA<\/p>\n<p>ENGENHEIRO CIVIL<br \/>\nEnsino superior completo<br \/>\nExperi\u00eancia comprovada em obras p\u00fablica<br \/>\nPossuir CNH B e autom\u00f3vel<br \/>\n01 VAGA<\/p>\n<p>INSTALADOR DE ADESIVOS<br \/>\nEnsino m\u00e9dio completo<br \/>\nExperi\u00eancia comprovada CTPS<br \/>\nPossuir CNH B<br \/>\n01 VAGA<\/p>\n<p>FRENTISTA<br \/>\nEnsino m\u00e9dio completo<br \/>\nExperi\u00eancia comprovada fun\u00e7\u00e3o e disponibilidade de hor\u00e1rio<br \/>\n02 VAGAS<\/p>\n<p>SECRET\u00c1RIA<br \/>\nEnsino m\u00e9dio completo<br \/>\nExperi\u00eancia na fun\u00e7\u00e3o e habilidade com inform\u00e1tica<br \/>\nSer MEI ou ter interesse de se tornar MEI<br \/>\n01 VAGA<\/p>\n<p>GERENTE DE VENDAS<br \/>\nEnsino m\u00e9dio completo<br \/>\nExperi\u00eancia comprovada CTPS<br \/>\nHabilidade com gest\u00e3o de equipe e de metas<br \/>\nPossuir CNH A\/B<br \/>\n01 VAGA<\/p>\n<p>GERENTE DE FROTA<br \/>\nEnsino superior em Administra\u00e7\u00e3o, Log\u00edstica ou \u00e1reas afins<br \/>\nExperi\u00eancia comprovada na fun\u00e7\u00e3o<br \/>\nHabilidade com lideran\u00e7a de equipe, gest\u00e3o de frotas, log\u00edstica e compras<br \/>\nPossuir CNH A\/B<br \/>\n01 VAGA<\/p>\n<p>EMPACOTADOR A M\u00c3O<br \/>\nEnsino fundamental completo<br \/>\nExperi\u00eancia comprovada NA CTPS<br \/>\n02 VAGAS<\/p>\n<p>PADEIRO<br \/>\nEnsino fundamental incompleto<br \/>\nExperi\u00eancia comprovada NA CTPS<br \/>\n02 VAGAS<\/p>\n<p>OPERADOR DE EMPILHADEIRA<br \/>\nEnsino M\u00e9dio completo<br \/>\nExperi\u00eancia comprovada na CTPS<br \/>\nTer curso de operador de empilhadeira<br \/>\n01 VAGA<\/p>\n<p>VENDEDOR EXTERNO<br \/>\nEnsino M\u00e9dio completo<br \/>\nExperi\u00eancia comprovada na fun\u00e7\u00e3o<br \/>\nTer CNH A\/B e desej\u00e1vel possuir transporte<br \/>\n08 VAGAS<\/p>\n<p>VENDEDOR PRACISTA<br \/>\nEnsino M\u00e9dio completo<br \/>\nExperi\u00eancia comprovada na fun\u00e7\u00e3o e disponibilidade de hor\u00e1rio<br \/>\n05 VAGAS<\/p>\n<p>ATENDEDNTE DE LOJA<br \/>\nVAGA EXCLUSIVA PARA PESSOAS COM DEFICI\u00caNCIA<br \/>\nEnsino M\u00e9dio completo<br \/>\nExperi\u00eancia comprovada na fun\u00e7\u00e3o e disponibilidade de hor\u00e1rio<br \/>\n01 VAGA<\/p>\n<p>EMPACOTADOR<br \/>\nVAGA EXCLUSIVA PARA PESSOAS COM DEFICI\u00caNCIA<br \/>\nEnsino M\u00e9dio completo<br \/>\nExperi\u00eancia comprovada na fun\u00e7\u00e3o e disponibilidade de hor\u00e1rio<br \/>\n01 VAGA<\/p>\n<p><strong>VAGAS DE ITABUNA PARA DIA 15\/01\/2025<\/strong><\/p>\n<p>T\u00c9CNICO ELETRICISTA<br \/>\nNR10 E NR35<br \/>\nEnsino m\u00e9dio completo<br \/>\n01 VAGA<\/p>\n<p>AUXILIAR DE COZINHA<br \/>\nEnsino M\u00e9dio completo<br \/>\nExperi\u00eancia m\u00ednima de 03 meses<br \/>\n05 VAGAS<\/p>\n<p>T\u00c9CNICO EM NUTRI\u00c7\u00c3O<br \/>\nEnsino M\u00e9dio completo<br \/>\nExperi\u00eancia m\u00ednima de 03 meses<br \/>\n01 VAGA<\/p>\n<p>SERVENTE DE SERVI\u00c7OS GERAIS<br \/>\nEnsino M\u00e9dio completo<br \/>\nExperi\u00eancia m\u00ednima de 03 meses<br \/>\n01 VAGA<\/p>\n<p>FISCAL DE PREVEN\u00c7\u00c3O DE PERDAS<br \/>\nEnsino M\u00e9dio completo<br \/>\nExperi\u00eancia m\u00ednima de 03 meses<br \/>\n01 VAGA<\/p>\n<p>ATENDENTE DE CAFETERIA<br \/>\nEnsino M\u00e9dio completo<br \/>\nExperi\u00eancia m\u00ednima de 03 meses<br \/>\n01 VAGA<\/p>\n<p>ADMINISTRADOR<br \/>\nEnsino superior completo em administra\u00e7\u00e3o<br \/>\nExperi\u00eancia m\u00ednima de 06 meses<br \/>\n01 VAGA<\/p>\n<p>COZINHEIRO EM GERAL<br \/>\nEnsino M\u00e9dio completo<br \/>\nExperi\u00eancia m\u00ednima de 06 meses<br \/>\n01 VAGA<\/p>\n<p>ALMOXARIFE<br \/>\nEnsino superior em Administra\u00e7\u00e3o ou Log\u00edstica<br \/>\nExperi\u00eancia m\u00ednima de 06 meses<br \/>\n02 VAGAS<\/p>\n<p>MOTORISTA DE CAMINH\u00c3O<br \/>\nEnsino fundamental completo<br \/>\nExperi\u00eancia m\u00ednima de 03 meses<br \/>\nPossuir CNH AD<br \/>\n04 VAGAS<\/p>\n<p>VENDEDOR INTERNO<br \/>\nEnsino M\u00e9dio completo<br \/>\nExperi\u00eancia m\u00ednima de 03 meses<br \/>\n01 VAGA<\/p>\n<p>COZINHEIRO RESTAURANTE<br \/>\nEnsino fundamental completo<br \/>\nExperi\u00eancia m\u00ednima de 03 meses<br \/>\n01 VAGA<\/p>\n<p>AUXILIAR DE MANUTEN\u00c7\u00c3O EL\u00c9TRICA E HIDR\u00c1ULICA<br \/>\nEnsino M\u00e9dio completo<br \/>\nExperi\u00eancia m\u00ednima de 03 meses<br \/>\n01 VAGAS<\/p>\n<p>AUXILIAR DE LINHA DE PRODU\u00c7\u00c3O (PCD)<br \/>\nVAGA EXCLUSIVA PARA PESSOAS COM DEFICI\u00caNCIA<br \/>\nEnsino M\u00e9dio Completo<br \/>\nN\u00e3o exige experi\u00eancia<br \/>\n05 VAGAS<\/p>\n<p><strong>VAGAS DE EUN\u00c1POLIS PARA DIA 15\/01\/2025<\/strong><\/p>\n<p>ATENDENTE DE CAFETERIA<br \/>\nEnsino m\u00e9dio completo<br \/>\nExperi\u00eancia m\u00ednima de 06 meses<br \/>\n01 VAGA<\/p>\n<p>AUXILIAR DE COZINHA<br \/>\nEnsino fundamental completo<br \/>\nExperi\u00eancia m\u00ednima de 06 meses<br \/>\n02 VAGAS<\/p>\n<p>AUXILIAR DE LIMPEZA<br \/>\nEnsino m\u00e9dio completo<br \/>\nExperi\u00eancia m\u00ednima de 06 meses<br \/>\n01 VAGA<\/p>\n<p>BARTENDER<br \/>\nEnsino fundamental completo<br \/>\nExperi\u00eancia m\u00ednima de 06 meses<br \/>\n01 VAGA<\/p>\n<p>CABELEIREIRA<br \/>\nEnsino fundamental completo<br \/>\nExperi\u00eancia m\u00ednima de 06 meses<br \/>\n01 VAGA<\/p>\n<p>CONSULTOR COMERCIAL<br \/>\nEnsino Fundamental completo<br \/>\nExperi\u00eancia m\u00ednima de 06 meses<br \/>\nPossuir CNH AB<br \/>\n02 VAGAS<\/p>\n<p>COZINHEIRO<br \/>\nEnsino Fundamental completo<br \/>\nExperi\u00eancia m\u00ednima de 06 meses<br \/>\n01 VAGA<\/p>\n<p>EMPREGADA DOM\u00c9STICA<br \/>\nEnsino Fundamental completo<br \/>\nExperi\u00eancia m\u00ednima de 06 meses<br \/>\n01 VAGA<\/p>\n<p>GAR\u00c7OM<br \/>\nEnsino Fundamental completo<br \/>\nExperi\u00eancia m\u00ednima de 06 meses<br \/>\n03 VAGAS<\/p>\n<p>MONTADOR DE FORRO<br \/>\nEnsino Fundamental completo<br \/>\nExperi\u00eancia m\u00ednima de 06 meses<br \/>\nPossuir CNH A<br \/>\n01 VAGA<\/p>\n<p>MOTORISTA ENTREGADOR<br \/>\nEnsino Fundamental completo<br \/>\nPossuir CNH D<br \/>\n01 VAGA<\/p>\n<p>OPERADOR DE TELEMARKETING<br \/>\nEnsino M\u00e9dio completo<br \/>\nN\u00e3o exige experi\u00eancia<br \/>\n02 VAGAS<\/p>\n<p>TRABALHADOR RURAL<br \/>\nEnsino Fundamental completo<br \/>\nExperi\u00eancia m\u00ednima de 03 meses<br \/>\n01 VAGA<\/p>\n<p>VENDEDOR<br \/>\nEnsino m\u00e9dio completo<br \/>\nN\u00e3o exige experi\u00eancia<br \/>\n02 VAGAS<\/p>\n","protected":false},"excerpt":{"rendered":"<p>DOCUMENTA\u00c7\u00c3O NECESS\u00c1RIA: Carteira de Trabalho f\u00edsica ou Digital, RG, CPF, comprovantes de resid\u00eancia e escolaridade, al\u00e9m de certificados de cursos, se assim desejar. Essas s\u00e3o apenas algumas vagas dispon\u00edveis e est\u00e3o sujeitas ao limite de encaminhamentos. Para consultar a lista completa, o trabalhador deve comparecer \u00e0 unidade de seu munic\u00edpio. VAGAS DE SALVADOR PARA DIA [&hellip;]<\/p>\n","protected":false},"author":24,"featured_media":836675,"comment_status":"closed","ping_status":"closed","sticky":false,"template":"","format":"standard","meta":[],"categories":[8],"tags":[174,1314,1013],"acf":[],"yoast_head":"<!-- This site is optimized with the Yoast SEO plugin v20.8 - https:\/\/yoast.com\/wordpress\/plugins\/seo\/ -->\n<title>CONFIRA AS VAGAS DO SINEBAHIA PARA QUARTA-FEIRA (15) EM SALVADOR, RMS E INTERIOR DA BAHIA - Bahia Economica<\/title>\n<meta name=\"description\" content=\"O maior portal de Economia da Bahia EMPREGOS \/ CONCURSOS Bahia Economica DOCUMENTA\u00c7\u00c3O NECESS\u00c1RIA: Carteira de Trabalho f\u00edsica ou Digital, RG, CPF, comprovantes de resid\u00eancia e escolaridade, al\u00e9m de certificados de cursos, se assim desejar.\" \/>\n<meta name=\"robots\" content=\"index, follow, max-snippet:-1, max-image-preview:large, max-video-preview:-1\" \/>\n<link rel=\"canonical\" href=\"https:\/\/bahiaeconomica.com.br\/wp\/2025\/01\/14\/confira-as-vagas-do-sinebahia-para-quarta-feira-15-em-salvador-rms-e-interior-da-bahia\/\" \/>\n<meta property=\"og:locale\" content=\"pt_BR\" \/>\n<meta property=\"og:type\" content=\"article\" \/>\n<meta property=\"og:title\" content=\"CONFIRA AS VAGAS DO SINEBAHIA PARA QUARTA-FEIRA (15) EM SALVADOR, RMS E INTERIOR DA BAHIA - Bahia Economica\" \/>\n<meta property=\"og:description\" content=\"O maior portal de Economia da Bahia EMPREGOS \/ CONCURSOS Bahia Economica DOCUMENTA\u00c7\u00c3O NECESS\u00c1RIA: Carteira de Trabalho f\u00edsica ou Digital, RG, CPF, comprovantes de resid\u00eancia e escolaridade, al\u00e9m de certificados de cursos, se assim desejar.\" \/>\n<meta property=\"og:url\" content=\"https:\/\/bahiaeconomica.com.br\/wp\/2025\/01\/14\/confira-as-vagas-do-sinebahia-para-quarta-feira-15-em-salvador-rms-e-interior-da-bahia\/\" \/>\n<meta property=\"og:site_name\" content=\"Bahia Economica\" \/>\n<meta property=\"article:publisher\" content=\"https:\/\/www.facebook.com\/bahiaeconomica\" \/>\n<meta property=\"article:published_time\" content=\"2025-01-14T19:28:34+00:00\" \/>\n<meta property=\"og:image\" content=\"https:\/\/bahiaeconomica.com.br\/wp\/wp-content\/uploads\/2024\/08\/sinebahia-06.04-3.webp\" \/>\n\t<meta property=\"og:image:width\" content=\"768\" \/>\n\t<meta property=\"og:image:height\" content=\"512\" \/>\n\t<meta property=\"og:image:type\" content=\"image\/webp\" \/>\n<meta name=\"author\" content=\"VICTOR OLIVEIRA\" \/>\n<meta name=\"twitter:card\" content=\"summary_large_image\" \/>\n<meta name=\"twitter:label1\" content=\"Escrito por\" \/>\n\t<meta name=\"twitter:data1\" content=\"VICTOR OLIVEIRA\" \/>\n\t<meta name=\"twitter:label2\" content=\"Est. tempo de leitura\" \/>\n\t<meta name=\"twitter:data2\" content=\"11 minutos\" \/>\n<script type=\"application\/ld+json\" class=\"yoast-schema-graph\">{\"@context\":\"https:\/\/schema.org\",\"@graph\":[{\"@type\":\"Article\",\"@id\":\"https:\/\/bahiaeconomica.com.br\/wp\/2025\/01\/14\/confira-as-vagas-do-sinebahia-para-quarta-feira-15-em-salvador-rms-e-interior-da-bahia\/#article\",\"isPartOf\":{\"@id\":\"https:\/\/bahiaeconomica.com.br\/wp\/2025\/01\/14\/confira-as-vagas-do-sinebahia-para-quarta-feira-15-em-salvador-rms-e-interior-da-bahia\/\"},\"author\":{\"name\":\"VICTOR OLIVEIRA\",\"@id\":\"https:\/\/bahiaeconomica.com.br\/wp\/#\/schema\/person\/a17956d0e1112b626f403fb06b8129a9\"},\"headline\":\"CONFIRA AS VAGAS DO SINEBAHIA PARA QUARTA-FEIRA (15) EM SALVADOR, RMS E INTERIOR DA BAHIA\",\"datePublished\":\"2025-01-14T19:28:34+00:00\",\"dateModified\":\"2025-01-14T19:28:34+00:00\",\"mainEntityOfPage\":{\"@id\":\"https:\/\/bahiaeconomica.com.br\/wp\/2025\/01\/14\/confira-as-vagas-do-sinebahia-para-quarta-feira-15-em-salvador-rms-e-interior-da-bahia\/\"},\"wordCount\":2138,\"publisher\":{\"@id\":\"https:\/\/bahiaeconomica.com.br\/wp\/#organization\"},\"keywords\":[\"emprego\",\"SineBahia\",\"vagas\"],\"articleSection\":[\"EMPREGOS \/ CONCURSOS\"],\"inLanguage\":\"pt-BR\"},{\"@type\":\"WebPage\",\"@id\":\"https:\/\/bahiaeconomica.com.br\/wp\/2025\/01\/14\/confira-as-vagas-do-sinebahia-para-quarta-feira-15-em-salvador-rms-e-interior-da-bahia\/\",\"url\":\"https:\/\/bahiaeconomica.com.br\/wp\/2025\/01\/14\/confira-as-vagas-do-sinebahia-para-quarta-feira-15-em-salvador-rms-e-interior-da-bahia\/\",\"name\":\"CONFIRA AS VAGAS DO SINEBAHIA PARA QUARTA-FEIRA (15) EM SALVADOR, RMS E INTERIOR DA BAHIA - Bahia Economica\",\"isPartOf\":{\"@id\":\"https:\/\/bahiaeconomica.com.br\/wp\/#website\"},\"datePublished\":\"2025-01-14T19:28:34+00:00\",\"dateModified\":\"2025-01-14T19:28:34+00:00\",\"description\":\"O maior portal de Economia da Bahia EMPREGOS \/ CONCURSOS Bahia Economica DOCUMENTA\u00c7\u00c3O NECESS\u00c1RIA: Carteira de Trabalho f\u00edsica ou Digital, RG, CPF, comprovantes de resid\u00eancia e escolaridade, al\u00e9m de certificados de cursos, se assim desejar.\",\"breadcrumb\":{\"@id\":\"https:\/\/bahiaeconomica.com.br\/wp\/2025\/01\/14\/confira-as-vagas-do-sinebahia-para-quarta-feira-15-em-salvador-rms-e-interior-da-bahia\/#breadcrumb\"},\"inLanguage\":\"pt-BR\",\"potentialAction\":[{\"@type\":\"ReadAction\",\"target\":[\"https:\/\/bahiaeconomica.com.br\/wp\/2025\/01\/14\/confira-as-vagas-do-sinebahia-para-quarta-feira-15-em-salvador-rms-e-interior-da-bahia\/\"]}]},{\"@type\":\"BreadcrumbList\",\"@id\":\"https:\/\/bahiaeconomica.com.br\/wp\/2025\/01\/14\/confira-as-vagas-do-sinebahia-para-quarta-feira-15-em-salvador-rms-e-interior-da-bahia\/#breadcrumb\",\"itemListElement\":[{\"@type\":\"ListItem\",\"position\":1,\"name\":\"In\u00edcio\",\"item\":\"https:\/\/bahiaeconomica.com.br\/wp\/\"},{\"@type\":\"ListItem\",\"position\":2,\"name\":\"CONFIRA AS VAGAS DO SINEBAHIA PARA QUARTA-FEIRA (15) EM SALVADOR, RMS E INTERIOR DA BAHIA\"}]},{\"@type\":\"WebSite\",\"@id\":\"https:\/\/bahiaeconomica.com.br\/wp\/#website\",\"url\":\"https:\/\/bahiaeconomica.com.br\/wp\/\",\"name\":\"Bahia Economica\",\"description\":\"O maior portal de Economia da Bahia\",\"publisher\":{\"@id\":\"https:\/\/bahiaeconomica.com.br\/wp\/#organization\"},\"potentialAction\":[{\"@type\":\"SearchAction\",\"target\":{\"@type\":\"EntryPoint\",\"urlTemplate\":\"https:\/\/bahiaeconomica.com.br\/wp\/?s={search_term_string}\"},\"query-input\":\"required name=search_term_string\"}],\"inLanguage\":\"pt-BR\"},{\"@type\":\"Organization\",\"@id\":\"https:\/\/bahiaeconomica.com.br\/wp\/#organization\",\"name\":\"Bahia Econ\u00f4mica\",\"url\":\"https:\/\/bahiaeconomica.com.br\/wp\/\",\"logo\":{\"@type\":\"ImageObject\",\"inLanguage\":\"pt-BR\",\"@id\":\"https:\/\/bahiaeconomica.com.br\/wp\/#\/schema\/logo\/image\/\",\"url\":\"https:\/\/bahiaeconomica.com.br\/wp\/wp-content\/uploads\/2020\/12\/cropped-BE.png\",\"contentUrl\":\"https:\/\/bahiaeconomica.com.br\/wp\/wp-content\/uploads\/2020\/12\/cropped-BE.png\",\"width\":512,\"height\":512,\"caption\":\"Bahia Econ\u00f4mica\"},\"image\":{\"@id\":\"https:\/\/bahiaeconomica.com.br\/wp\/#\/schema\/logo\/image\/\"},\"sameAs\":[\"https:\/\/www.facebook.com\/bahiaeconomica\"]},{\"@type\":\"Person\",\"@id\":\"https:\/\/bahiaeconomica.com.br\/wp\/#\/schema\/person\/a17956d0e1112b626f403fb06b8129a9\",\"name\":\"VICTOR OLIVEIRA\",\"sameAs\":[\"http:\/\/www.bahiaeconomica.com.br\"],\"url\":\"https:\/\/bahiaeconomica.com.br\/wp\/author\/victor-oliveira\/\"}]}<\/script>\n<!-- \/ Yoast SEO plugin. -->","yoast_head_json":{"title":"CONFIRA AS VAGAS DO SINEBAHIA PARA QUARTA-FEIRA (15) EM SALVADOR, RMS E INTERIOR DA BAHIA - Bahia Economica","description":"O maior portal de Economia da Bahia EMPREGOS \/ CONCURSOS Bahia Economica DOCUMENTA\u00c7\u00c3O NECESS\u00c1RIA: Carteira de Trabalho f\u00edsica ou Digital, RG, CPF, comprovantes de resid\u00eancia e escolaridade, al\u00e9m de certificados de cursos, se assim desejar.","robots":{"index":"index","follow":"follow","max-snippet":"max-snippet:-1","max-image-preview":"max-image-preview:large","max-video-preview":"max-video-preview:-1"},"canonical":"https:\/\/bahiaeconomica.com.br\/wp\/2025\/01\/14\/confira-as-vagas-do-sinebahia-para-quarta-feira-15-em-salvador-rms-e-interior-da-bahia\/","og_locale":"pt_BR","og_type":"article","og_title":"CONFIRA AS VAGAS DO SINEBAHIA PARA QUARTA-FEIRA (15) EM SALVADOR, RMS E INTERIOR DA BAHIA - Bahia Economica","og_description":"O maior portal de Economia da Bahia EMPREGOS \/ CONCURSOS Bahia Economica DOCUMENTA\u00c7\u00c3O NECESS\u00c1RIA: Carteira de Trabalho f\u00edsica ou Digital, RG, CPF, comprovantes de resid\u00eancia e escolaridade, al\u00e9m de certificados de cursos, se assim desejar.","og_url":"https:\/\/bahiaeconomica.com.br\/wp\/2025\/01\/14\/confira-as-vagas-do-sinebahia-para-quarta-feira-15-em-salvador-rms-e-interior-da-bahia\/","og_site_name":"Bahia Economica","article_publisher":"https:\/\/www.facebook.com\/bahiaeconomica","article_published_time":"2025-01-14T19:28:34+00:00","og_image":[{"width":768,"height":512,"url":"https:\/\/bahiaeconomica.com.br\/wp\/wp-content\/uploads\/2024\/08\/sinebahia-06.04-3.webp","type":"image\/webp"}],"author":"VICTOR OLIVEIRA","twitter_card":"summary_large_image","twitter_misc":{"Escrito por":"VICTOR OLIVEIRA","Est. tempo de leitura":"11 minutos"},"schema":{"@context":"https:\/\/schema.org","@graph":[{"@type":"Article","@id":"https:\/\/bahiaeconomica.com.br\/wp\/2025\/01\/14\/confira-as-vagas-do-sinebahia-para-quarta-feira-15-em-salvador-rms-e-interior-da-bahia\/#article","isPartOf":{"@id":"https:\/\/bahiaeconomica.com.br\/wp\/2025\/01\/14\/confira-as-vagas-do-sinebahia-para-quarta-feira-15-em-salvador-rms-e-interior-da-bahia\/"},"author":{"name":"VICTOR OLIVEIRA","@id":"https:\/\/bahiaeconomica.com.br\/wp\/#\/schema\/person\/a17956d0e1112b626f403fb06b8129a9"},"headline":"CONFIRA AS VAGAS DO SINEBAHIA PARA QUARTA-FEIRA (15) EM SALVADOR, RMS E INTERIOR DA BAHIA","datePublished":"2025-01-14T19:28:34+00:00","dateModified":"2025-01-14T19:28:34+00:00","mainEntityOfPage":{"@id":"https:\/\/bahiaeconomica.com.br\/wp\/2025\/01\/14\/confira-as-vagas-do-sinebahia-para-quarta-feira-15-em-salvador-rms-e-interior-da-bahia\/"},"wordCount":2138,"publisher":{"@id":"https:\/\/bahiaeconomica.com.br\/wp\/#organization"},"keywords":["emprego","SineBahia","vagas"],"articleSection":["EMPREGOS \/ CONCURSOS"],"inLanguage":"pt-BR"},{"@type":"WebPage","@id":"https:\/\/bahiaeconomica.com.br\/wp\/2025\/01\/14\/confira-as-vagas-do-sinebahia-para-quarta-feira-15-em-salvador-rms-e-interior-da-bahia\/","url":"https:\/\/bahiaeconomica.com.br\/wp\/2025\/01\/14\/confira-as-vagas-do-sinebahia-para-quarta-feira-15-em-salvador-rms-e-interior-da-bahia\/","name":"CONFIRA AS VAGAS DO SINEBAHIA PARA QUARTA-FEIRA (15) EM SALVADOR, RMS E INTERIOR DA BAHIA - Bahia Economica","isPartOf":{"@id":"https:\/\/bahiaeconomica.com.br\/wp\/#website"},"datePublished":"2025-01-14T19:28:34+00:00","dateModified":"2025-01-14T19:28:34+00:00","description":"O maior portal de Economia da Bahia EMPREGOS \/ CONCURSOS Bahia Economica DOCUMENTA\u00c7\u00c3O NECESS\u00c1RIA: Carteira de Trabalho f\u00edsica ou Digital, RG, CPF, comprovantes de resid\u00eancia e escolaridade, al\u00e9m de certificados de cursos, se assim desejar.","breadcrumb":{"@id":"https:\/\/bahiaeconomica.com.br\/wp\/2025\/01\/14\/confira-as-vagas-do-sinebahia-para-quarta-feira-15-em-salvador-rms-e-interior-da-bahia\/#breadcrumb"},"inLanguage":"pt-BR","potentialAction":[{"@type":"ReadAction","target":["https:\/\/bahiaeconomica.com.br\/wp\/2025\/01\/14\/confira-as-vagas-do-sinebahia-para-quarta-feira-15-em-salvador-rms-e-interior-da-bahia\/"]}]},{"@type":"BreadcrumbList","@id":"https:\/\/bahiaeconomica.com.br\/wp\/2025\/01\/14\/confira-as-vagas-do-sinebahia-para-quarta-feira-15-em-salvador-rms-e-interior-da-bahia\/#breadcrumb","itemListElement":[{"@type":"ListItem","position":1,"name":"In\u00edcio","item":"https:\/\/bahiaeconomica.com.br\/wp\/"},{"@type":"ListItem","position":2,"name":"CONFIRA AS VAGAS DO SINEBAHIA PARA QUARTA-FEIRA (15) EM SALVADOR, RMS E INTERIOR DA BAHIA"}]},{"@type":"WebSite","@id":"https:\/\/bahiaeconomica.com.br\/wp\/#website","url":"https:\/\/bahiaeconomica.com.br\/wp\/","name":"Bahia Economica","description":"O maior portal de Economia da Bahia","publisher":{"@id":"https:\/\/bahiaeconomica.com.br\/wp\/#organization"},"potentialAction":[{"@type":"SearchAction","target":{"@type":"EntryPoint","urlTemplate":"https:\/\/bahiaeconomica.com.br\/wp\/?s={search_term_string}"},"query-input":"required name=search_term_string"}],"inLanguage":"pt-BR"},{"@type":"Organization","@id":"https:\/\/bahiaeconomica.com.br\/wp\/#organization","name":"Bahia Econ\u00f4mica","url":"https:\/\/bahiaeconomica.com.br\/wp\/","logo":{"@type":"ImageObject","inLanguage":"pt-BR","@id":"https:\/\/bahiaeconomica.com.br\/wp\/#\/schema\/logo\/image\/","url":"https:\/\/bahiaeconomica.com.br\/wp\/wp-content\/uploads\/2020\/12\/cropped-BE.png","contentUrl":"https:\/\/bahiaeconomica.com.br\/wp\/wp-content\/uploads\/2020\/12\/cropped-BE.png","width":512,"height":512,"caption":"Bahia Econ\u00f4mica"},"image":{"@id":"https:\/\/bahiaeconomica.com.br\/wp\/#\/schema\/logo\/image\/"},"sameAs":["https:\/\/www.facebook.com\/bahiaeconomica"]},{"@type":"Person","@id":"https:\/\/bahiaeconomica.com.br\/wp\/#\/schema\/person\/a17956d0e1112b626f403fb06b8129a9","name":"VICTOR OLIVEIRA","sameAs":["http:\/\/www.bahiaeconomica.com.br"],"url":"https:\/\/bahiaeconomica.com.br\/wp\/author\/victor-oliveira\/"}]}},"views":72,"_links":{"self":[{"href":"https:\/\/bahiaeconomica.com.br\/wp\/wp-json\/wp\/v2\/posts\/873193"}],"collection":[{"href":"https:\/\/bahiaeconomica.com.br\/wp\/wp-json\/wp\/v2\/posts"}],"about":[{"href":"https:\/\/bahiaeconomica.com.br\/wp\/wp-json\/wp\/v2\/types\/post"}],"author":[{"embeddable":true,"href":"https:\/\/bahiaeconomica.com.br\/wp\/wp-json\/wp\/v2\/users\/24"}],"replies":[{"embeddable":true,"href":"https:\/\/bahiaeconomica.com.br\/wp\/wp-json\/wp\/v2\/comments?post=873193"}],"version-history":[{"count":1,"href":"https:\/\/bahiaeconomica.com.br\/wp\/wp-json\/wp\/v2\/posts\/873193\/revisions"}],"predecessor-version":[{"id":873198,"href":"https:\/\/bahiaeconomica.com.br\/wp\/wp-json\/wp\/v2\/posts\/873193\/revisions\/873198"}],"wp:featuredmedia":[{"embeddable":true,"href":"https:\/\/bahiaeconomica.com.br\/wp\/wp-json\/wp\/v2\/media\/836675"}],"wp:attachment":[{"href":"https:\/\/bahiaeconomica.com.br\/wp\/wp-json\/wp\/v2\/media?parent=873193"}],"wp:term":[{"taxonomy":"category","embeddable":true,"href":"https:\/\/bahiaeconomica.com.br\/wp\/wp-json\/wp\/v2\/categories?post=873193"},{"taxonomy":"post_tag","embeddable":true,"href":"https:\/\/bahiaeconomica.com.br\/wp\/wp-json\/wp\/v2\/tags?post=873193"}],"curies":[{"name":"wp","href":"https:\/\/api.w.org\/{rel}","templated":true}]}}