{"id":872364,"date":"2025-01-10T10:20:53","date_gmt":"2025-01-10T13:20:53","guid":{"rendered":"https:\/\/bahiaeconomica.com.br\/wp\/?p=872364"},"modified":"2025-01-10T10:01:12","modified_gmt":"2025-01-10T13:01:12","slug":"jeronimo-lanca-programacao-e-acoes-promovidas-pelo-governo-do-estado-durante-o-verao-nesta-sexta-feira-10","status":"publish","type":"post","link":"https:\/\/bahiaeconomica.com.br\/wp\/2025\/01\/10\/jeronimo-lanca-programacao-e-acoes-promovidas-pelo-governo-do-estado-durante-o-verao-nesta-sexta-feira-10\/","title":{"rendered":"JER\u00d4NIMO LAN\u00c7A PROGRAMA\u00c7\u00c3O E A\u00c7\u00d5ES PROMOVIDAS PELO GOVERNO DO ESTADO DURANTE O VER\u00c3O NESTA SEXTA-FEIRA (10)"},"content":{"rendered":"<p>Nesta sexta-feira (10), \u00e0s 17h, em Salvador, o governador Jer\u00f4nimo Rodrigues vai apresentar o &#8216;Ver\u00e3o Ax\u00e9 40&#8217;, que re\u00fane a\u00e7\u00f5es promovidas pelo Governo do Estado para baianos e turistas, durante o ver\u00e3o, na capital baiana, com programa\u00e7\u00e3o diversificada que abrange \u00e1reas como turismo, cultura, seguran\u00e7a, esporte, trabalho e direitos humanos. O lan\u00e7amento ser\u00e1 realizado no 5\u00ba andar do Centro de Opera\u00e7\u00f5es e Intelig\u00eancia da Seguran\u00e7a P\u00fablica (COI), localizado no Centro Administrativo da Bahia (CAB).<\/p>\n<p>Foto: Feij\u00e3o Almeida\/GOVBA<\/p>\n","protected":false},"excerpt":{"rendered":"<p>Nesta sexta-feira (10), \u00e0s 17h, em Salvador, o governador Jer\u00f4nimo Rodrigues vai apresentar o &#8216;Ver\u00e3o Ax\u00e9 40&#8217;, que re\u00fane a\u00e7\u00f5es promovidas pelo Governo do Estado para baianos e turistas, durante o ver\u00e3o, na capital baiana, com programa\u00e7\u00e3o diversificada que abrange \u00e1reas como turismo, cultura, seguran\u00e7a, esporte, trabalho e direitos humanos. O lan\u00e7amento ser\u00e1 realizado no [&hellip;]<\/p>\n","protected":false},"author":20,"featured_media":872390,"comment_status":"closed","ping_status":"closed","sticky":false,"template":"","format":"standard","meta":[],"categories":[5],"tags":[85,1544,442,1132,35956],"acf":[],"yoast_head":"<!-- This site is optimized with the Yoast SEO plugin v20.8 - https:\/\/yoast.com\/wordpress\/plugins\/seo\/ -->\n<title>JER\u00d4NIMO LAN\u00c7A PROGRAMA\u00c7\u00c3O E A\u00c7\u00d5ES PROMOVIDAS PELO GOVERNO DO ESTADO DURANTE O VER\u00c3O NESTA SEXTA-FEIRA (10) - Bahia Economica<\/title>\n<meta name=\"description\" content=\"O maior portal de Economia da Bahia MUNIC\u00cdPIOS Bahia Economica lan\u00e7amento ser\u00e1 realizado no COI, localizado no CAB\" \/>\n<meta name=\"robots\" content=\"index, follow, max-snippet:-1, max-image-preview:large, max-video-preview:-1\" \/>\n<link rel=\"canonical\" href=\"https:\/\/bahiaeconomica.com.br\/wp\/2025\/01\/10\/jeronimo-lanca-programacao-e-acoes-promovidas-pelo-governo-do-estado-durante-o-verao-nesta-sexta-feira-10\/\" \/>\n<meta property=\"og:locale\" content=\"pt_BR\" \/>\n<meta property=\"og:type\" content=\"article\" \/>\n<meta property=\"og:title\" content=\"JER\u00d4NIMO LAN\u00c7A PROGRAMA\u00c7\u00c3O E A\u00c7\u00d5ES PROMOVIDAS PELO GOVERNO DO ESTADO DURANTE O VER\u00c3O NESTA SEXTA-FEIRA (10) - Bahia Economica\" \/>\n<meta property=\"og:description\" content=\"O maior portal de Economia da Bahia MUNIC\u00cdPIOS Bahia Economica lan\u00e7amento ser\u00e1 realizado no COI, localizado no CAB\" \/>\n<meta property=\"og:url\" content=\"https:\/\/bahiaeconomica.com.br\/wp\/2025\/01\/10\/jeronimo-lanca-programacao-e-acoes-promovidas-pelo-governo-do-estado-durante-o-verao-nesta-sexta-feira-10\/\" \/>\n<meta property=\"og:site_name\" content=\"Bahia Economica\" \/>\n<meta property=\"article:publisher\" content=\"https:\/\/www.facebook.com\/bahiaeconomica\" \/>\n<meta property=\"article:published_time\" content=\"2025-01-10T13:20:53+00:00\" \/>\n<meta property=\"article:modified_time\" content=\"2025-01-10T13:01:12+00:00\" \/>\n<meta property=\"og:image\" content=\"https:\/\/bahiaeconomica.com.br\/wp\/wp-content\/uploads\/2025\/01\/Feijao-Almeida-GOVBA-1-900x600-1.webp\" \/>\n\t<meta property=\"og:image:width\" content=\"900\" \/>\n\t<meta property=\"og:image:height\" content=\"600\" \/>\n\t<meta property=\"og:image:type\" content=\"image\/webp\" \/>\n<meta name=\"author\" content=\"BRUNA CARVALHO\" \/>\n<meta name=\"twitter:card\" content=\"summary_large_image\" \/>\n<meta name=\"twitter:label1\" content=\"Escrito por\" \/>\n\t<meta name=\"twitter:data1\" content=\"BRUNA CARVALHO\" \/>\n\t<meta name=\"twitter:label2\" content=\"Est. tempo de leitura\" \/>\n\t<meta name=\"twitter:data2\" content=\"1 minuto\" \/>\n<script type=\"application\/ld+json\" class=\"yoast-schema-graph\">{\"@context\":\"https:\/\/schema.org\",\"@graph\":[{\"@type\":\"Article\",\"@id\":\"https:\/\/bahiaeconomica.com.br\/wp\/2025\/01\/10\/jeronimo-lanca-programacao-e-acoes-promovidas-pelo-governo-do-estado-durante-o-verao-nesta-sexta-feira-10\/#article\",\"isPartOf\":{\"@id\":\"https:\/\/bahiaeconomica.com.br\/wp\/2025\/01\/10\/jeronimo-lanca-programacao-e-acoes-promovidas-pelo-governo-do-estado-durante-o-verao-nesta-sexta-feira-10\/\"},\"author\":{\"name\":\"BRUNA CARVALHO\",\"@id\":\"https:\/\/bahiaeconomica.com.br\/wp\/#\/schema\/person\/9310b0e591f5979f6f99773eac5804e6\"},\"headline\":\"JER\u00d4NIMO LAN\u00c7A PROGRAMA\u00c7\u00c3O E A\u00c7\u00d5ES PROMOVIDAS PELO GOVERNO DO ESTADO DURANTE O VER\u00c3O NESTA SEXTA-FEIRA (10)\",\"datePublished\":\"2025-01-10T13:20:53+00:00\",\"dateModified\":\"2025-01-10T13:01:12+00:00\",\"mainEntityOfPage\":{\"@id\":\"https:\/\/bahiaeconomica.com.br\/wp\/2025\/01\/10\/jeronimo-lanca-programacao-e-acoes-promovidas-pelo-governo-do-estado-durante-o-verao-nesta-sexta-feira-10\/\"},\"wordCount\":108,\"publisher\":{\"@id\":\"https:\/\/bahiaeconomica.com.br\/wp\/#organization\"},\"keywords\":[\"Bahia\",\"jeronimo\",\"Turismo\",\"ver\u00e3o\",\"verao axe 40\"],\"articleSection\":[\"MUNIC\u00cdPIOS\"],\"inLanguage\":\"pt-BR\"},{\"@type\":\"WebPage\",\"@id\":\"https:\/\/bahiaeconomica.com.br\/wp\/2025\/01\/10\/jeronimo-lanca-programacao-e-acoes-promovidas-pelo-governo-do-estado-durante-o-verao-nesta-sexta-feira-10\/\",\"url\":\"https:\/\/bahiaeconomica.com.br\/wp\/2025\/01\/10\/jeronimo-lanca-programacao-e-acoes-promovidas-pelo-governo-do-estado-durante-o-verao-nesta-sexta-feira-10\/\",\"name\":\"JER\u00d4NIMO LAN\u00c7A PROGRAMA\u00c7\u00c3O E A\u00c7\u00d5ES PROMOVIDAS PELO GOVERNO DO ESTADO DURANTE O VER\u00c3O NESTA SEXTA-FEIRA (10) - Bahia Economica\",\"isPartOf\":{\"@id\":\"https:\/\/bahiaeconomica.com.br\/wp\/#website\"},\"datePublished\":\"2025-01-10T13:20:53+00:00\",\"dateModified\":\"2025-01-10T13:01:12+00:00\",\"description\":\"O maior portal de Economia da Bahia MUNIC\u00cdPIOS Bahia Economica lan\u00e7amento ser\u00e1 realizado no COI, localizado no CAB\",\"breadcrumb\":{\"@id\":\"https:\/\/bahiaeconomica.com.br\/wp\/2025\/01\/10\/jeronimo-lanca-programacao-e-acoes-promovidas-pelo-governo-do-estado-durante-o-verao-nesta-sexta-feira-10\/#breadcrumb\"},\"inLanguage\":\"pt-BR\",\"potentialAction\":[{\"@type\":\"ReadAction\",\"target\":[\"https:\/\/bahiaeconomica.com.br\/wp\/2025\/01\/10\/jeronimo-lanca-programacao-e-acoes-promovidas-pelo-governo-do-estado-durante-o-verao-nesta-sexta-feira-10\/\"]}]},{\"@type\":\"BreadcrumbList\",\"@id\":\"https:\/\/bahiaeconomica.com.br\/wp\/2025\/01\/10\/jeronimo-lanca-programacao-e-acoes-promovidas-pelo-governo-do-estado-durante-o-verao-nesta-sexta-feira-10\/#breadcrumb\",\"itemListElement\":[{\"@type\":\"ListItem\",\"position\":1,\"name\":\"In\u00edcio\",\"item\":\"https:\/\/bahiaeconomica.com.br\/wp\/\"},{\"@type\":\"ListItem\",\"position\":2,\"name\":\"JER\u00d4NIMO LAN\u00c7A PROGRAMA\u00c7\u00c3O E A\u00c7\u00d5ES PROMOVIDAS PELO GOVERNO DO ESTADO DURANTE O VER\u00c3O NESTA SEXTA-FEIRA (10)\"}]},{\"@type\":\"WebSite\",\"@id\":\"https:\/\/bahiaeconomica.com.br\/wp\/#website\",\"url\":\"https:\/\/bahiaeconomica.com.br\/wp\/\",\"name\":\"Bahia Economica\",\"description\":\"O maior portal de Economia da Bahia\",\"publisher\":{\"@id\":\"https:\/\/bahiaeconomica.com.br\/wp\/#organization\"},\"potentialAction\":[{\"@type\":\"SearchAction\",\"target\":{\"@type\":\"EntryPoint\",\"urlTemplate\":\"https:\/\/bahiaeconomica.com.br\/wp\/?s={search_term_string}\"},\"query-input\":\"required name=search_term_string\"}],\"inLanguage\":\"pt-BR\"},{\"@type\":\"Organization\",\"@id\":\"https:\/\/bahiaeconomica.com.br\/wp\/#organization\",\"name\":\"Bahia Econ\u00f4mica\",\"url\":\"https:\/\/bahiaeconomica.com.br\/wp\/\",\"logo\":{\"@type\":\"ImageObject\",\"inLanguage\":\"pt-BR\",\"@id\":\"https:\/\/bahiaeconomica.com.br\/wp\/#\/schema\/logo\/image\/\",\"url\":\"https:\/\/bahiaeconomica.com.br\/wp\/wp-content\/uploads\/2020\/12\/cropped-BE.png\",\"contentUrl\":\"https:\/\/bahiaeconomica.com.br\/wp\/wp-content\/uploads\/2020\/12\/cropped-BE.png\",\"width\":512,\"height\":512,\"caption\":\"Bahia Econ\u00f4mica\"},\"image\":{\"@id\":\"https:\/\/bahiaeconomica.com.br\/wp\/#\/schema\/logo\/image\/\"},\"sameAs\":[\"https:\/\/www.facebook.com\/bahiaeconomica\"]},{\"@type\":\"Person\",\"@id\":\"https:\/\/bahiaeconomica.com.br\/wp\/#\/schema\/person\/9310b0e591f5979f6f99773eac5804e6\",\"name\":\"BRUNA CARVALHO\",\"sameAs\":[\"http:\/\/www.bahiaeconomica.com.br\"],\"url\":\"https:\/\/bahiaeconomica.com.br\/wp\/author\/bruna\/\"}]}<\/script>\n<!-- \/ Yoast SEO plugin. -->","yoast_head_json":{"title":"JER\u00d4NIMO LAN\u00c7A PROGRAMA\u00c7\u00c3O E A\u00c7\u00d5ES PROMOVIDAS PELO GOVERNO DO ESTADO DURANTE O VER\u00c3O NESTA SEXTA-FEIRA (10) - Bahia Economica","description":"O maior portal de Economia da Bahia MUNIC\u00cdPIOS Bahia Economica lan\u00e7amento ser\u00e1 realizado no COI, localizado no CAB","robots":{"index":"index","follow":"follow","max-snippet":"max-snippet:-1","max-image-preview":"max-image-preview:large","max-video-preview":"max-video-preview:-1"},"canonical":"https:\/\/bahiaeconomica.com.br\/wp\/2025\/01\/10\/jeronimo-lanca-programacao-e-acoes-promovidas-pelo-governo-do-estado-durante-o-verao-nesta-sexta-feira-10\/","og_locale":"pt_BR","og_type":"article","og_title":"JER\u00d4NIMO LAN\u00c7A PROGRAMA\u00c7\u00c3O E A\u00c7\u00d5ES PROMOVIDAS PELO GOVERNO DO ESTADO DURANTE O VER\u00c3O NESTA SEXTA-FEIRA (10) - Bahia Economica","og_description":"O maior portal de Economia da Bahia MUNIC\u00cdPIOS Bahia Economica lan\u00e7amento ser\u00e1 realizado no COI, localizado no CAB","og_url":"https:\/\/bahiaeconomica.com.br\/wp\/2025\/01\/10\/jeronimo-lanca-programacao-e-acoes-promovidas-pelo-governo-do-estado-durante-o-verao-nesta-sexta-feira-10\/","og_site_name":"Bahia Economica","article_publisher":"https:\/\/www.facebook.com\/bahiaeconomica","article_published_time":"2025-01-10T13:20:53+00:00","article_modified_time":"2025-01-10T13:01:12+00:00","og_image":[{"width":900,"height":600,"url":"https:\/\/bahiaeconomica.com.br\/wp\/wp-content\/uploads\/2025\/01\/Feijao-Almeida-GOVBA-1-900x600-1.webp","type":"image\/webp"}],"author":"BRUNA CARVALHO","twitter_card":"summary_large_image","twitter_misc":{"Escrito por":"BRUNA CARVALHO","Est. tempo de leitura":"1 minuto"},"schema":{"@context":"https:\/\/schema.org","@graph":[{"@type":"Article","@id":"https:\/\/bahiaeconomica.com.br\/wp\/2025\/01\/10\/jeronimo-lanca-programacao-e-acoes-promovidas-pelo-governo-do-estado-durante-o-verao-nesta-sexta-feira-10\/#article","isPartOf":{"@id":"https:\/\/bahiaeconomica.com.br\/wp\/2025\/01\/10\/jeronimo-lanca-programacao-e-acoes-promovidas-pelo-governo-do-estado-durante-o-verao-nesta-sexta-feira-10\/"},"author":{"name":"BRUNA CARVALHO","@id":"https:\/\/bahiaeconomica.com.br\/wp\/#\/schema\/person\/9310b0e591f5979f6f99773eac5804e6"},"headline":"JER\u00d4NIMO LAN\u00c7A PROGRAMA\u00c7\u00c3O E A\u00c7\u00d5ES PROMOVIDAS PELO GOVERNO DO ESTADO DURANTE O VER\u00c3O NESTA SEXTA-FEIRA (10)","datePublished":"2025-01-10T13:20:53+00:00","dateModified":"2025-01-10T13:01:12+00:00","mainEntityOfPage":{"@id":"https:\/\/bahiaeconomica.com.br\/wp\/2025\/01\/10\/jeronimo-lanca-programacao-e-acoes-promovidas-pelo-governo-do-estado-durante-o-verao-nesta-sexta-feira-10\/"},"wordCount":108,"publisher":{"@id":"https:\/\/bahiaeconomica.com.br\/wp\/#organization"},"keywords":["Bahia","jeronimo","Turismo","ver\u00e3o","verao axe 40"],"articleSection":["MUNIC\u00cdPIOS"],"inLanguage":"pt-BR"},{"@type":"WebPage","@id":"https:\/\/bahiaeconomica.com.br\/wp\/2025\/01\/10\/jeronimo-lanca-programacao-e-acoes-promovidas-pelo-governo-do-estado-durante-o-verao-nesta-sexta-feira-10\/","url":"https:\/\/bahiaeconomica.com.br\/wp\/2025\/01\/10\/jeronimo-lanca-programacao-e-acoes-promovidas-pelo-governo-do-estado-durante-o-verao-nesta-sexta-feira-10\/","name":"JER\u00d4NIMO LAN\u00c7A PROGRAMA\u00c7\u00c3O E A\u00c7\u00d5ES PROMOVIDAS PELO GOVERNO DO ESTADO DURANTE O VER\u00c3O NESTA SEXTA-FEIRA (10) - Bahia Economica","isPartOf":{"@id":"https:\/\/bahiaeconomica.com.br\/wp\/#website"},"datePublished":"2025-01-10T13:20:53+00:00","dateModified":"2025-01-10T13:01:12+00:00","description":"O maior portal de Economia da Bahia MUNIC\u00cdPIOS Bahia Economica lan\u00e7amento ser\u00e1 realizado no COI, localizado no CAB","breadcrumb":{"@id":"https:\/\/bahiaeconomica.com.br\/wp\/2025\/01\/10\/jeronimo-lanca-programacao-e-acoes-promovidas-pelo-governo-do-estado-durante-o-verao-nesta-sexta-feira-10\/#breadcrumb"},"inLanguage":"pt-BR","potentialAction":[{"@type":"ReadAction","target":["https:\/\/bahiaeconomica.com.br\/wp\/2025\/01\/10\/jeronimo-lanca-programacao-e-acoes-promovidas-pelo-governo-do-estado-durante-o-verao-nesta-sexta-feira-10\/"]}]},{"@type":"BreadcrumbList","@id":"https:\/\/bahiaeconomica.com.br\/wp\/2025\/01\/10\/jeronimo-lanca-programacao-e-acoes-promovidas-pelo-governo-do-estado-durante-o-verao-nesta-sexta-feira-10\/#breadcrumb","itemListElement":[{"@type":"ListItem","position":1,"name":"In\u00edcio","item":"https:\/\/bahiaeconomica.com.br\/wp\/"},{"@type":"ListItem","position":2,"name":"JER\u00d4NIMO LAN\u00c7A PROGRAMA\u00c7\u00c3O E A\u00c7\u00d5ES PROMOVIDAS PELO GOVERNO DO ESTADO DURANTE O VER\u00c3O NESTA SEXTA-FEIRA (10)"}]},{"@type":"WebSite","@id":"https:\/\/bahiaeconomica.com.br\/wp\/#website","url":"https:\/\/bahiaeconomica.com.br\/wp\/","name":"Bahia Economica","description":"O maior portal de Economia da Bahia","publisher":{"@id":"https:\/\/bahiaeconomica.com.br\/wp\/#organization"},"potentialAction":[{"@type":"SearchAction","target":{"@type":"EntryPoint","urlTemplate":"https:\/\/bahiaeconomica.com.br\/wp\/?s={search_term_string}"},"query-input":"required name=search_term_string"}],"inLanguage":"pt-BR"},{"@type":"Organization","@id":"https:\/\/bahiaeconomica.com.br\/wp\/#organization","name":"Bahia Econ\u00f4mica","url":"https:\/\/bahiaeconomica.com.br\/wp\/","logo":{"@type":"ImageObject","inLanguage":"pt-BR","@id":"https:\/\/bahiaeconomica.com.br\/wp\/#\/schema\/logo\/image\/","url":"https:\/\/bahiaeconomica.com.br\/wp\/wp-content\/uploads\/2020\/12\/cropped-BE.png","contentUrl":"https:\/\/bahiaeconomica.com.br\/wp\/wp-content\/uploads\/2020\/12\/cropped-BE.png","width":512,"height":512,"caption":"Bahia Econ\u00f4mica"},"image":{"@id":"https:\/\/bahiaeconomica.com.br\/wp\/#\/schema\/logo\/image\/"},"sameAs":["https:\/\/www.facebook.com\/bahiaeconomica"]},{"@type":"Person","@id":"https:\/\/bahiaeconomica.com.br\/wp\/#\/schema\/person\/9310b0e591f5979f6f99773eac5804e6","name":"BRUNA CARVALHO","sameAs":["http:\/\/www.bahiaeconomica.com.br"],"url":"https:\/\/bahiaeconomica.com.br\/wp\/author\/bruna\/"}]}},"views":26,"_links":{"self":[{"href":"https:\/\/bahiaeconomica.com.br\/wp\/wp-json\/wp\/v2\/posts\/872364"}],"collection":[{"href":"https:\/\/bahiaeconomica.com.br\/wp\/wp-json\/wp\/v2\/posts"}],"about":[{"href":"https:\/\/bahiaeconomica.com.br\/wp\/wp-json\/wp\/v2\/types\/post"}],"author":[{"embeddable":true,"href":"https:\/\/bahiaeconomica.com.br\/wp\/wp-json\/wp\/v2\/users\/20"}],"replies":[{"embeddable":true,"href":"https:\/\/bahiaeconomica.com.br\/wp\/wp-json\/wp\/v2\/comments?post=872364"}],"version-history":[{"count":2,"href":"https:\/\/bahiaeconomica.com.br\/wp\/wp-json\/wp\/v2\/posts\/872364\/revisions"}],"predecessor-version":[{"id":872393,"href":"https:\/\/bahiaeconomica.com.br\/wp\/wp-json\/wp\/v2\/posts\/872364\/revisions\/872393"}],"wp:featuredmedia":[{"embeddable":true,"href":"https:\/\/bahiaeconomica.com.br\/wp\/wp-json\/wp\/v2\/media\/872390"}],"wp:attachment":[{"href":"https:\/\/bahiaeconomica.com.br\/wp\/wp-json\/wp\/v2\/media?parent=872364"}],"wp:term":[{"taxonomy":"category","embeddable":true,"href":"https:\/\/bahiaeconomica.com.br\/wp\/wp-json\/wp\/v2\/categories?post=872364"},{"taxonomy":"post_tag","embeddable":true,"href":"https:\/\/bahiaeconomica.com.br\/wp\/wp-json\/wp\/v2\/tags?post=872364"}],"curies":[{"name":"wp","href":"https:\/\/api.w.org\/{rel}","templated":true}]}}