{"id":872201,"date":"2025-01-09T16:00:17","date_gmt":"2025-01-09T19:00:17","guid":{"rendered":"https:\/\/bahiaeconomica.com.br\/wp\/?p=872201"},"modified":"2025-01-09T15:18:56","modified_gmt":"2025-01-09T18:18:56","slug":"matricula-2025-processo-inicia-na-proxima-segunda-feira-13-exclusivamente-para-estudantes-pcd","status":"publish","type":"post","link":"https:\/\/bahiaeconomica.com.br\/wp\/2025\/01\/09\/matricula-2025-processo-inicia-na-proxima-segunda-feira-13-exclusivamente-para-estudantes-pcd\/","title":{"rendered":"MATR\u00cdCULA 2025: PROCESSO INICIA NA PR\u00d3XIMA SEGUNDA-FEIRA (13) EXCLUSIVAMENTE PARA ESTUDANTES PCD"},"content":{"rendered":"<p>Na pr\u00f3xima segunda-feira, dia 13 de janeiro, come\u00e7a o per\u00edodo de matr\u00edculas na rede estadual de ensino da Bahia, com o primeiro dia sendo exclusivo para as Pessoas com Defici\u00eancia (PCD) solicitarem vaga. Essa prioridade tem como objetivo assegurar que os alunos com necessidades espec\u00edficas, como os que possuem defici\u00eancias f\u00edsicas, visuais, auditivas, intelectuais, m\u00faltiplas ou transtornos do espectro autista (TEA), tenham o Atendimento Educacional Especializado na escola da rede estadual onde ser\u00e1 matriculado, promovendo a inclus\u00e3o e a acessibilidade no ambiente escolar.<\/p>\n<p>A matr\u00edcula deve ser feita de forma online, atrav\u00e9s aplicativo ba.gov.br ou acessar o site com este mesmo endere\u00e7o. \u00c9 necess\u00e1rio fazer o cadastro pr\u00e9vio com os dados do estudante e, no dia reservado para a matr\u00edcula do mesmo, acessar a aba espec\u00edfica na plataforma, identificada como &#8220;Solicitar Nova Matr\u00edcula para Estudantes PCD na Rede Estadual&#8221; e solicitar a vaga. Ap\u00f3s concluir o processo, o estudante ou respons\u00e1vel dever\u00e1 comparecer \u00e0 unidade escolar em at\u00e9 cinco dias, levando os documentos exigidos: Hist\u00f3rico Escolar (original), RG ou Certid\u00e3o de Registro Civil, CPF, comprovante de resid\u00eancia atualizado, carteira de vacina\u00e7\u00e3o (para alunos at\u00e9 18 anos) e, no caso de estudantes PCD, o laudo ou relat\u00f3rio m\u00e9dico (n\u00e3o obrigat\u00f3rio).<\/p>\n<p>Al\u00e9m do atendimento exclusivo para estudantes PCD no dia 13, a matr\u00edcula seguir\u00e1 ao longo da semana para outros p\u00fablicos, conforme o cronograma estabelecido pela Secretaria da Educa\u00e7\u00e3o da Bahia (SEC). Os estudantes devem observar as datas espec\u00edficas para seu perfil e s\u00e9rie, garantindo o acesso \u00e0 vaga desejada. Em caso de d\u00favidas, o Servi\u00e7o de Atendimento ao Cidad\u00e3o est\u00e1 dispon\u00edvel pelos n\u00fameros 0800 071 5353 ou WhatsApp (71) 4020-5353.<\/p>\n<p>Cronograma de Matr\u00edcula 2025:<\/p>\n<p>-13 de janeiro: Exclusivo para matr\u00edcula de Pessoas com Defici\u00eancia (PCD).<\/p>\n<p>-14 de janeiro: Transfer\u00eancia de estudantes da rede estadual.<\/p>\n<p>-15 e 16 de janeiro: Matr\u00edcula de concluintes do 5\u00ba ou 9\u00ba ano do Ensino Fundamental em escola municipal para o 6\u00ba ano do Ensino Fundamental ou 1\u00ba ano do Ensino M\u00e9dio em escola estadual.<\/p>\n<p>-17 de janeiro: Matr\u00edcula para estudantes de todas as redes de ensino em todas as ofertas do Ensino Fundamental.<\/p>\n<p>-20 e 21 de janeiro: Matr\u00edcula para estudantes de todas as redes em todas as ofertas do Ensino M\u00e9dio.<\/p>\n<p>Foto Ilustrativa: Claudionor J\u00fanior<\/p>\n","protected":false},"excerpt":{"rendered":"<p>Na pr\u00f3xima segunda-feira, dia 13 de janeiro, come\u00e7a o per\u00edodo de matr\u00edculas na rede estadual de ensino da Bahia, com o primeiro dia sendo exclusivo para as Pessoas com Defici\u00eancia (PCD) solicitarem vaga. Essa prioridade tem como objetivo assegurar que os alunos com necessidades espec\u00edficas, como os que possuem defici\u00eancias f\u00edsicas, visuais, auditivas, intelectuais, m\u00faltiplas [&hellip;]<\/p>\n","protected":false},"author":15,"featured_media":872203,"comment_status":"closed","ping_status":"closed","sticky":false,"template":"","format":"standard","meta":[],"categories":[21],"tags":[85,2534,10939],"acf":[],"yoast_head":"<!-- This site is optimized with the Yoast SEO plugin v20.8 - https:\/\/yoast.com\/wordpress\/plugins\/seo\/ -->\n<title>MATR\u00cdCULA 2025: PROCESSO INICIA NA PR\u00d3XIMA SEGUNDA-FEIRA (13) EXCLUSIVAMENTE PARA ESTUDANTES PCD - Bahia Economica<\/title>\n<meta name=\"description\" content=\"O maior portal de Economia da Bahia Sa\u00fade \/ Educa\u00e7\u00e3o Bahia Economica Na pr\u00f3xima segunda-feira, dia 13 de janeiro, come\u00e7a o per\u00edodo de matr\u00edculas\" \/>\n<meta name=\"robots\" content=\"index, follow, max-snippet:-1, max-image-preview:large, max-video-preview:-1\" \/>\n<link rel=\"canonical\" href=\"https:\/\/bahiaeconomica.com.br\/wp\/2025\/01\/09\/matricula-2025-processo-inicia-na-proxima-segunda-feira-13-exclusivamente-para-estudantes-pcd\/\" \/>\n<meta property=\"og:locale\" content=\"pt_BR\" \/>\n<meta property=\"og:type\" content=\"article\" \/>\n<meta property=\"og:title\" content=\"MATR\u00cdCULA 2025: PROCESSO INICIA NA PR\u00d3XIMA SEGUNDA-FEIRA (13) EXCLUSIVAMENTE PARA ESTUDANTES PCD - Bahia Economica\" \/>\n<meta property=\"og:description\" content=\"O maior portal de Economia da Bahia Sa\u00fade \/ Educa\u00e7\u00e3o Bahia Economica Na pr\u00f3xima segunda-feira, dia 13 de janeiro, come\u00e7a o per\u00edodo de matr\u00edculas\" \/>\n<meta property=\"og:url\" content=\"https:\/\/bahiaeconomica.com.br\/wp\/2025\/01\/09\/matricula-2025-processo-inicia-na-proxima-segunda-feira-13-exclusivamente-para-estudantes-pcd\/\" \/>\n<meta property=\"og:site_name\" content=\"Bahia Economica\" \/>\n<meta property=\"article:publisher\" content=\"https:\/\/www.facebook.com\/bahiaeconomica\" \/>\n<meta property=\"article:published_time\" content=\"2025-01-09T19:00:17+00:00\" \/>\n<meta property=\"article:modified_time\" content=\"2025-01-09T18:18:56+00:00\" \/>\n<meta property=\"og:image\" content=\"https:\/\/bahiaeconomica.com.br\/wp\/wp-content\/uploads\/2025\/01\/Matricula-2025-1.jpeg\" \/>\n\t<meta property=\"og:image:width\" content=\"1600\" \/>\n\t<meta property=\"og:image:height\" content=\"1066\" \/>\n\t<meta property=\"og:image:type\" content=\"image\/jpeg\" \/>\n<meta name=\"author\" content=\"VICTORIA ISABEL\" \/>\n<meta name=\"twitter:card\" content=\"summary_large_image\" \/>\n<meta name=\"twitter:label1\" content=\"Escrito por\" \/>\n\t<meta name=\"twitter:data1\" content=\"VICTORIA ISABEL\" \/>\n\t<meta name=\"twitter:label2\" content=\"Est. tempo de leitura\" \/>\n\t<meta name=\"twitter:data2\" content=\"3 minutos\" \/>\n<script type=\"application\/ld+json\" class=\"yoast-schema-graph\">{\"@context\":\"https:\/\/schema.org\",\"@graph\":[{\"@type\":\"Article\",\"@id\":\"https:\/\/bahiaeconomica.com.br\/wp\/2025\/01\/09\/matricula-2025-processo-inicia-na-proxima-segunda-feira-13-exclusivamente-para-estudantes-pcd\/#article\",\"isPartOf\":{\"@id\":\"https:\/\/bahiaeconomica.com.br\/wp\/2025\/01\/09\/matricula-2025-processo-inicia-na-proxima-segunda-feira-13-exclusivamente-para-estudantes-pcd\/\"},\"author\":{\"name\":\"VICTORIA ISABEL\",\"@id\":\"https:\/\/bahiaeconomica.com.br\/wp\/#\/schema\/person\/b719ce0fb1c09f3c7a00d9243ced4a6f\"},\"headline\":\"MATR\u00cdCULA 2025: PROCESSO INICIA NA PR\u00d3XIMA SEGUNDA-FEIRA (13) EXCLUSIVAMENTE PARA ESTUDANTES PCD\",\"datePublished\":\"2025-01-09T19:00:17+00:00\",\"dateModified\":\"2025-01-09T18:18:56+00:00\",\"mainEntityOfPage\":{\"@id\":\"https:\/\/bahiaeconomica.com.br\/wp\/2025\/01\/09\/matricula-2025-processo-inicia-na-proxima-segunda-feira-13-exclusivamente-para-estudantes-pcd\/\"},\"wordCount\":416,\"publisher\":{\"@id\":\"https:\/\/bahiaeconomica.com.br\/wp\/#organization\"},\"keywords\":[\"Bahia\",\"MATRICULA\",\"Rede Estadual\"],\"articleSection\":[\"Sa\u00fade \/ Educa\u00e7\u00e3o\"],\"inLanguage\":\"pt-BR\"},{\"@type\":\"WebPage\",\"@id\":\"https:\/\/bahiaeconomica.com.br\/wp\/2025\/01\/09\/matricula-2025-processo-inicia-na-proxima-segunda-feira-13-exclusivamente-para-estudantes-pcd\/\",\"url\":\"https:\/\/bahiaeconomica.com.br\/wp\/2025\/01\/09\/matricula-2025-processo-inicia-na-proxima-segunda-feira-13-exclusivamente-para-estudantes-pcd\/\",\"name\":\"MATR\u00cdCULA 2025: PROCESSO INICIA NA PR\u00d3XIMA SEGUNDA-FEIRA (13) EXCLUSIVAMENTE PARA ESTUDANTES PCD - Bahia Economica\",\"isPartOf\":{\"@id\":\"https:\/\/bahiaeconomica.com.br\/wp\/#website\"},\"datePublished\":\"2025-01-09T19:00:17+00:00\",\"dateModified\":\"2025-01-09T18:18:56+00:00\",\"description\":\"O maior portal de Economia da Bahia Sa\u00fade \/ Educa\u00e7\u00e3o Bahia Economica Na pr\u00f3xima segunda-feira, dia 13 de janeiro, come\u00e7a o per\u00edodo de matr\u00edculas\",\"breadcrumb\":{\"@id\":\"https:\/\/bahiaeconomica.com.br\/wp\/2025\/01\/09\/matricula-2025-processo-inicia-na-proxima-segunda-feira-13-exclusivamente-para-estudantes-pcd\/#breadcrumb\"},\"inLanguage\":\"pt-BR\",\"potentialAction\":[{\"@type\":\"ReadAction\",\"target\":[\"https:\/\/bahiaeconomica.com.br\/wp\/2025\/01\/09\/matricula-2025-processo-inicia-na-proxima-segunda-feira-13-exclusivamente-para-estudantes-pcd\/\"]}]},{\"@type\":\"BreadcrumbList\",\"@id\":\"https:\/\/bahiaeconomica.com.br\/wp\/2025\/01\/09\/matricula-2025-processo-inicia-na-proxima-segunda-feira-13-exclusivamente-para-estudantes-pcd\/#breadcrumb\",\"itemListElement\":[{\"@type\":\"ListItem\",\"position\":1,\"name\":\"In\u00edcio\",\"item\":\"https:\/\/bahiaeconomica.com.br\/wp\/\"},{\"@type\":\"ListItem\",\"position\":2,\"name\":\"MATR\u00cdCULA 2025: PROCESSO INICIA NA PR\u00d3XIMA SEGUNDA-FEIRA (13) EXCLUSIVAMENTE PARA ESTUDANTES PCD\"}]},{\"@type\":\"WebSite\",\"@id\":\"https:\/\/bahiaeconomica.com.br\/wp\/#website\",\"url\":\"https:\/\/bahiaeconomica.com.br\/wp\/\",\"name\":\"Bahia Economica\",\"description\":\"O maior portal de Economia da Bahia\",\"publisher\":{\"@id\":\"https:\/\/bahiaeconomica.com.br\/wp\/#organization\"},\"potentialAction\":[{\"@type\":\"SearchAction\",\"target\":{\"@type\":\"EntryPoint\",\"urlTemplate\":\"https:\/\/bahiaeconomica.com.br\/wp\/?s={search_term_string}\"},\"query-input\":\"required name=search_term_string\"}],\"inLanguage\":\"pt-BR\"},{\"@type\":\"Organization\",\"@id\":\"https:\/\/bahiaeconomica.com.br\/wp\/#organization\",\"name\":\"Bahia Econ\u00f4mica\",\"url\":\"https:\/\/bahiaeconomica.com.br\/wp\/\",\"logo\":{\"@type\":\"ImageObject\",\"inLanguage\":\"pt-BR\",\"@id\":\"https:\/\/bahiaeconomica.com.br\/wp\/#\/schema\/logo\/image\/\",\"url\":\"https:\/\/bahiaeconomica.com.br\/wp\/wp-content\/uploads\/2020\/12\/cropped-BE.png\",\"contentUrl\":\"https:\/\/bahiaeconomica.com.br\/wp\/wp-content\/uploads\/2020\/12\/cropped-BE.png\",\"width\":512,\"height\":512,\"caption\":\"Bahia Econ\u00f4mica\"},\"image\":{\"@id\":\"https:\/\/bahiaeconomica.com.br\/wp\/#\/schema\/logo\/image\/\"},\"sameAs\":[\"https:\/\/www.facebook.com\/bahiaeconomica\"]},{\"@type\":\"Person\",\"@id\":\"https:\/\/bahiaeconomica.com.br\/wp\/#\/schema\/person\/b719ce0fb1c09f3c7a00d9243ced4a6f\",\"name\":\"VICTORIA ISABEL\",\"sameAs\":[\"http:\/\/www.bahiaeconomica.com.br\"],\"url\":\"https:\/\/bahiaeconomica.com.br\/wp\/author\/victoria-isabel\/\"}]}<\/script>\n<!-- \/ Yoast SEO plugin. -->","yoast_head_json":{"title":"MATR\u00cdCULA 2025: PROCESSO INICIA NA PR\u00d3XIMA SEGUNDA-FEIRA (13) EXCLUSIVAMENTE PARA ESTUDANTES PCD - Bahia Economica","description":"O maior portal de Economia da Bahia Sa\u00fade \/ Educa\u00e7\u00e3o Bahia Economica Na pr\u00f3xima segunda-feira, dia 13 de janeiro, come\u00e7a o per\u00edodo de matr\u00edculas","robots":{"index":"index","follow":"follow","max-snippet":"max-snippet:-1","max-image-preview":"max-image-preview:large","max-video-preview":"max-video-preview:-1"},"canonical":"https:\/\/bahiaeconomica.com.br\/wp\/2025\/01\/09\/matricula-2025-processo-inicia-na-proxima-segunda-feira-13-exclusivamente-para-estudantes-pcd\/","og_locale":"pt_BR","og_type":"article","og_title":"MATR\u00cdCULA 2025: PROCESSO INICIA NA PR\u00d3XIMA SEGUNDA-FEIRA (13) EXCLUSIVAMENTE PARA ESTUDANTES PCD - Bahia Economica","og_description":"O maior portal de Economia da Bahia Sa\u00fade \/ Educa\u00e7\u00e3o Bahia Economica Na pr\u00f3xima segunda-feira, dia 13 de janeiro, come\u00e7a o per\u00edodo de matr\u00edculas","og_url":"https:\/\/bahiaeconomica.com.br\/wp\/2025\/01\/09\/matricula-2025-processo-inicia-na-proxima-segunda-feira-13-exclusivamente-para-estudantes-pcd\/","og_site_name":"Bahia Economica","article_publisher":"https:\/\/www.facebook.com\/bahiaeconomica","article_published_time":"2025-01-09T19:00:17+00:00","article_modified_time":"2025-01-09T18:18:56+00:00","og_image":[{"width":1600,"height":1066,"url":"https:\/\/bahiaeconomica.com.br\/wp\/wp-content\/uploads\/2025\/01\/Matricula-2025-1.jpeg","type":"image\/jpeg"}],"author":"VICTORIA ISABEL","twitter_card":"summary_large_image","twitter_misc":{"Escrito por":"VICTORIA ISABEL","Est. tempo de leitura":"3 minutos"},"schema":{"@context":"https:\/\/schema.org","@graph":[{"@type":"Article","@id":"https:\/\/bahiaeconomica.com.br\/wp\/2025\/01\/09\/matricula-2025-processo-inicia-na-proxima-segunda-feira-13-exclusivamente-para-estudantes-pcd\/#article","isPartOf":{"@id":"https:\/\/bahiaeconomica.com.br\/wp\/2025\/01\/09\/matricula-2025-processo-inicia-na-proxima-segunda-feira-13-exclusivamente-para-estudantes-pcd\/"},"author":{"name":"VICTORIA ISABEL","@id":"https:\/\/bahiaeconomica.com.br\/wp\/#\/schema\/person\/b719ce0fb1c09f3c7a00d9243ced4a6f"},"headline":"MATR\u00cdCULA 2025: PROCESSO INICIA NA PR\u00d3XIMA SEGUNDA-FEIRA (13) EXCLUSIVAMENTE PARA ESTUDANTES PCD","datePublished":"2025-01-09T19:00:17+00:00","dateModified":"2025-01-09T18:18:56+00:00","mainEntityOfPage":{"@id":"https:\/\/bahiaeconomica.com.br\/wp\/2025\/01\/09\/matricula-2025-processo-inicia-na-proxima-segunda-feira-13-exclusivamente-para-estudantes-pcd\/"},"wordCount":416,"publisher":{"@id":"https:\/\/bahiaeconomica.com.br\/wp\/#organization"},"keywords":["Bahia","MATRICULA","Rede Estadual"],"articleSection":["Sa\u00fade \/ Educa\u00e7\u00e3o"],"inLanguage":"pt-BR"},{"@type":"WebPage","@id":"https:\/\/bahiaeconomica.com.br\/wp\/2025\/01\/09\/matricula-2025-processo-inicia-na-proxima-segunda-feira-13-exclusivamente-para-estudantes-pcd\/","url":"https:\/\/bahiaeconomica.com.br\/wp\/2025\/01\/09\/matricula-2025-processo-inicia-na-proxima-segunda-feira-13-exclusivamente-para-estudantes-pcd\/","name":"MATR\u00cdCULA 2025: PROCESSO INICIA NA PR\u00d3XIMA SEGUNDA-FEIRA (13) EXCLUSIVAMENTE PARA ESTUDANTES PCD - Bahia Economica","isPartOf":{"@id":"https:\/\/bahiaeconomica.com.br\/wp\/#website"},"datePublished":"2025-01-09T19:00:17+00:00","dateModified":"2025-01-09T18:18:56+00:00","description":"O maior portal de Economia da Bahia Sa\u00fade \/ Educa\u00e7\u00e3o Bahia Economica Na pr\u00f3xima segunda-feira, dia 13 de janeiro, come\u00e7a o per\u00edodo de matr\u00edculas","breadcrumb":{"@id":"https:\/\/bahiaeconomica.com.br\/wp\/2025\/01\/09\/matricula-2025-processo-inicia-na-proxima-segunda-feira-13-exclusivamente-para-estudantes-pcd\/#breadcrumb"},"inLanguage":"pt-BR","potentialAction":[{"@type":"ReadAction","target":["https:\/\/bahiaeconomica.com.br\/wp\/2025\/01\/09\/matricula-2025-processo-inicia-na-proxima-segunda-feira-13-exclusivamente-para-estudantes-pcd\/"]}]},{"@type":"BreadcrumbList","@id":"https:\/\/bahiaeconomica.com.br\/wp\/2025\/01\/09\/matricula-2025-processo-inicia-na-proxima-segunda-feira-13-exclusivamente-para-estudantes-pcd\/#breadcrumb","itemListElement":[{"@type":"ListItem","position":1,"name":"In\u00edcio","item":"https:\/\/bahiaeconomica.com.br\/wp\/"},{"@type":"ListItem","position":2,"name":"MATR\u00cdCULA 2025: PROCESSO INICIA NA PR\u00d3XIMA SEGUNDA-FEIRA (13) EXCLUSIVAMENTE PARA ESTUDANTES PCD"}]},{"@type":"WebSite","@id":"https:\/\/bahiaeconomica.com.br\/wp\/#website","url":"https:\/\/bahiaeconomica.com.br\/wp\/","name":"Bahia Economica","description":"O maior portal de Economia da Bahia","publisher":{"@id":"https:\/\/bahiaeconomica.com.br\/wp\/#organization"},"potentialAction":[{"@type":"SearchAction","target":{"@type":"EntryPoint","urlTemplate":"https:\/\/bahiaeconomica.com.br\/wp\/?s={search_term_string}"},"query-input":"required name=search_term_string"}],"inLanguage":"pt-BR"},{"@type":"Organization","@id":"https:\/\/bahiaeconomica.com.br\/wp\/#organization","name":"Bahia Econ\u00f4mica","url":"https:\/\/bahiaeconomica.com.br\/wp\/","logo":{"@type":"ImageObject","inLanguage":"pt-BR","@id":"https:\/\/bahiaeconomica.com.br\/wp\/#\/schema\/logo\/image\/","url":"https:\/\/bahiaeconomica.com.br\/wp\/wp-content\/uploads\/2020\/12\/cropped-BE.png","contentUrl":"https:\/\/bahiaeconomica.com.br\/wp\/wp-content\/uploads\/2020\/12\/cropped-BE.png","width":512,"height":512,"caption":"Bahia Econ\u00f4mica"},"image":{"@id":"https:\/\/bahiaeconomica.com.br\/wp\/#\/schema\/logo\/image\/"},"sameAs":["https:\/\/www.facebook.com\/bahiaeconomica"]},{"@type":"Person","@id":"https:\/\/bahiaeconomica.com.br\/wp\/#\/schema\/person\/b719ce0fb1c09f3c7a00d9243ced4a6f","name":"VICTORIA ISABEL","sameAs":["http:\/\/www.bahiaeconomica.com.br"],"url":"https:\/\/bahiaeconomica.com.br\/wp\/author\/victoria-isabel\/"}]}},"views":1,"_links":{"self":[{"href":"https:\/\/bahiaeconomica.com.br\/wp\/wp-json\/wp\/v2\/posts\/872201"}],"collection":[{"href":"https:\/\/bahiaeconomica.com.br\/wp\/wp-json\/wp\/v2\/posts"}],"about":[{"href":"https:\/\/bahiaeconomica.com.br\/wp\/wp-json\/wp\/v2\/types\/post"}],"author":[{"embeddable":true,"href":"https:\/\/bahiaeconomica.com.br\/wp\/wp-json\/wp\/v2\/users\/15"}],"replies":[{"embeddable":true,"href":"https:\/\/bahiaeconomica.com.br\/wp\/wp-json\/wp\/v2\/comments?post=872201"}],"version-history":[{"count":1,"href":"https:\/\/bahiaeconomica.com.br\/wp\/wp-json\/wp\/v2\/posts\/872201\/revisions"}],"predecessor-version":[{"id":872204,"href":"https:\/\/bahiaeconomica.com.br\/wp\/wp-json\/wp\/v2\/posts\/872201\/revisions\/872204"}],"wp:featuredmedia":[{"embeddable":true,"href":"https:\/\/bahiaeconomica.com.br\/wp\/wp-json\/wp\/v2\/media\/872203"}],"wp:attachment":[{"href":"https:\/\/bahiaeconomica.com.br\/wp\/wp-json\/wp\/v2\/media?parent=872201"}],"wp:term":[{"taxonomy":"category","embeddable":true,"href":"https:\/\/bahiaeconomica.com.br\/wp\/wp-json\/wp\/v2\/categories?post=872201"},{"taxonomy":"post_tag","embeddable":true,"href":"https:\/\/bahiaeconomica.com.br\/wp\/wp-json\/wp\/v2\/tags?post=872201"}],"curies":[{"name":"wp","href":"https:\/\/api.w.org\/{rel}","templated":true}]}}