{"id":872165,"date":"2025-01-09T14:32:33","date_gmt":"2025-01-09T17:32:33","guid":{"rendered":"https:\/\/bahiaeconomica.com.br\/wp\/?p=872165"},"modified":"2025-01-09T14:32:33","modified_gmt":"2025-01-09T17:32:33","slug":"soberania-do-pais-tem-que-ser-resguardada-diz-lula-sobre-meta","status":"publish","type":"post","link":"https:\/\/bahiaeconomica.com.br\/wp\/2025\/01\/09\/soberania-do-pais-tem-que-ser-resguardada-diz-lula-sobre-meta\/","title":{"rendered":"SOBERANIA DO PA\u00cdS TEM QUE SER RESGUARDADA, DIZ LULA SOBRE META"},"content":{"rendered":"<p>O presidente Luiz In\u00e1cio Lula da Silva afirmou nesta quinta-feira (9) que far\u00e1 uma reuni\u00e3o para discutir as novas regras anunciadas pela multinacional Meta, empresa de tecnologia que controla o Facebook, Instagram e WhatsApp, para o funcionamento dessas redes sociais.<\/p>\n<p>&#8220;O que n\u00f3s queremos, na verdade, \u00e9 que cada pa\u00eds tenha sua soberania resguardada. N\u00e3o pode um cidad\u00e3o, n\u00e3o pode dois cidad\u00e3os, n\u00e3o pode tr\u00eas cidad\u00e3os acharem que podem ferir a soberania de uma na\u00e7\u00e3o&#8221;, afirmou Lula no Pal\u00e1cio do Planalto, enquanto visitava a galeria de ex-presidentes, que fica no t\u00e9rreo do pr\u00e9dio, e foi reinaugurada h\u00e1 poucos meses.<\/p>\n<p>Na \u00faltima ter\u00e7a-feira (7), o dono da Meta, o bilion\u00e1rio norte-americano Mark Zuckerberg, anunciou as novas diretrizes de modera\u00e7\u00e3o de conte\u00fado das redes sociais e ressaltou que vai se aliar ao governo do presidente eleito dos Estados Unidos (EUA), Donald Trump, para pressionar pa\u00edses que buscam regular o ambiente digital. Entre as altera\u00e7\u00f5es, est\u00e3o o fim do programa de checagem de fatos que verifica a veracidade de informa\u00e7\u00f5es que circulam nas redes, o fim de restri\u00e7\u00f5es para assuntos como migra\u00e7\u00e3o e g\u00eanero, e a promo\u00e7\u00e3o de &#8220;conte\u00fado c\u00edvico&#8221;, entendido como informa\u00e7\u00f5es com teor pol\u00edtico-ideol\u00f3gico.<\/p>\n<p>&#8220;Eu acho que \u00e9 extremamente grave as pessoas quererem que a comunica\u00e7\u00e3o digital n\u00e3o tenha mesma responsabilidade de um cara que cometa um crime na imprensa escrita. \u00c9 como se um cidad\u00e3o pudesse ser punido porque ele faz uma coisa na vida real e pudesse n\u00e3o ser punido porque ele faz a mesma coisa na digital&#8221;, comentou Lula sobre o impacto das mudan\u00e7as.<\/p>\n<p>At\u00e9 o momento, a nova pol\u00edtica de modera\u00e7\u00e3o da Meta vale para os EUA, mas dever\u00e1 se estender para outros pa\u00edses.<\/p>\n<p>Antes do coment\u00e1rio do presidente, o novo ministro da Secretaria de Comunica\u00e7\u00e3o Social da Presid\u00eancia (Secom), Sid\u00f4nio Palmeira, j\u00e1 havia criticado as novas regras, que na sua avalia\u00e7\u00e3o causar\u00e3o preju\u00edzo \u00e0 democracia.<\/p>\n<p>Na mesma linha, o secret\u00e1rio de Pol\u00edticas Digitais da Secom, Jo\u00e3o Brant, afirmou que a decis\u00e3o da Meta sinaliza de forma expl\u00edcita que a empresa n\u00e3o aceita a soberania dos pa\u00edses sobre o funcionamento do ambiente digital, em uma antecipa\u00e7\u00e3o de a\u00e7\u00f5es que ser\u00e3o tomadas pelo governo de Donald Trump, que toma posse no dia 20 de janeiro.<\/p>\n<p>Ainda na quarta-feira (8), o ministro Alexandre de Moraes, do Supremo Tribunal Federal (STF), declarou que a Corte \u201cn\u00e3o vai permitir que as big techs, as redes sociais, continuem sendo instrumentalizadas, dolosa ou culposamente, ou ainda somente visando lucro, instrumentalizadas para ampliar discursos de \u00f3dio, nazismo, fascismo, misoginia, homofobia e discursos antidemocr\u00e1ticos\u201d.<\/p>\n<p>Foto: Jose Cruz\/Ag\u00eancia Brasil<\/p>\n","protected":false},"excerpt":{"rendered":"<p>O presidente Luiz In\u00e1cio Lula da Silva afirmou nesta quinta-feira (9) que far\u00e1 uma reuni\u00e3o para discutir as novas regras anunciadas pela multinacional Meta, empresa de tecnologia que controla o Facebook, Instagram e WhatsApp, para o funcionamento dessas redes sociais. &#8220;O que n\u00f3s queremos, na verdade, \u00e9 que cada pa\u00eds tenha sua soberania resguardada. N\u00e3o [&hellip;]<\/p>\n","protected":false},"author":15,"featured_media":872169,"comment_status":"closed","ping_status":"closed","sticky":false,"template":"","format":"standard","meta":[],"categories":[14,3],"tags":[182,35941],"acf":[],"yoast_head":"<!-- This site is optimized with the Yoast SEO plugin v20.8 - https:\/\/yoast.com\/wordpress\/plugins\/seo\/ -->\n<title>SOBERANIA DO PA\u00cdS TEM QUE SER RESGUARDADA, DIZ LULA SOBRE META - Bahia Economica<\/title>\n<meta name=\"description\" content=\"O maior portal de Economia da Bahia DESTAQUE DO DIA, ECONOMIA \/ POL\u00cdTICA Bahia Economica O presidente Luiz In\u00e1cio Lula da Silva afirmou nesta\" \/>\n<meta name=\"robots\" content=\"index, follow, max-snippet:-1, max-image-preview:large, max-video-preview:-1\" \/>\n<link rel=\"canonical\" href=\"https:\/\/bahiaeconomica.com.br\/wp\/2025\/01\/09\/soberania-do-pais-tem-que-ser-resguardada-diz-lula-sobre-meta\/\" \/>\n<meta property=\"og:locale\" content=\"pt_BR\" \/>\n<meta property=\"og:type\" content=\"article\" \/>\n<meta property=\"og:title\" content=\"SOBERANIA DO PA\u00cdS TEM QUE SER RESGUARDADA, DIZ LULA SOBRE META - Bahia Economica\" \/>\n<meta property=\"og:description\" content=\"O maior portal de Economia da Bahia DESTAQUE DO DIA, ECONOMIA \/ POL\u00cdTICA Bahia Economica O presidente Luiz In\u00e1cio Lula da Silva afirmou nesta\" \/>\n<meta property=\"og:url\" content=\"https:\/\/bahiaeconomica.com.br\/wp\/2025\/01\/09\/soberania-do-pais-tem-que-ser-resguardada-diz-lula-sobre-meta\/\" \/>\n<meta property=\"og:site_name\" content=\"Bahia Economica\" \/>\n<meta property=\"article:publisher\" content=\"https:\/\/www.facebook.com\/bahiaeconomica\" \/>\n<meta property=\"article:published_time\" content=\"2025-01-09T17:32:33+00:00\" \/>\n<meta property=\"og:image\" content=\"https:\/\/bahiaeconomica.com.br\/wp\/wp-content\/uploads\/2025\/01\/0d9a9779.webp\" \/>\n\t<meta property=\"og:image:width\" content=\"1170\" \/>\n\t<meta property=\"og:image:height\" content=\"700\" \/>\n\t<meta property=\"og:image:type\" content=\"image\/webp\" \/>\n<meta name=\"author\" content=\"VICTORIA ISABEL\" \/>\n<meta name=\"twitter:card\" content=\"summary_large_image\" \/>\n<meta name=\"twitter:label1\" content=\"Escrito por\" \/>\n\t<meta name=\"twitter:data1\" content=\"VICTORIA ISABEL\" \/>\n\t<meta name=\"twitter:label2\" content=\"Est. tempo de leitura\" \/>\n\t<meta name=\"twitter:data2\" content=\"3 minutos\" \/>\n<script type=\"application\/ld+json\" class=\"yoast-schema-graph\">{\"@context\":\"https:\/\/schema.org\",\"@graph\":[{\"@type\":\"Article\",\"@id\":\"https:\/\/bahiaeconomica.com.br\/wp\/2025\/01\/09\/soberania-do-pais-tem-que-ser-resguardada-diz-lula-sobre-meta\/#article\",\"isPartOf\":{\"@id\":\"https:\/\/bahiaeconomica.com.br\/wp\/2025\/01\/09\/soberania-do-pais-tem-que-ser-resguardada-diz-lula-sobre-meta\/\"},\"author\":{\"name\":\"VICTORIA ISABEL\",\"@id\":\"https:\/\/bahiaeconomica.com.br\/wp\/#\/schema\/person\/b719ce0fb1c09f3c7a00d9243ced4a6f\"},\"headline\":\"SOBERANIA DO PA\u00cdS TEM QUE SER RESGUARDADA, DIZ LULA SOBRE META\",\"datePublished\":\"2025-01-09T17:32:33+00:00\",\"dateModified\":\"2025-01-09T17:32:33+00:00\",\"mainEntityOfPage\":{\"@id\":\"https:\/\/bahiaeconomica.com.br\/wp\/2025\/01\/09\/soberania-do-pais-tem-que-ser-resguardada-diz-lula-sobre-meta\/\"},\"wordCount\":488,\"publisher\":{\"@id\":\"https:\/\/bahiaeconomica.com.br\/wp\/#organization\"},\"keywords\":[\"Lula\",\"multinacional Meta\"],\"articleSection\":[\"DESTAQUE DO DIA\",\"ECONOMIA \/ POL\u00cdTICA\"],\"inLanguage\":\"pt-BR\"},{\"@type\":\"WebPage\",\"@id\":\"https:\/\/bahiaeconomica.com.br\/wp\/2025\/01\/09\/soberania-do-pais-tem-que-ser-resguardada-diz-lula-sobre-meta\/\",\"url\":\"https:\/\/bahiaeconomica.com.br\/wp\/2025\/01\/09\/soberania-do-pais-tem-que-ser-resguardada-diz-lula-sobre-meta\/\",\"name\":\"SOBERANIA DO PA\u00cdS TEM QUE SER RESGUARDADA, DIZ LULA SOBRE META - Bahia Economica\",\"isPartOf\":{\"@id\":\"https:\/\/bahiaeconomica.com.br\/wp\/#website\"},\"datePublished\":\"2025-01-09T17:32:33+00:00\",\"dateModified\":\"2025-01-09T17:32:33+00:00\",\"description\":\"O maior portal de Economia da Bahia DESTAQUE DO DIA, ECONOMIA \/ POL\u00cdTICA Bahia Economica O presidente Luiz In\u00e1cio Lula da Silva afirmou nesta\",\"breadcrumb\":{\"@id\":\"https:\/\/bahiaeconomica.com.br\/wp\/2025\/01\/09\/soberania-do-pais-tem-que-ser-resguardada-diz-lula-sobre-meta\/#breadcrumb\"},\"inLanguage\":\"pt-BR\",\"potentialAction\":[{\"@type\":\"ReadAction\",\"target\":[\"https:\/\/bahiaeconomica.com.br\/wp\/2025\/01\/09\/soberania-do-pais-tem-que-ser-resguardada-diz-lula-sobre-meta\/\"]}]},{\"@type\":\"BreadcrumbList\",\"@id\":\"https:\/\/bahiaeconomica.com.br\/wp\/2025\/01\/09\/soberania-do-pais-tem-que-ser-resguardada-diz-lula-sobre-meta\/#breadcrumb\",\"itemListElement\":[{\"@type\":\"ListItem\",\"position\":1,\"name\":\"In\u00edcio\",\"item\":\"https:\/\/bahiaeconomica.com.br\/wp\/\"},{\"@type\":\"ListItem\",\"position\":2,\"name\":\"SOBERANIA DO PA\u00cdS TEM QUE SER RESGUARDADA, DIZ LULA SOBRE META\"}]},{\"@type\":\"WebSite\",\"@id\":\"https:\/\/bahiaeconomica.com.br\/wp\/#website\",\"url\":\"https:\/\/bahiaeconomica.com.br\/wp\/\",\"name\":\"Bahia Economica\",\"description\":\"O maior portal de Economia da Bahia\",\"publisher\":{\"@id\":\"https:\/\/bahiaeconomica.com.br\/wp\/#organization\"},\"potentialAction\":[{\"@type\":\"SearchAction\",\"target\":{\"@type\":\"EntryPoint\",\"urlTemplate\":\"https:\/\/bahiaeconomica.com.br\/wp\/?s={search_term_string}\"},\"query-input\":\"required name=search_term_string\"}],\"inLanguage\":\"pt-BR\"},{\"@type\":\"Organization\",\"@id\":\"https:\/\/bahiaeconomica.com.br\/wp\/#organization\",\"name\":\"Bahia Econ\u00f4mica\",\"url\":\"https:\/\/bahiaeconomica.com.br\/wp\/\",\"logo\":{\"@type\":\"ImageObject\",\"inLanguage\":\"pt-BR\",\"@id\":\"https:\/\/bahiaeconomica.com.br\/wp\/#\/schema\/logo\/image\/\",\"url\":\"https:\/\/bahiaeconomica.com.br\/wp\/wp-content\/uploads\/2020\/12\/cropped-BE.png\",\"contentUrl\":\"https:\/\/bahiaeconomica.com.br\/wp\/wp-content\/uploads\/2020\/12\/cropped-BE.png\",\"width\":512,\"height\":512,\"caption\":\"Bahia Econ\u00f4mica\"},\"image\":{\"@id\":\"https:\/\/bahiaeconomica.com.br\/wp\/#\/schema\/logo\/image\/\"},\"sameAs\":[\"https:\/\/www.facebook.com\/bahiaeconomica\"]},{\"@type\":\"Person\",\"@id\":\"https:\/\/bahiaeconomica.com.br\/wp\/#\/schema\/person\/b719ce0fb1c09f3c7a00d9243ced4a6f\",\"name\":\"VICTORIA ISABEL\",\"sameAs\":[\"http:\/\/www.bahiaeconomica.com.br\"],\"url\":\"https:\/\/bahiaeconomica.com.br\/wp\/author\/victoria-isabel\/\"}]}<\/script>\n<!-- \/ Yoast SEO plugin. -->","yoast_head_json":{"title":"SOBERANIA DO PA\u00cdS TEM QUE SER RESGUARDADA, DIZ LULA SOBRE META - Bahia Economica","description":"O maior portal de Economia da Bahia DESTAQUE DO DIA, ECONOMIA \/ POL\u00cdTICA Bahia Economica O presidente Luiz In\u00e1cio Lula da Silva afirmou nesta","robots":{"index":"index","follow":"follow","max-snippet":"max-snippet:-1","max-image-preview":"max-image-preview:large","max-video-preview":"max-video-preview:-1"},"canonical":"https:\/\/bahiaeconomica.com.br\/wp\/2025\/01\/09\/soberania-do-pais-tem-que-ser-resguardada-diz-lula-sobre-meta\/","og_locale":"pt_BR","og_type":"article","og_title":"SOBERANIA DO PA\u00cdS TEM QUE SER RESGUARDADA, DIZ LULA SOBRE META - Bahia Economica","og_description":"O maior portal de Economia da Bahia DESTAQUE DO DIA, ECONOMIA \/ POL\u00cdTICA Bahia Economica O presidente Luiz In\u00e1cio Lula da Silva afirmou nesta","og_url":"https:\/\/bahiaeconomica.com.br\/wp\/2025\/01\/09\/soberania-do-pais-tem-que-ser-resguardada-diz-lula-sobre-meta\/","og_site_name":"Bahia Economica","article_publisher":"https:\/\/www.facebook.com\/bahiaeconomica","article_published_time":"2025-01-09T17:32:33+00:00","og_image":[{"width":1170,"height":700,"url":"https:\/\/bahiaeconomica.com.br\/wp\/wp-content\/uploads\/2025\/01\/0d9a9779.webp","type":"image\/webp"}],"author":"VICTORIA ISABEL","twitter_card":"summary_large_image","twitter_misc":{"Escrito por":"VICTORIA ISABEL","Est. tempo de leitura":"3 minutos"},"schema":{"@context":"https:\/\/schema.org","@graph":[{"@type":"Article","@id":"https:\/\/bahiaeconomica.com.br\/wp\/2025\/01\/09\/soberania-do-pais-tem-que-ser-resguardada-diz-lula-sobre-meta\/#article","isPartOf":{"@id":"https:\/\/bahiaeconomica.com.br\/wp\/2025\/01\/09\/soberania-do-pais-tem-que-ser-resguardada-diz-lula-sobre-meta\/"},"author":{"name":"VICTORIA ISABEL","@id":"https:\/\/bahiaeconomica.com.br\/wp\/#\/schema\/person\/b719ce0fb1c09f3c7a00d9243ced4a6f"},"headline":"SOBERANIA DO PA\u00cdS TEM QUE SER RESGUARDADA, DIZ LULA SOBRE META","datePublished":"2025-01-09T17:32:33+00:00","dateModified":"2025-01-09T17:32:33+00:00","mainEntityOfPage":{"@id":"https:\/\/bahiaeconomica.com.br\/wp\/2025\/01\/09\/soberania-do-pais-tem-que-ser-resguardada-diz-lula-sobre-meta\/"},"wordCount":488,"publisher":{"@id":"https:\/\/bahiaeconomica.com.br\/wp\/#organization"},"keywords":["Lula","multinacional Meta"],"articleSection":["DESTAQUE DO DIA","ECONOMIA \/ POL\u00cdTICA"],"inLanguage":"pt-BR"},{"@type":"WebPage","@id":"https:\/\/bahiaeconomica.com.br\/wp\/2025\/01\/09\/soberania-do-pais-tem-que-ser-resguardada-diz-lula-sobre-meta\/","url":"https:\/\/bahiaeconomica.com.br\/wp\/2025\/01\/09\/soberania-do-pais-tem-que-ser-resguardada-diz-lula-sobre-meta\/","name":"SOBERANIA DO PA\u00cdS TEM QUE SER RESGUARDADA, DIZ LULA SOBRE META - Bahia Economica","isPartOf":{"@id":"https:\/\/bahiaeconomica.com.br\/wp\/#website"},"datePublished":"2025-01-09T17:32:33+00:00","dateModified":"2025-01-09T17:32:33+00:00","description":"O maior portal de Economia da Bahia DESTAQUE DO DIA, ECONOMIA \/ POL\u00cdTICA Bahia Economica O presidente Luiz In\u00e1cio Lula da Silva afirmou nesta","breadcrumb":{"@id":"https:\/\/bahiaeconomica.com.br\/wp\/2025\/01\/09\/soberania-do-pais-tem-que-ser-resguardada-diz-lula-sobre-meta\/#breadcrumb"},"inLanguage":"pt-BR","potentialAction":[{"@type":"ReadAction","target":["https:\/\/bahiaeconomica.com.br\/wp\/2025\/01\/09\/soberania-do-pais-tem-que-ser-resguardada-diz-lula-sobre-meta\/"]}]},{"@type":"BreadcrumbList","@id":"https:\/\/bahiaeconomica.com.br\/wp\/2025\/01\/09\/soberania-do-pais-tem-que-ser-resguardada-diz-lula-sobre-meta\/#breadcrumb","itemListElement":[{"@type":"ListItem","position":1,"name":"In\u00edcio","item":"https:\/\/bahiaeconomica.com.br\/wp\/"},{"@type":"ListItem","position":2,"name":"SOBERANIA DO PA\u00cdS TEM QUE SER RESGUARDADA, DIZ LULA SOBRE META"}]},{"@type":"WebSite","@id":"https:\/\/bahiaeconomica.com.br\/wp\/#website","url":"https:\/\/bahiaeconomica.com.br\/wp\/","name":"Bahia Economica","description":"O maior portal de Economia da Bahia","publisher":{"@id":"https:\/\/bahiaeconomica.com.br\/wp\/#organization"},"potentialAction":[{"@type":"SearchAction","target":{"@type":"EntryPoint","urlTemplate":"https:\/\/bahiaeconomica.com.br\/wp\/?s={search_term_string}"},"query-input":"required name=search_term_string"}],"inLanguage":"pt-BR"},{"@type":"Organization","@id":"https:\/\/bahiaeconomica.com.br\/wp\/#organization","name":"Bahia Econ\u00f4mica","url":"https:\/\/bahiaeconomica.com.br\/wp\/","logo":{"@type":"ImageObject","inLanguage":"pt-BR","@id":"https:\/\/bahiaeconomica.com.br\/wp\/#\/schema\/logo\/image\/","url":"https:\/\/bahiaeconomica.com.br\/wp\/wp-content\/uploads\/2020\/12\/cropped-BE.png","contentUrl":"https:\/\/bahiaeconomica.com.br\/wp\/wp-content\/uploads\/2020\/12\/cropped-BE.png","width":512,"height":512,"caption":"Bahia Econ\u00f4mica"},"image":{"@id":"https:\/\/bahiaeconomica.com.br\/wp\/#\/schema\/logo\/image\/"},"sameAs":["https:\/\/www.facebook.com\/bahiaeconomica"]},{"@type":"Person","@id":"https:\/\/bahiaeconomica.com.br\/wp\/#\/schema\/person\/b719ce0fb1c09f3c7a00d9243ced4a6f","name":"VICTORIA ISABEL","sameAs":["http:\/\/www.bahiaeconomica.com.br"],"url":"https:\/\/bahiaeconomica.com.br\/wp\/author\/victoria-isabel\/"}]}},"views":3,"_links":{"self":[{"href":"https:\/\/bahiaeconomica.com.br\/wp\/wp-json\/wp\/v2\/posts\/872165"}],"collection":[{"href":"https:\/\/bahiaeconomica.com.br\/wp\/wp-json\/wp\/v2\/posts"}],"about":[{"href":"https:\/\/bahiaeconomica.com.br\/wp\/wp-json\/wp\/v2\/types\/post"}],"author":[{"embeddable":true,"href":"https:\/\/bahiaeconomica.com.br\/wp\/wp-json\/wp\/v2\/users\/15"}],"replies":[{"embeddable":true,"href":"https:\/\/bahiaeconomica.com.br\/wp\/wp-json\/wp\/v2\/comments?post=872165"}],"version-history":[{"count":1,"href":"https:\/\/bahiaeconomica.com.br\/wp\/wp-json\/wp\/v2\/posts\/872165\/revisions"}],"predecessor-version":[{"id":872171,"href":"https:\/\/bahiaeconomica.com.br\/wp\/wp-json\/wp\/v2\/posts\/872165\/revisions\/872171"}],"wp:featuredmedia":[{"embeddable":true,"href":"https:\/\/bahiaeconomica.com.br\/wp\/wp-json\/wp\/v2\/media\/872169"}],"wp:attachment":[{"href":"https:\/\/bahiaeconomica.com.br\/wp\/wp-json\/wp\/v2\/media?parent=872165"}],"wp:term":[{"taxonomy":"category","embeddable":true,"href":"https:\/\/bahiaeconomica.com.br\/wp\/wp-json\/wp\/v2\/categories?post=872165"},{"taxonomy":"post_tag","embeddable":true,"href":"https:\/\/bahiaeconomica.com.br\/wp\/wp-json\/wp\/v2\/tags?post=872165"}],"curies":[{"name":"wp","href":"https:\/\/api.w.org\/{rel}","templated":true}]}}