{"id":871710,"date":"2025-01-08T11:25:28","date_gmt":"2025-01-08T14:25:28","guid":{"rendered":"https:\/\/bahiaeconomica.com.br\/wp\/?p=871710"},"modified":"2025-01-08T09:43:40","modified_gmt":"2025-01-08T12:43:40","slug":"sidonio-participara-de-ato-publico-nesta-quarta-feira-8-apos-anuncio-como-ministro","status":"publish","type":"post","link":"https:\/\/bahiaeconomica.com.br\/wp\/2025\/01\/08\/sidonio-participara-de-ato-publico-nesta-quarta-feira-8-apos-anuncio-como-ministro\/","title":{"rendered":"SID\u00d4NIO PARTICIPAR\u00c1 DE ATO P\u00daBLICO NESTA QUARTA-FEIRA (8) AP\u00d3S AN\u00daNCIO COMO MINISTRO"},"content":{"rendered":"<p>Sid\u00f4nio Palmeira, publicit\u00e1rio baiano confirmado como o novo ministro da Secretaria de Comunica\u00e7\u00e3o Social (Secom), dever\u00e1 participar de um ato p\u00fablico nesta quarta-feira (8). O evento, organizado pelo presidente Luiz In\u00e1cio Lula da Silva (PT), marca os dois anos dos atos golpistas de 2023.<\/p>\n<p>Paulo Pimenta, atual titular da Secom, foi informado de sua substitui\u00e7\u00e3o na ter\u00e7a-feira (7), ap\u00f3s uma reuni\u00e3o com Lula. Segundo o site Metr\u00f3poles, a posse de Sid\u00f4nio est\u00e1 programada para a pr\u00f3xima semana.<\/p>\n<p>Antes de assumir o convite para compor o governo, Sid\u00f4nio esteve na confraterniza\u00e7\u00e3o de fim de ano dos ministros, realizada em 20 de dezembro no Pal\u00e1cio da Alvorada. A troca no comando da Secom acontece em meio a ajustes na equipe ministerial.<\/p>\n<p>Foto: \u00a0Ricardo Stuckert \/ PR<\/p>\n","protected":false},"excerpt":{"rendered":"<p>Sid\u00f4nio Palmeira, publicit\u00e1rio baiano confirmado como o novo ministro da Secretaria de Comunica\u00e7\u00e3o Social (Secom), dever\u00e1 participar de um ato p\u00fablico nesta quarta-feira (8). O evento, organizado pelo presidente Luiz In\u00e1cio Lula da Silva (PT), marca os dois anos dos atos golpistas de 2023. Paulo Pimenta, atual titular da Secom, foi informado de sua substitui\u00e7\u00e3o [&hellip;]<\/p>\n","protected":false},"author":20,"featured_media":871721,"comment_status":"closed","ping_status":"closed","sticky":false,"template":"","format":"standard","meta":[],"categories":[14601],"tags":[35892,449,11144,1372],"acf":[],"yoast_head":"<!-- This site is optimized with the Yoast SEO plugin v20.8 - https:\/\/yoast.com\/wordpress\/plugins\/seo\/ -->\n<title>SID\u00d4NIO PARTICIPAR\u00c1 DE ATO P\u00daBLICO NESTA QUARTA-FEIRA (8) AP\u00d3S AN\u00daNCIO COMO MINISTRO - Bahia Economica<\/title>\n<meta name=\"description\" content=\"O maior portal de Economia da Bahia Pol\u00edtica Bahia Economica evento marca os dois anos dos atos golpistas de 2023\" \/>\n<meta name=\"robots\" content=\"index, follow, max-snippet:-1, max-image-preview:large, max-video-preview:-1\" \/>\n<link rel=\"canonical\" href=\"https:\/\/bahiaeconomica.com.br\/wp\/2025\/01\/08\/sidonio-participara-de-ato-publico-nesta-quarta-feira-8-apos-anuncio-como-ministro\/\" \/>\n<meta property=\"og:locale\" content=\"pt_BR\" \/>\n<meta property=\"og:type\" content=\"article\" \/>\n<meta property=\"og:title\" content=\"SID\u00d4NIO PARTICIPAR\u00c1 DE ATO P\u00daBLICO NESTA QUARTA-FEIRA (8) AP\u00d3S AN\u00daNCIO COMO MINISTRO - Bahia Economica\" \/>\n<meta property=\"og:description\" content=\"O maior portal de Economia da Bahia Pol\u00edtica Bahia Economica evento marca os dois anos dos atos golpistas de 2023\" \/>\n<meta property=\"og:url\" content=\"https:\/\/bahiaeconomica.com.br\/wp\/2025\/01\/08\/sidonio-participara-de-ato-publico-nesta-quarta-feira-8-apos-anuncio-como-ministro\/\" \/>\n<meta property=\"og:site_name\" content=\"Bahia Economica\" \/>\n<meta property=\"article:publisher\" content=\"https:\/\/www.facebook.com\/bahiaeconomica\" \/>\n<meta property=\"article:published_time\" content=\"2025-01-08T14:25:28+00:00\" \/>\n<meta property=\"article:modified_time\" content=\"2025-01-08T12:43:40+00:00\" \/>\n<meta property=\"og:image\" content=\"https:\/\/bahiaeconomica.com.br\/wp\/wp-content\/uploads\/2025\/01\/IMAGEM_NOTICIA_9-2.webp\" \/>\n\t<meta property=\"og:image:width\" content=\"1200\" \/>\n\t<meta property=\"og:image:height\" content=\"630\" \/>\n\t<meta property=\"og:image:type\" content=\"image\/webp\" \/>\n<meta name=\"author\" content=\"BRUNA CARVALHO\" \/>\n<meta name=\"twitter:card\" content=\"summary_large_image\" \/>\n<meta name=\"twitter:label1\" content=\"Escrito por\" \/>\n\t<meta name=\"twitter:data1\" content=\"BRUNA CARVALHO\" \/>\n\t<meta name=\"twitter:label2\" content=\"Est. tempo de leitura\" \/>\n\t<meta name=\"twitter:data2\" content=\"1 minuto\" \/>\n<script type=\"application\/ld+json\" class=\"yoast-schema-graph\">{\"@context\":\"https:\/\/schema.org\",\"@graph\":[{\"@type\":\"Article\",\"@id\":\"https:\/\/bahiaeconomica.com.br\/wp\/2025\/01\/08\/sidonio-participara-de-ato-publico-nesta-quarta-feira-8-apos-anuncio-como-ministro\/#article\",\"isPartOf\":{\"@id\":\"https:\/\/bahiaeconomica.com.br\/wp\/2025\/01\/08\/sidonio-participara-de-ato-publico-nesta-quarta-feira-8-apos-anuncio-como-ministro\/\"},\"author\":{\"name\":\"BRUNA CARVALHO\",\"@id\":\"https:\/\/bahiaeconomica.com.br\/wp\/#\/schema\/person\/9310b0e591f5979f6f99773eac5804e6\"},\"headline\":\"SID\u00d4NIO PARTICIPAR\u00c1 DE ATO P\u00daBLICO NESTA QUARTA-FEIRA (8) AP\u00d3S AN\u00daNCIO COMO MINISTRO\",\"datePublished\":\"2025-01-08T14:25:28+00:00\",\"dateModified\":\"2025-01-08T12:43:40+00:00\",\"mainEntityOfPage\":{\"@id\":\"https:\/\/bahiaeconomica.com.br\/wp\/2025\/01\/08\/sidonio-participara-de-ato-publico-nesta-quarta-feira-8-apos-anuncio-como-ministro\/\"},\"wordCount\":149,\"publisher\":{\"@id\":\"https:\/\/bahiaeconomica.com.br\/wp\/#organization\"},\"keywords\":[\"ato publico\",\"ministro\",\"SECOM\",\"sid\u00f4nio\"],\"articleSection\":[\"Pol\u00edtica\"],\"inLanguage\":\"pt-BR\"},{\"@type\":\"WebPage\",\"@id\":\"https:\/\/bahiaeconomica.com.br\/wp\/2025\/01\/08\/sidonio-participara-de-ato-publico-nesta-quarta-feira-8-apos-anuncio-como-ministro\/\",\"url\":\"https:\/\/bahiaeconomica.com.br\/wp\/2025\/01\/08\/sidonio-participara-de-ato-publico-nesta-quarta-feira-8-apos-anuncio-como-ministro\/\",\"name\":\"SID\u00d4NIO PARTICIPAR\u00c1 DE ATO P\u00daBLICO NESTA QUARTA-FEIRA (8) AP\u00d3S AN\u00daNCIO COMO MINISTRO - Bahia Economica\",\"isPartOf\":{\"@id\":\"https:\/\/bahiaeconomica.com.br\/wp\/#website\"},\"datePublished\":\"2025-01-08T14:25:28+00:00\",\"dateModified\":\"2025-01-08T12:43:40+00:00\",\"description\":\"O maior portal de Economia da Bahia Pol\u00edtica Bahia Economica evento marca os dois anos dos atos golpistas de 2023\",\"breadcrumb\":{\"@id\":\"https:\/\/bahiaeconomica.com.br\/wp\/2025\/01\/08\/sidonio-participara-de-ato-publico-nesta-quarta-feira-8-apos-anuncio-como-ministro\/#breadcrumb\"},\"inLanguage\":\"pt-BR\",\"potentialAction\":[{\"@type\":\"ReadAction\",\"target\":[\"https:\/\/bahiaeconomica.com.br\/wp\/2025\/01\/08\/sidonio-participara-de-ato-publico-nesta-quarta-feira-8-apos-anuncio-como-ministro\/\"]}]},{\"@type\":\"BreadcrumbList\",\"@id\":\"https:\/\/bahiaeconomica.com.br\/wp\/2025\/01\/08\/sidonio-participara-de-ato-publico-nesta-quarta-feira-8-apos-anuncio-como-ministro\/#breadcrumb\",\"itemListElement\":[{\"@type\":\"ListItem\",\"position\":1,\"name\":\"In\u00edcio\",\"item\":\"https:\/\/bahiaeconomica.com.br\/wp\/\"},{\"@type\":\"ListItem\",\"position\":2,\"name\":\"SID\u00d4NIO PARTICIPAR\u00c1 DE ATO P\u00daBLICO NESTA QUARTA-FEIRA (8) AP\u00d3S AN\u00daNCIO COMO MINISTRO\"}]},{\"@type\":\"WebSite\",\"@id\":\"https:\/\/bahiaeconomica.com.br\/wp\/#website\",\"url\":\"https:\/\/bahiaeconomica.com.br\/wp\/\",\"name\":\"Bahia Economica\",\"description\":\"O maior portal de Economia da Bahia\",\"publisher\":{\"@id\":\"https:\/\/bahiaeconomica.com.br\/wp\/#organization\"},\"potentialAction\":[{\"@type\":\"SearchAction\",\"target\":{\"@type\":\"EntryPoint\",\"urlTemplate\":\"https:\/\/bahiaeconomica.com.br\/wp\/?s={search_term_string}\"},\"query-input\":\"required name=search_term_string\"}],\"inLanguage\":\"pt-BR\"},{\"@type\":\"Organization\",\"@id\":\"https:\/\/bahiaeconomica.com.br\/wp\/#organization\",\"name\":\"Bahia Econ\u00f4mica\",\"url\":\"https:\/\/bahiaeconomica.com.br\/wp\/\",\"logo\":{\"@type\":\"ImageObject\",\"inLanguage\":\"pt-BR\",\"@id\":\"https:\/\/bahiaeconomica.com.br\/wp\/#\/schema\/logo\/image\/\",\"url\":\"https:\/\/bahiaeconomica.com.br\/wp\/wp-content\/uploads\/2020\/12\/cropped-BE.png\",\"contentUrl\":\"https:\/\/bahiaeconomica.com.br\/wp\/wp-content\/uploads\/2020\/12\/cropped-BE.png\",\"width\":512,\"height\":512,\"caption\":\"Bahia Econ\u00f4mica\"},\"image\":{\"@id\":\"https:\/\/bahiaeconomica.com.br\/wp\/#\/schema\/logo\/image\/\"},\"sameAs\":[\"https:\/\/www.facebook.com\/bahiaeconomica\"]},{\"@type\":\"Person\",\"@id\":\"https:\/\/bahiaeconomica.com.br\/wp\/#\/schema\/person\/9310b0e591f5979f6f99773eac5804e6\",\"name\":\"BRUNA CARVALHO\",\"sameAs\":[\"http:\/\/www.bahiaeconomica.com.br\"],\"url\":\"https:\/\/bahiaeconomica.com.br\/wp\/author\/bruna\/\"}]}<\/script>\n<!-- \/ Yoast SEO plugin. -->","yoast_head_json":{"title":"SID\u00d4NIO PARTICIPAR\u00c1 DE ATO P\u00daBLICO NESTA QUARTA-FEIRA (8) AP\u00d3S AN\u00daNCIO COMO MINISTRO - Bahia Economica","description":"O maior portal de Economia da Bahia Pol\u00edtica Bahia Economica evento marca os dois anos dos atos golpistas de 2023","robots":{"index":"index","follow":"follow","max-snippet":"max-snippet:-1","max-image-preview":"max-image-preview:large","max-video-preview":"max-video-preview:-1"},"canonical":"https:\/\/bahiaeconomica.com.br\/wp\/2025\/01\/08\/sidonio-participara-de-ato-publico-nesta-quarta-feira-8-apos-anuncio-como-ministro\/","og_locale":"pt_BR","og_type":"article","og_title":"SID\u00d4NIO PARTICIPAR\u00c1 DE ATO P\u00daBLICO NESTA QUARTA-FEIRA (8) AP\u00d3S AN\u00daNCIO COMO MINISTRO - Bahia Economica","og_description":"O maior portal de Economia da Bahia Pol\u00edtica Bahia Economica evento marca os dois anos dos atos golpistas de 2023","og_url":"https:\/\/bahiaeconomica.com.br\/wp\/2025\/01\/08\/sidonio-participara-de-ato-publico-nesta-quarta-feira-8-apos-anuncio-como-ministro\/","og_site_name":"Bahia Economica","article_publisher":"https:\/\/www.facebook.com\/bahiaeconomica","article_published_time":"2025-01-08T14:25:28+00:00","article_modified_time":"2025-01-08T12:43:40+00:00","og_image":[{"width":1200,"height":630,"url":"https:\/\/bahiaeconomica.com.br\/wp\/wp-content\/uploads\/2025\/01\/IMAGEM_NOTICIA_9-2.webp","type":"image\/webp"}],"author":"BRUNA CARVALHO","twitter_card":"summary_large_image","twitter_misc":{"Escrito por":"BRUNA CARVALHO","Est. tempo de leitura":"1 minuto"},"schema":{"@context":"https:\/\/schema.org","@graph":[{"@type":"Article","@id":"https:\/\/bahiaeconomica.com.br\/wp\/2025\/01\/08\/sidonio-participara-de-ato-publico-nesta-quarta-feira-8-apos-anuncio-como-ministro\/#article","isPartOf":{"@id":"https:\/\/bahiaeconomica.com.br\/wp\/2025\/01\/08\/sidonio-participara-de-ato-publico-nesta-quarta-feira-8-apos-anuncio-como-ministro\/"},"author":{"name":"BRUNA CARVALHO","@id":"https:\/\/bahiaeconomica.com.br\/wp\/#\/schema\/person\/9310b0e591f5979f6f99773eac5804e6"},"headline":"SID\u00d4NIO PARTICIPAR\u00c1 DE ATO P\u00daBLICO NESTA QUARTA-FEIRA (8) AP\u00d3S AN\u00daNCIO COMO MINISTRO","datePublished":"2025-01-08T14:25:28+00:00","dateModified":"2025-01-08T12:43:40+00:00","mainEntityOfPage":{"@id":"https:\/\/bahiaeconomica.com.br\/wp\/2025\/01\/08\/sidonio-participara-de-ato-publico-nesta-quarta-feira-8-apos-anuncio-como-ministro\/"},"wordCount":149,"publisher":{"@id":"https:\/\/bahiaeconomica.com.br\/wp\/#organization"},"keywords":["ato publico","ministro","SECOM","sid\u00f4nio"],"articleSection":["Pol\u00edtica"],"inLanguage":"pt-BR"},{"@type":"WebPage","@id":"https:\/\/bahiaeconomica.com.br\/wp\/2025\/01\/08\/sidonio-participara-de-ato-publico-nesta-quarta-feira-8-apos-anuncio-como-ministro\/","url":"https:\/\/bahiaeconomica.com.br\/wp\/2025\/01\/08\/sidonio-participara-de-ato-publico-nesta-quarta-feira-8-apos-anuncio-como-ministro\/","name":"SID\u00d4NIO PARTICIPAR\u00c1 DE ATO P\u00daBLICO NESTA QUARTA-FEIRA (8) AP\u00d3S AN\u00daNCIO COMO MINISTRO - Bahia Economica","isPartOf":{"@id":"https:\/\/bahiaeconomica.com.br\/wp\/#website"},"datePublished":"2025-01-08T14:25:28+00:00","dateModified":"2025-01-08T12:43:40+00:00","description":"O maior portal de Economia da Bahia Pol\u00edtica Bahia Economica evento marca os dois anos dos atos golpistas de 2023","breadcrumb":{"@id":"https:\/\/bahiaeconomica.com.br\/wp\/2025\/01\/08\/sidonio-participara-de-ato-publico-nesta-quarta-feira-8-apos-anuncio-como-ministro\/#breadcrumb"},"inLanguage":"pt-BR","potentialAction":[{"@type":"ReadAction","target":["https:\/\/bahiaeconomica.com.br\/wp\/2025\/01\/08\/sidonio-participara-de-ato-publico-nesta-quarta-feira-8-apos-anuncio-como-ministro\/"]}]},{"@type":"BreadcrumbList","@id":"https:\/\/bahiaeconomica.com.br\/wp\/2025\/01\/08\/sidonio-participara-de-ato-publico-nesta-quarta-feira-8-apos-anuncio-como-ministro\/#breadcrumb","itemListElement":[{"@type":"ListItem","position":1,"name":"In\u00edcio","item":"https:\/\/bahiaeconomica.com.br\/wp\/"},{"@type":"ListItem","position":2,"name":"SID\u00d4NIO PARTICIPAR\u00c1 DE ATO P\u00daBLICO NESTA QUARTA-FEIRA (8) AP\u00d3S AN\u00daNCIO COMO MINISTRO"}]},{"@type":"WebSite","@id":"https:\/\/bahiaeconomica.com.br\/wp\/#website","url":"https:\/\/bahiaeconomica.com.br\/wp\/","name":"Bahia Economica","description":"O maior portal de Economia da Bahia","publisher":{"@id":"https:\/\/bahiaeconomica.com.br\/wp\/#organization"},"potentialAction":[{"@type":"SearchAction","target":{"@type":"EntryPoint","urlTemplate":"https:\/\/bahiaeconomica.com.br\/wp\/?s={search_term_string}"},"query-input":"required name=search_term_string"}],"inLanguage":"pt-BR"},{"@type":"Organization","@id":"https:\/\/bahiaeconomica.com.br\/wp\/#organization","name":"Bahia Econ\u00f4mica","url":"https:\/\/bahiaeconomica.com.br\/wp\/","logo":{"@type":"ImageObject","inLanguage":"pt-BR","@id":"https:\/\/bahiaeconomica.com.br\/wp\/#\/schema\/logo\/image\/","url":"https:\/\/bahiaeconomica.com.br\/wp\/wp-content\/uploads\/2020\/12\/cropped-BE.png","contentUrl":"https:\/\/bahiaeconomica.com.br\/wp\/wp-content\/uploads\/2020\/12\/cropped-BE.png","width":512,"height":512,"caption":"Bahia Econ\u00f4mica"},"image":{"@id":"https:\/\/bahiaeconomica.com.br\/wp\/#\/schema\/logo\/image\/"},"sameAs":["https:\/\/www.facebook.com\/bahiaeconomica"]},{"@type":"Person","@id":"https:\/\/bahiaeconomica.com.br\/wp\/#\/schema\/person\/9310b0e591f5979f6f99773eac5804e6","name":"BRUNA CARVALHO","sameAs":["http:\/\/www.bahiaeconomica.com.br"],"url":"https:\/\/bahiaeconomica.com.br\/wp\/author\/bruna\/"}]}},"views":1,"_links":{"self":[{"href":"https:\/\/bahiaeconomica.com.br\/wp\/wp-json\/wp\/v2\/posts\/871710"}],"collection":[{"href":"https:\/\/bahiaeconomica.com.br\/wp\/wp-json\/wp\/v2\/posts"}],"about":[{"href":"https:\/\/bahiaeconomica.com.br\/wp\/wp-json\/wp\/v2\/types\/post"}],"author":[{"embeddable":true,"href":"https:\/\/bahiaeconomica.com.br\/wp\/wp-json\/wp\/v2\/users\/20"}],"replies":[{"embeddable":true,"href":"https:\/\/bahiaeconomica.com.br\/wp\/wp-json\/wp\/v2\/comments?post=871710"}],"version-history":[{"count":1,"href":"https:\/\/bahiaeconomica.com.br\/wp\/wp-json\/wp\/v2\/posts\/871710\/revisions"}],"predecessor-version":[{"id":871722,"href":"https:\/\/bahiaeconomica.com.br\/wp\/wp-json\/wp\/v2\/posts\/871710\/revisions\/871722"}],"wp:featuredmedia":[{"embeddable":true,"href":"https:\/\/bahiaeconomica.com.br\/wp\/wp-json\/wp\/v2\/media\/871721"}],"wp:attachment":[{"href":"https:\/\/bahiaeconomica.com.br\/wp\/wp-json\/wp\/v2\/media?parent=871710"}],"wp:term":[{"taxonomy":"category","embeddable":true,"href":"https:\/\/bahiaeconomica.com.br\/wp\/wp-json\/wp\/v2\/categories?post=871710"},{"taxonomy":"post_tag","embeddable":true,"href":"https:\/\/bahiaeconomica.com.br\/wp\/wp-json\/wp\/v2\/tags?post=871710"}],"curies":[{"name":"wp","href":"https:\/\/api.w.org\/{rel}","templated":true}]}}