{"id":871317,"date":"2025-01-07T07:20:24","date_gmt":"2025-01-07T10:20:24","guid":{"rendered":"https:\/\/bahiaeconomica.com.br\/wp\/?p=871317"},"modified":"2025-01-07T08:51:21","modified_gmt":"2025-01-07T11:51:21","slug":"bruno-reis-diz-que-reajuste-na-tarifa-de-onibus-foi-inevitavel","status":"publish","type":"post","link":"https:\/\/bahiaeconomica.com.br\/wp\/2025\/01\/07\/bruno-reis-diz-que-reajuste-na-tarifa-de-onibus-foi-inevitavel\/","title":{"rendered":"BRUNO REIS DIZ QUE REAJUSTE NA TARIFA DE \u00d4NIBUS FOI INEVIT\u00c1VEL"},"content":{"rendered":"<p>Em entrevista \u00e0 imprensa, o prefeito Bruno Reis comentou o reajuste no valor da tarifa do transporte p\u00fablico de Salvador, que passou a custar R$ 5,60. Segundo ele, &#8220;n\u00e3o havia como n\u00e3o ser dado\u201d. Questionado sobre as cr\u00edticas da oposi\u00e7\u00e3o ao aumento, Bruno argumentou que o reajuste \u00e9 o menor entre as capitais que tamb\u00e9m aumentaram o valor.<\/p>\n<p>\u201cTeve capital que aumentou mais de R$ 0,60. Diante dos aumentos dos sal\u00e1rios das categorias, n\u00e3o tem como n\u00e3o ter feito esse reajuste. A prefeitura vai seguir complementando com o subs\u00eddio. Mesmo consciente de que devemos avan\u00e7ar muito no transporte p\u00fablico, e estamos avan\u00e7ando. Infelizmente, n\u00e3o tinha como n\u00e3o ser dado esse reajuste&#8221;, contou.<\/p>\n<p>&#8220;Se n\u00f3s f\u00f4ssemos aplicar a infla\u00e7\u00e3o dos dois anos que ficaram sem aumento, o aumento do valor seria maior. Se voc\u00eas lembrarem, de l\u00e1 para c\u00e1, ter\u00edamos tido um reajuste maior\u201d, explicou.<\/p>\n<p>&nbsp;<\/p>\n<p>Foto:\u00a0<b>Valter Pontes\/Secom PMS<\/b><\/p>\n","protected":false},"excerpt":{"rendered":"<p>Em entrevista \u00e0 imprensa, o prefeito Bruno Reis comentou o reajuste no valor da tarifa do transporte p\u00fablico de Salvador, que passou a custar R$ 5,60. Segundo ele, &#8220;n\u00e3o havia como n\u00e3o ser dado\u201d. Questionado sobre as cr\u00edticas da oposi\u00e7\u00e3o ao aumento, Bruno argumentou que o reajuste \u00e9 o menor entre as capitais que tamb\u00e9m [&hellip;]<\/p>\n","protected":false},"author":8,"featured_media":871318,"comment_status":"closed","ping_status":"closed","sticky":false,"template":"","format":"standard","meta":[],"categories":[14601],"tags":[52,1208,213,100],"acf":[],"yoast_head":"<!-- This site is optimized with the Yoast SEO plugin v20.8 - https:\/\/yoast.com\/wordpress\/plugins\/seo\/ -->\n<title>BRUNO REIS DIZ QUE REAJUSTE NA TARIFA DE \u00d4NIBUS FOI INEVIT\u00c1VEL - Bahia Economica<\/title>\n<meta name=\"description\" content=\"O maior portal de Economia da Bahia Pol\u00edtica Bahia Economica que aumentou mais de R$ 0,60. Diante dos aumentos dos\" \/>\n<meta name=\"robots\" content=\"index, follow, max-snippet:-1, max-image-preview:large, max-video-preview:-1\" \/>\n<link rel=\"canonical\" href=\"https:\/\/bahiaeconomica.com.br\/wp\/2025\/01\/07\/bruno-reis-diz-que-reajuste-na-tarifa-de-onibus-foi-inevitavel\/\" \/>\n<meta property=\"og:locale\" content=\"pt_BR\" \/>\n<meta property=\"og:type\" content=\"article\" \/>\n<meta property=\"og:title\" content=\"BRUNO REIS DIZ QUE REAJUSTE NA TARIFA DE \u00d4NIBUS FOI INEVIT\u00c1VEL - Bahia Economica\" \/>\n<meta property=\"og:description\" content=\"O maior portal de Economia da Bahia Pol\u00edtica Bahia Economica que aumentou mais de R$ 0,60. Diante dos aumentos dos\" \/>\n<meta property=\"og:url\" content=\"https:\/\/bahiaeconomica.com.br\/wp\/2025\/01\/07\/bruno-reis-diz-que-reajuste-na-tarifa-de-onibus-foi-inevitavel\/\" \/>\n<meta property=\"og:site_name\" content=\"Bahia Economica\" \/>\n<meta property=\"article:publisher\" content=\"https:\/\/www.facebook.com\/bahiaeconomica\" \/>\n<meta property=\"article:published_time\" content=\"2025-01-07T10:20:24+00:00\" \/>\n<meta property=\"article:modified_time\" content=\"2025-01-07T11:51:21+00:00\" \/>\n<meta property=\"og:image\" content=\"https:\/\/bahiaeconomica.com.br\/wp\/wp-content\/uploads\/2025\/01\/159656nos-estamos-finalizando-o-plano-municipal-de-seguranca-diz-bruno-reis-em-discurso-de-posse-3.jpg\" \/>\n\t<meta property=\"og:image:width\" content=\"1600\" \/>\n\t<meta property=\"og:image:height\" content=\"752\" \/>\n\t<meta property=\"og:image:type\" content=\"image\/jpeg\" \/>\n<meta name=\"author\" content=\"JP\" \/>\n<meta name=\"twitter:card\" content=\"summary_large_image\" \/>\n<meta name=\"twitter:label1\" content=\"Escrito por\" \/>\n\t<meta name=\"twitter:data1\" content=\"JP\" \/>\n\t<meta name=\"twitter:label2\" content=\"Est. tempo de leitura\" \/>\n\t<meta name=\"twitter:data2\" content=\"1 minuto\" \/>\n<script type=\"application\/ld+json\" class=\"yoast-schema-graph\">{\"@context\":\"https:\/\/schema.org\",\"@graph\":[{\"@type\":\"Article\",\"@id\":\"https:\/\/bahiaeconomica.com.br\/wp\/2025\/01\/07\/bruno-reis-diz-que-reajuste-na-tarifa-de-onibus-foi-inevitavel\/#article\",\"isPartOf\":{\"@id\":\"https:\/\/bahiaeconomica.com.br\/wp\/2025\/01\/07\/bruno-reis-diz-que-reajuste-na-tarifa-de-onibus-foi-inevitavel\/\"},\"author\":{\"name\":\"JP\",\"@id\":\"https:\/\/bahiaeconomica.com.br\/wp\/#\/schema\/person\/c86d3a3f8960425a0f9d0e5245991f4e\"},\"headline\":\"BRUNO REIS DIZ QUE REAJUSTE NA TARIFA DE \u00d4NIBUS FOI INEVIT\u00c1VEL\",\"datePublished\":\"2025-01-07T10:20:24+00:00\",\"dateModified\":\"2025-01-07T11:51:21+00:00\",\"mainEntityOfPage\":{\"@id\":\"https:\/\/bahiaeconomica.com.br\/wp\/2025\/01\/07\/bruno-reis-diz-que-reajuste-na-tarifa-de-onibus-foi-inevitavel\/\"},\"wordCount\":178,\"publisher\":{\"@id\":\"https:\/\/bahiaeconomica.com.br\/wp\/#organization\"},\"keywords\":[\"Brasil\",\"bruno\",\"Economia\",\"Pol\u00edtica\"],\"articleSection\":[\"Pol\u00edtica\"],\"inLanguage\":\"pt-BR\"},{\"@type\":\"WebPage\",\"@id\":\"https:\/\/bahiaeconomica.com.br\/wp\/2025\/01\/07\/bruno-reis-diz-que-reajuste-na-tarifa-de-onibus-foi-inevitavel\/\",\"url\":\"https:\/\/bahiaeconomica.com.br\/wp\/2025\/01\/07\/bruno-reis-diz-que-reajuste-na-tarifa-de-onibus-foi-inevitavel\/\",\"name\":\"BRUNO REIS DIZ QUE REAJUSTE NA TARIFA DE \u00d4NIBUS FOI INEVIT\u00c1VEL - Bahia Economica\",\"isPartOf\":{\"@id\":\"https:\/\/bahiaeconomica.com.br\/wp\/#website\"},\"datePublished\":\"2025-01-07T10:20:24+00:00\",\"dateModified\":\"2025-01-07T11:51:21+00:00\",\"description\":\"O maior portal de Economia da Bahia Pol\u00edtica Bahia Economica que aumentou mais de R$ 0,60. Diante dos aumentos dos\",\"breadcrumb\":{\"@id\":\"https:\/\/bahiaeconomica.com.br\/wp\/2025\/01\/07\/bruno-reis-diz-que-reajuste-na-tarifa-de-onibus-foi-inevitavel\/#breadcrumb\"},\"inLanguage\":\"pt-BR\",\"potentialAction\":[{\"@type\":\"ReadAction\",\"target\":[\"https:\/\/bahiaeconomica.com.br\/wp\/2025\/01\/07\/bruno-reis-diz-que-reajuste-na-tarifa-de-onibus-foi-inevitavel\/\"]}]},{\"@type\":\"BreadcrumbList\",\"@id\":\"https:\/\/bahiaeconomica.com.br\/wp\/2025\/01\/07\/bruno-reis-diz-que-reajuste-na-tarifa-de-onibus-foi-inevitavel\/#breadcrumb\",\"itemListElement\":[{\"@type\":\"ListItem\",\"position\":1,\"name\":\"In\u00edcio\",\"item\":\"https:\/\/bahiaeconomica.com.br\/wp\/\"},{\"@type\":\"ListItem\",\"position\":2,\"name\":\"BRUNO REIS DIZ QUE REAJUSTE NA TARIFA DE \u00d4NIBUS FOI INEVIT\u00c1VEL\"}]},{\"@type\":\"WebSite\",\"@id\":\"https:\/\/bahiaeconomica.com.br\/wp\/#website\",\"url\":\"https:\/\/bahiaeconomica.com.br\/wp\/\",\"name\":\"Bahia Economica\",\"description\":\"O maior portal de Economia da Bahia\",\"publisher\":{\"@id\":\"https:\/\/bahiaeconomica.com.br\/wp\/#organization\"},\"potentialAction\":[{\"@type\":\"SearchAction\",\"target\":{\"@type\":\"EntryPoint\",\"urlTemplate\":\"https:\/\/bahiaeconomica.com.br\/wp\/?s={search_term_string}\"},\"query-input\":\"required name=search_term_string\"}],\"inLanguage\":\"pt-BR\"},{\"@type\":\"Organization\",\"@id\":\"https:\/\/bahiaeconomica.com.br\/wp\/#organization\",\"name\":\"Bahia Econ\u00f4mica\",\"url\":\"https:\/\/bahiaeconomica.com.br\/wp\/\",\"logo\":{\"@type\":\"ImageObject\",\"inLanguage\":\"pt-BR\",\"@id\":\"https:\/\/bahiaeconomica.com.br\/wp\/#\/schema\/logo\/image\/\",\"url\":\"https:\/\/bahiaeconomica.com.br\/wp\/wp-content\/uploads\/2020\/12\/cropped-BE.png\",\"contentUrl\":\"https:\/\/bahiaeconomica.com.br\/wp\/wp-content\/uploads\/2020\/12\/cropped-BE.png\",\"width\":512,\"height\":512,\"caption\":\"Bahia Econ\u00f4mica\"},\"image\":{\"@id\":\"https:\/\/bahiaeconomica.com.br\/wp\/#\/schema\/logo\/image\/\"},\"sameAs\":[\"https:\/\/www.facebook.com\/bahiaeconomica\"]},{\"@type\":\"Person\",\"@id\":\"https:\/\/bahiaeconomica.com.br\/wp\/#\/schema\/person\/c86d3a3f8960425a0f9d0e5245991f4e\",\"name\":\"JP\",\"sameAs\":[\"https:\/\/bahiaeconomica.com.br\/wp\/beta\/\"],\"url\":\"https:\/\/bahiaeconomica.com.br\/wp\/author\/jp\/\"}]}<\/script>\n<!-- \/ Yoast SEO plugin. -->","yoast_head_json":{"title":"BRUNO REIS DIZ QUE REAJUSTE NA TARIFA DE \u00d4NIBUS FOI INEVIT\u00c1VEL - Bahia Economica","description":"O maior portal de Economia da Bahia Pol\u00edtica Bahia Economica que aumentou mais de R$ 0,60. Diante dos aumentos dos","robots":{"index":"index","follow":"follow","max-snippet":"max-snippet:-1","max-image-preview":"max-image-preview:large","max-video-preview":"max-video-preview:-1"},"canonical":"https:\/\/bahiaeconomica.com.br\/wp\/2025\/01\/07\/bruno-reis-diz-que-reajuste-na-tarifa-de-onibus-foi-inevitavel\/","og_locale":"pt_BR","og_type":"article","og_title":"BRUNO REIS DIZ QUE REAJUSTE NA TARIFA DE \u00d4NIBUS FOI INEVIT\u00c1VEL - Bahia Economica","og_description":"O maior portal de Economia da Bahia Pol\u00edtica Bahia Economica que aumentou mais de R$ 0,60. Diante dos aumentos dos","og_url":"https:\/\/bahiaeconomica.com.br\/wp\/2025\/01\/07\/bruno-reis-diz-que-reajuste-na-tarifa-de-onibus-foi-inevitavel\/","og_site_name":"Bahia Economica","article_publisher":"https:\/\/www.facebook.com\/bahiaeconomica","article_published_time":"2025-01-07T10:20:24+00:00","article_modified_time":"2025-01-07T11:51:21+00:00","og_image":[{"width":1600,"height":752,"url":"https:\/\/bahiaeconomica.com.br\/wp\/wp-content\/uploads\/2025\/01\/159656nos-estamos-finalizando-o-plano-municipal-de-seguranca-diz-bruno-reis-em-discurso-de-posse-3.jpg","type":"image\/jpeg"}],"author":"JP","twitter_card":"summary_large_image","twitter_misc":{"Escrito por":"JP","Est. tempo de leitura":"1 minuto"},"schema":{"@context":"https:\/\/schema.org","@graph":[{"@type":"Article","@id":"https:\/\/bahiaeconomica.com.br\/wp\/2025\/01\/07\/bruno-reis-diz-que-reajuste-na-tarifa-de-onibus-foi-inevitavel\/#article","isPartOf":{"@id":"https:\/\/bahiaeconomica.com.br\/wp\/2025\/01\/07\/bruno-reis-diz-que-reajuste-na-tarifa-de-onibus-foi-inevitavel\/"},"author":{"name":"JP","@id":"https:\/\/bahiaeconomica.com.br\/wp\/#\/schema\/person\/c86d3a3f8960425a0f9d0e5245991f4e"},"headline":"BRUNO REIS DIZ QUE REAJUSTE NA TARIFA DE \u00d4NIBUS FOI INEVIT\u00c1VEL","datePublished":"2025-01-07T10:20:24+00:00","dateModified":"2025-01-07T11:51:21+00:00","mainEntityOfPage":{"@id":"https:\/\/bahiaeconomica.com.br\/wp\/2025\/01\/07\/bruno-reis-diz-que-reajuste-na-tarifa-de-onibus-foi-inevitavel\/"},"wordCount":178,"publisher":{"@id":"https:\/\/bahiaeconomica.com.br\/wp\/#organization"},"keywords":["Brasil","bruno","Economia","Pol\u00edtica"],"articleSection":["Pol\u00edtica"],"inLanguage":"pt-BR"},{"@type":"WebPage","@id":"https:\/\/bahiaeconomica.com.br\/wp\/2025\/01\/07\/bruno-reis-diz-que-reajuste-na-tarifa-de-onibus-foi-inevitavel\/","url":"https:\/\/bahiaeconomica.com.br\/wp\/2025\/01\/07\/bruno-reis-diz-que-reajuste-na-tarifa-de-onibus-foi-inevitavel\/","name":"BRUNO REIS DIZ QUE REAJUSTE NA TARIFA DE \u00d4NIBUS FOI INEVIT\u00c1VEL - Bahia Economica","isPartOf":{"@id":"https:\/\/bahiaeconomica.com.br\/wp\/#website"},"datePublished":"2025-01-07T10:20:24+00:00","dateModified":"2025-01-07T11:51:21+00:00","description":"O maior portal de Economia da Bahia Pol\u00edtica Bahia Economica que aumentou mais de R$ 0,60. Diante dos aumentos dos","breadcrumb":{"@id":"https:\/\/bahiaeconomica.com.br\/wp\/2025\/01\/07\/bruno-reis-diz-que-reajuste-na-tarifa-de-onibus-foi-inevitavel\/#breadcrumb"},"inLanguage":"pt-BR","potentialAction":[{"@type":"ReadAction","target":["https:\/\/bahiaeconomica.com.br\/wp\/2025\/01\/07\/bruno-reis-diz-que-reajuste-na-tarifa-de-onibus-foi-inevitavel\/"]}]},{"@type":"BreadcrumbList","@id":"https:\/\/bahiaeconomica.com.br\/wp\/2025\/01\/07\/bruno-reis-diz-que-reajuste-na-tarifa-de-onibus-foi-inevitavel\/#breadcrumb","itemListElement":[{"@type":"ListItem","position":1,"name":"In\u00edcio","item":"https:\/\/bahiaeconomica.com.br\/wp\/"},{"@type":"ListItem","position":2,"name":"BRUNO REIS DIZ QUE REAJUSTE NA TARIFA DE \u00d4NIBUS FOI INEVIT\u00c1VEL"}]},{"@type":"WebSite","@id":"https:\/\/bahiaeconomica.com.br\/wp\/#website","url":"https:\/\/bahiaeconomica.com.br\/wp\/","name":"Bahia Economica","description":"O maior portal de Economia da Bahia","publisher":{"@id":"https:\/\/bahiaeconomica.com.br\/wp\/#organization"},"potentialAction":[{"@type":"SearchAction","target":{"@type":"EntryPoint","urlTemplate":"https:\/\/bahiaeconomica.com.br\/wp\/?s={search_term_string}"},"query-input":"required name=search_term_string"}],"inLanguage":"pt-BR"},{"@type":"Organization","@id":"https:\/\/bahiaeconomica.com.br\/wp\/#organization","name":"Bahia Econ\u00f4mica","url":"https:\/\/bahiaeconomica.com.br\/wp\/","logo":{"@type":"ImageObject","inLanguage":"pt-BR","@id":"https:\/\/bahiaeconomica.com.br\/wp\/#\/schema\/logo\/image\/","url":"https:\/\/bahiaeconomica.com.br\/wp\/wp-content\/uploads\/2020\/12\/cropped-BE.png","contentUrl":"https:\/\/bahiaeconomica.com.br\/wp\/wp-content\/uploads\/2020\/12\/cropped-BE.png","width":512,"height":512,"caption":"Bahia Econ\u00f4mica"},"image":{"@id":"https:\/\/bahiaeconomica.com.br\/wp\/#\/schema\/logo\/image\/"},"sameAs":["https:\/\/www.facebook.com\/bahiaeconomica"]},{"@type":"Person","@id":"https:\/\/bahiaeconomica.com.br\/wp\/#\/schema\/person\/c86d3a3f8960425a0f9d0e5245991f4e","name":"JP","sameAs":["https:\/\/bahiaeconomica.com.br\/wp\/beta\/"],"url":"https:\/\/bahiaeconomica.com.br\/wp\/author\/jp\/"}]}},"views":25,"_links":{"self":[{"href":"https:\/\/bahiaeconomica.com.br\/wp\/wp-json\/wp\/v2\/posts\/871317"}],"collection":[{"href":"https:\/\/bahiaeconomica.com.br\/wp\/wp-json\/wp\/v2\/posts"}],"about":[{"href":"https:\/\/bahiaeconomica.com.br\/wp\/wp-json\/wp\/v2\/types\/post"}],"author":[{"embeddable":true,"href":"https:\/\/bahiaeconomica.com.br\/wp\/wp-json\/wp\/v2\/users\/8"}],"replies":[{"embeddable":true,"href":"https:\/\/bahiaeconomica.com.br\/wp\/wp-json\/wp\/v2\/comments?post=871317"}],"version-history":[{"count":1,"href":"https:\/\/bahiaeconomica.com.br\/wp\/wp-json\/wp\/v2\/posts\/871317\/revisions"}],"predecessor-version":[{"id":871319,"href":"https:\/\/bahiaeconomica.com.br\/wp\/wp-json\/wp\/v2\/posts\/871317\/revisions\/871319"}],"wp:featuredmedia":[{"embeddable":true,"href":"https:\/\/bahiaeconomica.com.br\/wp\/wp-json\/wp\/v2\/media\/871318"}],"wp:attachment":[{"href":"https:\/\/bahiaeconomica.com.br\/wp\/wp-json\/wp\/v2\/media?parent=871317"}],"wp:term":[{"taxonomy":"category","embeddable":true,"href":"https:\/\/bahiaeconomica.com.br\/wp\/wp-json\/wp\/v2\/categories?post=871317"},{"taxonomy":"post_tag","embeddable":true,"href":"https:\/\/bahiaeconomica.com.br\/wp\/wp-json\/wp\/v2\/tags?post=871317"}],"curies":[{"name":"wp","href":"https:\/\/api.w.org\/{rel}","templated":true}]}}