{"id":870627,"date":"2025-01-02T19:40:46","date_gmt":"2025-01-02T22:40:46","guid":{"rendered":"https:\/\/bahiaeconomica.com.br\/wp\/?p=870627"},"modified":"2025-01-02T19:09:26","modified_gmt":"2025-01-02T22:09:26","slug":"fies-tera-mais-de-112-mil-novas-vagas-em-2025-e-50-delas-serao-para-inscritos-no-cadunico","status":"publish","type":"post","link":"https:\/\/bahiaeconomica.com.br\/wp\/2025\/01\/02\/fies-tera-mais-de-112-mil-novas-vagas-em-2025-e-50-delas-serao-para-inscritos-no-cadunico\/","title":{"rendered":"FIES TER\u00c1 MAIS DE 112 MIL NOVAS VAGAS EM 2025 E 50% DELAS SER\u00c3O PARA INSCRITOS NO CAD\u00daNICO"},"content":{"rendered":"<p>O Governo Federal, por meio do Minist\u00e9rio da Educa\u00e7\u00e3o (MEC), vai ofertar 112.168 novas vagas para o Fundo de Financiamento Estudantil (Fies) em 2025. A medida foi regulamentada pela Resolu\u00e7\u00e3o CG-Fies n\u00ba 61\/2024, publicada na ter\u00e7a-feira, 31 de dezembro, pelo Comit\u00ea Gestor do Fundo de Financiamento Estudantil (CG-Fies). Com o lan\u00e7amento do Fies Social, 50% das vagas ser\u00e3o reservadas para candidatos em situa\u00e7\u00e3o de vulnerabilidade econ\u00f4mica, devidamente inscritos no Cadastro \u00danico para Programas Sociais (Cad\u00danico) e com renda familiar per capita de at\u00e9 meio sal\u00e1rio m\u00ednimo.<\/p>\n<p>Os processos seletivos ser\u00e3o divididos em duas etapas: 67.301 vagas ser\u00e3o ofertadas no primeiro semestre e 44.867, no segundo semestre. A resolu\u00e7\u00e3o tamb\u00e9m antecipa a oferta de vagas semelhantes para os anos de 2026 e 2027, conforme previsto no Plano Trienal do Fies.<\/p>\n<p>&#8220;Vamos garantir novas vagas para o Fies em 2025, permitindo que jovens de baixa renda financiem cursos de gradua\u00e7\u00e3o em institui\u00e7\u00f5es privadas de ensino superior no pa\u00eds. O governo do presidente Lula est\u00e1 investindo mais de R$ 774 milh\u00f5es no Fies, um programa que abre portas para milhares de brasileiras e brasileiros terem uma educa\u00e7\u00e3o de qualidade&#8221;, afirmou o ministro da Educa\u00e7\u00e3o, Camilo Santana. O recurso ser\u00e1 revertido para o Fundo Garantidor do Fies (FG-Fies), assegurando a sustentabilidade do programa e o financiamento dos estudantes.<\/p>\n<p>INCLUS\u00c3O EDUCACIONAL \u2014 A presidente do Fundo Nacional de Desenvolvimento da Educa\u00e7\u00e3o (FNDE), Fernanda Pacobahyba, destacou o impacto da medida: &#8220;O Fies \u00e9 uma ferramenta transformadora, que promove a inclus\u00e3o educacional e abre portas para o futuro de milhares de jovens. Com essas vagas, refor\u00e7amos o compromisso de garantir acesso ao ensino superior de qualidade em nosso pa\u00eds&#8221;.<\/p>\n<p>FIES \u2014 O Fundo de Financiamento Estudantil \u00e9 um programa do Governo Federal que foi institu\u00eddo pela Lei n\u00ba 10.260, de 12 de julho de 2001. O objetivo \u00e9 conceder financiamento a estudantes de cursos de gradua\u00e7\u00e3o em institui\u00e7\u00f5es de educa\u00e7\u00e3o superior privadas aderentes ao programa e com avalia\u00e7\u00e3o positiva no Sistema Nacional de Avalia\u00e7\u00e3o da Educa\u00e7\u00e3o Superior (Sinaes). Desde 2018, o Fies possibilita juros zero a quem mais precisa e uma escala de financiamento que varia conforme a renda familiar do candidato.<\/p>\n<p>FIES SOCIAL \u2014 Cumprindo o compromisso de garantir maior oferta para pessoas em situa\u00e7\u00e3o de vulnerabilidade econ\u00f4mica, em 2024 o MEC lan\u00e7ou o Fies Social. Ele reserva 50% das vagas a candidatos inscritos no Cadastro \u00danico para Programas Sociais do Governo Federal (Cad\u00danico) e com renda familiar per capita de at\u00e9 meio sal\u00e1rio m\u00ednimo. Essa nova modalidade permite financiamento de at\u00e9 100% dos encargos educacionais, al\u00e9m de reservar cotas para pretos, pardos, ind\u00edgenas, quilombolas e pessoas com defici\u00eancia. No primeiro semestre de 2024, 39.419 estudantes migraram do Fies para o Fies Social.<\/p>\n<p>CG-FIES \u2013 O Comit\u00ea Gestor do Fies \u00e9 composto por representantes do FNDE e dos minist\u00e9rios da Educa\u00e7\u00e3o; da Fazenda; do Planejamento; da Integra\u00e7\u00e3o e do Desenvolvimento Regional; e da Casa Civil da Presid\u00eancia da Rep\u00fablica. A fun\u00e7\u00e3o principal do CG-Fies \u00e9 formular pol\u00edticas de financiamento estudantil, definir crit\u00e9rios de oferta de vagas e supervisionar a execu\u00e7\u00e3o do Fies, assegurando que o programa alcance seus objetivos de inclus\u00e3o e desenvolvimento educacional.<\/p>\n<p>Fonte: Secretaria de Comunica\u00e7\u00e3o Social da Presid\u00eancia da Rep\u00fablica<\/p>\n","protected":false},"excerpt":{"rendered":"<p>O Governo Federal, por meio do Minist\u00e9rio da Educa\u00e7\u00e3o (MEC), vai ofertar 112.168 novas vagas para o Fundo de Financiamento Estudantil (Fies) em 2025. A medida foi regulamentada pela Resolu\u00e7\u00e3o CG-Fies n\u00ba 61\/2024, publicada na ter\u00e7a-feira, 31 de dezembro, pelo Comit\u00ea Gestor do Fundo de Financiamento Estudantil (CG-Fies). Com o lan\u00e7amento do Fies Social, 50% [&hellip;]<\/p>\n","protected":false},"author":22,"featured_media":870316,"comment_status":"closed","ping_status":"closed","sticky":false,"template":"","format":"standard","meta":[],"categories":[3],"tags":[2152,1955,35761],"acf":[],"yoast_head":"<!-- This site is optimized with the Yoast SEO plugin v20.8 - https:\/\/yoast.com\/wordpress\/plugins\/seo\/ -->\n<title>FIES TER\u00c1 MAIS DE 112 MIL NOVAS VAGAS EM 2025 E 50% DELAS SER\u00c3O PARA INSCRITOS NO CAD\u00daNICO - Bahia Economica<\/title>\n<meta name=\"description\" content=\"O maior portal de Economia da Bahia ECONOMIA \/ POL\u00cdTICA Bahia Economica\" \/>\n<meta name=\"robots\" content=\"index, follow, max-snippet:-1, max-image-preview:large, max-video-preview:-1\" \/>\n<link rel=\"canonical\" href=\"https:\/\/bahiaeconomica.com.br\/wp\/2025\/01\/02\/fies-tera-mais-de-112-mil-novas-vagas-em-2025-e-50-delas-serao-para-inscritos-no-cadunico\/\" \/>\n<meta property=\"og:locale\" content=\"pt_BR\" \/>\n<meta property=\"og:type\" content=\"article\" \/>\n<meta property=\"og:title\" content=\"FIES TER\u00c1 MAIS DE 112 MIL NOVAS VAGAS EM 2025 E 50% DELAS SER\u00c3O PARA INSCRITOS NO CAD\u00daNICO - Bahia Economica\" \/>\n<meta property=\"og:description\" content=\"O maior portal de Economia da Bahia ECONOMIA \/ POL\u00cdTICA Bahia Economica\" \/>\n<meta property=\"og:url\" content=\"https:\/\/bahiaeconomica.com.br\/wp\/2025\/01\/02\/fies-tera-mais-de-112-mil-novas-vagas-em-2025-e-50-delas-serao-para-inscritos-no-cadunico\/\" \/>\n<meta property=\"og:site_name\" content=\"Bahia Economica\" \/>\n<meta property=\"article:publisher\" content=\"https:\/\/www.facebook.com\/bahiaeconomica\" \/>\n<meta property=\"article:published_time\" content=\"2025-01-02T22:40:46+00:00\" \/>\n<meta property=\"article:modified_time\" content=\"2025-01-02T22:09:26+00:00\" \/>\n<meta property=\"og:image\" content=\"https:\/\/bahiaeconomica.com.br\/wp\/wp-content\/uploads\/2025\/01\/FIES.png\" \/>\n\t<meta property=\"og:image:width\" content=\"600\" \/>\n\t<meta property=\"og:image:height\" content=\"420\" \/>\n\t<meta property=\"og:image:type\" content=\"image\/png\" \/>\n<meta name=\"author\" content=\"Matheus Souza\" \/>\n<meta name=\"twitter:card\" content=\"summary_large_image\" \/>\n<meta name=\"twitter:label1\" content=\"Escrito por\" \/>\n\t<meta name=\"twitter:data1\" content=\"Matheus Souza\" \/>\n\t<meta name=\"twitter:label2\" content=\"Est. tempo de leitura\" \/>\n\t<meta name=\"twitter:data2\" content=\"3 minutos\" \/>\n<script type=\"application\/ld+json\" class=\"yoast-schema-graph\">{\"@context\":\"https:\/\/schema.org\",\"@graph\":[{\"@type\":\"Article\",\"@id\":\"https:\/\/bahiaeconomica.com.br\/wp\/2025\/01\/02\/fies-tera-mais-de-112-mil-novas-vagas-em-2025-e-50-delas-serao-para-inscritos-no-cadunico\/#article\",\"isPartOf\":{\"@id\":\"https:\/\/bahiaeconomica.com.br\/wp\/2025\/01\/02\/fies-tera-mais-de-112-mil-novas-vagas-em-2025-e-50-delas-serao-para-inscritos-no-cadunico\/\"},\"author\":{\"name\":\"Matheus Souza\",\"@id\":\"https:\/\/bahiaeconomica.com.br\/wp\/#\/schema\/person\/3304d50cfd32353c7d08c39066638997\"},\"headline\":\"FIES TER\u00c1 MAIS DE 112 MIL NOVAS VAGAS EM 2025 E 50% DELAS SER\u00c3O PARA INSCRITOS NO CAD\u00daNICO\",\"datePublished\":\"2025-01-02T22:40:46+00:00\",\"dateModified\":\"2025-01-02T22:09:26+00:00\",\"mainEntityOfPage\":{\"@id\":\"https:\/\/bahiaeconomica.com.br\/wp\/2025\/01\/02\/fies-tera-mais-de-112-mil-novas-vagas-em-2025-e-50-delas-serao-para-inscritos-no-cadunico\/\"},\"wordCount\":570,\"publisher\":{\"@id\":\"https:\/\/bahiaeconomica.com.br\/wp\/#organization\"},\"keywords\":[\"cadunico\",\"fies\",\"novas vagas\"],\"articleSection\":[\"ECONOMIA \/ POL\u00cdTICA\"],\"inLanguage\":\"pt-BR\"},{\"@type\":\"WebPage\",\"@id\":\"https:\/\/bahiaeconomica.com.br\/wp\/2025\/01\/02\/fies-tera-mais-de-112-mil-novas-vagas-em-2025-e-50-delas-serao-para-inscritos-no-cadunico\/\",\"url\":\"https:\/\/bahiaeconomica.com.br\/wp\/2025\/01\/02\/fies-tera-mais-de-112-mil-novas-vagas-em-2025-e-50-delas-serao-para-inscritos-no-cadunico\/\",\"name\":\"FIES TER\u00c1 MAIS DE 112 MIL NOVAS VAGAS EM 2025 E 50% DELAS SER\u00c3O PARA INSCRITOS NO CAD\u00daNICO - Bahia Economica\",\"isPartOf\":{\"@id\":\"https:\/\/bahiaeconomica.com.br\/wp\/#website\"},\"datePublished\":\"2025-01-02T22:40:46+00:00\",\"dateModified\":\"2025-01-02T22:09:26+00:00\",\"description\":\"O maior portal de Economia da Bahia ECONOMIA \/ POL\u00cdTICA Bahia Economica\",\"breadcrumb\":{\"@id\":\"https:\/\/bahiaeconomica.com.br\/wp\/2025\/01\/02\/fies-tera-mais-de-112-mil-novas-vagas-em-2025-e-50-delas-serao-para-inscritos-no-cadunico\/#breadcrumb\"},\"inLanguage\":\"pt-BR\",\"potentialAction\":[{\"@type\":\"ReadAction\",\"target\":[\"https:\/\/bahiaeconomica.com.br\/wp\/2025\/01\/02\/fies-tera-mais-de-112-mil-novas-vagas-em-2025-e-50-delas-serao-para-inscritos-no-cadunico\/\"]}]},{\"@type\":\"BreadcrumbList\",\"@id\":\"https:\/\/bahiaeconomica.com.br\/wp\/2025\/01\/02\/fies-tera-mais-de-112-mil-novas-vagas-em-2025-e-50-delas-serao-para-inscritos-no-cadunico\/#breadcrumb\",\"itemListElement\":[{\"@type\":\"ListItem\",\"position\":1,\"name\":\"In\u00edcio\",\"item\":\"https:\/\/bahiaeconomica.com.br\/wp\/\"},{\"@type\":\"ListItem\",\"position\":2,\"name\":\"FIES TER\u00c1 MAIS DE 112 MIL NOVAS VAGAS EM 2025 E 50% DELAS SER\u00c3O PARA INSCRITOS NO CAD\u00daNICO\"}]},{\"@type\":\"WebSite\",\"@id\":\"https:\/\/bahiaeconomica.com.br\/wp\/#website\",\"url\":\"https:\/\/bahiaeconomica.com.br\/wp\/\",\"name\":\"Bahia Economica\",\"description\":\"O maior portal de Economia da Bahia\",\"publisher\":{\"@id\":\"https:\/\/bahiaeconomica.com.br\/wp\/#organization\"},\"potentialAction\":[{\"@type\":\"SearchAction\",\"target\":{\"@type\":\"EntryPoint\",\"urlTemplate\":\"https:\/\/bahiaeconomica.com.br\/wp\/?s={search_term_string}\"},\"query-input\":\"required name=search_term_string\"}],\"inLanguage\":\"pt-BR\"},{\"@type\":\"Organization\",\"@id\":\"https:\/\/bahiaeconomica.com.br\/wp\/#organization\",\"name\":\"Bahia Econ\u00f4mica\",\"url\":\"https:\/\/bahiaeconomica.com.br\/wp\/\",\"logo\":{\"@type\":\"ImageObject\",\"inLanguage\":\"pt-BR\",\"@id\":\"https:\/\/bahiaeconomica.com.br\/wp\/#\/schema\/logo\/image\/\",\"url\":\"https:\/\/bahiaeconomica.com.br\/wp\/wp-content\/uploads\/2020\/12\/cropped-BE.png\",\"contentUrl\":\"https:\/\/bahiaeconomica.com.br\/wp\/wp-content\/uploads\/2020\/12\/cropped-BE.png\",\"width\":512,\"height\":512,\"caption\":\"Bahia Econ\u00f4mica\"},\"image\":{\"@id\":\"https:\/\/bahiaeconomica.com.br\/wp\/#\/schema\/logo\/image\/\"},\"sameAs\":[\"https:\/\/www.facebook.com\/bahiaeconomica\"]},{\"@type\":\"Person\",\"@id\":\"https:\/\/bahiaeconomica.com.br\/wp\/#\/schema\/person\/3304d50cfd32353c7d08c39066638997\",\"name\":\"Matheus Souza\",\"sameAs\":[\"http:\/\/www.bahiaeconomica.com.br\"],\"url\":\"https:\/\/bahiaeconomica.com.br\/wp\/author\/matheus-souza\/\"}]}<\/script>\n<!-- \/ Yoast SEO plugin. -->","yoast_head_json":{"title":"FIES TER\u00c1 MAIS DE 112 MIL NOVAS VAGAS EM 2025 E 50% DELAS SER\u00c3O PARA INSCRITOS NO CAD\u00daNICO - Bahia Economica","description":"O maior portal de Economia da Bahia ECONOMIA \/ POL\u00cdTICA Bahia Economica","robots":{"index":"index","follow":"follow","max-snippet":"max-snippet:-1","max-image-preview":"max-image-preview:large","max-video-preview":"max-video-preview:-1"},"canonical":"https:\/\/bahiaeconomica.com.br\/wp\/2025\/01\/02\/fies-tera-mais-de-112-mil-novas-vagas-em-2025-e-50-delas-serao-para-inscritos-no-cadunico\/","og_locale":"pt_BR","og_type":"article","og_title":"FIES TER\u00c1 MAIS DE 112 MIL NOVAS VAGAS EM 2025 E 50% DELAS SER\u00c3O PARA INSCRITOS NO CAD\u00daNICO - Bahia Economica","og_description":"O maior portal de Economia da Bahia ECONOMIA \/ POL\u00cdTICA Bahia Economica","og_url":"https:\/\/bahiaeconomica.com.br\/wp\/2025\/01\/02\/fies-tera-mais-de-112-mil-novas-vagas-em-2025-e-50-delas-serao-para-inscritos-no-cadunico\/","og_site_name":"Bahia Economica","article_publisher":"https:\/\/www.facebook.com\/bahiaeconomica","article_published_time":"2025-01-02T22:40:46+00:00","article_modified_time":"2025-01-02T22:09:26+00:00","og_image":[{"width":600,"height":420,"url":"https:\/\/bahiaeconomica.com.br\/wp\/wp-content\/uploads\/2025\/01\/FIES.png","type":"image\/png"}],"author":"Matheus Souza","twitter_card":"summary_large_image","twitter_misc":{"Escrito por":"Matheus Souza","Est. tempo de leitura":"3 minutos"},"schema":{"@context":"https:\/\/schema.org","@graph":[{"@type":"Article","@id":"https:\/\/bahiaeconomica.com.br\/wp\/2025\/01\/02\/fies-tera-mais-de-112-mil-novas-vagas-em-2025-e-50-delas-serao-para-inscritos-no-cadunico\/#article","isPartOf":{"@id":"https:\/\/bahiaeconomica.com.br\/wp\/2025\/01\/02\/fies-tera-mais-de-112-mil-novas-vagas-em-2025-e-50-delas-serao-para-inscritos-no-cadunico\/"},"author":{"name":"Matheus Souza","@id":"https:\/\/bahiaeconomica.com.br\/wp\/#\/schema\/person\/3304d50cfd32353c7d08c39066638997"},"headline":"FIES TER\u00c1 MAIS DE 112 MIL NOVAS VAGAS EM 2025 E 50% DELAS SER\u00c3O PARA INSCRITOS NO CAD\u00daNICO","datePublished":"2025-01-02T22:40:46+00:00","dateModified":"2025-01-02T22:09:26+00:00","mainEntityOfPage":{"@id":"https:\/\/bahiaeconomica.com.br\/wp\/2025\/01\/02\/fies-tera-mais-de-112-mil-novas-vagas-em-2025-e-50-delas-serao-para-inscritos-no-cadunico\/"},"wordCount":570,"publisher":{"@id":"https:\/\/bahiaeconomica.com.br\/wp\/#organization"},"keywords":["cadunico","fies","novas vagas"],"articleSection":["ECONOMIA \/ POL\u00cdTICA"],"inLanguage":"pt-BR"},{"@type":"WebPage","@id":"https:\/\/bahiaeconomica.com.br\/wp\/2025\/01\/02\/fies-tera-mais-de-112-mil-novas-vagas-em-2025-e-50-delas-serao-para-inscritos-no-cadunico\/","url":"https:\/\/bahiaeconomica.com.br\/wp\/2025\/01\/02\/fies-tera-mais-de-112-mil-novas-vagas-em-2025-e-50-delas-serao-para-inscritos-no-cadunico\/","name":"FIES TER\u00c1 MAIS DE 112 MIL NOVAS VAGAS EM 2025 E 50% DELAS SER\u00c3O PARA INSCRITOS NO CAD\u00daNICO - Bahia Economica","isPartOf":{"@id":"https:\/\/bahiaeconomica.com.br\/wp\/#website"},"datePublished":"2025-01-02T22:40:46+00:00","dateModified":"2025-01-02T22:09:26+00:00","description":"O maior portal de Economia da Bahia ECONOMIA \/ POL\u00cdTICA Bahia Economica","breadcrumb":{"@id":"https:\/\/bahiaeconomica.com.br\/wp\/2025\/01\/02\/fies-tera-mais-de-112-mil-novas-vagas-em-2025-e-50-delas-serao-para-inscritos-no-cadunico\/#breadcrumb"},"inLanguage":"pt-BR","potentialAction":[{"@type":"ReadAction","target":["https:\/\/bahiaeconomica.com.br\/wp\/2025\/01\/02\/fies-tera-mais-de-112-mil-novas-vagas-em-2025-e-50-delas-serao-para-inscritos-no-cadunico\/"]}]},{"@type":"BreadcrumbList","@id":"https:\/\/bahiaeconomica.com.br\/wp\/2025\/01\/02\/fies-tera-mais-de-112-mil-novas-vagas-em-2025-e-50-delas-serao-para-inscritos-no-cadunico\/#breadcrumb","itemListElement":[{"@type":"ListItem","position":1,"name":"In\u00edcio","item":"https:\/\/bahiaeconomica.com.br\/wp\/"},{"@type":"ListItem","position":2,"name":"FIES TER\u00c1 MAIS DE 112 MIL NOVAS VAGAS EM 2025 E 50% DELAS SER\u00c3O PARA INSCRITOS NO CAD\u00daNICO"}]},{"@type":"WebSite","@id":"https:\/\/bahiaeconomica.com.br\/wp\/#website","url":"https:\/\/bahiaeconomica.com.br\/wp\/","name":"Bahia Economica","description":"O maior portal de Economia da Bahia","publisher":{"@id":"https:\/\/bahiaeconomica.com.br\/wp\/#organization"},"potentialAction":[{"@type":"SearchAction","target":{"@type":"EntryPoint","urlTemplate":"https:\/\/bahiaeconomica.com.br\/wp\/?s={search_term_string}"},"query-input":"required name=search_term_string"}],"inLanguage":"pt-BR"},{"@type":"Organization","@id":"https:\/\/bahiaeconomica.com.br\/wp\/#organization","name":"Bahia Econ\u00f4mica","url":"https:\/\/bahiaeconomica.com.br\/wp\/","logo":{"@type":"ImageObject","inLanguage":"pt-BR","@id":"https:\/\/bahiaeconomica.com.br\/wp\/#\/schema\/logo\/image\/","url":"https:\/\/bahiaeconomica.com.br\/wp\/wp-content\/uploads\/2020\/12\/cropped-BE.png","contentUrl":"https:\/\/bahiaeconomica.com.br\/wp\/wp-content\/uploads\/2020\/12\/cropped-BE.png","width":512,"height":512,"caption":"Bahia Econ\u00f4mica"},"image":{"@id":"https:\/\/bahiaeconomica.com.br\/wp\/#\/schema\/logo\/image\/"},"sameAs":["https:\/\/www.facebook.com\/bahiaeconomica"]},{"@type":"Person","@id":"https:\/\/bahiaeconomica.com.br\/wp\/#\/schema\/person\/3304d50cfd32353c7d08c39066638997","name":"Matheus Souza","sameAs":["http:\/\/www.bahiaeconomica.com.br"],"url":"https:\/\/bahiaeconomica.com.br\/wp\/author\/matheus-souza\/"}]}},"views":10,"_links":{"self":[{"href":"https:\/\/bahiaeconomica.com.br\/wp\/wp-json\/wp\/v2\/posts\/870627"}],"collection":[{"href":"https:\/\/bahiaeconomica.com.br\/wp\/wp-json\/wp\/v2\/posts"}],"about":[{"href":"https:\/\/bahiaeconomica.com.br\/wp\/wp-json\/wp\/v2\/types\/post"}],"author":[{"embeddable":true,"href":"https:\/\/bahiaeconomica.com.br\/wp\/wp-json\/wp\/v2\/users\/22"}],"replies":[{"embeddable":true,"href":"https:\/\/bahiaeconomica.com.br\/wp\/wp-json\/wp\/v2\/comments?post=870627"}],"version-history":[{"count":1,"href":"https:\/\/bahiaeconomica.com.br\/wp\/wp-json\/wp\/v2\/posts\/870627\/revisions"}],"predecessor-version":[{"id":870636,"href":"https:\/\/bahiaeconomica.com.br\/wp\/wp-json\/wp\/v2\/posts\/870627\/revisions\/870636"}],"wp:featuredmedia":[{"embeddable":true,"href":"https:\/\/bahiaeconomica.com.br\/wp\/wp-json\/wp\/v2\/media\/870316"}],"wp:attachment":[{"href":"https:\/\/bahiaeconomica.com.br\/wp\/wp-json\/wp\/v2\/media?parent=870627"}],"wp:term":[{"taxonomy":"category","embeddable":true,"href":"https:\/\/bahiaeconomica.com.br\/wp\/wp-json\/wp\/v2\/categories?post=870627"},{"taxonomy":"post_tag","embeddable":true,"href":"https:\/\/bahiaeconomica.com.br\/wp\/wp-json\/wp\/v2\/tags?post=870627"}],"curies":[{"name":"wp","href":"https:\/\/api.w.org\/{rel}","templated":true}]}}