{"id":869010,"date":"2024-12-24T17:00:22","date_gmt":"2024-12-24T20:00:22","guid":{"rendered":"https:\/\/bahiaeconomica.com.br\/wp\/?p=869010"},"modified":"2024-12-24T14:38:14","modified_gmt":"2024-12-24T17:38:14","slug":"viagens-de-verao-devem-movimentar-o-turismo-no-brasil-em-2025-aponta-pesquisa","status":"publish","type":"post","link":"https:\/\/bahiaeconomica.com.br\/wp\/2024\/12\/24\/viagens-de-verao-devem-movimentar-o-turismo-no-brasil-em-2025-aponta-pesquisa\/","title":{"rendered":"VIAGENS DE VER\u00c3O DEVEM MOVIMENTAR O TURISMO NO BRASIL EM 2025; APONTA PESQUISA"},"content":{"rendered":"<p>Mais de um ter\u00e7o (35%) dos brasileiros planejam viajar a lazer entre dezembro de 2024 e fevereiro de 2025. S\u00e3o 59 milh\u00f5es de pessoas com planos para aproveitar o ver\u00e3o. A expectativa \u00e9 de que o turismo movimente R$ 148,3 bilh\u00f5es neste per\u00edodo, considerando o gasto m\u00e9dio de R$ 2.514 declarado pelos entrevistados. O valor representa uma alta de 34% em rela\u00e7\u00e3o ao ver\u00e3o anterior, quando a m\u00e9dia de gasto foi de R$ 1.877,00.<\/p>\n<p>As informa\u00e7\u00f5es s\u00e3o da pesquisa in\u00e9dita Tend\u00eancias de Turismo Ver\u00e3o 2025 &#8211; comportamento da popula\u00e7\u00e3o brasileira, feita pelo Minist\u00e9rio do Turismo (MTur) e pela Nexus &#8211; Pesquisa e Intelig\u00eancia de Dados.<\/p>\n<p>Entre aqueles que ir\u00e3o viajar na \u00e9poca mais quente do ano, a grande maioria (97%) escolheu um destino nacional e a praia \u00e9 o principal atrativo, sendo o preferido por mais da metade dos brasileiros (54%) para curtir as f\u00e9rias. Em segundo lugar est\u00e3o as atra\u00e7\u00f5es de natureza\/ecoturismo (10%), seguidas por aventura e sa\u00fade\/bem-estar, ambos com 5%.<\/p>\n<p>&#8220;O turismo brasileiro vive um momento de quebra de recordes e bons resultados para o setor e a temporada de ver\u00e3o ser\u00e1 decisiva para um 2025 ainda melhor. A pesquisa contribui para entender quais destinos devem receber mais turistas na alta temporada e tamb\u00e9m nos auxiliam a direcionar as pol\u00edticas p\u00fablicas de maneira assertiva, a partir da melhoria da infraestrutura tur\u00edstica local, da qualifica\u00e7\u00e3o profissional e promo\u00e7\u00e3o dos destinos, entre outros\u201d, declarou o ministro do Turismo, Celso Sabino<br \/>\nCom o aumento da dura\u00e7\u00e3o do per\u00edodo da viagem, m\u00e9dia de 12 dias nesta temporada, fatores como belezas naturais, pre\u00e7o baixo e a possibilidade de reencontrar familiares e amigos se destacaram entre os principais motivos na hora de escolher um destino tur\u00edstico.<\/p>\n<p>\u201cOs brasileiros seguem valorizando as belezas naturais do pa\u00eds e v\u00e3o passar mais tempo de f\u00e9rias, al\u00e9m de gastar mais, movimentando a economia dos estados, promovendo uma maior circula\u00e7\u00e3o da renda que, neste ver\u00e3o, deve chegar a R$ 148,3 bilh\u00f5es, um valor expressivo considerando um \u00fanico setor\u201d, disse Sabino.<\/p>\n<p>Foto: Bruno Amir Imagens | Shutterstock<\/p>\n","protected":false},"excerpt":{"rendered":"<p>Mais de um ter\u00e7o (35%) dos brasileiros planejam viajar a lazer entre dezembro de 2024 e fevereiro de 2025. S\u00e3o 59 milh\u00f5es de pessoas com planos para aproveitar o ver\u00e3o. A expectativa \u00e9 de que o turismo movimente R$ 148,3 bilh\u00f5es neste per\u00edodo, considerando o gasto m\u00e9dio de R$ 2.514 declarado pelos entrevistados. O valor [&hellip;]<\/p>\n","protected":false},"author":15,"featured_media":869013,"comment_status":"closed","ping_status":"closed","sticky":false,"template":"","format":"standard","meta":[],"categories":[14,3],"tags":[428,442,1132,35586],"acf":[],"yoast_head":"<!-- This site is optimized with the Yoast SEO plugin v20.8 - https:\/\/yoast.com\/wordpress\/plugins\/seo\/ -->\n<title>VIAGENS DE VER\u00c3O DEVEM MOVIMENTAR O TURISMO NO BRASIL EM 2025; APONTA PESQUISA - Bahia Economica<\/title>\n<meta name=\"description\" content=\"O maior portal de Economia da Bahia DESTAQUE DO DIA, ECONOMIA \/ POL\u00cdTICA Bahia Economica Mais de um ter\u00e7o (35%) dos brasileiros planejam viajar\" \/>\n<meta name=\"robots\" content=\"index, follow, max-snippet:-1, max-image-preview:large, max-video-preview:-1\" \/>\n<link rel=\"canonical\" href=\"https:\/\/bahiaeconomica.com.br\/wp\/2024\/12\/24\/viagens-de-verao-devem-movimentar-o-turismo-no-brasil-em-2025-aponta-pesquisa\/\" \/>\n<meta property=\"og:locale\" content=\"pt_BR\" \/>\n<meta property=\"og:type\" content=\"article\" \/>\n<meta property=\"og:title\" content=\"VIAGENS DE VER\u00c3O DEVEM MOVIMENTAR O TURISMO NO BRASIL EM 2025; APONTA PESQUISA - Bahia Economica\" \/>\n<meta property=\"og:description\" content=\"O maior portal de Economia da Bahia DESTAQUE DO DIA, ECONOMIA \/ POL\u00cdTICA Bahia Economica Mais de um ter\u00e7o (35%) dos brasileiros planejam viajar\" \/>\n<meta property=\"og:url\" content=\"https:\/\/bahiaeconomica.com.br\/wp\/2024\/12\/24\/viagens-de-verao-devem-movimentar-o-turismo-no-brasil-em-2025-aponta-pesquisa\/\" \/>\n<meta property=\"og:site_name\" content=\"Bahia Economica\" \/>\n<meta property=\"article:publisher\" content=\"https:\/\/www.facebook.com\/bahiaeconomica\" \/>\n<meta property=\"article:published_time\" content=\"2024-12-24T20:00:22+00:00\" \/>\n<meta property=\"article:modified_time\" content=\"2024-12-24T17:38:14+00:00\" \/>\n<meta property=\"og:image\" content=\"https:\/\/bahiaeconomica.com.br\/wp\/wp-content\/uploads\/2024\/12\/edicaseubatuba-no-litoral-norte-de-sao-paulo-encanta-com-sua-exuberante-natureza-rica-cultura-e-mais-de-100-praias-imagem-bruno-amir-imagens-shutterstock-nccyf7zw9k-1.webp\" \/>\n\t<meta property=\"og:image:width\" content=\"1200\" \/>\n\t<meta property=\"og:image:height\" content=\"800\" \/>\n\t<meta property=\"og:image:type\" content=\"image\/webp\" \/>\n<meta name=\"author\" content=\"VICTORIA ISABEL\" \/>\n<meta name=\"twitter:card\" content=\"summary_large_image\" \/>\n<meta name=\"twitter:label1\" content=\"Escrito por\" \/>\n\t<meta name=\"twitter:data1\" content=\"VICTORIA ISABEL\" \/>\n\t<meta name=\"twitter:label2\" content=\"Est. tempo de leitura\" \/>\n\t<meta name=\"twitter:data2\" content=\"2 minutos\" \/>\n<script type=\"application\/ld+json\" class=\"yoast-schema-graph\">{\"@context\":\"https:\/\/schema.org\",\"@graph\":[{\"@type\":\"Article\",\"@id\":\"https:\/\/bahiaeconomica.com.br\/wp\/2024\/12\/24\/viagens-de-verao-devem-movimentar-o-turismo-no-brasil-em-2025-aponta-pesquisa\/#article\",\"isPartOf\":{\"@id\":\"https:\/\/bahiaeconomica.com.br\/wp\/2024\/12\/24\/viagens-de-verao-devem-movimentar-o-turismo-no-brasil-em-2025-aponta-pesquisa\/\"},\"author\":{\"name\":\"VICTORIA ISABEL\",\"@id\":\"https:\/\/bahiaeconomica.com.br\/wp\/#\/schema\/person\/b719ce0fb1c09f3c7a00d9243ced4a6f\"},\"headline\":\"VIAGENS DE VER\u00c3O DEVEM MOVIMENTAR O TURISMO NO BRASIL EM 2025; APONTA PESQUISA\",\"datePublished\":\"2024-12-24T20:00:22+00:00\",\"dateModified\":\"2024-12-24T17:38:14+00:00\",\"mainEntityOfPage\":{\"@id\":\"https:\/\/bahiaeconomica.com.br\/wp\/2024\/12\/24\/viagens-de-verao-devem-movimentar-o-turismo-no-brasil-em-2025-aponta-pesquisa\/\"},\"wordCount\":375,\"publisher\":{\"@id\":\"https:\/\/bahiaeconomica.com.br\/wp\/#organization\"},\"keywords\":[\"brasileiros\",\"Turismo\",\"ver\u00e3o\",\"viajar\"],\"articleSection\":[\"DESTAQUE DO DIA\",\"ECONOMIA \/ POL\u00cdTICA\"],\"inLanguage\":\"pt-BR\"},{\"@type\":\"WebPage\",\"@id\":\"https:\/\/bahiaeconomica.com.br\/wp\/2024\/12\/24\/viagens-de-verao-devem-movimentar-o-turismo-no-brasil-em-2025-aponta-pesquisa\/\",\"url\":\"https:\/\/bahiaeconomica.com.br\/wp\/2024\/12\/24\/viagens-de-verao-devem-movimentar-o-turismo-no-brasil-em-2025-aponta-pesquisa\/\",\"name\":\"VIAGENS DE VER\u00c3O DEVEM MOVIMENTAR O TURISMO NO BRASIL EM 2025; APONTA PESQUISA - Bahia Economica\",\"isPartOf\":{\"@id\":\"https:\/\/bahiaeconomica.com.br\/wp\/#website\"},\"datePublished\":\"2024-12-24T20:00:22+00:00\",\"dateModified\":\"2024-12-24T17:38:14+00:00\",\"description\":\"O maior portal de Economia da Bahia DESTAQUE DO DIA, ECONOMIA \/ POL\u00cdTICA Bahia Economica Mais de um ter\u00e7o (35%) dos brasileiros planejam viajar\",\"breadcrumb\":{\"@id\":\"https:\/\/bahiaeconomica.com.br\/wp\/2024\/12\/24\/viagens-de-verao-devem-movimentar-o-turismo-no-brasil-em-2025-aponta-pesquisa\/#breadcrumb\"},\"inLanguage\":\"pt-BR\",\"potentialAction\":[{\"@type\":\"ReadAction\",\"target\":[\"https:\/\/bahiaeconomica.com.br\/wp\/2024\/12\/24\/viagens-de-verao-devem-movimentar-o-turismo-no-brasil-em-2025-aponta-pesquisa\/\"]}]},{\"@type\":\"BreadcrumbList\",\"@id\":\"https:\/\/bahiaeconomica.com.br\/wp\/2024\/12\/24\/viagens-de-verao-devem-movimentar-o-turismo-no-brasil-em-2025-aponta-pesquisa\/#breadcrumb\",\"itemListElement\":[{\"@type\":\"ListItem\",\"position\":1,\"name\":\"In\u00edcio\",\"item\":\"https:\/\/bahiaeconomica.com.br\/wp\/\"},{\"@type\":\"ListItem\",\"position\":2,\"name\":\"VIAGENS DE VER\u00c3O DEVEM MOVIMENTAR O TURISMO NO BRASIL EM 2025; APONTA PESQUISA\"}]},{\"@type\":\"WebSite\",\"@id\":\"https:\/\/bahiaeconomica.com.br\/wp\/#website\",\"url\":\"https:\/\/bahiaeconomica.com.br\/wp\/\",\"name\":\"Bahia Economica\",\"description\":\"O maior portal de Economia da Bahia\",\"publisher\":{\"@id\":\"https:\/\/bahiaeconomica.com.br\/wp\/#organization\"},\"potentialAction\":[{\"@type\":\"SearchAction\",\"target\":{\"@type\":\"EntryPoint\",\"urlTemplate\":\"https:\/\/bahiaeconomica.com.br\/wp\/?s={search_term_string}\"},\"query-input\":\"required name=search_term_string\"}],\"inLanguage\":\"pt-BR\"},{\"@type\":\"Organization\",\"@id\":\"https:\/\/bahiaeconomica.com.br\/wp\/#organization\",\"name\":\"Bahia Econ\u00f4mica\",\"url\":\"https:\/\/bahiaeconomica.com.br\/wp\/\",\"logo\":{\"@type\":\"ImageObject\",\"inLanguage\":\"pt-BR\",\"@id\":\"https:\/\/bahiaeconomica.com.br\/wp\/#\/schema\/logo\/image\/\",\"url\":\"https:\/\/bahiaeconomica.com.br\/wp\/wp-content\/uploads\/2020\/12\/cropped-BE.png\",\"contentUrl\":\"https:\/\/bahiaeconomica.com.br\/wp\/wp-content\/uploads\/2020\/12\/cropped-BE.png\",\"width\":512,\"height\":512,\"caption\":\"Bahia Econ\u00f4mica\"},\"image\":{\"@id\":\"https:\/\/bahiaeconomica.com.br\/wp\/#\/schema\/logo\/image\/\"},\"sameAs\":[\"https:\/\/www.facebook.com\/bahiaeconomica\"]},{\"@type\":\"Person\",\"@id\":\"https:\/\/bahiaeconomica.com.br\/wp\/#\/schema\/person\/b719ce0fb1c09f3c7a00d9243ced4a6f\",\"name\":\"VICTORIA ISABEL\",\"sameAs\":[\"http:\/\/www.bahiaeconomica.com.br\"],\"url\":\"https:\/\/bahiaeconomica.com.br\/wp\/author\/victoria-isabel\/\"}]}<\/script>\n<!-- \/ Yoast SEO plugin. -->","yoast_head_json":{"title":"VIAGENS DE VER\u00c3O DEVEM MOVIMENTAR O TURISMO NO BRASIL EM 2025; APONTA PESQUISA - Bahia Economica","description":"O maior portal de Economia da Bahia DESTAQUE DO DIA, ECONOMIA \/ POL\u00cdTICA Bahia Economica Mais de um ter\u00e7o (35%) dos brasileiros planejam viajar","robots":{"index":"index","follow":"follow","max-snippet":"max-snippet:-1","max-image-preview":"max-image-preview:large","max-video-preview":"max-video-preview:-1"},"canonical":"https:\/\/bahiaeconomica.com.br\/wp\/2024\/12\/24\/viagens-de-verao-devem-movimentar-o-turismo-no-brasil-em-2025-aponta-pesquisa\/","og_locale":"pt_BR","og_type":"article","og_title":"VIAGENS DE VER\u00c3O DEVEM MOVIMENTAR O TURISMO NO BRASIL EM 2025; APONTA PESQUISA - Bahia Economica","og_description":"O maior portal de Economia da Bahia DESTAQUE DO DIA, ECONOMIA \/ POL\u00cdTICA Bahia Economica Mais de um ter\u00e7o (35%) dos brasileiros planejam viajar","og_url":"https:\/\/bahiaeconomica.com.br\/wp\/2024\/12\/24\/viagens-de-verao-devem-movimentar-o-turismo-no-brasil-em-2025-aponta-pesquisa\/","og_site_name":"Bahia Economica","article_publisher":"https:\/\/www.facebook.com\/bahiaeconomica","article_published_time":"2024-12-24T20:00:22+00:00","article_modified_time":"2024-12-24T17:38:14+00:00","og_image":[{"width":1200,"height":800,"url":"https:\/\/bahiaeconomica.com.br\/wp\/wp-content\/uploads\/2024\/12\/edicaseubatuba-no-litoral-norte-de-sao-paulo-encanta-com-sua-exuberante-natureza-rica-cultura-e-mais-de-100-praias-imagem-bruno-amir-imagens-shutterstock-nccyf7zw9k-1.webp","type":"image\/webp"}],"author":"VICTORIA ISABEL","twitter_card":"summary_large_image","twitter_misc":{"Escrito por":"VICTORIA ISABEL","Est. tempo de leitura":"2 minutos"},"schema":{"@context":"https:\/\/schema.org","@graph":[{"@type":"Article","@id":"https:\/\/bahiaeconomica.com.br\/wp\/2024\/12\/24\/viagens-de-verao-devem-movimentar-o-turismo-no-brasil-em-2025-aponta-pesquisa\/#article","isPartOf":{"@id":"https:\/\/bahiaeconomica.com.br\/wp\/2024\/12\/24\/viagens-de-verao-devem-movimentar-o-turismo-no-brasil-em-2025-aponta-pesquisa\/"},"author":{"name":"VICTORIA ISABEL","@id":"https:\/\/bahiaeconomica.com.br\/wp\/#\/schema\/person\/b719ce0fb1c09f3c7a00d9243ced4a6f"},"headline":"VIAGENS DE VER\u00c3O DEVEM MOVIMENTAR O TURISMO NO BRASIL EM 2025; APONTA PESQUISA","datePublished":"2024-12-24T20:00:22+00:00","dateModified":"2024-12-24T17:38:14+00:00","mainEntityOfPage":{"@id":"https:\/\/bahiaeconomica.com.br\/wp\/2024\/12\/24\/viagens-de-verao-devem-movimentar-o-turismo-no-brasil-em-2025-aponta-pesquisa\/"},"wordCount":375,"publisher":{"@id":"https:\/\/bahiaeconomica.com.br\/wp\/#organization"},"keywords":["brasileiros","Turismo","ver\u00e3o","viajar"],"articleSection":["DESTAQUE DO DIA","ECONOMIA \/ POL\u00cdTICA"],"inLanguage":"pt-BR"},{"@type":"WebPage","@id":"https:\/\/bahiaeconomica.com.br\/wp\/2024\/12\/24\/viagens-de-verao-devem-movimentar-o-turismo-no-brasil-em-2025-aponta-pesquisa\/","url":"https:\/\/bahiaeconomica.com.br\/wp\/2024\/12\/24\/viagens-de-verao-devem-movimentar-o-turismo-no-brasil-em-2025-aponta-pesquisa\/","name":"VIAGENS DE VER\u00c3O DEVEM MOVIMENTAR O TURISMO NO BRASIL EM 2025; APONTA PESQUISA - Bahia Economica","isPartOf":{"@id":"https:\/\/bahiaeconomica.com.br\/wp\/#website"},"datePublished":"2024-12-24T20:00:22+00:00","dateModified":"2024-12-24T17:38:14+00:00","description":"O maior portal de Economia da Bahia DESTAQUE DO DIA, ECONOMIA \/ POL\u00cdTICA Bahia Economica Mais de um ter\u00e7o (35%) dos brasileiros planejam viajar","breadcrumb":{"@id":"https:\/\/bahiaeconomica.com.br\/wp\/2024\/12\/24\/viagens-de-verao-devem-movimentar-o-turismo-no-brasil-em-2025-aponta-pesquisa\/#breadcrumb"},"inLanguage":"pt-BR","potentialAction":[{"@type":"ReadAction","target":["https:\/\/bahiaeconomica.com.br\/wp\/2024\/12\/24\/viagens-de-verao-devem-movimentar-o-turismo-no-brasil-em-2025-aponta-pesquisa\/"]}]},{"@type":"BreadcrumbList","@id":"https:\/\/bahiaeconomica.com.br\/wp\/2024\/12\/24\/viagens-de-verao-devem-movimentar-o-turismo-no-brasil-em-2025-aponta-pesquisa\/#breadcrumb","itemListElement":[{"@type":"ListItem","position":1,"name":"In\u00edcio","item":"https:\/\/bahiaeconomica.com.br\/wp\/"},{"@type":"ListItem","position":2,"name":"VIAGENS DE VER\u00c3O DEVEM MOVIMENTAR O TURISMO NO BRASIL EM 2025; APONTA PESQUISA"}]},{"@type":"WebSite","@id":"https:\/\/bahiaeconomica.com.br\/wp\/#website","url":"https:\/\/bahiaeconomica.com.br\/wp\/","name":"Bahia Economica","description":"O maior portal de Economia da Bahia","publisher":{"@id":"https:\/\/bahiaeconomica.com.br\/wp\/#organization"},"potentialAction":[{"@type":"SearchAction","target":{"@type":"EntryPoint","urlTemplate":"https:\/\/bahiaeconomica.com.br\/wp\/?s={search_term_string}"},"query-input":"required name=search_term_string"}],"inLanguage":"pt-BR"},{"@type":"Organization","@id":"https:\/\/bahiaeconomica.com.br\/wp\/#organization","name":"Bahia Econ\u00f4mica","url":"https:\/\/bahiaeconomica.com.br\/wp\/","logo":{"@type":"ImageObject","inLanguage":"pt-BR","@id":"https:\/\/bahiaeconomica.com.br\/wp\/#\/schema\/logo\/image\/","url":"https:\/\/bahiaeconomica.com.br\/wp\/wp-content\/uploads\/2020\/12\/cropped-BE.png","contentUrl":"https:\/\/bahiaeconomica.com.br\/wp\/wp-content\/uploads\/2020\/12\/cropped-BE.png","width":512,"height":512,"caption":"Bahia Econ\u00f4mica"},"image":{"@id":"https:\/\/bahiaeconomica.com.br\/wp\/#\/schema\/logo\/image\/"},"sameAs":["https:\/\/www.facebook.com\/bahiaeconomica"]},{"@type":"Person","@id":"https:\/\/bahiaeconomica.com.br\/wp\/#\/schema\/person\/b719ce0fb1c09f3c7a00d9243ced4a6f","name":"VICTORIA ISABEL","sameAs":["http:\/\/www.bahiaeconomica.com.br"],"url":"https:\/\/bahiaeconomica.com.br\/wp\/author\/victoria-isabel\/"}]}},"views":9,"_links":{"self":[{"href":"https:\/\/bahiaeconomica.com.br\/wp\/wp-json\/wp\/v2\/posts\/869010"}],"collection":[{"href":"https:\/\/bahiaeconomica.com.br\/wp\/wp-json\/wp\/v2\/posts"}],"about":[{"href":"https:\/\/bahiaeconomica.com.br\/wp\/wp-json\/wp\/v2\/types\/post"}],"author":[{"embeddable":true,"href":"https:\/\/bahiaeconomica.com.br\/wp\/wp-json\/wp\/v2\/users\/15"}],"replies":[{"embeddable":true,"href":"https:\/\/bahiaeconomica.com.br\/wp\/wp-json\/wp\/v2\/comments?post=869010"}],"version-history":[{"count":1,"href":"https:\/\/bahiaeconomica.com.br\/wp\/wp-json\/wp\/v2\/posts\/869010\/revisions"}],"predecessor-version":[{"id":869015,"href":"https:\/\/bahiaeconomica.com.br\/wp\/wp-json\/wp\/v2\/posts\/869010\/revisions\/869015"}],"wp:featuredmedia":[{"embeddable":true,"href":"https:\/\/bahiaeconomica.com.br\/wp\/wp-json\/wp\/v2\/media\/869013"}],"wp:attachment":[{"href":"https:\/\/bahiaeconomica.com.br\/wp\/wp-json\/wp\/v2\/media?parent=869010"}],"wp:term":[{"taxonomy":"category","embeddable":true,"href":"https:\/\/bahiaeconomica.com.br\/wp\/wp-json\/wp\/v2\/categories?post=869010"},{"taxonomy":"post_tag","embeddable":true,"href":"https:\/\/bahiaeconomica.com.br\/wp\/wp-json\/wp\/v2\/tags?post=869010"}],"curies":[{"name":"wp","href":"https:\/\/api.w.org\/{rel}","templated":true}]}}