{"id":868577,"date":"2024-12-23T13:30:36","date_gmt":"2024-12-23T16:30:36","guid":{"rendered":"https:\/\/bahiaeconomica.com.br\/wp\/?p=868577"},"modified":"2024-12-23T11:34:26","modified_gmt":"2024-12-23T14:34:26","slug":"lula-se-solidariza-com-familiares-de-vitimas-de-acidente-aereo","status":"publish","type":"post","link":"https:\/\/bahiaeconomica.com.br\/wp\/2024\/12\/23\/lula-se-solidariza-com-familiares-de-vitimas-de-acidente-aereo\/","title":{"rendered":"LULA SE SOLIDARIZA COM FAMILIARES DE V\u00cdTIMAS DE ACIDENTE A\u00c9REO"},"content":{"rendered":"<p>O presidente Luiz In\u00e1cio Lula da Silva se solidarizou, neste domingo (22), com os familiares das v\u00edtimas da queda de um avi\u00e3o de pequeno porte em Gramado, no Rio Grande do Sul. O acidente aconteceu por volta das 9h30, na Avenida das Hort\u00eansias.<\/p>\n<p>\u201cMinha solidariedade aos familiares das v\u00edtimas fatais da queda de um avi\u00e3o no centro de Gramado, no Rio Grande do Sul. Espero que os feridos tenham uma r\u00e1pida recupera\u00e7\u00e3o. A Aeron\u00e1utica investiga as causas do acidente e o governo federal est\u00e1 \u00e0 disposi\u00e7\u00e3o do governo do estado e autoridades locais para esclarecermos o mais breve poss\u00edvel\u201d, escreveu Lula em publica\u00e7\u00e3o nas redes sociais.<\/p>\n<p>O avi\u00e3o decolou de Canela, cidade vizinha a Gramado, com 10 passageiros a bordo. Antes de cair, ele colidiu com a chamin\u00e9 de um pr\u00e9dio, em seguida no segundo andar de uma resid\u00eancia e, ent\u00e3o, caiu sobre uma loja de m\u00f3veis.<\/p>\n<p>Os destro\u00e7os ainda alcan\u00e7aram uma pousada, onde, pelo menos, duas pessoas ficaram feridas e foram socorridas. No atendimento inicial da ocorr\u00eancia, pelo menos 15 pessoas foram encaminhadas para o hospital da cidade em raz\u00e3o da inala\u00e7\u00e3o de fuma\u00e7a. O Corpo de Bombeiros Militar controlou o inc\u00eandio decorrente da queda e trabalha no resgate dos corpos.<\/p>\n<p>A For\u00e7a A\u00e9rea Brasileira (FAB) informou que foi acionada para realizar a investiga\u00e7\u00e3o da ocorr\u00eancia, envolvendo a aeronave de matr\u00edcula PR-NDN. De acordo com o registro da Ag\u00eancia Nacional de Avia\u00e7\u00e3o Civil (Anac), a aeronave est\u00e1 em nome de Luiz Claudio Salgueiro Galeazzi, em situa\u00e7\u00e3o normal de aeronavegabilidade, e poderia ser utilizada para transporte privado, com opera\u00e7\u00e3o negada para t\u00e1xi a\u00e9reo. Ainda n\u00e3o h\u00e1 informa\u00e7\u00e3o da identidade das v\u00edtimas do acidente.<\/p>\n<p>Cr\u00e9dito: Shutterstock<\/p>\n","protected":false},"excerpt":{"rendered":"<p>O presidente Luiz In\u00e1cio Lula da Silva se solidarizou, neste domingo (22), com os familiares das v\u00edtimas da queda de um avi\u00e3o de pequeno porte em Gramado, no Rio Grande do Sul. O acidente aconteceu por volta das 9h30, na Avenida das Hort\u00eansias. \u201cMinha solidariedade aos familiares das v\u00edtimas fatais da queda de um avi\u00e3o [&hellip;]<\/p>\n","protected":false},"author":8,"featured_media":868578,"comment_status":"closed","ping_status":"closed","sticky":false,"template":"","format":"standard","meta":[],"categories":[14601],"tags":[1176,1086,100],"acf":[],"yoast_head":"<!-- This site is optimized with the Yoast SEO plugin v20.8 - https:\/\/yoast.com\/wordpress\/plugins\/seo\/ -->\n<title>LULA SE SOLIDARIZA COM FAMILIARES DE V\u00cdTIMAS DE ACIDENTE A\u00c9REO - Bahia Economica<\/title>\n<meta name=\"description\" content=\"O maior portal de Economia da Bahia Pol\u00edtica Bahia Economica presidente Luiz In\u00e1cio Lula da Silva se solidarizou, neste domingo\" \/>\n<meta name=\"robots\" content=\"index, follow, max-snippet:-1, max-image-preview:large, max-video-preview:-1\" \/>\n<link rel=\"canonical\" href=\"https:\/\/bahiaeconomica.com.br\/wp\/2024\/12\/23\/lula-se-solidariza-com-familiares-de-vitimas-de-acidente-aereo\/\" \/>\n<meta property=\"og:locale\" content=\"pt_BR\" \/>\n<meta property=\"og:type\" content=\"article\" \/>\n<meta property=\"og:title\" content=\"LULA SE SOLIDARIZA COM FAMILIARES DE V\u00cdTIMAS DE ACIDENTE A\u00c9REO - Bahia Economica\" \/>\n<meta property=\"og:description\" content=\"O maior portal de Economia da Bahia Pol\u00edtica Bahia Economica presidente Luiz In\u00e1cio Lula da Silva se solidarizou, neste domingo\" \/>\n<meta property=\"og:url\" content=\"https:\/\/bahiaeconomica.com.br\/wp\/2024\/12\/23\/lula-se-solidariza-com-familiares-de-vitimas-de-acidente-aereo\/\" \/>\n<meta property=\"og:site_name\" content=\"Bahia Economica\" \/>\n<meta property=\"article:publisher\" content=\"https:\/\/www.facebook.com\/bahiaeconomica\" \/>\n<meta property=\"article:published_time\" content=\"2024-12-23T16:30:36+00:00\" \/>\n<meta property=\"article:modified_time\" content=\"2024-12-23T14:34:26+00:00\" \/>\n<meta property=\"og:image\" content=\"https:\/\/bahiaeconomica.com.br\/wp\/wp-content\/uploads\/2024\/12\/lula-passou-por-nova-cirurgia-2534494-article-1.webp\" \/>\n\t<meta property=\"og:image:width\" content=\"1200\" \/>\n\t<meta property=\"og:image:height\" content=\"800\" \/>\n\t<meta property=\"og:image:type\" content=\"image\/webp\" \/>\n<meta name=\"author\" content=\"JP\" \/>\n<meta name=\"twitter:card\" content=\"summary_large_image\" \/>\n<meta name=\"twitter:label1\" content=\"Escrito por\" \/>\n\t<meta name=\"twitter:data1\" content=\"JP\" \/>\n\t<meta name=\"twitter:label2\" content=\"Est. tempo de leitura\" \/>\n\t<meta name=\"twitter:data2\" content=\"2 minutos\" \/>\n<script type=\"application\/ld+json\" class=\"yoast-schema-graph\">{\"@context\":\"https:\/\/schema.org\",\"@graph\":[{\"@type\":\"Article\",\"@id\":\"https:\/\/bahiaeconomica.com.br\/wp\/2024\/12\/23\/lula-se-solidariza-com-familiares-de-vitimas-de-acidente-aereo\/#article\",\"isPartOf\":{\"@id\":\"https:\/\/bahiaeconomica.com.br\/wp\/2024\/12\/23\/lula-se-solidariza-com-familiares-de-vitimas-de-acidente-aereo\/\"},\"author\":{\"name\":\"JP\",\"@id\":\"https:\/\/bahiaeconomica.com.br\/wp\/#\/schema\/person\/c86d3a3f8960425a0f9d0e5245991f4e\"},\"headline\":\"LULA SE SOLIDARIZA COM FAMILIARES DE V\u00cdTIMAS DE ACIDENTE A\u00c9REO\",\"datePublished\":\"2024-12-23T16:30:36+00:00\",\"dateModified\":\"2024-12-23T14:34:26+00:00\",\"mainEntityOfPage\":{\"@id\":\"https:\/\/bahiaeconomica.com.br\/wp\/2024\/12\/23\/lula-se-solidariza-com-familiares-de-vitimas-de-acidente-aereo\/\"},\"wordCount\":322,\"publisher\":{\"@id\":\"https:\/\/bahiaeconomica.com.br\/wp\/#organization\"},\"keywords\":[\"mudan\u00e7a\",\"novidade\",\"Pol\u00edtica\"],\"articleSection\":[\"Pol\u00edtica\"],\"inLanguage\":\"pt-BR\"},{\"@type\":\"WebPage\",\"@id\":\"https:\/\/bahiaeconomica.com.br\/wp\/2024\/12\/23\/lula-se-solidariza-com-familiares-de-vitimas-de-acidente-aereo\/\",\"url\":\"https:\/\/bahiaeconomica.com.br\/wp\/2024\/12\/23\/lula-se-solidariza-com-familiares-de-vitimas-de-acidente-aereo\/\",\"name\":\"LULA SE SOLIDARIZA COM FAMILIARES DE V\u00cdTIMAS DE ACIDENTE A\u00c9REO - Bahia Economica\",\"isPartOf\":{\"@id\":\"https:\/\/bahiaeconomica.com.br\/wp\/#website\"},\"datePublished\":\"2024-12-23T16:30:36+00:00\",\"dateModified\":\"2024-12-23T14:34:26+00:00\",\"description\":\"O maior portal de Economia da Bahia Pol\u00edtica Bahia Economica presidente Luiz In\u00e1cio Lula da Silva se solidarizou, neste domingo\",\"breadcrumb\":{\"@id\":\"https:\/\/bahiaeconomica.com.br\/wp\/2024\/12\/23\/lula-se-solidariza-com-familiares-de-vitimas-de-acidente-aereo\/#breadcrumb\"},\"inLanguage\":\"pt-BR\",\"potentialAction\":[{\"@type\":\"ReadAction\",\"target\":[\"https:\/\/bahiaeconomica.com.br\/wp\/2024\/12\/23\/lula-se-solidariza-com-familiares-de-vitimas-de-acidente-aereo\/\"]}]},{\"@type\":\"BreadcrumbList\",\"@id\":\"https:\/\/bahiaeconomica.com.br\/wp\/2024\/12\/23\/lula-se-solidariza-com-familiares-de-vitimas-de-acidente-aereo\/#breadcrumb\",\"itemListElement\":[{\"@type\":\"ListItem\",\"position\":1,\"name\":\"In\u00edcio\",\"item\":\"https:\/\/bahiaeconomica.com.br\/wp\/\"},{\"@type\":\"ListItem\",\"position\":2,\"name\":\"LULA SE SOLIDARIZA COM FAMILIARES DE V\u00cdTIMAS DE ACIDENTE A\u00c9REO\"}]},{\"@type\":\"WebSite\",\"@id\":\"https:\/\/bahiaeconomica.com.br\/wp\/#website\",\"url\":\"https:\/\/bahiaeconomica.com.br\/wp\/\",\"name\":\"Bahia Economica\",\"description\":\"O maior portal de Economia da Bahia\",\"publisher\":{\"@id\":\"https:\/\/bahiaeconomica.com.br\/wp\/#organization\"},\"potentialAction\":[{\"@type\":\"SearchAction\",\"target\":{\"@type\":\"EntryPoint\",\"urlTemplate\":\"https:\/\/bahiaeconomica.com.br\/wp\/?s={search_term_string}\"},\"query-input\":\"required name=search_term_string\"}],\"inLanguage\":\"pt-BR\"},{\"@type\":\"Organization\",\"@id\":\"https:\/\/bahiaeconomica.com.br\/wp\/#organization\",\"name\":\"Bahia Econ\u00f4mica\",\"url\":\"https:\/\/bahiaeconomica.com.br\/wp\/\",\"logo\":{\"@type\":\"ImageObject\",\"inLanguage\":\"pt-BR\",\"@id\":\"https:\/\/bahiaeconomica.com.br\/wp\/#\/schema\/logo\/image\/\",\"url\":\"https:\/\/bahiaeconomica.com.br\/wp\/wp-content\/uploads\/2020\/12\/cropped-BE.png\",\"contentUrl\":\"https:\/\/bahiaeconomica.com.br\/wp\/wp-content\/uploads\/2020\/12\/cropped-BE.png\",\"width\":512,\"height\":512,\"caption\":\"Bahia Econ\u00f4mica\"},\"image\":{\"@id\":\"https:\/\/bahiaeconomica.com.br\/wp\/#\/schema\/logo\/image\/\"},\"sameAs\":[\"https:\/\/www.facebook.com\/bahiaeconomica\"]},{\"@type\":\"Person\",\"@id\":\"https:\/\/bahiaeconomica.com.br\/wp\/#\/schema\/person\/c86d3a3f8960425a0f9d0e5245991f4e\",\"name\":\"JP\",\"sameAs\":[\"https:\/\/bahiaeconomica.com.br\/wp\/beta\/\"],\"url\":\"https:\/\/bahiaeconomica.com.br\/wp\/author\/jp\/\"}]}<\/script>\n<!-- \/ Yoast SEO plugin. -->","yoast_head_json":{"title":"LULA SE SOLIDARIZA COM FAMILIARES DE V\u00cdTIMAS DE ACIDENTE A\u00c9REO - Bahia Economica","description":"O maior portal de Economia da Bahia Pol\u00edtica Bahia Economica presidente Luiz In\u00e1cio Lula da Silva se solidarizou, neste domingo","robots":{"index":"index","follow":"follow","max-snippet":"max-snippet:-1","max-image-preview":"max-image-preview:large","max-video-preview":"max-video-preview:-1"},"canonical":"https:\/\/bahiaeconomica.com.br\/wp\/2024\/12\/23\/lula-se-solidariza-com-familiares-de-vitimas-de-acidente-aereo\/","og_locale":"pt_BR","og_type":"article","og_title":"LULA SE SOLIDARIZA COM FAMILIARES DE V\u00cdTIMAS DE ACIDENTE A\u00c9REO - Bahia Economica","og_description":"O maior portal de Economia da Bahia Pol\u00edtica Bahia Economica presidente Luiz In\u00e1cio Lula da Silva se solidarizou, neste domingo","og_url":"https:\/\/bahiaeconomica.com.br\/wp\/2024\/12\/23\/lula-se-solidariza-com-familiares-de-vitimas-de-acidente-aereo\/","og_site_name":"Bahia Economica","article_publisher":"https:\/\/www.facebook.com\/bahiaeconomica","article_published_time":"2024-12-23T16:30:36+00:00","article_modified_time":"2024-12-23T14:34:26+00:00","og_image":[{"width":1200,"height":800,"url":"https:\/\/bahiaeconomica.com.br\/wp\/wp-content\/uploads\/2024\/12\/lula-passou-por-nova-cirurgia-2534494-article-1.webp","type":"image\/webp"}],"author":"JP","twitter_card":"summary_large_image","twitter_misc":{"Escrito por":"JP","Est. tempo de leitura":"2 minutos"},"schema":{"@context":"https:\/\/schema.org","@graph":[{"@type":"Article","@id":"https:\/\/bahiaeconomica.com.br\/wp\/2024\/12\/23\/lula-se-solidariza-com-familiares-de-vitimas-de-acidente-aereo\/#article","isPartOf":{"@id":"https:\/\/bahiaeconomica.com.br\/wp\/2024\/12\/23\/lula-se-solidariza-com-familiares-de-vitimas-de-acidente-aereo\/"},"author":{"name":"JP","@id":"https:\/\/bahiaeconomica.com.br\/wp\/#\/schema\/person\/c86d3a3f8960425a0f9d0e5245991f4e"},"headline":"LULA SE SOLIDARIZA COM FAMILIARES DE V\u00cdTIMAS DE ACIDENTE A\u00c9REO","datePublished":"2024-12-23T16:30:36+00:00","dateModified":"2024-12-23T14:34:26+00:00","mainEntityOfPage":{"@id":"https:\/\/bahiaeconomica.com.br\/wp\/2024\/12\/23\/lula-se-solidariza-com-familiares-de-vitimas-de-acidente-aereo\/"},"wordCount":322,"publisher":{"@id":"https:\/\/bahiaeconomica.com.br\/wp\/#organization"},"keywords":["mudan\u00e7a","novidade","Pol\u00edtica"],"articleSection":["Pol\u00edtica"],"inLanguage":"pt-BR"},{"@type":"WebPage","@id":"https:\/\/bahiaeconomica.com.br\/wp\/2024\/12\/23\/lula-se-solidariza-com-familiares-de-vitimas-de-acidente-aereo\/","url":"https:\/\/bahiaeconomica.com.br\/wp\/2024\/12\/23\/lula-se-solidariza-com-familiares-de-vitimas-de-acidente-aereo\/","name":"LULA SE SOLIDARIZA COM FAMILIARES DE V\u00cdTIMAS DE ACIDENTE A\u00c9REO - Bahia Economica","isPartOf":{"@id":"https:\/\/bahiaeconomica.com.br\/wp\/#website"},"datePublished":"2024-12-23T16:30:36+00:00","dateModified":"2024-12-23T14:34:26+00:00","description":"O maior portal de Economia da Bahia Pol\u00edtica Bahia Economica presidente Luiz In\u00e1cio Lula da Silva se solidarizou, neste domingo","breadcrumb":{"@id":"https:\/\/bahiaeconomica.com.br\/wp\/2024\/12\/23\/lula-se-solidariza-com-familiares-de-vitimas-de-acidente-aereo\/#breadcrumb"},"inLanguage":"pt-BR","potentialAction":[{"@type":"ReadAction","target":["https:\/\/bahiaeconomica.com.br\/wp\/2024\/12\/23\/lula-se-solidariza-com-familiares-de-vitimas-de-acidente-aereo\/"]}]},{"@type":"BreadcrumbList","@id":"https:\/\/bahiaeconomica.com.br\/wp\/2024\/12\/23\/lula-se-solidariza-com-familiares-de-vitimas-de-acidente-aereo\/#breadcrumb","itemListElement":[{"@type":"ListItem","position":1,"name":"In\u00edcio","item":"https:\/\/bahiaeconomica.com.br\/wp\/"},{"@type":"ListItem","position":2,"name":"LULA SE SOLIDARIZA COM FAMILIARES DE V\u00cdTIMAS DE ACIDENTE A\u00c9REO"}]},{"@type":"WebSite","@id":"https:\/\/bahiaeconomica.com.br\/wp\/#website","url":"https:\/\/bahiaeconomica.com.br\/wp\/","name":"Bahia Economica","description":"O maior portal de Economia da Bahia","publisher":{"@id":"https:\/\/bahiaeconomica.com.br\/wp\/#organization"},"potentialAction":[{"@type":"SearchAction","target":{"@type":"EntryPoint","urlTemplate":"https:\/\/bahiaeconomica.com.br\/wp\/?s={search_term_string}"},"query-input":"required name=search_term_string"}],"inLanguage":"pt-BR"},{"@type":"Organization","@id":"https:\/\/bahiaeconomica.com.br\/wp\/#organization","name":"Bahia Econ\u00f4mica","url":"https:\/\/bahiaeconomica.com.br\/wp\/","logo":{"@type":"ImageObject","inLanguage":"pt-BR","@id":"https:\/\/bahiaeconomica.com.br\/wp\/#\/schema\/logo\/image\/","url":"https:\/\/bahiaeconomica.com.br\/wp\/wp-content\/uploads\/2020\/12\/cropped-BE.png","contentUrl":"https:\/\/bahiaeconomica.com.br\/wp\/wp-content\/uploads\/2020\/12\/cropped-BE.png","width":512,"height":512,"caption":"Bahia Econ\u00f4mica"},"image":{"@id":"https:\/\/bahiaeconomica.com.br\/wp\/#\/schema\/logo\/image\/"},"sameAs":["https:\/\/www.facebook.com\/bahiaeconomica"]},{"@type":"Person","@id":"https:\/\/bahiaeconomica.com.br\/wp\/#\/schema\/person\/c86d3a3f8960425a0f9d0e5245991f4e","name":"JP","sameAs":["https:\/\/bahiaeconomica.com.br\/wp\/beta\/"],"url":"https:\/\/bahiaeconomica.com.br\/wp\/author\/jp\/"}]}},"views":6,"_links":{"self":[{"href":"https:\/\/bahiaeconomica.com.br\/wp\/wp-json\/wp\/v2\/posts\/868577"}],"collection":[{"href":"https:\/\/bahiaeconomica.com.br\/wp\/wp-json\/wp\/v2\/posts"}],"about":[{"href":"https:\/\/bahiaeconomica.com.br\/wp\/wp-json\/wp\/v2\/types\/post"}],"author":[{"embeddable":true,"href":"https:\/\/bahiaeconomica.com.br\/wp\/wp-json\/wp\/v2\/users\/8"}],"replies":[{"embeddable":true,"href":"https:\/\/bahiaeconomica.com.br\/wp\/wp-json\/wp\/v2\/comments?post=868577"}],"version-history":[{"count":1,"href":"https:\/\/bahiaeconomica.com.br\/wp\/wp-json\/wp\/v2\/posts\/868577\/revisions"}],"predecessor-version":[{"id":868579,"href":"https:\/\/bahiaeconomica.com.br\/wp\/wp-json\/wp\/v2\/posts\/868577\/revisions\/868579"}],"wp:featuredmedia":[{"embeddable":true,"href":"https:\/\/bahiaeconomica.com.br\/wp\/wp-json\/wp\/v2\/media\/868578"}],"wp:attachment":[{"href":"https:\/\/bahiaeconomica.com.br\/wp\/wp-json\/wp\/v2\/media?parent=868577"}],"wp:term":[{"taxonomy":"category","embeddable":true,"href":"https:\/\/bahiaeconomica.com.br\/wp\/wp-json\/wp\/v2\/categories?post=868577"},{"taxonomy":"post_tag","embeddable":true,"href":"https:\/\/bahiaeconomica.com.br\/wp\/wp-json\/wp\/v2\/tags?post=868577"}],"curies":[{"name":"wp","href":"https:\/\/api.w.org\/{rel}","templated":true}]}}