{"id":867685,"date":"2024-12-18T16:45:22","date_gmt":"2024-12-18T19:45:22","guid":{"rendered":"https:\/\/bahiaeconomica.com.br\/wp\/?p=867685"},"modified":"2024-12-18T16:09:49","modified_gmt":"2024-12-18T19:09:49","slug":"haddad-diz-que-cambio-e-flutuante-e-que-o-dolar-vai-se-acomodar","status":"publish","type":"post","link":"https:\/\/bahiaeconomica.com.br\/wp\/2024\/12\/18\/haddad-diz-que-cambio-e-flutuante-e-que-o-dolar-vai-se-acomodar\/","title":{"rendered":"HADDAD DIZ QUE C\u00c2MBIO \u00c9 FLUTUANTE E QUE O D\u00d3LAR VAI SE ACOMODAR"},"content":{"rendered":"<p>Ap\u00f3s recordes sucessivos de fechamento, o d\u00f3lar dever\u00e1 se acomodar em breve, disse nesta quarta-feira (18) o ministro da Fazenda, Fernando Haddad. Ressaltando o car\u00e1ter flutuante do c\u00e2mbio, o ministro n\u00e3o descartou que um ataque especulativo esteja por tr\u00e1s da desvaloriza\u00e7\u00e3o recente do real.<\/p>\n<p>\u201cN\u00f3s temos um c\u00e2mbio flutuante e, neste momento em que as coisas est\u00e3o pendentes, tem um clima de incerteza que faz o c\u00e2mbio flutuar. Mas eu acredito que ele vai se acomodar\u201d, disse Haddad ao sair do minist\u00e9rio para uma reuni\u00e3o com o presidente do Senado, Rodrigo Pacheco. Por volta das 15h, a moeda norte-americana estava cotada a R$ 6,20.<\/p>\n<p>Segundo Haddad, as principais institui\u00e7\u00f5es financeiras t\u00eam estimativas melhores para a economia que as dos operadores de mercado. \u201cAt\u00e9 aqui, nas conversas com as grandes institui\u00e7\u00f5es, as previs\u00f5es s\u00e3o melhores do que os especuladores est\u00e3o fazendo. Mas, enfim, o c\u00e2mbio flutua\u201d, acrescentou o ministro.<\/p>\n<p>O ministro lembrou que o Banco Central tem intervindo para vender d\u00f3lares e que o Tesouro Nacional suspendeu os leil\u00f5es tradicionais de t\u00edtulos da d\u00edvida p\u00fablica para fazer leil\u00f5es de troca e recompra de pap\u00e9is at\u00e9 sexta-feira (20). Ele n\u00e3o descartou a possibilidade de ataque especulativo coordenado, diante dos juros recordes no mercado futuro e da disparada do d\u00f3lar.<\/p>\n<p>\u201cH\u00e1 contatos conosco falando em especula\u00e7\u00e3o, inclusive jornalistas respeit\u00e1veis falando nisso. Prefiro trabalhar com os fundamentos mostrando a consist\u00eancia do que estamos fazendo. Pode estar havendo [especula\u00e7\u00e3o], mas n\u00e3o estou aqui querendo fazer ju\u00edzo sobre isso. Esses movimentos mais especulativos s\u00e3o coibidos com interven\u00e7\u00e3o do Tesouro e do Banco Central\u201d, declarou.<\/p>\n<p><strong>Pacote fiscal<br \/>\n<\/strong><br \/>\nSobre a vota\u00e7\u00e3o do pacote de corte de gastos obrigat\u00f3rios no Congresso, Haddad discutiu com Pacheco a possibilidade de o Senado aprovar as medidas na sexta-feira (20), caso a C\u00e2mara conclua a vota\u00e7\u00e3o apenas nesta quinta (19). O ministro disse estar confiante na manuten\u00e7\u00e3o de quase todas as propostas enviadas pelo governo e alegou que as mudan\u00e7as do Congresso n\u00e3o ter\u00e3o grande impacto.<\/p>\n<p>\u201cN\u00e3o s\u00e3o de grande monta [as desidrata\u00e7\u00f5es]. Estamos confiantes de que n\u00e3o vai haver desidrata\u00e7\u00e3o pelas conversas mantidas nesses dias de segunda para c\u00e1. Passamos tr\u00eas dias conversando com todo mundo, h\u00e1 aqui ou ali uma resist\u00eancia ou outra, mas a princ\u00edpio, eu acredito que a escala da conten\u00e7\u00e3o de gastos ser\u00e1 mantida\u201d, ressaltou.<\/p>\n<p>O ministro n\u00e3o descartou a possibilidade de novas medidas de corte de gastos em 2025. \u201cNunca falei que isso [os cortes de gastos obrigat\u00f3rios] \u00e9 um trabalho que se encerra. N\u00e3o se encerra. Vamos acompanh\u00e1-lo, fazer uma avalia\u00e7\u00e3o do que foi aprovado, n\u00f3s temos tamb\u00e9m a quest\u00e3o da desonera\u00e7\u00e3o da folha que tem uma pend\u00eancia no Supremo que n\u00f3s vamos resolver\u201d, afirmou Haddad.<\/p>\n<p>O governo pode ter de implementar novas medidas no pr\u00f3ximo ano para compensar a prorroga\u00e7\u00e3o da desonera\u00e7\u00e3o da folha de pagamentos at\u00e9 2027 caso o Supremo decida que os cerca de R$ 8,7 bilh\u00f5es esquecidos no sistema financeiro repassados ao Tesouro Nacional em outubro n\u00e3o podem compensar as desonera\u00e7\u00f5es. Uma a\u00e7\u00e3o do Partido Progressista (PP) considera a transfer\u00eancia para o Tesouro como confisco.<\/p>\n<p>&nbsp;<\/p>\n<p>Foto: Fabio Rodrigues-Pozzebom\/ Ag\u00eancia Brasil<\/p>\n<p>&nbsp;<\/p>\n","protected":false},"excerpt":{"rendered":"<p>Ap\u00f3s recordes sucessivos de fechamento, o d\u00f3lar dever\u00e1 se acomodar em breve, disse nesta quarta-feira (18) o ministro da Fazenda, Fernando Haddad. Ressaltando o car\u00e1ter flutuante do c\u00e2mbio, o ministro n\u00e3o descartou que um ataque especulativo esteja por tr\u00e1s da desvaloriza\u00e7\u00e3o recente do real. \u201cN\u00f3s temos um c\u00e2mbio flutuante e, neste momento em que as [&hellip;]<\/p>\n","protected":false},"author":15,"featured_media":867686,"comment_status":"closed","ping_status":"closed","sticky":false,"template":"","format":"standard","meta":[],"categories":[3],"tags":[2297,136,2785],"acf":[],"yoast_head":"<!-- This site is optimized with the Yoast SEO plugin v20.8 - https:\/\/yoast.com\/wordpress\/plugins\/seo\/ -->\n<title>HADDAD DIZ QUE C\u00c2MBIO \u00c9 FLUTUANTE E QUE O D\u00d3LAR VAI SE ACOMODAR - Bahia Economica<\/title>\n<meta name=\"description\" content=\"O maior portal de Economia da Bahia ECONOMIA \/ POL\u00cdTICA Bahia Economica Ap\u00f3s recordes sucessivos de fechamento, o d\u00f3lar dever\u00e1 se acomodar em breve,\" \/>\n<meta name=\"robots\" content=\"index, follow, max-snippet:-1, max-image-preview:large, max-video-preview:-1\" \/>\n<link rel=\"canonical\" href=\"https:\/\/bahiaeconomica.com.br\/wp\/2024\/12\/18\/haddad-diz-que-cambio-e-flutuante-e-que-o-dolar-vai-se-acomodar\/\" \/>\n<meta property=\"og:locale\" content=\"pt_BR\" \/>\n<meta property=\"og:type\" content=\"article\" \/>\n<meta property=\"og:title\" content=\"HADDAD DIZ QUE C\u00c2MBIO \u00c9 FLUTUANTE E QUE O D\u00d3LAR VAI SE ACOMODAR - Bahia Economica\" \/>\n<meta property=\"og:description\" content=\"O maior portal de Economia da Bahia ECONOMIA \/ POL\u00cdTICA Bahia Economica Ap\u00f3s recordes sucessivos de fechamento, o d\u00f3lar dever\u00e1 se acomodar em breve,\" \/>\n<meta property=\"og:url\" content=\"https:\/\/bahiaeconomica.com.br\/wp\/2024\/12\/18\/haddad-diz-que-cambio-e-flutuante-e-que-o-dolar-vai-se-acomodar\/\" \/>\n<meta property=\"og:site_name\" content=\"Bahia Economica\" \/>\n<meta property=\"article:publisher\" content=\"https:\/\/www.facebook.com\/bahiaeconomica\" \/>\n<meta property=\"article:published_time\" content=\"2024-12-18T19:45:22+00:00\" \/>\n<meta property=\"article:modified_time\" content=\"2024-12-18T19:09:49+00:00\" \/>\n<meta property=\"og:image\" content=\"https:\/\/bahiaeconomica.com.br\/wp\/wp-content\/uploads\/2024\/12\/pzzb0295sdsssss-1024x452-1.webp\" \/>\n\t<meta property=\"og:image:width\" content=\"1024\" \/>\n\t<meta property=\"og:image:height\" content=\"452\" \/>\n\t<meta property=\"og:image:type\" content=\"image\/webp\" \/>\n<meta name=\"author\" content=\"VICTORIA ISABEL\" \/>\n<meta name=\"twitter:card\" content=\"summary_large_image\" \/>\n<meta name=\"twitter:label1\" content=\"Escrito por\" \/>\n\t<meta name=\"twitter:data1\" content=\"VICTORIA ISABEL\" \/>\n\t<meta name=\"twitter:label2\" content=\"Est. tempo de leitura\" \/>\n\t<meta name=\"twitter:data2\" content=\"3 minutos\" \/>\n<script type=\"application\/ld+json\" class=\"yoast-schema-graph\">{\"@context\":\"https:\/\/schema.org\",\"@graph\":[{\"@type\":\"Article\",\"@id\":\"https:\/\/bahiaeconomica.com.br\/wp\/2024\/12\/18\/haddad-diz-que-cambio-e-flutuante-e-que-o-dolar-vai-se-acomodar\/#article\",\"isPartOf\":{\"@id\":\"https:\/\/bahiaeconomica.com.br\/wp\/2024\/12\/18\/haddad-diz-que-cambio-e-flutuante-e-que-o-dolar-vai-se-acomodar\/\"},\"author\":{\"name\":\"VICTORIA ISABEL\",\"@id\":\"https:\/\/bahiaeconomica.com.br\/wp\/#\/schema\/person\/b719ce0fb1c09f3c7a00d9243ced4a6f\"},\"headline\":\"HADDAD DIZ QUE C\u00c2MBIO \u00c9 FLUTUANTE E QUE O D\u00d3LAR VAI SE ACOMODAR\",\"datePublished\":\"2024-12-18T19:45:22+00:00\",\"dateModified\":\"2024-12-18T19:09:49+00:00\",\"mainEntityOfPage\":{\"@id\":\"https:\/\/bahiaeconomica.com.br\/wp\/2024\/12\/18\/haddad-diz-que-cambio-e-flutuante-e-que-o-dolar-vai-se-acomodar\/\"},\"wordCount\":589,\"publisher\":{\"@id\":\"https:\/\/bahiaeconomica.com.br\/wp\/#organization\"},\"keywords\":[\"cambio\",\"D\u00f3lar\",\"Haddad\"],\"articleSection\":[\"ECONOMIA \/ POL\u00cdTICA\"],\"inLanguage\":\"pt-BR\"},{\"@type\":\"WebPage\",\"@id\":\"https:\/\/bahiaeconomica.com.br\/wp\/2024\/12\/18\/haddad-diz-que-cambio-e-flutuante-e-que-o-dolar-vai-se-acomodar\/\",\"url\":\"https:\/\/bahiaeconomica.com.br\/wp\/2024\/12\/18\/haddad-diz-que-cambio-e-flutuante-e-que-o-dolar-vai-se-acomodar\/\",\"name\":\"HADDAD DIZ QUE C\u00c2MBIO \u00c9 FLUTUANTE E QUE O D\u00d3LAR VAI SE ACOMODAR - Bahia Economica\",\"isPartOf\":{\"@id\":\"https:\/\/bahiaeconomica.com.br\/wp\/#website\"},\"datePublished\":\"2024-12-18T19:45:22+00:00\",\"dateModified\":\"2024-12-18T19:09:49+00:00\",\"description\":\"O maior portal de Economia da Bahia ECONOMIA \/ POL\u00cdTICA Bahia Economica Ap\u00f3s recordes sucessivos de fechamento, o d\u00f3lar dever\u00e1 se acomodar em breve,\",\"breadcrumb\":{\"@id\":\"https:\/\/bahiaeconomica.com.br\/wp\/2024\/12\/18\/haddad-diz-que-cambio-e-flutuante-e-que-o-dolar-vai-se-acomodar\/#breadcrumb\"},\"inLanguage\":\"pt-BR\",\"potentialAction\":[{\"@type\":\"ReadAction\",\"target\":[\"https:\/\/bahiaeconomica.com.br\/wp\/2024\/12\/18\/haddad-diz-que-cambio-e-flutuante-e-que-o-dolar-vai-se-acomodar\/\"]}]},{\"@type\":\"BreadcrumbList\",\"@id\":\"https:\/\/bahiaeconomica.com.br\/wp\/2024\/12\/18\/haddad-diz-que-cambio-e-flutuante-e-que-o-dolar-vai-se-acomodar\/#breadcrumb\",\"itemListElement\":[{\"@type\":\"ListItem\",\"position\":1,\"name\":\"In\u00edcio\",\"item\":\"https:\/\/bahiaeconomica.com.br\/wp\/\"},{\"@type\":\"ListItem\",\"position\":2,\"name\":\"HADDAD DIZ QUE C\u00c2MBIO \u00c9 FLUTUANTE E QUE O D\u00d3LAR VAI SE ACOMODAR\"}]},{\"@type\":\"WebSite\",\"@id\":\"https:\/\/bahiaeconomica.com.br\/wp\/#website\",\"url\":\"https:\/\/bahiaeconomica.com.br\/wp\/\",\"name\":\"Bahia Economica\",\"description\":\"O maior portal de Economia da Bahia\",\"publisher\":{\"@id\":\"https:\/\/bahiaeconomica.com.br\/wp\/#organization\"},\"potentialAction\":[{\"@type\":\"SearchAction\",\"target\":{\"@type\":\"EntryPoint\",\"urlTemplate\":\"https:\/\/bahiaeconomica.com.br\/wp\/?s={search_term_string}\"},\"query-input\":\"required name=search_term_string\"}],\"inLanguage\":\"pt-BR\"},{\"@type\":\"Organization\",\"@id\":\"https:\/\/bahiaeconomica.com.br\/wp\/#organization\",\"name\":\"Bahia Econ\u00f4mica\",\"url\":\"https:\/\/bahiaeconomica.com.br\/wp\/\",\"logo\":{\"@type\":\"ImageObject\",\"inLanguage\":\"pt-BR\",\"@id\":\"https:\/\/bahiaeconomica.com.br\/wp\/#\/schema\/logo\/image\/\",\"url\":\"https:\/\/bahiaeconomica.com.br\/wp\/wp-content\/uploads\/2020\/12\/cropped-BE.png\",\"contentUrl\":\"https:\/\/bahiaeconomica.com.br\/wp\/wp-content\/uploads\/2020\/12\/cropped-BE.png\",\"width\":512,\"height\":512,\"caption\":\"Bahia Econ\u00f4mica\"},\"image\":{\"@id\":\"https:\/\/bahiaeconomica.com.br\/wp\/#\/schema\/logo\/image\/\"},\"sameAs\":[\"https:\/\/www.facebook.com\/bahiaeconomica\"]},{\"@type\":\"Person\",\"@id\":\"https:\/\/bahiaeconomica.com.br\/wp\/#\/schema\/person\/b719ce0fb1c09f3c7a00d9243ced4a6f\",\"name\":\"VICTORIA ISABEL\",\"sameAs\":[\"http:\/\/www.bahiaeconomica.com.br\"],\"url\":\"https:\/\/bahiaeconomica.com.br\/wp\/author\/victoria-isabel\/\"}]}<\/script>\n<!-- \/ Yoast SEO plugin. -->","yoast_head_json":{"title":"HADDAD DIZ QUE C\u00c2MBIO \u00c9 FLUTUANTE E QUE O D\u00d3LAR VAI SE ACOMODAR - Bahia Economica","description":"O maior portal de Economia da Bahia ECONOMIA \/ POL\u00cdTICA Bahia Economica Ap\u00f3s recordes sucessivos de fechamento, o d\u00f3lar dever\u00e1 se acomodar em breve,","robots":{"index":"index","follow":"follow","max-snippet":"max-snippet:-1","max-image-preview":"max-image-preview:large","max-video-preview":"max-video-preview:-1"},"canonical":"https:\/\/bahiaeconomica.com.br\/wp\/2024\/12\/18\/haddad-diz-que-cambio-e-flutuante-e-que-o-dolar-vai-se-acomodar\/","og_locale":"pt_BR","og_type":"article","og_title":"HADDAD DIZ QUE C\u00c2MBIO \u00c9 FLUTUANTE E QUE O D\u00d3LAR VAI SE ACOMODAR - Bahia Economica","og_description":"O maior portal de Economia da Bahia ECONOMIA \/ POL\u00cdTICA Bahia Economica Ap\u00f3s recordes sucessivos de fechamento, o d\u00f3lar dever\u00e1 se acomodar em breve,","og_url":"https:\/\/bahiaeconomica.com.br\/wp\/2024\/12\/18\/haddad-diz-que-cambio-e-flutuante-e-que-o-dolar-vai-se-acomodar\/","og_site_name":"Bahia Economica","article_publisher":"https:\/\/www.facebook.com\/bahiaeconomica","article_published_time":"2024-12-18T19:45:22+00:00","article_modified_time":"2024-12-18T19:09:49+00:00","og_image":[{"width":1024,"height":452,"url":"https:\/\/bahiaeconomica.com.br\/wp\/wp-content\/uploads\/2024\/12\/pzzb0295sdsssss-1024x452-1.webp","type":"image\/webp"}],"author":"VICTORIA ISABEL","twitter_card":"summary_large_image","twitter_misc":{"Escrito por":"VICTORIA ISABEL","Est. tempo de leitura":"3 minutos"},"schema":{"@context":"https:\/\/schema.org","@graph":[{"@type":"Article","@id":"https:\/\/bahiaeconomica.com.br\/wp\/2024\/12\/18\/haddad-diz-que-cambio-e-flutuante-e-que-o-dolar-vai-se-acomodar\/#article","isPartOf":{"@id":"https:\/\/bahiaeconomica.com.br\/wp\/2024\/12\/18\/haddad-diz-que-cambio-e-flutuante-e-que-o-dolar-vai-se-acomodar\/"},"author":{"name":"VICTORIA ISABEL","@id":"https:\/\/bahiaeconomica.com.br\/wp\/#\/schema\/person\/b719ce0fb1c09f3c7a00d9243ced4a6f"},"headline":"HADDAD DIZ QUE C\u00c2MBIO \u00c9 FLUTUANTE E QUE O D\u00d3LAR VAI SE ACOMODAR","datePublished":"2024-12-18T19:45:22+00:00","dateModified":"2024-12-18T19:09:49+00:00","mainEntityOfPage":{"@id":"https:\/\/bahiaeconomica.com.br\/wp\/2024\/12\/18\/haddad-diz-que-cambio-e-flutuante-e-que-o-dolar-vai-se-acomodar\/"},"wordCount":589,"publisher":{"@id":"https:\/\/bahiaeconomica.com.br\/wp\/#organization"},"keywords":["cambio","D\u00f3lar","Haddad"],"articleSection":["ECONOMIA \/ POL\u00cdTICA"],"inLanguage":"pt-BR"},{"@type":"WebPage","@id":"https:\/\/bahiaeconomica.com.br\/wp\/2024\/12\/18\/haddad-diz-que-cambio-e-flutuante-e-que-o-dolar-vai-se-acomodar\/","url":"https:\/\/bahiaeconomica.com.br\/wp\/2024\/12\/18\/haddad-diz-que-cambio-e-flutuante-e-que-o-dolar-vai-se-acomodar\/","name":"HADDAD DIZ QUE C\u00c2MBIO \u00c9 FLUTUANTE E QUE O D\u00d3LAR VAI SE ACOMODAR - Bahia Economica","isPartOf":{"@id":"https:\/\/bahiaeconomica.com.br\/wp\/#website"},"datePublished":"2024-12-18T19:45:22+00:00","dateModified":"2024-12-18T19:09:49+00:00","description":"O maior portal de Economia da Bahia ECONOMIA \/ POL\u00cdTICA Bahia Economica Ap\u00f3s recordes sucessivos de fechamento, o d\u00f3lar dever\u00e1 se acomodar em breve,","breadcrumb":{"@id":"https:\/\/bahiaeconomica.com.br\/wp\/2024\/12\/18\/haddad-diz-que-cambio-e-flutuante-e-que-o-dolar-vai-se-acomodar\/#breadcrumb"},"inLanguage":"pt-BR","potentialAction":[{"@type":"ReadAction","target":["https:\/\/bahiaeconomica.com.br\/wp\/2024\/12\/18\/haddad-diz-que-cambio-e-flutuante-e-que-o-dolar-vai-se-acomodar\/"]}]},{"@type":"BreadcrumbList","@id":"https:\/\/bahiaeconomica.com.br\/wp\/2024\/12\/18\/haddad-diz-que-cambio-e-flutuante-e-que-o-dolar-vai-se-acomodar\/#breadcrumb","itemListElement":[{"@type":"ListItem","position":1,"name":"In\u00edcio","item":"https:\/\/bahiaeconomica.com.br\/wp\/"},{"@type":"ListItem","position":2,"name":"HADDAD DIZ QUE C\u00c2MBIO \u00c9 FLUTUANTE E QUE O D\u00d3LAR VAI SE ACOMODAR"}]},{"@type":"WebSite","@id":"https:\/\/bahiaeconomica.com.br\/wp\/#website","url":"https:\/\/bahiaeconomica.com.br\/wp\/","name":"Bahia Economica","description":"O maior portal de Economia da Bahia","publisher":{"@id":"https:\/\/bahiaeconomica.com.br\/wp\/#organization"},"potentialAction":[{"@type":"SearchAction","target":{"@type":"EntryPoint","urlTemplate":"https:\/\/bahiaeconomica.com.br\/wp\/?s={search_term_string}"},"query-input":"required name=search_term_string"}],"inLanguage":"pt-BR"},{"@type":"Organization","@id":"https:\/\/bahiaeconomica.com.br\/wp\/#organization","name":"Bahia Econ\u00f4mica","url":"https:\/\/bahiaeconomica.com.br\/wp\/","logo":{"@type":"ImageObject","inLanguage":"pt-BR","@id":"https:\/\/bahiaeconomica.com.br\/wp\/#\/schema\/logo\/image\/","url":"https:\/\/bahiaeconomica.com.br\/wp\/wp-content\/uploads\/2020\/12\/cropped-BE.png","contentUrl":"https:\/\/bahiaeconomica.com.br\/wp\/wp-content\/uploads\/2020\/12\/cropped-BE.png","width":512,"height":512,"caption":"Bahia Econ\u00f4mica"},"image":{"@id":"https:\/\/bahiaeconomica.com.br\/wp\/#\/schema\/logo\/image\/"},"sameAs":["https:\/\/www.facebook.com\/bahiaeconomica"]},{"@type":"Person","@id":"https:\/\/bahiaeconomica.com.br\/wp\/#\/schema\/person\/b719ce0fb1c09f3c7a00d9243ced4a6f","name":"VICTORIA ISABEL","sameAs":["http:\/\/www.bahiaeconomica.com.br"],"url":"https:\/\/bahiaeconomica.com.br\/wp\/author\/victoria-isabel\/"}]}},"views":6,"_links":{"self":[{"href":"https:\/\/bahiaeconomica.com.br\/wp\/wp-json\/wp\/v2\/posts\/867685"}],"collection":[{"href":"https:\/\/bahiaeconomica.com.br\/wp\/wp-json\/wp\/v2\/posts"}],"about":[{"href":"https:\/\/bahiaeconomica.com.br\/wp\/wp-json\/wp\/v2\/types\/post"}],"author":[{"embeddable":true,"href":"https:\/\/bahiaeconomica.com.br\/wp\/wp-json\/wp\/v2\/users\/15"}],"replies":[{"embeddable":true,"href":"https:\/\/bahiaeconomica.com.br\/wp\/wp-json\/wp\/v2\/comments?post=867685"}],"version-history":[{"count":1,"href":"https:\/\/bahiaeconomica.com.br\/wp\/wp-json\/wp\/v2\/posts\/867685\/revisions"}],"predecessor-version":[{"id":867687,"href":"https:\/\/bahiaeconomica.com.br\/wp\/wp-json\/wp\/v2\/posts\/867685\/revisions\/867687"}],"wp:featuredmedia":[{"embeddable":true,"href":"https:\/\/bahiaeconomica.com.br\/wp\/wp-json\/wp\/v2\/media\/867686"}],"wp:attachment":[{"href":"https:\/\/bahiaeconomica.com.br\/wp\/wp-json\/wp\/v2\/media?parent=867685"}],"wp:term":[{"taxonomy":"category","embeddable":true,"href":"https:\/\/bahiaeconomica.com.br\/wp\/wp-json\/wp\/v2\/categories?post=867685"},{"taxonomy":"post_tag","embeddable":true,"href":"https:\/\/bahiaeconomica.com.br\/wp\/wp-json\/wp\/v2\/tags?post=867685"}],"curies":[{"name":"wp","href":"https:\/\/api.w.org\/{rel}","templated":true}]}}