{"id":866549,"date":"2024-12-13T17:06:05","date_gmt":"2024-12-13T20:06:05","guid":{"rendered":"https:\/\/bahiaeconomica.com.br\/wp\/?p=866549"},"modified":"2024-12-13T17:06:05","modified_gmt":"2024-12-13T20:06:05","slug":"projetos-e-programas-da-sec-sao-apresentados-a-gestores-municipais-em-encontro-promovido-pelo-governo-em-salvador","status":"publish","type":"post","link":"https:\/\/bahiaeconomica.com.br\/wp\/2024\/12\/13\/projetos-e-programas-da-sec-sao-apresentados-a-gestores-municipais-em-encontro-promovido-pelo-governo-em-salvador\/","title":{"rendered":"PROJETOS E PROGRAMAS DA SEC S\u00c3O APRESENTADOS A GESTORES MUNICIPAIS EM ENCONTRO PROMOVIDO PELO GOVERNO EM SALVADOR"},"content":{"rendered":"<p>O p\u00fablico presente no Encontro Bahia \u2013 Forma\u00e7\u00e3o para gestores municipais, iniciado nesta quinta-feira (12) e que segue at\u00e9 sexta (13), no Centro de Conven\u00e7\u00f5es de Salvador, pode se informar e tirar d\u00favidas sobre diferentes a\u00e7\u00f5es, projetos e programas desenvolvidos pela Secretaria da Educa\u00e7\u00e3o do Estado (SEC). A iniciativa tem o objetivo de fortalecer a atua\u00e7\u00e3o dos gestores municipais na formula\u00e7\u00e3o, implementa\u00e7\u00e3o e monitoramento de pol\u00edticas p\u00fablicas educacionais.<\/p>\n<p>Os stands que contam com apresenta\u00e7\u00f5es de t\u00e9cnicos da SEC s\u00e3o: Transporte Escolar; Sabe e Censo Escolar; Conv\u00eanio Estado x Munic\u00edpios; Plano Municipal; Compromisso Nacional Crian\u00e7a Alfabetizada (CNCA) e Bahia Alfabetizada; Forma\u00e7\u00e3o continuada &#8211; Instituto An\u00edsio Teixeira (IAT); e Pol\u00edticas para a juventude. Al\u00e9m disso, \u00e9 poss\u00edvel conferir o stand da Uni\u00e3o Nacional dos Dirigentes Municipais de Educa\u00e7\u00e3o (Undime).<\/p>\n<p>A secret\u00e1ria da Educa\u00e7\u00e3o do Estado, Rowenna Brito, participou da abertura do evento, na noite de quinta-feira , e ressaltou a import\u00e2ncia do fortalecimento do regime de colabora\u00e7\u00e3o do Estado com os munic\u00edpios. &#8220;O governo do Estado e a Undime est\u00e3o caminhando juntos no regime de colabora\u00e7\u00e3o para fortalecer cada vez mais os munic\u00edpios. A gente sabe da atribui\u00e7\u00e3o do munic\u00edpio e do Estado, mas se n\u00e3o caminharmos juntos, o resultado da educa\u00e7\u00e3o n\u00e3o vai ser o esperado. Ent\u00e3o aqui, s\u00e3o dois dias de uma imers\u00e3o para que os novos secret\u00e1rios e secret\u00e1rias e prefeitos e prefeitas saiam mais fortalecidos e reenergizados para a gente pactuar. Porque, n\u00e3o d\u00e1 para n\u00e3o pactuar sobre a educa\u00e7\u00e3o nesse novo per\u00edodo da gest\u00e3o deles&#8221;.<\/p>\n<p>Em atendimento no stand sobre o Bahia Alfabetizada, a professora Gilbene Esquivel, da coordena\u00e7\u00e3o de Ensino Fundamental da SEC, explicou que o objetivo da a\u00e7\u00e3o \u00e9 informar e orientar sobre os programas de alfabetiza\u00e7\u00e3o desenvolvidos em regime de colabora\u00e7\u00e3o com os munic\u00edpios, voltados \u00e0 alfabetiza\u00e7\u00e3o de crian\u00e7as, jovens, adultos e idosos. &#8220;Trata-se de uma iniciativa relevante tanto para os prefeitos que dar\u00e3o continuidade \u00e0s suas fun\u00e7\u00f5es de gest\u00e3o p\u00fablica quanto para aqueles que est\u00e3o iniciando seus mandatos&#8221;. J\u00e1 Alexandro Baptista, que atua na coordena\u00e7\u00e3o de Educa\u00e7\u00e3o de Jovens e Adultos (EJA) , completou que &#8220;esse movimento reafirma o compromisso com a alfabetiza\u00e7\u00e3o como um direito fundamental, indispens\u00e1vel para a promo\u00e7\u00e3o da cidadania e a constru\u00e7\u00e3o de uma sociedade mais justa e inclusiva&#8221;.<\/p>\n<p>A coordenadora das avalia\u00e7\u00f5es externas da Bahia, Ta\u00eds Nunes, falou da import\u00e2ncia de dialogar diretamente com os prefeitos e secret\u00e1rios municipais de Educa\u00e7\u00e3o sobre o Censo Escolar e o Sistema de Avalia\u00e7\u00e3o Baiano da Educa\u00e7\u00e3o (Sabe). &#8220;\u00c9 de fundamental import\u00e2ncia que os munic\u00edpios orientem e acompanhem os dirigentes escolares na declara\u00e7\u00e3o dos dados dos alunos no sistema do Censo Escolar de forma eficaz para a constru\u00e7\u00e3o de pol\u00edticas educacionais. Al\u00e9m disso, o Censo \u00e9 uma fonte de dados para as avalia\u00e7\u00f5es externas como Sabe, Sabe, CNCA e demais programas federais e estaduais&#8221;.<\/p>\n<p>Foto: Memo Soul\/Divulga\u00e7\u00e3o<\/p>\n","protected":false},"excerpt":{"rendered":"<p>O p\u00fablico presente no Encontro Bahia \u2013 Forma\u00e7\u00e3o para gestores municipais, iniciado nesta quinta-feira (12) e que segue at\u00e9 sexta (13), no Centro de Conven\u00e7\u00f5es de Salvador, pode se informar e tirar d\u00favidas sobre diferentes a\u00e7\u00f5es, projetos e programas desenvolvidos pela Secretaria da Educa\u00e7\u00e3o do Estado (SEC). A iniciativa tem o objetivo de fortalecer a [&hellip;]<\/p>\n","protected":false},"author":16,"featured_media":866555,"comment_status":"closed","ping_status":"closed","sticky":false,"template":"","format":"standard","meta":[],"categories":[5],"tags":[1567,1989,965],"acf":[],"yoast_head":"<!-- This site is optimized with the Yoast SEO plugin v20.8 - https:\/\/yoast.com\/wordpress\/plugins\/seo\/ -->\n<title>PROJETOS E PROGRAMAS DA SEC S\u00c3O APRESENTADOS A GESTORES MUNICIPAIS EM ENCONTRO PROMOVIDO PELO GOVERNO EM SALVADOR - Bahia Economica<\/title>\n<meta name=\"description\" content=\"O maior portal de Economia da Bahia MUNIC\u00cdPIOS Bahia Economica\" \/>\n<meta name=\"robots\" content=\"index, follow, max-snippet:-1, max-image-preview:large, max-video-preview:-1\" \/>\n<link rel=\"canonical\" href=\"https:\/\/bahiaeconomica.com.br\/wp\/2024\/12\/13\/projetos-e-programas-da-sec-sao-apresentados-a-gestores-municipais-em-encontro-promovido-pelo-governo-em-salvador\/\" \/>\n<meta property=\"og:locale\" content=\"pt_BR\" \/>\n<meta property=\"og:type\" content=\"article\" \/>\n<meta property=\"og:title\" content=\"PROJETOS E PROGRAMAS DA SEC S\u00c3O APRESENTADOS A GESTORES MUNICIPAIS EM ENCONTRO PROMOVIDO PELO GOVERNO EM SALVADOR - Bahia Economica\" \/>\n<meta property=\"og:description\" content=\"O maior portal de Economia da Bahia MUNIC\u00cdPIOS Bahia Economica\" \/>\n<meta property=\"og:url\" content=\"https:\/\/bahiaeconomica.com.br\/wp\/2024\/12\/13\/projetos-e-programas-da-sec-sao-apresentados-a-gestores-municipais-em-encontro-promovido-pelo-governo-em-salvador\/\" \/>\n<meta property=\"og:site_name\" content=\"Bahia Economica\" \/>\n<meta property=\"article:publisher\" content=\"https:\/\/www.facebook.com\/bahiaeconomica\" \/>\n<meta property=\"article:published_time\" content=\"2024-12-13T20:06:05+00:00\" \/>\n<meta property=\"og:image\" content=\"https:\/\/bahiaeconomica.com.br\/wp\/wp-content\/uploads\/2024\/12\/Projetos-e-programas-da-sec-2.jpeg\" \/>\n\t<meta property=\"og:image:width\" content=\"1040\" \/>\n\t<meta property=\"og:image:height\" content=\"694\" \/>\n\t<meta property=\"og:image:type\" content=\"image\/jpeg\" \/>\n<meta name=\"author\" content=\"LUIZA NASCIMENTO\" \/>\n<meta name=\"twitter:card\" content=\"summary_large_image\" \/>\n<meta name=\"twitter:label1\" content=\"Escrito por\" \/>\n\t<meta name=\"twitter:data1\" content=\"LUIZA NASCIMENTO\" \/>\n\t<meta name=\"twitter:label2\" content=\"Est. tempo de leitura\" \/>\n\t<meta name=\"twitter:data2\" content=\"3 minutos\" \/>\n<script type=\"application\/ld+json\" class=\"yoast-schema-graph\">{\"@context\":\"https:\/\/schema.org\",\"@graph\":[{\"@type\":\"Article\",\"@id\":\"https:\/\/bahiaeconomica.com.br\/wp\/2024\/12\/13\/projetos-e-programas-da-sec-sao-apresentados-a-gestores-municipais-em-encontro-promovido-pelo-governo-em-salvador\/#article\",\"isPartOf\":{\"@id\":\"https:\/\/bahiaeconomica.com.br\/wp\/2024\/12\/13\/projetos-e-programas-da-sec-sao-apresentados-a-gestores-municipais-em-encontro-promovido-pelo-governo-em-salvador\/\"},\"author\":{\"name\":\"LUIZA NASCIMENTO\",\"@id\":\"https:\/\/bahiaeconomica.com.br\/wp\/#\/schema\/person\/18273ac0fe04bfd4e7b101bf17d40152\"},\"headline\":\"PROJETOS E PROGRAMAS DA SEC S\u00c3O APRESENTADOS A GESTORES MUNICIPAIS EM ENCONTRO PROMOVIDO PELO GOVERNO EM SALVADOR\",\"datePublished\":\"2024-12-13T20:06:05+00:00\",\"dateModified\":\"2024-12-13T20:06:05+00:00\",\"mainEntityOfPage\":{\"@id\":\"https:\/\/bahiaeconomica.com.br\/wp\/2024\/12\/13\/projetos-e-programas-da-sec-sao-apresentados-a-gestores-municipais-em-encontro-promovido-pelo-governo-em-salvador\/\"},\"wordCount\":554,\"publisher\":{\"@id\":\"https:\/\/bahiaeconomica.com.br\/wp\/#organization\"},\"keywords\":[\"encontro\",\"programas\",\"projetos\"],\"articleSection\":[\"MUNIC\u00cdPIOS\"],\"inLanguage\":\"pt-BR\"},{\"@type\":\"WebPage\",\"@id\":\"https:\/\/bahiaeconomica.com.br\/wp\/2024\/12\/13\/projetos-e-programas-da-sec-sao-apresentados-a-gestores-municipais-em-encontro-promovido-pelo-governo-em-salvador\/\",\"url\":\"https:\/\/bahiaeconomica.com.br\/wp\/2024\/12\/13\/projetos-e-programas-da-sec-sao-apresentados-a-gestores-municipais-em-encontro-promovido-pelo-governo-em-salvador\/\",\"name\":\"PROJETOS E PROGRAMAS DA SEC S\u00c3O APRESENTADOS A GESTORES MUNICIPAIS EM ENCONTRO PROMOVIDO PELO GOVERNO EM SALVADOR - Bahia Economica\",\"isPartOf\":{\"@id\":\"https:\/\/bahiaeconomica.com.br\/wp\/#website\"},\"datePublished\":\"2024-12-13T20:06:05+00:00\",\"dateModified\":\"2024-12-13T20:06:05+00:00\",\"description\":\"O maior portal de Economia da Bahia MUNIC\u00cdPIOS Bahia Economica\",\"breadcrumb\":{\"@id\":\"https:\/\/bahiaeconomica.com.br\/wp\/2024\/12\/13\/projetos-e-programas-da-sec-sao-apresentados-a-gestores-municipais-em-encontro-promovido-pelo-governo-em-salvador\/#breadcrumb\"},\"inLanguage\":\"pt-BR\",\"potentialAction\":[{\"@type\":\"ReadAction\",\"target\":[\"https:\/\/bahiaeconomica.com.br\/wp\/2024\/12\/13\/projetos-e-programas-da-sec-sao-apresentados-a-gestores-municipais-em-encontro-promovido-pelo-governo-em-salvador\/\"]}]},{\"@type\":\"BreadcrumbList\",\"@id\":\"https:\/\/bahiaeconomica.com.br\/wp\/2024\/12\/13\/projetos-e-programas-da-sec-sao-apresentados-a-gestores-municipais-em-encontro-promovido-pelo-governo-em-salvador\/#breadcrumb\",\"itemListElement\":[{\"@type\":\"ListItem\",\"position\":1,\"name\":\"In\u00edcio\",\"item\":\"https:\/\/bahiaeconomica.com.br\/wp\/\"},{\"@type\":\"ListItem\",\"position\":2,\"name\":\"PROJETOS E PROGRAMAS DA SEC S\u00c3O APRESENTADOS A GESTORES MUNICIPAIS EM ENCONTRO PROMOVIDO PELO GOVERNO EM SALVADOR\"}]},{\"@type\":\"WebSite\",\"@id\":\"https:\/\/bahiaeconomica.com.br\/wp\/#website\",\"url\":\"https:\/\/bahiaeconomica.com.br\/wp\/\",\"name\":\"Bahia Economica\",\"description\":\"O maior portal de Economia da Bahia\",\"publisher\":{\"@id\":\"https:\/\/bahiaeconomica.com.br\/wp\/#organization\"},\"potentialAction\":[{\"@type\":\"SearchAction\",\"target\":{\"@type\":\"EntryPoint\",\"urlTemplate\":\"https:\/\/bahiaeconomica.com.br\/wp\/?s={search_term_string}\"},\"query-input\":\"required name=search_term_string\"}],\"inLanguage\":\"pt-BR\"},{\"@type\":\"Organization\",\"@id\":\"https:\/\/bahiaeconomica.com.br\/wp\/#organization\",\"name\":\"Bahia Econ\u00f4mica\",\"url\":\"https:\/\/bahiaeconomica.com.br\/wp\/\",\"logo\":{\"@type\":\"ImageObject\",\"inLanguage\":\"pt-BR\",\"@id\":\"https:\/\/bahiaeconomica.com.br\/wp\/#\/schema\/logo\/image\/\",\"url\":\"https:\/\/bahiaeconomica.com.br\/wp\/wp-content\/uploads\/2020\/12\/cropped-BE.png\",\"contentUrl\":\"https:\/\/bahiaeconomica.com.br\/wp\/wp-content\/uploads\/2020\/12\/cropped-BE.png\",\"width\":512,\"height\":512,\"caption\":\"Bahia Econ\u00f4mica\"},\"image\":{\"@id\":\"https:\/\/bahiaeconomica.com.br\/wp\/#\/schema\/logo\/image\/\"},\"sameAs\":[\"https:\/\/www.facebook.com\/bahiaeconomica\"]},{\"@type\":\"Person\",\"@id\":\"https:\/\/bahiaeconomica.com.br\/wp\/#\/schema\/person\/18273ac0fe04bfd4e7b101bf17d40152\",\"name\":\"LUIZA NASCIMENTO\",\"sameAs\":[\"http:\/\/www.bahiaeconomica.com.br\"],\"url\":\"https:\/\/bahiaeconomica.com.br\/wp\/author\/luiza-nascimento\/\"}]}<\/script>\n<!-- \/ Yoast SEO plugin. -->","yoast_head_json":{"title":"PROJETOS E PROGRAMAS DA SEC S\u00c3O APRESENTADOS A GESTORES MUNICIPAIS EM ENCONTRO PROMOVIDO PELO GOVERNO EM SALVADOR - Bahia Economica","description":"O maior portal de Economia da Bahia MUNIC\u00cdPIOS Bahia Economica","robots":{"index":"index","follow":"follow","max-snippet":"max-snippet:-1","max-image-preview":"max-image-preview:large","max-video-preview":"max-video-preview:-1"},"canonical":"https:\/\/bahiaeconomica.com.br\/wp\/2024\/12\/13\/projetos-e-programas-da-sec-sao-apresentados-a-gestores-municipais-em-encontro-promovido-pelo-governo-em-salvador\/","og_locale":"pt_BR","og_type":"article","og_title":"PROJETOS E PROGRAMAS DA SEC S\u00c3O APRESENTADOS A GESTORES MUNICIPAIS EM ENCONTRO PROMOVIDO PELO GOVERNO EM SALVADOR - Bahia Economica","og_description":"O maior portal de Economia da Bahia MUNIC\u00cdPIOS Bahia Economica","og_url":"https:\/\/bahiaeconomica.com.br\/wp\/2024\/12\/13\/projetos-e-programas-da-sec-sao-apresentados-a-gestores-municipais-em-encontro-promovido-pelo-governo-em-salvador\/","og_site_name":"Bahia Economica","article_publisher":"https:\/\/www.facebook.com\/bahiaeconomica","article_published_time":"2024-12-13T20:06:05+00:00","og_image":[{"width":1040,"height":694,"url":"https:\/\/bahiaeconomica.com.br\/wp\/wp-content\/uploads\/2024\/12\/Projetos-e-programas-da-sec-2.jpeg","type":"image\/jpeg"}],"author":"LUIZA NASCIMENTO","twitter_card":"summary_large_image","twitter_misc":{"Escrito por":"LUIZA NASCIMENTO","Est. tempo de leitura":"3 minutos"},"schema":{"@context":"https:\/\/schema.org","@graph":[{"@type":"Article","@id":"https:\/\/bahiaeconomica.com.br\/wp\/2024\/12\/13\/projetos-e-programas-da-sec-sao-apresentados-a-gestores-municipais-em-encontro-promovido-pelo-governo-em-salvador\/#article","isPartOf":{"@id":"https:\/\/bahiaeconomica.com.br\/wp\/2024\/12\/13\/projetos-e-programas-da-sec-sao-apresentados-a-gestores-municipais-em-encontro-promovido-pelo-governo-em-salvador\/"},"author":{"name":"LUIZA NASCIMENTO","@id":"https:\/\/bahiaeconomica.com.br\/wp\/#\/schema\/person\/18273ac0fe04bfd4e7b101bf17d40152"},"headline":"PROJETOS E PROGRAMAS DA SEC S\u00c3O APRESENTADOS A GESTORES MUNICIPAIS EM ENCONTRO PROMOVIDO PELO GOVERNO EM SALVADOR","datePublished":"2024-12-13T20:06:05+00:00","dateModified":"2024-12-13T20:06:05+00:00","mainEntityOfPage":{"@id":"https:\/\/bahiaeconomica.com.br\/wp\/2024\/12\/13\/projetos-e-programas-da-sec-sao-apresentados-a-gestores-municipais-em-encontro-promovido-pelo-governo-em-salvador\/"},"wordCount":554,"publisher":{"@id":"https:\/\/bahiaeconomica.com.br\/wp\/#organization"},"keywords":["encontro","programas","projetos"],"articleSection":["MUNIC\u00cdPIOS"],"inLanguage":"pt-BR"},{"@type":"WebPage","@id":"https:\/\/bahiaeconomica.com.br\/wp\/2024\/12\/13\/projetos-e-programas-da-sec-sao-apresentados-a-gestores-municipais-em-encontro-promovido-pelo-governo-em-salvador\/","url":"https:\/\/bahiaeconomica.com.br\/wp\/2024\/12\/13\/projetos-e-programas-da-sec-sao-apresentados-a-gestores-municipais-em-encontro-promovido-pelo-governo-em-salvador\/","name":"PROJETOS E PROGRAMAS DA SEC S\u00c3O APRESENTADOS A GESTORES MUNICIPAIS EM ENCONTRO PROMOVIDO PELO GOVERNO EM SALVADOR - Bahia Economica","isPartOf":{"@id":"https:\/\/bahiaeconomica.com.br\/wp\/#website"},"datePublished":"2024-12-13T20:06:05+00:00","dateModified":"2024-12-13T20:06:05+00:00","description":"O maior portal de Economia da Bahia MUNIC\u00cdPIOS Bahia Economica","breadcrumb":{"@id":"https:\/\/bahiaeconomica.com.br\/wp\/2024\/12\/13\/projetos-e-programas-da-sec-sao-apresentados-a-gestores-municipais-em-encontro-promovido-pelo-governo-em-salvador\/#breadcrumb"},"inLanguage":"pt-BR","potentialAction":[{"@type":"ReadAction","target":["https:\/\/bahiaeconomica.com.br\/wp\/2024\/12\/13\/projetos-e-programas-da-sec-sao-apresentados-a-gestores-municipais-em-encontro-promovido-pelo-governo-em-salvador\/"]}]},{"@type":"BreadcrumbList","@id":"https:\/\/bahiaeconomica.com.br\/wp\/2024\/12\/13\/projetos-e-programas-da-sec-sao-apresentados-a-gestores-municipais-em-encontro-promovido-pelo-governo-em-salvador\/#breadcrumb","itemListElement":[{"@type":"ListItem","position":1,"name":"In\u00edcio","item":"https:\/\/bahiaeconomica.com.br\/wp\/"},{"@type":"ListItem","position":2,"name":"PROJETOS E PROGRAMAS DA SEC S\u00c3O APRESENTADOS A GESTORES MUNICIPAIS EM ENCONTRO PROMOVIDO PELO GOVERNO EM SALVADOR"}]},{"@type":"WebSite","@id":"https:\/\/bahiaeconomica.com.br\/wp\/#website","url":"https:\/\/bahiaeconomica.com.br\/wp\/","name":"Bahia Economica","description":"O maior portal de Economia da Bahia","publisher":{"@id":"https:\/\/bahiaeconomica.com.br\/wp\/#organization"},"potentialAction":[{"@type":"SearchAction","target":{"@type":"EntryPoint","urlTemplate":"https:\/\/bahiaeconomica.com.br\/wp\/?s={search_term_string}"},"query-input":"required name=search_term_string"}],"inLanguage":"pt-BR"},{"@type":"Organization","@id":"https:\/\/bahiaeconomica.com.br\/wp\/#organization","name":"Bahia Econ\u00f4mica","url":"https:\/\/bahiaeconomica.com.br\/wp\/","logo":{"@type":"ImageObject","inLanguage":"pt-BR","@id":"https:\/\/bahiaeconomica.com.br\/wp\/#\/schema\/logo\/image\/","url":"https:\/\/bahiaeconomica.com.br\/wp\/wp-content\/uploads\/2020\/12\/cropped-BE.png","contentUrl":"https:\/\/bahiaeconomica.com.br\/wp\/wp-content\/uploads\/2020\/12\/cropped-BE.png","width":512,"height":512,"caption":"Bahia Econ\u00f4mica"},"image":{"@id":"https:\/\/bahiaeconomica.com.br\/wp\/#\/schema\/logo\/image\/"},"sameAs":["https:\/\/www.facebook.com\/bahiaeconomica"]},{"@type":"Person","@id":"https:\/\/bahiaeconomica.com.br\/wp\/#\/schema\/person\/18273ac0fe04bfd4e7b101bf17d40152","name":"LUIZA NASCIMENTO","sameAs":["http:\/\/www.bahiaeconomica.com.br"],"url":"https:\/\/bahiaeconomica.com.br\/wp\/author\/luiza-nascimento\/"}]}},"views":3,"_links":{"self":[{"href":"https:\/\/bahiaeconomica.com.br\/wp\/wp-json\/wp\/v2\/posts\/866549"}],"collection":[{"href":"https:\/\/bahiaeconomica.com.br\/wp\/wp-json\/wp\/v2\/posts"}],"about":[{"href":"https:\/\/bahiaeconomica.com.br\/wp\/wp-json\/wp\/v2\/types\/post"}],"author":[{"embeddable":true,"href":"https:\/\/bahiaeconomica.com.br\/wp\/wp-json\/wp\/v2\/users\/16"}],"replies":[{"embeddable":true,"href":"https:\/\/bahiaeconomica.com.br\/wp\/wp-json\/wp\/v2\/comments?post=866549"}],"version-history":[{"count":1,"href":"https:\/\/bahiaeconomica.com.br\/wp\/wp-json\/wp\/v2\/posts\/866549\/revisions"}],"predecessor-version":[{"id":866556,"href":"https:\/\/bahiaeconomica.com.br\/wp\/wp-json\/wp\/v2\/posts\/866549\/revisions\/866556"}],"wp:featuredmedia":[{"embeddable":true,"href":"https:\/\/bahiaeconomica.com.br\/wp\/wp-json\/wp\/v2\/media\/866555"}],"wp:attachment":[{"href":"https:\/\/bahiaeconomica.com.br\/wp\/wp-json\/wp\/v2\/media?parent=866549"}],"wp:term":[{"taxonomy":"category","embeddable":true,"href":"https:\/\/bahiaeconomica.com.br\/wp\/wp-json\/wp\/v2\/categories?post=866549"},{"taxonomy":"post_tag","embeddable":true,"href":"https:\/\/bahiaeconomica.com.br\/wp\/wp-json\/wp\/v2\/tags?post=866549"}],"curies":[{"name":"wp","href":"https:\/\/api.w.org\/{rel}","templated":true}]}}