{"id":866524,"date":"2024-12-13T16:01:22","date_gmt":"2024-12-13T19:01:22","guid":{"rendered":"https:\/\/bahiaeconomica.com.br\/wp\/?p=866524"},"modified":"2024-12-13T16:01:22","modified_gmt":"2024-12-13T19:01:22","slug":"projetos-cientificos-de-estudantes-da-rede-estadual-sao-destaques-na-1a-feira-nacional-de-iniciacao-cientifica","status":"publish","type":"post","link":"https:\/\/bahiaeconomica.com.br\/wp\/2024\/12\/13\/projetos-cientificos-de-estudantes-da-rede-estadual-sao-destaques-na-1a-feira-nacional-de-iniciacao-cientifica\/","title":{"rendered":"PROJETOS CIENT\u00cdFICOS DE ESTUDANTES DA REDE ESTADUAL S\u00c3O DESTAQUES NA 1\u00aa FEIRA NACIONAL DE INICIA\u00c7\u00c3O CIENT\u00cdFICA"},"content":{"rendered":"<p>Salvador sedia a 1\u00aa edi\u00e7\u00e3o da Feira Nacional de Inicia\u00e7\u00e3o Cient\u00edfica (Fenic), um evento de divulga\u00e7\u00e3o e difus\u00e3o cient\u00edfica, direcionado \u00e0 estudantes e professores da Educa\u00e7\u00e3o B\u00e1sica do 9\u00ba ano do Ensino Fundamental \u00e0 3\u00aa s\u00e9rie do Ensino M\u00e9dio e T\u00e9cnico. A atividade teve in\u00edcio na manh\u00e3 desta sexta-feira (13) e prossegue at\u00e9 s\u00e1bado (14), na Escola Djalma Pessoa, em Piat\u00e3, com entrada gratuita. Ao todo, 120 projetos de pesquisa selecionados entre os cerca de 400 desenvolvidos por estudantes de 13 estados do pa\u00eds, est\u00e3o em exposi\u00e7\u00e3o. Incluindo trabalhos desenvolvidos por estudantes da rede estadual de ensino da Bahia.<\/p>\n<p>A Feira integra o I Festival SESI de Ci\u00eancia, Tecnologia e Inova\u00e7\u00e3o e tem a proposta de estimular a produ\u00e7\u00e3o cient\u00edfica pr\u00e9-universit\u00e1ria por meio da exposi\u00e7\u00e3o de pesquisas inovadoras, empreendedoras e socialmente respons\u00e1veis, desenvolvidas por estudantes no Brasil. Ao visitarem os estandes da feira, os jovens imergem em um ambiente colaborativo e inovador, onde podem ver a ci\u00eancia n\u00e3o apenas como uma disciplina escolar, mas como uma ferramenta para resolver problemas do cotidiano. &#8220;Como \u00e9 importante encontrarmos um espa\u00e7o como este de viv\u00eancias para troca de experi\u00eancias. Para a rede estadual, \u00e9 uma oportunidade de fomentar a inova\u00e7\u00e3o, a ci\u00eancia, a pesquisa e a criatividade. No edital aberto pelo SESI, dos 120 projetos finalistas, 40 s\u00e3o dos estudantes da rede estadual. A escola p\u00fablica \u00e9 muito potente&#8221;, ressaltou a secret\u00e1ria da Educa\u00e7\u00e3o do Estado, Rowenna Brito.<\/p>\n<p>Rede estadual de ensino &#8211; O p\u00fablico presente, interessado em inova\u00e7\u00e3o e empreendedorismo, poder\u00e1 conferir de perto os trabalhos desenvolvidos pelos estudantes da rede estadual de ensino de 37 munic\u00edpios baianos, como o projeto de produ\u00e7\u00e3o do tepache de caj\u00e1, bebida fermentada, desenvolvido pelos estudantes Anaissara Carvalho, Karine Oliveira e Kauan Lima do Col\u00e9gio Estadual Professor Carlos Valadares do munic\u00edpio de Santa B\u00e1rbara.<\/p>\n<p>&#8220;Nosso objetivo \u00e9 mostrar que conseguimos produzir, em Santa B\u00e1rbara, uma bebida muito mais saud\u00e1vel que o refrigerante. Uma oportunidade de os estudantes sa\u00edrem da escola, a partir do Curso T\u00e9cnico de Alimentos, com possibilidade de empreender e trabalhar, al\u00e9m do enriquecimento pessoal. Eles participam de projetos de inicia\u00e7\u00e3o cient\u00edfica e saem da escola com uma vis\u00e3o muito mais madura do que \u00e9 realmente o mundo&#8221;, explicou a professora Hevelynn Martins.<\/p>\n<p>Outro destaque \u00e9 o projeto Persiana T\u00e9rmica, criado pelas estudantes Kamille Ribeiro, Leniele Gon\u00e7alves e Natiele Mariane, da 3\u00aa s\u00e9rie do Col\u00e9gio Estadual de Biritinga. Elas desenvolveram uma solu\u00e7\u00e3o sustent\u00e1vel e econ\u00f4mica para persianas utilizando alum\u00ednio de caixas de leite longa vida. &#8220;O projeto j\u00e1 est\u00e1 em fase de confec\u00e7\u00e3o para instala\u00e7\u00e3o na sala de aula&#8221;, ressaltaram as alunas.<\/p>\n<p>&nbsp;<\/p>\n<p>Fonte: Ascom\/SEC<\/p>\n<p>Fotos: Luiz Carrera<\/p>\n","protected":false},"excerpt":{"rendered":"<p>Salvador sedia a 1\u00aa edi\u00e7\u00e3o da Feira Nacional de Inicia\u00e7\u00e3o Cient\u00edfica (Fenic), um evento de divulga\u00e7\u00e3o e difus\u00e3o cient\u00edfica, direcionado \u00e0 estudantes e professores da Educa\u00e7\u00e3o B\u00e1sica do 9\u00ba ano do Ensino Fundamental \u00e0 3\u00aa s\u00e9rie do Ensino M\u00e9dio e T\u00e9cnico. A atividade teve in\u00edcio na manh\u00e3 desta sexta-feira (13) e prossegue at\u00e9 s\u00e1bado (14), [&hellip;]<\/p>\n","protected":false},"author":22,"featured_media":866533,"comment_status":"closed","ping_status":"closed","sticky":false,"template":"","format":"standard","meta":[],"categories":[21],"tags":[3118,420,965],"acf":[],"yoast_head":"<!-- This site is optimized with the Yoast SEO plugin v20.8 - https:\/\/yoast.com\/wordpress\/plugins\/seo\/ -->\n<title>PROJETOS CIENT\u00cdFICOS DE ESTUDANTES DA REDE ESTADUAL S\u00c3O DESTAQUES NA 1\u00aa FEIRA NACIONAL DE INICIA\u00c7\u00c3O CIENT\u00cdFICA - Bahia Economica<\/title>\n<meta name=\"description\" content=\"O maior portal de Economia da Bahia Sa\u00fade \/ Educa\u00e7\u00e3o Bahia Economica\" \/>\n<meta name=\"robots\" content=\"index, follow, max-snippet:-1, max-image-preview:large, max-video-preview:-1\" \/>\n<link rel=\"canonical\" href=\"https:\/\/bahiaeconomica.com.br\/wp\/2024\/12\/13\/projetos-cientificos-de-estudantes-da-rede-estadual-sao-destaques-na-1a-feira-nacional-de-iniciacao-cientifica\/\" \/>\n<meta property=\"og:locale\" content=\"pt_BR\" \/>\n<meta property=\"og:type\" content=\"article\" \/>\n<meta property=\"og:title\" content=\"PROJETOS CIENT\u00cdFICOS DE ESTUDANTES DA REDE ESTADUAL S\u00c3O DESTAQUES NA 1\u00aa FEIRA NACIONAL DE INICIA\u00c7\u00c3O CIENT\u00cdFICA - Bahia Economica\" \/>\n<meta property=\"og:description\" content=\"O maior portal de Economia da Bahia Sa\u00fade \/ Educa\u00e7\u00e3o Bahia Economica\" \/>\n<meta property=\"og:url\" content=\"https:\/\/bahiaeconomica.com.br\/wp\/2024\/12\/13\/projetos-cientificos-de-estudantes-da-rede-estadual-sao-destaques-na-1a-feira-nacional-de-iniciacao-cientifica\/\" \/>\n<meta property=\"og:site_name\" content=\"Bahia Economica\" \/>\n<meta property=\"article:publisher\" content=\"https:\/\/www.facebook.com\/bahiaeconomica\" \/>\n<meta property=\"article:published_time\" content=\"2024-12-13T19:01:22+00:00\" \/>\n<meta property=\"og:image\" content=\"https:\/\/bahiaeconomica.com.br\/wp\/wp-content\/uploads\/2024\/12\/Projeto-Sesi-3.jpeg\" \/>\n\t<meta property=\"og:image:width\" content=\"1600\" \/>\n\t<meta property=\"og:image:height\" content=\"1066\" \/>\n\t<meta property=\"og:image:type\" content=\"image\/jpeg\" \/>\n<meta name=\"author\" content=\"Matheus Souza\" \/>\n<meta name=\"twitter:card\" content=\"summary_large_image\" \/>\n<meta name=\"twitter:label1\" content=\"Escrito por\" \/>\n\t<meta name=\"twitter:data1\" content=\"Matheus Souza\" \/>\n\t<meta name=\"twitter:label2\" content=\"Est. tempo de leitura\" \/>\n\t<meta name=\"twitter:data2\" content=\"3 minutos\" \/>\n<script type=\"application\/ld+json\" class=\"yoast-schema-graph\">{\"@context\":\"https:\/\/schema.org\",\"@graph\":[{\"@type\":\"Article\",\"@id\":\"https:\/\/bahiaeconomica.com.br\/wp\/2024\/12\/13\/projetos-cientificos-de-estudantes-da-rede-estadual-sao-destaques-na-1a-feira-nacional-de-iniciacao-cientifica\/#article\",\"isPartOf\":{\"@id\":\"https:\/\/bahiaeconomica.com.br\/wp\/2024\/12\/13\/projetos-cientificos-de-estudantes-da-rede-estadual-sao-destaques-na-1a-feira-nacional-de-iniciacao-cientifica\/\"},\"author\":{\"name\":\"Matheus Souza\",\"@id\":\"https:\/\/bahiaeconomica.com.br\/wp\/#\/schema\/person\/3304d50cfd32353c7d08c39066638997\"},\"headline\":\"PROJETOS CIENT\u00cdFICOS DE ESTUDANTES DA REDE ESTADUAL S\u00c3O DESTAQUES NA 1\u00aa FEIRA NACIONAL DE INICIA\u00c7\u00c3O CIENT\u00cdFICA\",\"datePublished\":\"2024-12-13T19:01:22+00:00\",\"dateModified\":\"2024-12-13T19:01:22+00:00\",\"mainEntityOfPage\":{\"@id\":\"https:\/\/bahiaeconomica.com.br\/wp\/2024\/12\/13\/projetos-cientificos-de-estudantes-da-rede-estadual-sao-destaques-na-1a-feira-nacional-de-iniciacao-cientifica\/\"},\"wordCount\":494,\"publisher\":{\"@id\":\"https:\/\/bahiaeconomica.com.br\/wp\/#organization\"},\"keywords\":[\"ci\u00eancia\",\"estudantes\",\"projetos\"],\"articleSection\":[\"Sa\u00fade \/ Educa\u00e7\u00e3o\"],\"inLanguage\":\"pt-BR\"},{\"@type\":\"WebPage\",\"@id\":\"https:\/\/bahiaeconomica.com.br\/wp\/2024\/12\/13\/projetos-cientificos-de-estudantes-da-rede-estadual-sao-destaques-na-1a-feira-nacional-de-iniciacao-cientifica\/\",\"url\":\"https:\/\/bahiaeconomica.com.br\/wp\/2024\/12\/13\/projetos-cientificos-de-estudantes-da-rede-estadual-sao-destaques-na-1a-feira-nacional-de-iniciacao-cientifica\/\",\"name\":\"PROJETOS CIENT\u00cdFICOS DE ESTUDANTES DA REDE ESTADUAL S\u00c3O DESTAQUES NA 1\u00aa FEIRA NACIONAL DE INICIA\u00c7\u00c3O CIENT\u00cdFICA - Bahia Economica\",\"isPartOf\":{\"@id\":\"https:\/\/bahiaeconomica.com.br\/wp\/#website\"},\"datePublished\":\"2024-12-13T19:01:22+00:00\",\"dateModified\":\"2024-12-13T19:01:22+00:00\",\"description\":\"O maior portal de Economia da Bahia Sa\u00fade \/ Educa\u00e7\u00e3o Bahia Economica\",\"breadcrumb\":{\"@id\":\"https:\/\/bahiaeconomica.com.br\/wp\/2024\/12\/13\/projetos-cientificos-de-estudantes-da-rede-estadual-sao-destaques-na-1a-feira-nacional-de-iniciacao-cientifica\/#breadcrumb\"},\"inLanguage\":\"pt-BR\",\"potentialAction\":[{\"@type\":\"ReadAction\",\"target\":[\"https:\/\/bahiaeconomica.com.br\/wp\/2024\/12\/13\/projetos-cientificos-de-estudantes-da-rede-estadual-sao-destaques-na-1a-feira-nacional-de-iniciacao-cientifica\/\"]}]},{\"@type\":\"BreadcrumbList\",\"@id\":\"https:\/\/bahiaeconomica.com.br\/wp\/2024\/12\/13\/projetos-cientificos-de-estudantes-da-rede-estadual-sao-destaques-na-1a-feira-nacional-de-iniciacao-cientifica\/#breadcrumb\",\"itemListElement\":[{\"@type\":\"ListItem\",\"position\":1,\"name\":\"In\u00edcio\",\"item\":\"https:\/\/bahiaeconomica.com.br\/wp\/\"},{\"@type\":\"ListItem\",\"position\":2,\"name\":\"PROJETOS CIENT\u00cdFICOS DE ESTUDANTES DA REDE ESTADUAL S\u00c3O DESTAQUES NA 1\u00aa FEIRA NACIONAL DE INICIA\u00c7\u00c3O CIENT\u00cdFICA\"}]},{\"@type\":\"WebSite\",\"@id\":\"https:\/\/bahiaeconomica.com.br\/wp\/#website\",\"url\":\"https:\/\/bahiaeconomica.com.br\/wp\/\",\"name\":\"Bahia Economica\",\"description\":\"O maior portal de Economia da Bahia\",\"publisher\":{\"@id\":\"https:\/\/bahiaeconomica.com.br\/wp\/#organization\"},\"potentialAction\":[{\"@type\":\"SearchAction\",\"target\":{\"@type\":\"EntryPoint\",\"urlTemplate\":\"https:\/\/bahiaeconomica.com.br\/wp\/?s={search_term_string}\"},\"query-input\":\"required name=search_term_string\"}],\"inLanguage\":\"pt-BR\"},{\"@type\":\"Organization\",\"@id\":\"https:\/\/bahiaeconomica.com.br\/wp\/#organization\",\"name\":\"Bahia Econ\u00f4mica\",\"url\":\"https:\/\/bahiaeconomica.com.br\/wp\/\",\"logo\":{\"@type\":\"ImageObject\",\"inLanguage\":\"pt-BR\",\"@id\":\"https:\/\/bahiaeconomica.com.br\/wp\/#\/schema\/logo\/image\/\",\"url\":\"https:\/\/bahiaeconomica.com.br\/wp\/wp-content\/uploads\/2020\/12\/cropped-BE.png\",\"contentUrl\":\"https:\/\/bahiaeconomica.com.br\/wp\/wp-content\/uploads\/2020\/12\/cropped-BE.png\",\"width\":512,\"height\":512,\"caption\":\"Bahia Econ\u00f4mica\"},\"image\":{\"@id\":\"https:\/\/bahiaeconomica.com.br\/wp\/#\/schema\/logo\/image\/\"},\"sameAs\":[\"https:\/\/www.facebook.com\/bahiaeconomica\"]},{\"@type\":\"Person\",\"@id\":\"https:\/\/bahiaeconomica.com.br\/wp\/#\/schema\/person\/3304d50cfd32353c7d08c39066638997\",\"name\":\"Matheus Souza\",\"sameAs\":[\"http:\/\/www.bahiaeconomica.com.br\"],\"url\":\"https:\/\/bahiaeconomica.com.br\/wp\/author\/matheus-souza\/\"}]}<\/script>\n<!-- \/ Yoast SEO plugin. -->","yoast_head_json":{"title":"PROJETOS CIENT\u00cdFICOS DE ESTUDANTES DA REDE ESTADUAL S\u00c3O DESTAQUES NA 1\u00aa FEIRA NACIONAL DE INICIA\u00c7\u00c3O CIENT\u00cdFICA - Bahia Economica","description":"O maior portal de Economia da Bahia Sa\u00fade \/ Educa\u00e7\u00e3o Bahia Economica","robots":{"index":"index","follow":"follow","max-snippet":"max-snippet:-1","max-image-preview":"max-image-preview:large","max-video-preview":"max-video-preview:-1"},"canonical":"https:\/\/bahiaeconomica.com.br\/wp\/2024\/12\/13\/projetos-cientificos-de-estudantes-da-rede-estadual-sao-destaques-na-1a-feira-nacional-de-iniciacao-cientifica\/","og_locale":"pt_BR","og_type":"article","og_title":"PROJETOS CIENT\u00cdFICOS DE ESTUDANTES DA REDE ESTADUAL S\u00c3O DESTAQUES NA 1\u00aa FEIRA NACIONAL DE INICIA\u00c7\u00c3O CIENT\u00cdFICA - Bahia Economica","og_description":"O maior portal de Economia da Bahia Sa\u00fade \/ Educa\u00e7\u00e3o Bahia Economica","og_url":"https:\/\/bahiaeconomica.com.br\/wp\/2024\/12\/13\/projetos-cientificos-de-estudantes-da-rede-estadual-sao-destaques-na-1a-feira-nacional-de-iniciacao-cientifica\/","og_site_name":"Bahia Economica","article_publisher":"https:\/\/www.facebook.com\/bahiaeconomica","article_published_time":"2024-12-13T19:01:22+00:00","og_image":[{"width":1600,"height":1066,"url":"https:\/\/bahiaeconomica.com.br\/wp\/wp-content\/uploads\/2024\/12\/Projeto-Sesi-3.jpeg","type":"image\/jpeg"}],"author":"Matheus Souza","twitter_card":"summary_large_image","twitter_misc":{"Escrito por":"Matheus Souza","Est. tempo de leitura":"3 minutos"},"schema":{"@context":"https:\/\/schema.org","@graph":[{"@type":"Article","@id":"https:\/\/bahiaeconomica.com.br\/wp\/2024\/12\/13\/projetos-cientificos-de-estudantes-da-rede-estadual-sao-destaques-na-1a-feira-nacional-de-iniciacao-cientifica\/#article","isPartOf":{"@id":"https:\/\/bahiaeconomica.com.br\/wp\/2024\/12\/13\/projetos-cientificos-de-estudantes-da-rede-estadual-sao-destaques-na-1a-feira-nacional-de-iniciacao-cientifica\/"},"author":{"name":"Matheus Souza","@id":"https:\/\/bahiaeconomica.com.br\/wp\/#\/schema\/person\/3304d50cfd32353c7d08c39066638997"},"headline":"PROJETOS CIENT\u00cdFICOS DE ESTUDANTES DA REDE ESTADUAL S\u00c3O DESTAQUES NA 1\u00aa FEIRA NACIONAL DE INICIA\u00c7\u00c3O CIENT\u00cdFICA","datePublished":"2024-12-13T19:01:22+00:00","dateModified":"2024-12-13T19:01:22+00:00","mainEntityOfPage":{"@id":"https:\/\/bahiaeconomica.com.br\/wp\/2024\/12\/13\/projetos-cientificos-de-estudantes-da-rede-estadual-sao-destaques-na-1a-feira-nacional-de-iniciacao-cientifica\/"},"wordCount":494,"publisher":{"@id":"https:\/\/bahiaeconomica.com.br\/wp\/#organization"},"keywords":["ci\u00eancia","estudantes","projetos"],"articleSection":["Sa\u00fade \/ Educa\u00e7\u00e3o"],"inLanguage":"pt-BR"},{"@type":"WebPage","@id":"https:\/\/bahiaeconomica.com.br\/wp\/2024\/12\/13\/projetos-cientificos-de-estudantes-da-rede-estadual-sao-destaques-na-1a-feira-nacional-de-iniciacao-cientifica\/","url":"https:\/\/bahiaeconomica.com.br\/wp\/2024\/12\/13\/projetos-cientificos-de-estudantes-da-rede-estadual-sao-destaques-na-1a-feira-nacional-de-iniciacao-cientifica\/","name":"PROJETOS CIENT\u00cdFICOS DE ESTUDANTES DA REDE ESTADUAL S\u00c3O DESTAQUES NA 1\u00aa FEIRA NACIONAL DE INICIA\u00c7\u00c3O CIENT\u00cdFICA - Bahia Economica","isPartOf":{"@id":"https:\/\/bahiaeconomica.com.br\/wp\/#website"},"datePublished":"2024-12-13T19:01:22+00:00","dateModified":"2024-12-13T19:01:22+00:00","description":"O maior portal de Economia da Bahia Sa\u00fade \/ Educa\u00e7\u00e3o Bahia Economica","breadcrumb":{"@id":"https:\/\/bahiaeconomica.com.br\/wp\/2024\/12\/13\/projetos-cientificos-de-estudantes-da-rede-estadual-sao-destaques-na-1a-feira-nacional-de-iniciacao-cientifica\/#breadcrumb"},"inLanguage":"pt-BR","potentialAction":[{"@type":"ReadAction","target":["https:\/\/bahiaeconomica.com.br\/wp\/2024\/12\/13\/projetos-cientificos-de-estudantes-da-rede-estadual-sao-destaques-na-1a-feira-nacional-de-iniciacao-cientifica\/"]}]},{"@type":"BreadcrumbList","@id":"https:\/\/bahiaeconomica.com.br\/wp\/2024\/12\/13\/projetos-cientificos-de-estudantes-da-rede-estadual-sao-destaques-na-1a-feira-nacional-de-iniciacao-cientifica\/#breadcrumb","itemListElement":[{"@type":"ListItem","position":1,"name":"In\u00edcio","item":"https:\/\/bahiaeconomica.com.br\/wp\/"},{"@type":"ListItem","position":2,"name":"PROJETOS CIENT\u00cdFICOS DE ESTUDANTES DA REDE ESTADUAL S\u00c3O DESTAQUES NA 1\u00aa FEIRA NACIONAL DE INICIA\u00c7\u00c3O CIENT\u00cdFICA"}]},{"@type":"WebSite","@id":"https:\/\/bahiaeconomica.com.br\/wp\/#website","url":"https:\/\/bahiaeconomica.com.br\/wp\/","name":"Bahia Economica","description":"O maior portal de Economia da Bahia","publisher":{"@id":"https:\/\/bahiaeconomica.com.br\/wp\/#organization"},"potentialAction":[{"@type":"SearchAction","target":{"@type":"EntryPoint","urlTemplate":"https:\/\/bahiaeconomica.com.br\/wp\/?s={search_term_string}"},"query-input":"required name=search_term_string"}],"inLanguage":"pt-BR"},{"@type":"Organization","@id":"https:\/\/bahiaeconomica.com.br\/wp\/#organization","name":"Bahia Econ\u00f4mica","url":"https:\/\/bahiaeconomica.com.br\/wp\/","logo":{"@type":"ImageObject","inLanguage":"pt-BR","@id":"https:\/\/bahiaeconomica.com.br\/wp\/#\/schema\/logo\/image\/","url":"https:\/\/bahiaeconomica.com.br\/wp\/wp-content\/uploads\/2020\/12\/cropped-BE.png","contentUrl":"https:\/\/bahiaeconomica.com.br\/wp\/wp-content\/uploads\/2020\/12\/cropped-BE.png","width":512,"height":512,"caption":"Bahia Econ\u00f4mica"},"image":{"@id":"https:\/\/bahiaeconomica.com.br\/wp\/#\/schema\/logo\/image\/"},"sameAs":["https:\/\/www.facebook.com\/bahiaeconomica"]},{"@type":"Person","@id":"https:\/\/bahiaeconomica.com.br\/wp\/#\/schema\/person\/3304d50cfd32353c7d08c39066638997","name":"Matheus Souza","sameAs":["http:\/\/www.bahiaeconomica.com.br"],"url":"https:\/\/bahiaeconomica.com.br\/wp\/author\/matheus-souza\/"}]}},"views":2,"_links":{"self":[{"href":"https:\/\/bahiaeconomica.com.br\/wp\/wp-json\/wp\/v2\/posts\/866524"}],"collection":[{"href":"https:\/\/bahiaeconomica.com.br\/wp\/wp-json\/wp\/v2\/posts"}],"about":[{"href":"https:\/\/bahiaeconomica.com.br\/wp\/wp-json\/wp\/v2\/types\/post"}],"author":[{"embeddable":true,"href":"https:\/\/bahiaeconomica.com.br\/wp\/wp-json\/wp\/v2\/users\/22"}],"replies":[{"embeddable":true,"href":"https:\/\/bahiaeconomica.com.br\/wp\/wp-json\/wp\/v2\/comments?post=866524"}],"version-history":[{"count":1,"href":"https:\/\/bahiaeconomica.com.br\/wp\/wp-json\/wp\/v2\/posts\/866524\/revisions"}],"predecessor-version":[{"id":866535,"href":"https:\/\/bahiaeconomica.com.br\/wp\/wp-json\/wp\/v2\/posts\/866524\/revisions\/866535"}],"wp:featuredmedia":[{"embeddable":true,"href":"https:\/\/bahiaeconomica.com.br\/wp\/wp-json\/wp\/v2\/media\/866533"}],"wp:attachment":[{"href":"https:\/\/bahiaeconomica.com.br\/wp\/wp-json\/wp\/v2\/media?parent=866524"}],"wp:term":[{"taxonomy":"category","embeddable":true,"href":"https:\/\/bahiaeconomica.com.br\/wp\/wp-json\/wp\/v2\/categories?post=866524"},{"taxonomy":"post_tag","embeddable":true,"href":"https:\/\/bahiaeconomica.com.br\/wp\/wp-json\/wp\/v2\/tags?post=866524"}],"curies":[{"name":"wp","href":"https:\/\/api.w.org\/{rel}","templated":true}]}}