{"id":866388,"date":"2024-12-15T14:00:05","date_gmt":"2024-12-15T17:00:05","guid":{"rendered":"https:\/\/bahiaeconomica.com.br\/wp\/?p=866388"},"modified":"2024-12-14T22:51:02","modified_gmt":"2024-12-15T01:51:02","slug":"webinar-discute-tecnicas-de-reuso-em-estacoes-de-tratamento-de-agua","status":"publish","type":"post","link":"https:\/\/bahiaeconomica.com.br\/wp\/2024\/12\/15\/webinar-discute-tecnicas-de-reuso-em-estacoes-de-tratamento-de-agua\/","title":{"rendered":"WEBINAR DISCUTE T\u00c9CNICAS DE RE\u00daSO EM ESTA\u00c7\u00d5ES DE TRATAMENTO DE \u00c1GUA"},"content":{"rendered":"<p>A Empresa Baiana de \u00c1gua e Saneamento (Embasa) promove na pr\u00f3xima ter\u00e7a-feira (17) o 1\u00ba Webinar sobre Potencialidades de Usos Ben\u00e9ficos dos Res\u00edduos das Esta\u00e7\u00f5es de Tratamento de \u00c1gua (ETAs) da Embasa. O evento \u00e9 aberto para profissionais, especialistas e demais interessados no tema, ocorrer\u00e1 das 14h \u00e0s 17h e ter\u00e1 transmiss\u00e3o ao vivo pelo canal oficial da empresa no YouTube (@embasaoficial).<\/p>\n<p>O evento \u00e9 promovido em conjunto com o cons\u00f3rcio respons\u00e1vel pelo estudo em andamento que analisa as alternativas de reaproveitamento de res\u00edduos provenientes das 466 ETAs operadas pela Embasa na capital e interior do estado. A previs\u00e3o de conclus\u00e3o do estudo \u00e9 no final do primeiro semestre de 2025, a partir de quando ser\u00e1 iniciada a implementa\u00e7\u00e3o das melhores t\u00e9cnicas selecionadas.<\/p>\n<p>O webinar contar\u00e1 com a participa\u00e7\u00e3o de especialistas que discutir\u00e3o o panorama e as perspectivas dos usos ben\u00e9ficos de res\u00edduos gerados durante o processo de tratamento da \u00e1gua, tanto no Brasil quanto no exterior, subsidiando a avalia\u00e7\u00e3o das melhores alternativas, potencialmente aplic\u00e1veis, para o estado da Bahia. O objetivo \u00e9 promover a troca de contribui\u00e7\u00f5es e experi\u00eancias entre os diversos setores da empresa e tamb\u00e9m de profissionais e estudiosos interessados no tema.<\/p>\n<p>\u201cO re\u00faso de efluentes e res\u00edduos provenientes de nossos processos ganha uma import\u00e2ncia estrat\u00e9gica em nosso neg\u00f3cio, na medida em que a vertente ambiental \u00e9 um ativo cada vez mais valorizado institucionalmente pela Embasa. Sabendo da import\u00e2ncia do tema, compartilhamos esse conhecimento n\u00e3o apenas internamente com nosso corpo funcional, mas com todos os interessados\u201d, destaca Cl\u00e9cio Cruz, Diretor T\u00e9cnico e de Planejamento da Embasa.<\/p>\n<p>&nbsp;<\/p>\n<p>Servi\u00e7o<\/p>\n<p>O qu\u00ea? 1\u00ba Webinar sobre Potencialidades de Usos Ben\u00e9ficos dos Res\u00edduos das Esta\u00e7\u00f5es de Tratamento de \u00c1gua (ETAs) da Embasa<\/p>\n<p>Quando? 17 de dezembro, ter\u00e7a-feira, das 14h \u00e0s 17h<\/p>\n<p>Onde? Canal oficial da Embasa no YouTube (@embasaoficial)<\/p>\n<p>&nbsp;<\/p>\n<p>Foto: Esta\u00e7\u00e3o de tratamento de \u00e1gua, no munic\u00edpio de Concei\u00e7\u00e3o da FeiraBA. Foto Acervo Embasa<\/p>\n","protected":false},"excerpt":{"rendered":"<p>A Empresa Baiana de \u00c1gua e Saneamento (Embasa) promove na pr\u00f3xima ter\u00e7a-feira (17) o 1\u00ba Webinar sobre Potencialidades de Usos Ben\u00e9ficos dos Res\u00edduos das Esta\u00e7\u00f5es de Tratamento de \u00c1gua (ETAs) da Embasa. O evento \u00e9 aberto para profissionais, especialistas e demais interessados no tema, ocorrer\u00e1 das 14h \u00e0s 17h e ter\u00e1 transmiss\u00e3o ao vivo pelo [&hellip;]<\/p>\n","protected":false},"author":8,"featured_media":866389,"comment_status":"closed","ping_status":"closed","sticky":false,"template":"","format":"standard","meta":[],"categories":[5],"tags":[52,100,4804],"acf":[],"yoast_head":"<!-- This site is optimized with the Yoast SEO plugin v20.8 - https:\/\/yoast.com\/wordpress\/plugins\/seo\/ -->\n<title>WEBINAR DISCUTE T\u00c9CNICAS DE RE\u00daSO EM ESTA\u00c7\u00d5ES DE TRATAMENTO DE \u00c1GUA - Bahia Economica<\/title>\n<meta name=\"description\" content=\"O maior portal de Economia da Bahia MUNIC\u00cdPIOS Bahia Economica potencialmente aplic\u00e1veis, para o estado da Bahia. O objetivo\" \/>\n<meta name=\"robots\" content=\"index, follow, max-snippet:-1, max-image-preview:large, max-video-preview:-1\" \/>\n<link rel=\"canonical\" href=\"https:\/\/bahiaeconomica.com.br\/wp\/2024\/12\/15\/webinar-discute-tecnicas-de-reuso-em-estacoes-de-tratamento-de-agua\/\" \/>\n<meta property=\"og:locale\" content=\"pt_BR\" \/>\n<meta property=\"og:type\" content=\"article\" \/>\n<meta property=\"og:title\" content=\"WEBINAR DISCUTE T\u00c9CNICAS DE RE\u00daSO EM ESTA\u00c7\u00d5ES DE TRATAMENTO DE \u00c1GUA - Bahia Economica\" \/>\n<meta property=\"og:description\" content=\"O maior portal de Economia da Bahia MUNIC\u00cdPIOS Bahia Economica potencialmente aplic\u00e1veis, para o estado da Bahia. O objetivo\" \/>\n<meta property=\"og:url\" content=\"https:\/\/bahiaeconomica.com.br\/wp\/2024\/12\/15\/webinar-discute-tecnicas-de-reuso-em-estacoes-de-tratamento-de-agua\/\" \/>\n<meta property=\"og:site_name\" content=\"Bahia Economica\" \/>\n<meta property=\"article:publisher\" content=\"https:\/\/www.facebook.com\/bahiaeconomica\" \/>\n<meta property=\"article:published_time\" content=\"2024-12-15T17:00:05+00:00\" \/>\n<meta property=\"article:modified_time\" content=\"2024-12-15T01:51:02+00:00\" \/>\n<meta property=\"og:image\" content=\"https:\/\/bahiaeconomica.com.br\/wp\/wp-content\/uploads\/2024\/12\/WhatsApp-Image-2024-12-13-at-09.57.30.jpeg\" \/>\n\t<meta property=\"og:image:width\" content=\"800\" \/>\n\t<meta property=\"og:image:height\" content=\"600\" \/>\n\t<meta property=\"og:image:type\" content=\"image\/jpeg\" \/>\n<meta name=\"author\" content=\"JP\" \/>\n<meta name=\"twitter:card\" content=\"summary_large_image\" \/>\n<meta name=\"twitter:label1\" content=\"Escrito por\" \/>\n\t<meta name=\"twitter:data1\" content=\"JP\" \/>\n\t<meta name=\"twitter:label2\" content=\"Est. tempo de leitura\" \/>\n\t<meta name=\"twitter:data2\" content=\"2 minutos\" \/>\n<script type=\"application\/ld+json\" class=\"yoast-schema-graph\">{\"@context\":\"https:\/\/schema.org\",\"@graph\":[{\"@type\":\"Article\",\"@id\":\"https:\/\/bahiaeconomica.com.br\/wp\/2024\/12\/15\/webinar-discute-tecnicas-de-reuso-em-estacoes-de-tratamento-de-agua\/#article\",\"isPartOf\":{\"@id\":\"https:\/\/bahiaeconomica.com.br\/wp\/2024\/12\/15\/webinar-discute-tecnicas-de-reuso-em-estacoes-de-tratamento-de-agua\/\"},\"author\":{\"name\":\"JP\",\"@id\":\"https:\/\/bahiaeconomica.com.br\/wp\/#\/schema\/person\/c86d3a3f8960425a0f9d0e5245991f4e\"},\"headline\":\"WEBINAR DISCUTE T\u00c9CNICAS DE RE\u00daSO EM ESTA\u00c7\u00d5ES DE TRATAMENTO DE \u00c1GUA\",\"datePublished\":\"2024-12-15T17:00:05+00:00\",\"dateModified\":\"2024-12-15T01:51:02+00:00\",\"mainEntityOfPage\":{\"@id\":\"https:\/\/bahiaeconomica.com.br\/wp\/2024\/12\/15\/webinar-discute-tecnicas-de-reuso-em-estacoes-de-tratamento-de-agua\/\"},\"wordCount\":356,\"publisher\":{\"@id\":\"https:\/\/bahiaeconomica.com.br\/wp\/#organization\"},\"keywords\":[\"Brasil\",\"Pol\u00edtica\",\"Semin\u00e1rio\"],\"articleSection\":[\"MUNIC\u00cdPIOS\"],\"inLanguage\":\"pt-BR\"},{\"@type\":\"WebPage\",\"@id\":\"https:\/\/bahiaeconomica.com.br\/wp\/2024\/12\/15\/webinar-discute-tecnicas-de-reuso-em-estacoes-de-tratamento-de-agua\/\",\"url\":\"https:\/\/bahiaeconomica.com.br\/wp\/2024\/12\/15\/webinar-discute-tecnicas-de-reuso-em-estacoes-de-tratamento-de-agua\/\",\"name\":\"WEBINAR DISCUTE T\u00c9CNICAS DE RE\u00daSO EM ESTA\u00c7\u00d5ES DE TRATAMENTO DE \u00c1GUA - Bahia Economica\",\"isPartOf\":{\"@id\":\"https:\/\/bahiaeconomica.com.br\/wp\/#website\"},\"datePublished\":\"2024-12-15T17:00:05+00:00\",\"dateModified\":\"2024-12-15T01:51:02+00:00\",\"description\":\"O maior portal de Economia da Bahia MUNIC\u00cdPIOS Bahia Economica potencialmente aplic\u00e1veis, para o estado da Bahia. O objetivo\",\"breadcrumb\":{\"@id\":\"https:\/\/bahiaeconomica.com.br\/wp\/2024\/12\/15\/webinar-discute-tecnicas-de-reuso-em-estacoes-de-tratamento-de-agua\/#breadcrumb\"},\"inLanguage\":\"pt-BR\",\"potentialAction\":[{\"@type\":\"ReadAction\",\"target\":[\"https:\/\/bahiaeconomica.com.br\/wp\/2024\/12\/15\/webinar-discute-tecnicas-de-reuso-em-estacoes-de-tratamento-de-agua\/\"]}]},{\"@type\":\"BreadcrumbList\",\"@id\":\"https:\/\/bahiaeconomica.com.br\/wp\/2024\/12\/15\/webinar-discute-tecnicas-de-reuso-em-estacoes-de-tratamento-de-agua\/#breadcrumb\",\"itemListElement\":[{\"@type\":\"ListItem\",\"position\":1,\"name\":\"In\u00edcio\",\"item\":\"https:\/\/bahiaeconomica.com.br\/wp\/\"},{\"@type\":\"ListItem\",\"position\":2,\"name\":\"WEBINAR DISCUTE T\u00c9CNICAS DE RE\u00daSO EM ESTA\u00c7\u00d5ES DE TRATAMENTO DE \u00c1GUA\"}]},{\"@type\":\"WebSite\",\"@id\":\"https:\/\/bahiaeconomica.com.br\/wp\/#website\",\"url\":\"https:\/\/bahiaeconomica.com.br\/wp\/\",\"name\":\"Bahia Economica\",\"description\":\"O maior portal de Economia da Bahia\",\"publisher\":{\"@id\":\"https:\/\/bahiaeconomica.com.br\/wp\/#organization\"},\"potentialAction\":[{\"@type\":\"SearchAction\",\"target\":{\"@type\":\"EntryPoint\",\"urlTemplate\":\"https:\/\/bahiaeconomica.com.br\/wp\/?s={search_term_string}\"},\"query-input\":\"required name=search_term_string\"}],\"inLanguage\":\"pt-BR\"},{\"@type\":\"Organization\",\"@id\":\"https:\/\/bahiaeconomica.com.br\/wp\/#organization\",\"name\":\"Bahia Econ\u00f4mica\",\"url\":\"https:\/\/bahiaeconomica.com.br\/wp\/\",\"logo\":{\"@type\":\"ImageObject\",\"inLanguage\":\"pt-BR\",\"@id\":\"https:\/\/bahiaeconomica.com.br\/wp\/#\/schema\/logo\/image\/\",\"url\":\"https:\/\/bahiaeconomica.com.br\/wp\/wp-content\/uploads\/2020\/12\/cropped-BE.png\",\"contentUrl\":\"https:\/\/bahiaeconomica.com.br\/wp\/wp-content\/uploads\/2020\/12\/cropped-BE.png\",\"width\":512,\"height\":512,\"caption\":\"Bahia Econ\u00f4mica\"},\"image\":{\"@id\":\"https:\/\/bahiaeconomica.com.br\/wp\/#\/schema\/logo\/image\/\"},\"sameAs\":[\"https:\/\/www.facebook.com\/bahiaeconomica\"]},{\"@type\":\"Person\",\"@id\":\"https:\/\/bahiaeconomica.com.br\/wp\/#\/schema\/person\/c86d3a3f8960425a0f9d0e5245991f4e\",\"name\":\"JP\",\"sameAs\":[\"https:\/\/bahiaeconomica.com.br\/wp\/beta\/\"],\"url\":\"https:\/\/bahiaeconomica.com.br\/wp\/author\/jp\/\"}]}<\/script>\n<!-- \/ Yoast SEO plugin. -->","yoast_head_json":{"title":"WEBINAR DISCUTE T\u00c9CNICAS DE RE\u00daSO EM ESTA\u00c7\u00d5ES DE TRATAMENTO DE \u00c1GUA - Bahia Economica","description":"O maior portal de Economia da Bahia MUNIC\u00cdPIOS Bahia Economica potencialmente aplic\u00e1veis, para o estado da Bahia. O objetivo","robots":{"index":"index","follow":"follow","max-snippet":"max-snippet:-1","max-image-preview":"max-image-preview:large","max-video-preview":"max-video-preview:-1"},"canonical":"https:\/\/bahiaeconomica.com.br\/wp\/2024\/12\/15\/webinar-discute-tecnicas-de-reuso-em-estacoes-de-tratamento-de-agua\/","og_locale":"pt_BR","og_type":"article","og_title":"WEBINAR DISCUTE T\u00c9CNICAS DE RE\u00daSO EM ESTA\u00c7\u00d5ES DE TRATAMENTO DE \u00c1GUA - Bahia Economica","og_description":"O maior portal de Economia da Bahia MUNIC\u00cdPIOS Bahia Economica potencialmente aplic\u00e1veis, para o estado da Bahia. O objetivo","og_url":"https:\/\/bahiaeconomica.com.br\/wp\/2024\/12\/15\/webinar-discute-tecnicas-de-reuso-em-estacoes-de-tratamento-de-agua\/","og_site_name":"Bahia Economica","article_publisher":"https:\/\/www.facebook.com\/bahiaeconomica","article_published_time":"2024-12-15T17:00:05+00:00","article_modified_time":"2024-12-15T01:51:02+00:00","og_image":[{"width":800,"height":600,"url":"https:\/\/bahiaeconomica.com.br\/wp\/wp-content\/uploads\/2024\/12\/WhatsApp-Image-2024-12-13-at-09.57.30.jpeg","type":"image\/jpeg"}],"author":"JP","twitter_card":"summary_large_image","twitter_misc":{"Escrito por":"JP","Est. tempo de leitura":"2 minutos"},"schema":{"@context":"https:\/\/schema.org","@graph":[{"@type":"Article","@id":"https:\/\/bahiaeconomica.com.br\/wp\/2024\/12\/15\/webinar-discute-tecnicas-de-reuso-em-estacoes-de-tratamento-de-agua\/#article","isPartOf":{"@id":"https:\/\/bahiaeconomica.com.br\/wp\/2024\/12\/15\/webinar-discute-tecnicas-de-reuso-em-estacoes-de-tratamento-de-agua\/"},"author":{"name":"JP","@id":"https:\/\/bahiaeconomica.com.br\/wp\/#\/schema\/person\/c86d3a3f8960425a0f9d0e5245991f4e"},"headline":"WEBINAR DISCUTE T\u00c9CNICAS DE RE\u00daSO EM ESTA\u00c7\u00d5ES DE TRATAMENTO DE \u00c1GUA","datePublished":"2024-12-15T17:00:05+00:00","dateModified":"2024-12-15T01:51:02+00:00","mainEntityOfPage":{"@id":"https:\/\/bahiaeconomica.com.br\/wp\/2024\/12\/15\/webinar-discute-tecnicas-de-reuso-em-estacoes-de-tratamento-de-agua\/"},"wordCount":356,"publisher":{"@id":"https:\/\/bahiaeconomica.com.br\/wp\/#organization"},"keywords":["Brasil","Pol\u00edtica","Semin\u00e1rio"],"articleSection":["MUNIC\u00cdPIOS"],"inLanguage":"pt-BR"},{"@type":"WebPage","@id":"https:\/\/bahiaeconomica.com.br\/wp\/2024\/12\/15\/webinar-discute-tecnicas-de-reuso-em-estacoes-de-tratamento-de-agua\/","url":"https:\/\/bahiaeconomica.com.br\/wp\/2024\/12\/15\/webinar-discute-tecnicas-de-reuso-em-estacoes-de-tratamento-de-agua\/","name":"WEBINAR DISCUTE T\u00c9CNICAS DE RE\u00daSO EM ESTA\u00c7\u00d5ES DE TRATAMENTO DE \u00c1GUA - Bahia Economica","isPartOf":{"@id":"https:\/\/bahiaeconomica.com.br\/wp\/#website"},"datePublished":"2024-12-15T17:00:05+00:00","dateModified":"2024-12-15T01:51:02+00:00","description":"O maior portal de Economia da Bahia MUNIC\u00cdPIOS Bahia Economica potencialmente aplic\u00e1veis, para o estado da Bahia. O objetivo","breadcrumb":{"@id":"https:\/\/bahiaeconomica.com.br\/wp\/2024\/12\/15\/webinar-discute-tecnicas-de-reuso-em-estacoes-de-tratamento-de-agua\/#breadcrumb"},"inLanguage":"pt-BR","potentialAction":[{"@type":"ReadAction","target":["https:\/\/bahiaeconomica.com.br\/wp\/2024\/12\/15\/webinar-discute-tecnicas-de-reuso-em-estacoes-de-tratamento-de-agua\/"]}]},{"@type":"BreadcrumbList","@id":"https:\/\/bahiaeconomica.com.br\/wp\/2024\/12\/15\/webinar-discute-tecnicas-de-reuso-em-estacoes-de-tratamento-de-agua\/#breadcrumb","itemListElement":[{"@type":"ListItem","position":1,"name":"In\u00edcio","item":"https:\/\/bahiaeconomica.com.br\/wp\/"},{"@type":"ListItem","position":2,"name":"WEBINAR DISCUTE T\u00c9CNICAS DE RE\u00daSO EM ESTA\u00c7\u00d5ES DE TRATAMENTO DE \u00c1GUA"}]},{"@type":"WebSite","@id":"https:\/\/bahiaeconomica.com.br\/wp\/#website","url":"https:\/\/bahiaeconomica.com.br\/wp\/","name":"Bahia Economica","description":"O maior portal de Economia da Bahia","publisher":{"@id":"https:\/\/bahiaeconomica.com.br\/wp\/#organization"},"potentialAction":[{"@type":"SearchAction","target":{"@type":"EntryPoint","urlTemplate":"https:\/\/bahiaeconomica.com.br\/wp\/?s={search_term_string}"},"query-input":"required name=search_term_string"}],"inLanguage":"pt-BR"},{"@type":"Organization","@id":"https:\/\/bahiaeconomica.com.br\/wp\/#organization","name":"Bahia Econ\u00f4mica","url":"https:\/\/bahiaeconomica.com.br\/wp\/","logo":{"@type":"ImageObject","inLanguage":"pt-BR","@id":"https:\/\/bahiaeconomica.com.br\/wp\/#\/schema\/logo\/image\/","url":"https:\/\/bahiaeconomica.com.br\/wp\/wp-content\/uploads\/2020\/12\/cropped-BE.png","contentUrl":"https:\/\/bahiaeconomica.com.br\/wp\/wp-content\/uploads\/2020\/12\/cropped-BE.png","width":512,"height":512,"caption":"Bahia Econ\u00f4mica"},"image":{"@id":"https:\/\/bahiaeconomica.com.br\/wp\/#\/schema\/logo\/image\/"},"sameAs":["https:\/\/www.facebook.com\/bahiaeconomica"]},{"@type":"Person","@id":"https:\/\/bahiaeconomica.com.br\/wp\/#\/schema\/person\/c86d3a3f8960425a0f9d0e5245991f4e","name":"JP","sameAs":["https:\/\/bahiaeconomica.com.br\/wp\/beta\/"],"url":"https:\/\/bahiaeconomica.com.br\/wp\/author\/jp\/"}]}},"views":28,"_links":{"self":[{"href":"https:\/\/bahiaeconomica.com.br\/wp\/wp-json\/wp\/v2\/posts\/866388"}],"collection":[{"href":"https:\/\/bahiaeconomica.com.br\/wp\/wp-json\/wp\/v2\/posts"}],"about":[{"href":"https:\/\/bahiaeconomica.com.br\/wp\/wp-json\/wp\/v2\/types\/post"}],"author":[{"embeddable":true,"href":"https:\/\/bahiaeconomica.com.br\/wp\/wp-json\/wp\/v2\/users\/8"}],"replies":[{"embeddable":true,"href":"https:\/\/bahiaeconomica.com.br\/wp\/wp-json\/wp\/v2\/comments?post=866388"}],"version-history":[{"count":1,"href":"https:\/\/bahiaeconomica.com.br\/wp\/wp-json\/wp\/v2\/posts\/866388\/revisions"}],"predecessor-version":[{"id":866390,"href":"https:\/\/bahiaeconomica.com.br\/wp\/wp-json\/wp\/v2\/posts\/866388\/revisions\/866390"}],"wp:featuredmedia":[{"embeddable":true,"href":"https:\/\/bahiaeconomica.com.br\/wp\/wp-json\/wp\/v2\/media\/866389"}],"wp:attachment":[{"href":"https:\/\/bahiaeconomica.com.br\/wp\/wp-json\/wp\/v2\/media?parent=866388"}],"wp:term":[{"taxonomy":"category","embeddable":true,"href":"https:\/\/bahiaeconomica.com.br\/wp\/wp-json\/wp\/v2\/categories?post=866388"},{"taxonomy":"post_tag","embeddable":true,"href":"https:\/\/bahiaeconomica.com.br\/wp\/wp-json\/wp\/v2\/tags?post=866388"}],"curies":[{"name":"wp","href":"https:\/\/api.w.org\/{rel}","templated":true}]}}