{"id":865654,"date":"2024-12-11T14:20:49","date_gmt":"2024-12-11T17:20:49","guid":{"rendered":"https:\/\/bahiaeconomica.com.br\/wp\/?p=865654"},"modified":"2024-12-11T12:48:08","modified_gmt":"2024-12-11T15:48:08","slug":"embasa-convoca-mais-27-candidatos-aprovados-em-concurso","status":"publish","type":"post","link":"https:\/\/bahiaeconomica.com.br\/wp\/2024\/12\/11\/embasa-convoca-mais-27-candidatos-aprovados-em-concurso\/","title":{"rendered":"EMBASA CONVOCA MAIS 27 CANDIDATOS APROVADOS EM CONCURSO"},"content":{"rendered":"<p>A Embasa divulgou, no Di\u00e1rio Oficial do Estado do s\u00e1bado (7), lista com a convoca\u00e7\u00e3o de mais 27 candidatos aprovados no \u00faltimo concurso p\u00fablico da empresa. O 16 \u00ba edital de convoca\u00e7\u00e3o contempla o preenchimento de vagas em munic\u00edpios como Salvador, Vit\u00f3ria da Conquista, Teixeira de Freitas, Lu\u00eds Eduardo Magalh\u00e3es, Floresta Azul, Paulo Afonso, Irec\u00ea, entre outros. Na oportunidade, tamb\u00e9m foi publicado edital de desclassifica\u00e7\u00e3o.<\/p>\n<p>Os convocados devem comparecer no dia 16 de dezembro (segunda-feira), \u00e0s 8h30, \u00e0 unidade da Embasa no Rio Vermelho, na Av. Juracy Magalh\u00e3es Jr., s\/n, Lucaia, para apresenta\u00e7\u00e3o de documentos. Caso o candidato n\u00e3o compare\u00e7a ao local, data e hor\u00e1rio especificados estar\u00e1 eliminado do Concurso P\u00fablico.<\/p>\n<p>Em outubro, a empresa ampliou o n\u00famero de vagas para diversas \u00e1reas de atua\u00e7\u00e3o na empresa. Foram adicionadas 130 novas vagas, sendo 55 para cargos de n\u00edvel m\u00e9dio, 28 para n\u00edvel t\u00e9cnico e 47 para n\u00edvel superior. A lista dos convocados pode ser acessada no site da Embasa, no endere\u00e7o www.embasa.ba.gov.br e clicar em Embasa &gt; Pessoas &gt; Concurso P\u00fablico &gt; Concurso 2022.<\/p>\n","protected":false},"excerpt":{"rendered":"<p>A Embasa divulgou, no Di\u00e1rio Oficial do Estado do s\u00e1bado (7), lista com a convoca\u00e7\u00e3o de mais 27 candidatos aprovados no \u00faltimo concurso p\u00fablico da empresa. O 16 \u00ba edital de convoca\u00e7\u00e3o contempla o preenchimento de vagas em munic\u00edpios como Salvador, Vit\u00f3ria da Conquista, Teixeira de Freitas, Lu\u00eds Eduardo Magalh\u00e3es, Floresta Azul, Paulo Afonso, Irec\u00ea, [&hellip;]<\/p>\n","protected":false},"author":8,"featured_media":865655,"comment_status":"closed","ping_status":"closed","sticky":false,"template":"","format":"standard","meta":[],"categories":[8],"tags":[2696,1176,100],"acf":[],"yoast_head":"<!-- This site is optimized with the Yoast SEO plugin v20.8 - https:\/\/yoast.com\/wordpress\/plugins\/seo\/ -->\n<title>EMBASA CONVOCA MAIS 27 CANDIDATOS APROVADOS EM CONCURSO - Bahia Economica<\/title>\n<meta name=\"description\" content=\"O maior portal de Economia da Bahia EMPREGOS \/ CONCURSOS Bahia Economica embasa, banco, nordeste, brasil\" \/>\n<meta name=\"robots\" content=\"index, follow, max-snippet:-1, max-image-preview:large, max-video-preview:-1\" \/>\n<link rel=\"canonical\" href=\"https:\/\/bahiaeconomica.com.br\/wp\/2024\/12\/11\/embasa-convoca-mais-27-candidatos-aprovados-em-concurso\/\" \/>\n<meta property=\"og:locale\" content=\"pt_BR\" \/>\n<meta property=\"og:type\" content=\"article\" \/>\n<meta property=\"og:title\" content=\"EMBASA CONVOCA MAIS 27 CANDIDATOS APROVADOS EM CONCURSO - Bahia Economica\" \/>\n<meta property=\"og:description\" content=\"O maior portal de Economia da Bahia EMPREGOS \/ CONCURSOS Bahia Economica embasa, banco, nordeste, brasil\" \/>\n<meta property=\"og:url\" content=\"https:\/\/bahiaeconomica.com.br\/wp\/2024\/12\/11\/embasa-convoca-mais-27-candidatos-aprovados-em-concurso\/\" \/>\n<meta property=\"og:site_name\" content=\"Bahia Economica\" \/>\n<meta property=\"article:publisher\" content=\"https:\/\/www.facebook.com\/bahiaeconomica\" \/>\n<meta property=\"article:published_time\" content=\"2024-12-11T17:20:49+00:00\" \/>\n<meta property=\"article:modified_time\" content=\"2024-12-11T15:48:08+00:00\" \/>\n<meta property=\"og:image\" content=\"https:\/\/bahiaeconomica.com.br\/wp\/wp-content\/uploads\/2024\/12\/WhatsApp-Image-2024-12-10-at-15.09.30.jpeg\" \/>\n\t<meta property=\"og:image:width\" content=\"600\" \/>\n\t<meta property=\"og:image:height\" content=\"400\" \/>\n\t<meta property=\"og:image:type\" content=\"image\/jpeg\" \/>\n<meta name=\"author\" content=\"JP\" \/>\n<meta name=\"twitter:card\" content=\"summary_large_image\" \/>\n<meta name=\"twitter:label1\" content=\"Escrito por\" \/>\n\t<meta name=\"twitter:data1\" content=\"JP\" \/>\n\t<meta name=\"twitter:label2\" content=\"Est. tempo de leitura\" \/>\n\t<meta name=\"twitter:data2\" content=\"1 minuto\" \/>\n<script type=\"application\/ld+json\" class=\"yoast-schema-graph\">{\"@context\":\"https:\/\/schema.org\",\"@graph\":[{\"@type\":\"Article\",\"@id\":\"https:\/\/bahiaeconomica.com.br\/wp\/2024\/12\/11\/embasa-convoca-mais-27-candidatos-aprovados-em-concurso\/#article\",\"isPartOf\":{\"@id\":\"https:\/\/bahiaeconomica.com.br\/wp\/2024\/12\/11\/embasa-convoca-mais-27-candidatos-aprovados-em-concurso\/\"},\"author\":{\"name\":\"JP\",\"@id\":\"https:\/\/bahiaeconomica.com.br\/wp\/#\/schema\/person\/c86d3a3f8960425a0f9d0e5245991f4e\"},\"headline\":\"EMBASA CONVOCA MAIS 27 CANDIDATOS APROVADOS EM CONCURSO\",\"datePublished\":\"2024-12-11T17:20:49+00:00\",\"dateModified\":\"2024-12-11T15:48:08+00:00\",\"mainEntityOfPage\":{\"@id\":\"https:\/\/bahiaeconomica.com.br\/wp\/2024\/12\/11\/embasa-convoca-mais-27-candidatos-aprovados-em-concurso\/\"},\"wordCount\":201,\"publisher\":{\"@id\":\"https:\/\/bahiaeconomica.com.br\/wp\/#organization\"},\"keywords\":[\"embasa\",\"mudan\u00e7a\",\"Pol\u00edtica\"],\"articleSection\":[\"EMPREGOS \/ CONCURSOS\"],\"inLanguage\":\"pt-BR\"},{\"@type\":\"WebPage\",\"@id\":\"https:\/\/bahiaeconomica.com.br\/wp\/2024\/12\/11\/embasa-convoca-mais-27-candidatos-aprovados-em-concurso\/\",\"url\":\"https:\/\/bahiaeconomica.com.br\/wp\/2024\/12\/11\/embasa-convoca-mais-27-candidatos-aprovados-em-concurso\/\",\"name\":\"EMBASA CONVOCA MAIS 27 CANDIDATOS APROVADOS EM CONCURSO - Bahia Economica\",\"isPartOf\":{\"@id\":\"https:\/\/bahiaeconomica.com.br\/wp\/#website\"},\"datePublished\":\"2024-12-11T17:20:49+00:00\",\"dateModified\":\"2024-12-11T15:48:08+00:00\",\"description\":\"O maior portal de Economia da Bahia EMPREGOS \/ CONCURSOS Bahia Economica embasa, banco, nordeste, brasil\",\"breadcrumb\":{\"@id\":\"https:\/\/bahiaeconomica.com.br\/wp\/2024\/12\/11\/embasa-convoca-mais-27-candidatos-aprovados-em-concurso\/#breadcrumb\"},\"inLanguage\":\"pt-BR\",\"potentialAction\":[{\"@type\":\"ReadAction\",\"target\":[\"https:\/\/bahiaeconomica.com.br\/wp\/2024\/12\/11\/embasa-convoca-mais-27-candidatos-aprovados-em-concurso\/\"]}]},{\"@type\":\"BreadcrumbList\",\"@id\":\"https:\/\/bahiaeconomica.com.br\/wp\/2024\/12\/11\/embasa-convoca-mais-27-candidatos-aprovados-em-concurso\/#breadcrumb\",\"itemListElement\":[{\"@type\":\"ListItem\",\"position\":1,\"name\":\"In\u00edcio\",\"item\":\"https:\/\/bahiaeconomica.com.br\/wp\/\"},{\"@type\":\"ListItem\",\"position\":2,\"name\":\"EMBASA CONVOCA MAIS 27 CANDIDATOS APROVADOS EM CONCURSO\"}]},{\"@type\":\"WebSite\",\"@id\":\"https:\/\/bahiaeconomica.com.br\/wp\/#website\",\"url\":\"https:\/\/bahiaeconomica.com.br\/wp\/\",\"name\":\"Bahia Economica\",\"description\":\"O maior portal de Economia da Bahia\",\"publisher\":{\"@id\":\"https:\/\/bahiaeconomica.com.br\/wp\/#organization\"},\"potentialAction\":[{\"@type\":\"SearchAction\",\"target\":{\"@type\":\"EntryPoint\",\"urlTemplate\":\"https:\/\/bahiaeconomica.com.br\/wp\/?s={search_term_string}\"},\"query-input\":\"required name=search_term_string\"}],\"inLanguage\":\"pt-BR\"},{\"@type\":\"Organization\",\"@id\":\"https:\/\/bahiaeconomica.com.br\/wp\/#organization\",\"name\":\"Bahia Econ\u00f4mica\",\"url\":\"https:\/\/bahiaeconomica.com.br\/wp\/\",\"logo\":{\"@type\":\"ImageObject\",\"inLanguage\":\"pt-BR\",\"@id\":\"https:\/\/bahiaeconomica.com.br\/wp\/#\/schema\/logo\/image\/\",\"url\":\"https:\/\/bahiaeconomica.com.br\/wp\/wp-content\/uploads\/2020\/12\/cropped-BE.png\",\"contentUrl\":\"https:\/\/bahiaeconomica.com.br\/wp\/wp-content\/uploads\/2020\/12\/cropped-BE.png\",\"width\":512,\"height\":512,\"caption\":\"Bahia Econ\u00f4mica\"},\"image\":{\"@id\":\"https:\/\/bahiaeconomica.com.br\/wp\/#\/schema\/logo\/image\/\"},\"sameAs\":[\"https:\/\/www.facebook.com\/bahiaeconomica\"]},{\"@type\":\"Person\",\"@id\":\"https:\/\/bahiaeconomica.com.br\/wp\/#\/schema\/person\/c86d3a3f8960425a0f9d0e5245991f4e\",\"name\":\"JP\",\"sameAs\":[\"https:\/\/bahiaeconomica.com.br\/wp\/beta\/\"],\"url\":\"https:\/\/bahiaeconomica.com.br\/wp\/author\/jp\/\"}]}<\/script>\n<!-- \/ Yoast SEO plugin. -->","yoast_head_json":{"title":"EMBASA CONVOCA MAIS 27 CANDIDATOS APROVADOS EM CONCURSO - Bahia Economica","description":"O maior portal de Economia da Bahia EMPREGOS \/ CONCURSOS Bahia Economica embasa, banco, nordeste, brasil","robots":{"index":"index","follow":"follow","max-snippet":"max-snippet:-1","max-image-preview":"max-image-preview:large","max-video-preview":"max-video-preview:-1"},"canonical":"https:\/\/bahiaeconomica.com.br\/wp\/2024\/12\/11\/embasa-convoca-mais-27-candidatos-aprovados-em-concurso\/","og_locale":"pt_BR","og_type":"article","og_title":"EMBASA CONVOCA MAIS 27 CANDIDATOS APROVADOS EM CONCURSO - Bahia Economica","og_description":"O maior portal de Economia da Bahia EMPREGOS \/ CONCURSOS Bahia Economica embasa, banco, nordeste, brasil","og_url":"https:\/\/bahiaeconomica.com.br\/wp\/2024\/12\/11\/embasa-convoca-mais-27-candidatos-aprovados-em-concurso\/","og_site_name":"Bahia Economica","article_publisher":"https:\/\/www.facebook.com\/bahiaeconomica","article_published_time":"2024-12-11T17:20:49+00:00","article_modified_time":"2024-12-11T15:48:08+00:00","og_image":[{"width":600,"height":400,"url":"https:\/\/bahiaeconomica.com.br\/wp\/wp-content\/uploads\/2024\/12\/WhatsApp-Image-2024-12-10-at-15.09.30.jpeg","type":"image\/jpeg"}],"author":"JP","twitter_card":"summary_large_image","twitter_misc":{"Escrito por":"JP","Est. tempo de leitura":"1 minuto"},"schema":{"@context":"https:\/\/schema.org","@graph":[{"@type":"Article","@id":"https:\/\/bahiaeconomica.com.br\/wp\/2024\/12\/11\/embasa-convoca-mais-27-candidatos-aprovados-em-concurso\/#article","isPartOf":{"@id":"https:\/\/bahiaeconomica.com.br\/wp\/2024\/12\/11\/embasa-convoca-mais-27-candidatos-aprovados-em-concurso\/"},"author":{"name":"JP","@id":"https:\/\/bahiaeconomica.com.br\/wp\/#\/schema\/person\/c86d3a3f8960425a0f9d0e5245991f4e"},"headline":"EMBASA CONVOCA MAIS 27 CANDIDATOS APROVADOS EM CONCURSO","datePublished":"2024-12-11T17:20:49+00:00","dateModified":"2024-12-11T15:48:08+00:00","mainEntityOfPage":{"@id":"https:\/\/bahiaeconomica.com.br\/wp\/2024\/12\/11\/embasa-convoca-mais-27-candidatos-aprovados-em-concurso\/"},"wordCount":201,"publisher":{"@id":"https:\/\/bahiaeconomica.com.br\/wp\/#organization"},"keywords":["embasa","mudan\u00e7a","Pol\u00edtica"],"articleSection":["EMPREGOS \/ CONCURSOS"],"inLanguage":"pt-BR"},{"@type":"WebPage","@id":"https:\/\/bahiaeconomica.com.br\/wp\/2024\/12\/11\/embasa-convoca-mais-27-candidatos-aprovados-em-concurso\/","url":"https:\/\/bahiaeconomica.com.br\/wp\/2024\/12\/11\/embasa-convoca-mais-27-candidatos-aprovados-em-concurso\/","name":"EMBASA CONVOCA MAIS 27 CANDIDATOS APROVADOS EM CONCURSO - Bahia Economica","isPartOf":{"@id":"https:\/\/bahiaeconomica.com.br\/wp\/#website"},"datePublished":"2024-12-11T17:20:49+00:00","dateModified":"2024-12-11T15:48:08+00:00","description":"O maior portal de Economia da Bahia EMPREGOS \/ CONCURSOS Bahia Economica embasa, banco, nordeste, brasil","breadcrumb":{"@id":"https:\/\/bahiaeconomica.com.br\/wp\/2024\/12\/11\/embasa-convoca-mais-27-candidatos-aprovados-em-concurso\/#breadcrumb"},"inLanguage":"pt-BR","potentialAction":[{"@type":"ReadAction","target":["https:\/\/bahiaeconomica.com.br\/wp\/2024\/12\/11\/embasa-convoca-mais-27-candidatos-aprovados-em-concurso\/"]}]},{"@type":"BreadcrumbList","@id":"https:\/\/bahiaeconomica.com.br\/wp\/2024\/12\/11\/embasa-convoca-mais-27-candidatos-aprovados-em-concurso\/#breadcrumb","itemListElement":[{"@type":"ListItem","position":1,"name":"In\u00edcio","item":"https:\/\/bahiaeconomica.com.br\/wp\/"},{"@type":"ListItem","position":2,"name":"EMBASA CONVOCA MAIS 27 CANDIDATOS APROVADOS EM CONCURSO"}]},{"@type":"WebSite","@id":"https:\/\/bahiaeconomica.com.br\/wp\/#website","url":"https:\/\/bahiaeconomica.com.br\/wp\/","name":"Bahia Economica","description":"O maior portal de Economia da Bahia","publisher":{"@id":"https:\/\/bahiaeconomica.com.br\/wp\/#organization"},"potentialAction":[{"@type":"SearchAction","target":{"@type":"EntryPoint","urlTemplate":"https:\/\/bahiaeconomica.com.br\/wp\/?s={search_term_string}"},"query-input":"required name=search_term_string"}],"inLanguage":"pt-BR"},{"@type":"Organization","@id":"https:\/\/bahiaeconomica.com.br\/wp\/#organization","name":"Bahia Econ\u00f4mica","url":"https:\/\/bahiaeconomica.com.br\/wp\/","logo":{"@type":"ImageObject","inLanguage":"pt-BR","@id":"https:\/\/bahiaeconomica.com.br\/wp\/#\/schema\/logo\/image\/","url":"https:\/\/bahiaeconomica.com.br\/wp\/wp-content\/uploads\/2020\/12\/cropped-BE.png","contentUrl":"https:\/\/bahiaeconomica.com.br\/wp\/wp-content\/uploads\/2020\/12\/cropped-BE.png","width":512,"height":512,"caption":"Bahia Econ\u00f4mica"},"image":{"@id":"https:\/\/bahiaeconomica.com.br\/wp\/#\/schema\/logo\/image\/"},"sameAs":["https:\/\/www.facebook.com\/bahiaeconomica"]},{"@type":"Person","@id":"https:\/\/bahiaeconomica.com.br\/wp\/#\/schema\/person\/c86d3a3f8960425a0f9d0e5245991f4e","name":"JP","sameAs":["https:\/\/bahiaeconomica.com.br\/wp\/beta\/"],"url":"https:\/\/bahiaeconomica.com.br\/wp\/author\/jp\/"}]}},"views":27,"_links":{"self":[{"href":"https:\/\/bahiaeconomica.com.br\/wp\/wp-json\/wp\/v2\/posts\/865654"}],"collection":[{"href":"https:\/\/bahiaeconomica.com.br\/wp\/wp-json\/wp\/v2\/posts"}],"about":[{"href":"https:\/\/bahiaeconomica.com.br\/wp\/wp-json\/wp\/v2\/types\/post"}],"author":[{"embeddable":true,"href":"https:\/\/bahiaeconomica.com.br\/wp\/wp-json\/wp\/v2\/users\/8"}],"replies":[{"embeddable":true,"href":"https:\/\/bahiaeconomica.com.br\/wp\/wp-json\/wp\/v2\/comments?post=865654"}],"version-history":[{"count":1,"href":"https:\/\/bahiaeconomica.com.br\/wp\/wp-json\/wp\/v2\/posts\/865654\/revisions"}],"predecessor-version":[{"id":865656,"href":"https:\/\/bahiaeconomica.com.br\/wp\/wp-json\/wp\/v2\/posts\/865654\/revisions\/865656"}],"wp:featuredmedia":[{"embeddable":true,"href":"https:\/\/bahiaeconomica.com.br\/wp\/wp-json\/wp\/v2\/media\/865655"}],"wp:attachment":[{"href":"https:\/\/bahiaeconomica.com.br\/wp\/wp-json\/wp\/v2\/media?parent=865654"}],"wp:term":[{"taxonomy":"category","embeddable":true,"href":"https:\/\/bahiaeconomica.com.br\/wp\/wp-json\/wp\/v2\/categories?post=865654"},{"taxonomy":"post_tag","embeddable":true,"href":"https:\/\/bahiaeconomica.com.br\/wp\/wp-json\/wp\/v2\/tags?post=865654"}],"curies":[{"name":"wp","href":"https:\/\/api.w.org\/{rel}","templated":true}]}}