{"id":865520,"date":"2024-12-10T19:52:24","date_gmt":"2024-12-10T22:52:24","guid":{"rendered":"https:\/\/bahiaeconomica.com.br\/wp\/?p=865520"},"modified":"2024-12-10T18:24:59","modified_gmt":"2024-12-10T21:24:59","slug":"investimento-na-formacao-de-profissionais-garante-alimentacao-de-qualidade-para-rede-estadual","status":"publish","type":"post","link":"https:\/\/bahiaeconomica.com.br\/wp\/2024\/12\/10\/investimento-na-formacao-de-profissionais-garante-alimentacao-de-qualidade-para-rede-estadual\/","title":{"rendered":"INVESTIMENTO NA FORMA\u00c7\u00c3O DE PROFISSIONAIS GARANTE ALIMENTA\u00c7\u00c3O DE QUALIDADE PARA REDE ESTADUAL"},"content":{"rendered":"<div>\n<div>O Programa de Alimenta\u00e7\u00e3o Escolar, desenvolvido pelo Governo da Bahia, por meio da Secretaria Estadual da Educa\u00e7\u00e3o (SEC), \u00e9 a principal fonte de nutrientes para muitas crian\u00e7as, adolescentes e adultos que se alimentam nas escolas estaduais. Para assegurar refei\u00e7\u00f5es de qualidade e balanceadas, a SEC conta com nutricionistas e promove, ao longo do ano, capacita\u00e7\u00e3o para merendeiras e equipes t\u00e9cnicas, al\u00e9m de a\u00e7\u00f5es de educa\u00e7\u00e3o alimentar com a comunidade escolar.<\/div>\n<div><\/div>\n<div>Nas escolas estaduais, s\u00e3o oferecidas mensalmente 30 milh\u00f5es de refei\u00e7\u00f5es. Neste ano, foram destinados R$ 410 milh\u00f5es, sendo R$ 92 milh\u00f5es do Governo Federal e R$ 318 milh\u00f5es do Governo do Estado, para garantir o acesso pleno \u00e0 aprendizagem e perman\u00eancia dos estudantes nas salas de aulas de mais de mil unidades de ensino. Os card\u00e1pios, ricos em nutrientes e regionalizados, respeitam as culturas dos 27 Territ\u00f3rios de Identidade da Bahia e seguem as recomenda\u00e7\u00f5es do Programa Nacional de Alimenta\u00e7\u00e3o Escolar (PNAE).<\/div>\n<div><\/div>\n<div>A nutricionista Iana Sena, do N\u00facleo Territorial de Educa\u00e7\u00e3o do Vale do Jiquiri\u00e7\u00e1 (NTE 9), destaca que a forma\u00e7\u00e3o das manipuladoras de alimentos \u00e9 essencial para garantir a qualidade e seguran\u00e7a das refei\u00e7\u00f5es e contribuir para a sa\u00fade dos alunos. Segundo ela, pr\u00e1ticas como armazenamento correto, higieniza\u00e7\u00e3o dos alimentos e dos espa\u00e7os s\u00e3o temas priorit\u00e1rios nas capacita\u00e7\u00f5es.<\/div>\n<div><\/div>\n<div>No NTE 9, 175 manipuladoras de alimentos participaram de forma\u00e7\u00f5es em tr\u00eas etapas: em Laje, no dia 9 de novembro; em Marac\u00e1s, no dia 23; e em Jaguaquara, no \u00faltimo s\u00e1bado (7). O diretor do NTE 9, Williams Panfile, enfatiza que a iniciativa aprimora o trabalho realizado pelas merendeiras nas 29 unidades de ensino da regi\u00e3o, que abrange 20 munic\u00edpios. &#8220;Oferecemos refei\u00e7\u00f5es de qualidade e percebemos a satisfa\u00e7\u00e3o dos alunos, o que contribui diretamente para sua perman\u00eancia na escola&#8221;, afirmou.<\/div>\n<div><\/div>\n<div>A merendeira Rosenir Silva Mota, conhecida como &#8220;Dinha&#8221;, do Col\u00e9gio Estadual Edilson Freire, em Marac\u00e1s, valoriza os momentos de instru\u00e7\u00e3o, que mant\u00e9m a equipe atualizada. Sua colega Marleide Santos, do Col\u00e9gio Estadual Aldemiro Vilas Boas, em S\u00e3o Miguel das Matas, participou da forma\u00e7\u00e3o em Laje e destacou a oportunidade de trocar experi\u00eancias com profissionais de outras escolas, al\u00e9m de aprimorar as pr\u00e1ticas no preparo das refei\u00e7\u00f5es.<\/div>\n<div><\/div>\n<div>Agricultura Familiar &#8211; Na Bahia, a parceria entre a SEC, a Secretaria Estadual de Desenvolvimento Rural (SDR) e as Volunt\u00e1rias Sociais tem ampliado a compra de alimentos de associa\u00e7\u00f5es e cooperativas de pequenos agricultores. Essa iniciativa melhora a vida dos produtores nos 27 Territ\u00f3rios de Identidade e garante uma nutri\u00e7\u00e3o adequada aos estudantes. Por determina\u00e7\u00e3o do Governo do Estado, 100% dos recursos repassados pelo PNAE s\u00e3o destinados \u00e0 compra de produtos da agricultura familiar, superando a exig\u00eancia nacional, que estabelece o m\u00ednimo de 30%.<\/div>\n<div><\/div>\n<\/div>\n<div>Foto: Ilustrativa Ascom\/Sec<\/div>\n","protected":false},"excerpt":{"rendered":"<p>O Programa de Alimenta\u00e7\u00e3o Escolar, desenvolvido pelo Governo da Bahia, por meio da Secretaria Estadual da Educa\u00e7\u00e3o (SEC), \u00e9 a principal fonte de nutrientes para muitas crian\u00e7as, adolescentes e adultos que se alimentam nas escolas estaduais. Para assegurar refei\u00e7\u00f5es de qualidade e balanceadas, a SEC conta com nutricionistas e promove, ao longo do ano, capacita\u00e7\u00e3o [&hellip;]<\/p>\n","protected":false},"author":16,"featured_media":865523,"comment_status":"closed","ping_status":"closed","sticky":false,"template":"","format":"standard","meta":[],"categories":[21],"tags":[567,740,1529],"acf":[],"yoast_head":"<!-- This site is optimized with the Yoast SEO plugin v20.8 - https:\/\/yoast.com\/wordpress\/plugins\/seo\/ -->\n<title>INVESTIMENTO NA FORMA\u00c7\u00c3O DE PROFISSIONAIS GARANTE ALIMENTA\u00c7\u00c3O DE QUALIDADE PARA REDE ESTADUAL - Bahia Economica<\/title>\n<meta name=\"description\" content=\"O maior portal de Economia da Bahia Sa\u00fade \/ Educa\u00e7\u00e3o Bahia Economica\" \/>\n<meta name=\"robots\" content=\"index, follow, max-snippet:-1, max-image-preview:large, max-video-preview:-1\" \/>\n<link rel=\"canonical\" href=\"https:\/\/bahiaeconomica.com.br\/wp\/2024\/12\/10\/investimento-na-formacao-de-profissionais-garante-alimentacao-de-qualidade-para-rede-estadual\/\" \/>\n<meta property=\"og:locale\" content=\"pt_BR\" \/>\n<meta property=\"og:type\" content=\"article\" \/>\n<meta property=\"og:title\" content=\"INVESTIMENTO NA FORMA\u00c7\u00c3O DE PROFISSIONAIS GARANTE ALIMENTA\u00c7\u00c3O DE QUALIDADE PARA REDE ESTADUAL - Bahia Economica\" \/>\n<meta property=\"og:description\" content=\"O maior portal de Economia da Bahia Sa\u00fade \/ Educa\u00e7\u00e3o Bahia Economica\" \/>\n<meta property=\"og:url\" content=\"https:\/\/bahiaeconomica.com.br\/wp\/2024\/12\/10\/investimento-na-formacao-de-profissionais-garante-alimentacao-de-qualidade-para-rede-estadual\/\" \/>\n<meta property=\"og:site_name\" content=\"Bahia Economica\" \/>\n<meta property=\"article:publisher\" content=\"https:\/\/www.facebook.com\/bahiaeconomica\" \/>\n<meta property=\"article:published_time\" content=\"2024-12-10T22:52:24+00:00\" \/>\n<meta property=\"article:modified_time\" content=\"2024-12-10T21:24:59+00:00\" \/>\n<meta property=\"og:image\" content=\"https:\/\/bahiaeconomica.com.br\/wp\/wp-content\/uploads\/2024\/12\/formacao-de-profissionais-garante-alimentacao-de-qualidade-scaled.jpeg\" \/>\n\t<meta property=\"og:image:width\" content=\"1920\" \/>\n\t<meta property=\"og:image:height\" content=\"2560\" \/>\n\t<meta property=\"og:image:type\" content=\"image\/jpeg\" \/>\n<meta name=\"author\" content=\"LUIZA NASCIMENTO\" \/>\n<meta name=\"twitter:card\" content=\"summary_large_image\" \/>\n<meta name=\"twitter:label1\" content=\"Escrito por\" \/>\n\t<meta name=\"twitter:data1\" content=\"LUIZA NASCIMENTO\" \/>\n\t<meta name=\"twitter:label2\" content=\"Est. tempo de leitura\" \/>\n\t<meta name=\"twitter:data2\" content=\"3 minutos\" \/>\n<script type=\"application\/ld+json\" class=\"yoast-schema-graph\">{\"@context\":\"https:\/\/schema.org\",\"@graph\":[{\"@type\":\"Article\",\"@id\":\"https:\/\/bahiaeconomica.com.br\/wp\/2024\/12\/10\/investimento-na-formacao-de-profissionais-garante-alimentacao-de-qualidade-para-rede-estadual\/#article\",\"isPartOf\":{\"@id\":\"https:\/\/bahiaeconomica.com.br\/wp\/2024\/12\/10\/investimento-na-formacao-de-profissionais-garante-alimentacao-de-qualidade-para-rede-estadual\/\"},\"author\":{\"name\":\"LUIZA NASCIMENTO\",\"@id\":\"https:\/\/bahiaeconomica.com.br\/wp\/#\/schema\/person\/18273ac0fe04bfd4e7b101bf17d40152\"},\"headline\":\"INVESTIMENTO NA FORMA\u00c7\u00c3O DE PROFISSIONAIS GARANTE ALIMENTA\u00c7\u00c3O DE QUALIDADE PARA REDE ESTADUAL\",\"datePublished\":\"2024-12-10T22:52:24+00:00\",\"dateModified\":\"2024-12-10T21:24:59+00:00\",\"mainEntityOfPage\":{\"@id\":\"https:\/\/bahiaeconomica.com.br\/wp\/2024\/12\/10\/investimento-na-formacao-de-profissionais-garante-alimentacao-de-qualidade-para-rede-estadual\/\"},\"wordCount\":496,\"publisher\":{\"@id\":\"https:\/\/bahiaeconomica.com.br\/wp\/#organization\"},\"keywords\":[\"Educa\u00e7\u00e3o\",\"investimento\",\"professores\"],\"articleSection\":[\"Sa\u00fade \/ Educa\u00e7\u00e3o\"],\"inLanguage\":\"pt-BR\"},{\"@type\":\"WebPage\",\"@id\":\"https:\/\/bahiaeconomica.com.br\/wp\/2024\/12\/10\/investimento-na-formacao-de-profissionais-garante-alimentacao-de-qualidade-para-rede-estadual\/\",\"url\":\"https:\/\/bahiaeconomica.com.br\/wp\/2024\/12\/10\/investimento-na-formacao-de-profissionais-garante-alimentacao-de-qualidade-para-rede-estadual\/\",\"name\":\"INVESTIMENTO NA FORMA\u00c7\u00c3O DE PROFISSIONAIS GARANTE ALIMENTA\u00c7\u00c3O DE QUALIDADE PARA REDE ESTADUAL - Bahia Economica\",\"isPartOf\":{\"@id\":\"https:\/\/bahiaeconomica.com.br\/wp\/#website\"},\"datePublished\":\"2024-12-10T22:52:24+00:00\",\"dateModified\":\"2024-12-10T21:24:59+00:00\",\"description\":\"O maior portal de Economia da Bahia Sa\u00fade \/ Educa\u00e7\u00e3o Bahia Economica\",\"breadcrumb\":{\"@id\":\"https:\/\/bahiaeconomica.com.br\/wp\/2024\/12\/10\/investimento-na-formacao-de-profissionais-garante-alimentacao-de-qualidade-para-rede-estadual\/#breadcrumb\"},\"inLanguage\":\"pt-BR\",\"potentialAction\":[{\"@type\":\"ReadAction\",\"target\":[\"https:\/\/bahiaeconomica.com.br\/wp\/2024\/12\/10\/investimento-na-formacao-de-profissionais-garante-alimentacao-de-qualidade-para-rede-estadual\/\"]}]},{\"@type\":\"BreadcrumbList\",\"@id\":\"https:\/\/bahiaeconomica.com.br\/wp\/2024\/12\/10\/investimento-na-formacao-de-profissionais-garante-alimentacao-de-qualidade-para-rede-estadual\/#breadcrumb\",\"itemListElement\":[{\"@type\":\"ListItem\",\"position\":1,\"name\":\"In\u00edcio\",\"item\":\"https:\/\/bahiaeconomica.com.br\/wp\/\"},{\"@type\":\"ListItem\",\"position\":2,\"name\":\"INVESTIMENTO NA FORMA\u00c7\u00c3O DE PROFISSIONAIS GARANTE ALIMENTA\u00c7\u00c3O DE QUALIDADE PARA REDE ESTADUAL\"}]},{\"@type\":\"WebSite\",\"@id\":\"https:\/\/bahiaeconomica.com.br\/wp\/#website\",\"url\":\"https:\/\/bahiaeconomica.com.br\/wp\/\",\"name\":\"Bahia Economica\",\"description\":\"O maior portal de Economia da Bahia\",\"publisher\":{\"@id\":\"https:\/\/bahiaeconomica.com.br\/wp\/#organization\"},\"potentialAction\":[{\"@type\":\"SearchAction\",\"target\":{\"@type\":\"EntryPoint\",\"urlTemplate\":\"https:\/\/bahiaeconomica.com.br\/wp\/?s={search_term_string}\"},\"query-input\":\"required name=search_term_string\"}],\"inLanguage\":\"pt-BR\"},{\"@type\":\"Organization\",\"@id\":\"https:\/\/bahiaeconomica.com.br\/wp\/#organization\",\"name\":\"Bahia Econ\u00f4mica\",\"url\":\"https:\/\/bahiaeconomica.com.br\/wp\/\",\"logo\":{\"@type\":\"ImageObject\",\"inLanguage\":\"pt-BR\",\"@id\":\"https:\/\/bahiaeconomica.com.br\/wp\/#\/schema\/logo\/image\/\",\"url\":\"https:\/\/bahiaeconomica.com.br\/wp\/wp-content\/uploads\/2020\/12\/cropped-BE.png\",\"contentUrl\":\"https:\/\/bahiaeconomica.com.br\/wp\/wp-content\/uploads\/2020\/12\/cropped-BE.png\",\"width\":512,\"height\":512,\"caption\":\"Bahia Econ\u00f4mica\"},\"image\":{\"@id\":\"https:\/\/bahiaeconomica.com.br\/wp\/#\/schema\/logo\/image\/\"},\"sameAs\":[\"https:\/\/www.facebook.com\/bahiaeconomica\"]},{\"@type\":\"Person\",\"@id\":\"https:\/\/bahiaeconomica.com.br\/wp\/#\/schema\/person\/18273ac0fe04bfd4e7b101bf17d40152\",\"name\":\"LUIZA NASCIMENTO\",\"sameAs\":[\"http:\/\/www.bahiaeconomica.com.br\"],\"url\":\"https:\/\/bahiaeconomica.com.br\/wp\/author\/luiza-nascimento\/\"}]}<\/script>\n<!-- \/ Yoast SEO plugin. -->","yoast_head_json":{"title":"INVESTIMENTO NA FORMA\u00c7\u00c3O DE PROFISSIONAIS GARANTE ALIMENTA\u00c7\u00c3O DE QUALIDADE PARA REDE ESTADUAL - Bahia Economica","description":"O maior portal de Economia da Bahia Sa\u00fade \/ Educa\u00e7\u00e3o Bahia Economica","robots":{"index":"index","follow":"follow","max-snippet":"max-snippet:-1","max-image-preview":"max-image-preview:large","max-video-preview":"max-video-preview:-1"},"canonical":"https:\/\/bahiaeconomica.com.br\/wp\/2024\/12\/10\/investimento-na-formacao-de-profissionais-garante-alimentacao-de-qualidade-para-rede-estadual\/","og_locale":"pt_BR","og_type":"article","og_title":"INVESTIMENTO NA FORMA\u00c7\u00c3O DE PROFISSIONAIS GARANTE ALIMENTA\u00c7\u00c3O DE QUALIDADE PARA REDE ESTADUAL - Bahia Economica","og_description":"O maior portal de Economia da Bahia Sa\u00fade \/ Educa\u00e7\u00e3o Bahia Economica","og_url":"https:\/\/bahiaeconomica.com.br\/wp\/2024\/12\/10\/investimento-na-formacao-de-profissionais-garante-alimentacao-de-qualidade-para-rede-estadual\/","og_site_name":"Bahia Economica","article_publisher":"https:\/\/www.facebook.com\/bahiaeconomica","article_published_time":"2024-12-10T22:52:24+00:00","article_modified_time":"2024-12-10T21:24:59+00:00","og_image":[{"width":1920,"height":2560,"url":"https:\/\/bahiaeconomica.com.br\/wp\/wp-content\/uploads\/2024\/12\/formacao-de-profissionais-garante-alimentacao-de-qualidade-scaled.jpeg","type":"image\/jpeg"}],"author":"LUIZA NASCIMENTO","twitter_card":"summary_large_image","twitter_misc":{"Escrito por":"LUIZA NASCIMENTO","Est. tempo de leitura":"3 minutos"},"schema":{"@context":"https:\/\/schema.org","@graph":[{"@type":"Article","@id":"https:\/\/bahiaeconomica.com.br\/wp\/2024\/12\/10\/investimento-na-formacao-de-profissionais-garante-alimentacao-de-qualidade-para-rede-estadual\/#article","isPartOf":{"@id":"https:\/\/bahiaeconomica.com.br\/wp\/2024\/12\/10\/investimento-na-formacao-de-profissionais-garante-alimentacao-de-qualidade-para-rede-estadual\/"},"author":{"name":"LUIZA NASCIMENTO","@id":"https:\/\/bahiaeconomica.com.br\/wp\/#\/schema\/person\/18273ac0fe04bfd4e7b101bf17d40152"},"headline":"INVESTIMENTO NA FORMA\u00c7\u00c3O DE PROFISSIONAIS GARANTE ALIMENTA\u00c7\u00c3O DE QUALIDADE PARA REDE ESTADUAL","datePublished":"2024-12-10T22:52:24+00:00","dateModified":"2024-12-10T21:24:59+00:00","mainEntityOfPage":{"@id":"https:\/\/bahiaeconomica.com.br\/wp\/2024\/12\/10\/investimento-na-formacao-de-profissionais-garante-alimentacao-de-qualidade-para-rede-estadual\/"},"wordCount":496,"publisher":{"@id":"https:\/\/bahiaeconomica.com.br\/wp\/#organization"},"keywords":["Educa\u00e7\u00e3o","investimento","professores"],"articleSection":["Sa\u00fade \/ Educa\u00e7\u00e3o"],"inLanguage":"pt-BR"},{"@type":"WebPage","@id":"https:\/\/bahiaeconomica.com.br\/wp\/2024\/12\/10\/investimento-na-formacao-de-profissionais-garante-alimentacao-de-qualidade-para-rede-estadual\/","url":"https:\/\/bahiaeconomica.com.br\/wp\/2024\/12\/10\/investimento-na-formacao-de-profissionais-garante-alimentacao-de-qualidade-para-rede-estadual\/","name":"INVESTIMENTO NA FORMA\u00c7\u00c3O DE PROFISSIONAIS GARANTE ALIMENTA\u00c7\u00c3O DE QUALIDADE PARA REDE ESTADUAL - Bahia Economica","isPartOf":{"@id":"https:\/\/bahiaeconomica.com.br\/wp\/#website"},"datePublished":"2024-12-10T22:52:24+00:00","dateModified":"2024-12-10T21:24:59+00:00","description":"O maior portal de Economia da Bahia Sa\u00fade \/ Educa\u00e7\u00e3o Bahia Economica","breadcrumb":{"@id":"https:\/\/bahiaeconomica.com.br\/wp\/2024\/12\/10\/investimento-na-formacao-de-profissionais-garante-alimentacao-de-qualidade-para-rede-estadual\/#breadcrumb"},"inLanguage":"pt-BR","potentialAction":[{"@type":"ReadAction","target":["https:\/\/bahiaeconomica.com.br\/wp\/2024\/12\/10\/investimento-na-formacao-de-profissionais-garante-alimentacao-de-qualidade-para-rede-estadual\/"]}]},{"@type":"BreadcrumbList","@id":"https:\/\/bahiaeconomica.com.br\/wp\/2024\/12\/10\/investimento-na-formacao-de-profissionais-garante-alimentacao-de-qualidade-para-rede-estadual\/#breadcrumb","itemListElement":[{"@type":"ListItem","position":1,"name":"In\u00edcio","item":"https:\/\/bahiaeconomica.com.br\/wp\/"},{"@type":"ListItem","position":2,"name":"INVESTIMENTO NA FORMA\u00c7\u00c3O DE PROFISSIONAIS GARANTE ALIMENTA\u00c7\u00c3O DE QUALIDADE PARA REDE ESTADUAL"}]},{"@type":"WebSite","@id":"https:\/\/bahiaeconomica.com.br\/wp\/#website","url":"https:\/\/bahiaeconomica.com.br\/wp\/","name":"Bahia Economica","description":"O maior portal de Economia da Bahia","publisher":{"@id":"https:\/\/bahiaeconomica.com.br\/wp\/#organization"},"potentialAction":[{"@type":"SearchAction","target":{"@type":"EntryPoint","urlTemplate":"https:\/\/bahiaeconomica.com.br\/wp\/?s={search_term_string}"},"query-input":"required name=search_term_string"}],"inLanguage":"pt-BR"},{"@type":"Organization","@id":"https:\/\/bahiaeconomica.com.br\/wp\/#organization","name":"Bahia Econ\u00f4mica","url":"https:\/\/bahiaeconomica.com.br\/wp\/","logo":{"@type":"ImageObject","inLanguage":"pt-BR","@id":"https:\/\/bahiaeconomica.com.br\/wp\/#\/schema\/logo\/image\/","url":"https:\/\/bahiaeconomica.com.br\/wp\/wp-content\/uploads\/2020\/12\/cropped-BE.png","contentUrl":"https:\/\/bahiaeconomica.com.br\/wp\/wp-content\/uploads\/2020\/12\/cropped-BE.png","width":512,"height":512,"caption":"Bahia Econ\u00f4mica"},"image":{"@id":"https:\/\/bahiaeconomica.com.br\/wp\/#\/schema\/logo\/image\/"},"sameAs":["https:\/\/www.facebook.com\/bahiaeconomica"]},{"@type":"Person","@id":"https:\/\/bahiaeconomica.com.br\/wp\/#\/schema\/person\/18273ac0fe04bfd4e7b101bf17d40152","name":"LUIZA NASCIMENTO","sameAs":["http:\/\/www.bahiaeconomica.com.br"],"url":"https:\/\/bahiaeconomica.com.br\/wp\/author\/luiza-nascimento\/"}]}},"views":4,"_links":{"self":[{"href":"https:\/\/bahiaeconomica.com.br\/wp\/wp-json\/wp\/v2\/posts\/865520"}],"collection":[{"href":"https:\/\/bahiaeconomica.com.br\/wp\/wp-json\/wp\/v2\/posts"}],"about":[{"href":"https:\/\/bahiaeconomica.com.br\/wp\/wp-json\/wp\/v2\/types\/post"}],"author":[{"embeddable":true,"href":"https:\/\/bahiaeconomica.com.br\/wp\/wp-json\/wp\/v2\/users\/16"}],"replies":[{"embeddable":true,"href":"https:\/\/bahiaeconomica.com.br\/wp\/wp-json\/wp\/v2\/comments?post=865520"}],"version-history":[{"count":1,"href":"https:\/\/bahiaeconomica.com.br\/wp\/wp-json\/wp\/v2\/posts\/865520\/revisions"}],"predecessor-version":[{"id":865522,"href":"https:\/\/bahiaeconomica.com.br\/wp\/wp-json\/wp\/v2\/posts\/865520\/revisions\/865522"}],"wp:featuredmedia":[{"embeddable":true,"href":"https:\/\/bahiaeconomica.com.br\/wp\/wp-json\/wp\/v2\/media\/865523"}],"wp:attachment":[{"href":"https:\/\/bahiaeconomica.com.br\/wp\/wp-json\/wp\/v2\/media?parent=865520"}],"wp:term":[{"taxonomy":"category","embeddable":true,"href":"https:\/\/bahiaeconomica.com.br\/wp\/wp-json\/wp\/v2\/categories?post=865520"},{"taxonomy":"post_tag","embeddable":true,"href":"https:\/\/bahiaeconomica.com.br\/wp\/wp-json\/wp\/v2\/tags?post=865520"}],"curies":[{"name":"wp","href":"https:\/\/api.w.org\/{rel}","templated":true}]}}