{"id":864920,"date":"2024-12-09T08:05:52","date_gmt":"2024-12-09T11:05:52","guid":{"rendered":"https:\/\/bahiaeconomica.com.br\/wp\/?p=864920"},"modified":"2024-12-09T08:05:52","modified_gmt":"2024-12-09T11:05:52","slug":"prefeitura-instala-ponto-fixo-de-vacinacao-no-salvador-shopping","status":"publish","type":"post","link":"https:\/\/bahiaeconomica.com.br\/wp\/2024\/12\/09\/prefeitura-instala-ponto-fixo-de-vacinacao-no-salvador-shopping\/","title":{"rendered":"PREFEITURA INSTALA PONTO FIXO DE VACINA\u00c7\u00c3O NO SALVADOR SHOPPING"},"content":{"rendered":"<p>Para ampliar o acesso da popula\u00e7\u00e3o \u00e0s vacinas do calend\u00e1rio b\u00e1sico, a Secretaria Municipal da Sa\u00fade (SMS) abre mais uma sala de vacina\u00e7\u00e3o na cidade, desta vez no Salvador Shopping, a partir desta segunda-feira (9). O espa\u00e7o \u00e9 fixo e funcionar\u00e1 de segunda a sexta, das 9h \u00e0s 17h, no piso L1, em frente ao Banco do Brasil.<\/p>\n<p>Quem passar pelo centro de compras poder\u00e1 realizar a confer\u00eancia e atualiza\u00e7\u00e3o do cart\u00e3o de vacina\u00e7\u00e3o caso haja alguma pend\u00eancia. Ser\u00e3o ofertados os imunizantes do Calend\u00e1rio B\u00e1sico de Vacina\u00e7\u00e3o institu\u00eddo pelo SUS atrav\u00e9s do Programa Nacional de Imuniza\u00e7\u00f5es, incluindo as vacinas de Covid e gripe. Para garantir a prote\u00e7\u00e3o, \u00e9 necess\u00e1rio apresentar um documento oficial com foto e o cart\u00e3o SUS.<\/p>\n<p>A coordenadora de imuniza\u00e7\u00e3o da SMS, Doiane Lemos, destaca a import\u00e2ncia das parcerias e a relev\u00e2ncia da vacina\u00e7\u00e3o ser ofertada em um local movimentado. &#8220;Estar num ambiente de grande circula\u00e7\u00e3o de pessoas, onde h\u00e1 uma facilidade de acesso, \u00e9 uma estrat\u00e9gia para atingir os diferentes p\u00fablicos que precisam ser protegidos atrav\u00e9s dos imunobiol\u00f3gicos. \u00c9 a nossa maneira de estar mais perto da popula\u00e7\u00e3o, levando a vacina\u00e7\u00e3o e tamb\u00e9m conscientizando sobre a import\u00e2ncia dessa prote\u00e7\u00e3o para o bem coletivo&#8221;, afirmou.<\/p>\n<p>Foto: Lucas Moura\/ Secom PMS<\/p>\n","protected":false},"excerpt":{"rendered":"<p>Para ampliar o acesso da popula\u00e7\u00e3o \u00e0s vacinas do calend\u00e1rio b\u00e1sico, a Secretaria Municipal da Sa\u00fade (SMS) abre mais uma sala de vacina\u00e7\u00e3o na cidade, desta vez no Salvador Shopping, a partir desta segunda-feira (9). O espa\u00e7o \u00e9 fixo e funcionar\u00e1 de segunda a sexta, das 9h \u00e0s 17h, no piso L1, em frente ao [&hellip;]<\/p>\n","protected":false},"author":20,"featured_media":864923,"comment_status":"closed","ping_status":"closed","sticky":false,"template":"","format":"standard","meta":[],"categories":[21],"tags":[2559,8082,524],"acf":[],"yoast_head":"<!-- This site is optimized with the Yoast SEO plugin v20.8 - https:\/\/yoast.com\/wordpress\/plugins\/seo\/ -->\n<title>PREFEITURA INSTALA PONTO FIXO DE VACINA\u00c7\u00c3O NO SALVADOR SHOPPING - Bahia Economica<\/title>\n<meta name=\"description\" content=\"O maior portal de Economia da Bahia Sa\u00fade \/ Educa\u00e7\u00e3o Bahia Economica espa\u00e7o \u00e9 fixo e funcionar\u00e1 de segunda a sexta\" \/>\n<meta name=\"robots\" content=\"index, follow, max-snippet:-1, max-image-preview:large, max-video-preview:-1\" \/>\n<link rel=\"canonical\" href=\"https:\/\/bahiaeconomica.com.br\/wp\/2024\/12\/09\/prefeitura-instala-ponto-fixo-de-vacinacao-no-salvador-shopping\/\" \/>\n<meta property=\"og:locale\" content=\"pt_BR\" \/>\n<meta property=\"og:type\" content=\"article\" \/>\n<meta property=\"og:title\" content=\"PREFEITURA INSTALA PONTO FIXO DE VACINA\u00c7\u00c3O NO SALVADOR SHOPPING - Bahia Economica\" \/>\n<meta property=\"og:description\" content=\"O maior portal de Economia da Bahia Sa\u00fade \/ Educa\u00e7\u00e3o Bahia Economica espa\u00e7o \u00e9 fixo e funcionar\u00e1 de segunda a sexta\" \/>\n<meta property=\"og:url\" content=\"https:\/\/bahiaeconomica.com.br\/wp\/2024\/12\/09\/prefeitura-instala-ponto-fixo-de-vacinacao-no-salvador-shopping\/\" \/>\n<meta property=\"og:site_name\" content=\"Bahia Economica\" \/>\n<meta property=\"article:publisher\" content=\"https:\/\/www.facebook.com\/bahiaeconomica\" \/>\n<meta property=\"article:published_time\" content=\"2024-12-09T11:05:52+00:00\" \/>\n<meta property=\"og:image\" content=\"https:\/\/bahiaeconomica.com.br\/wp\/wp-content\/uploads\/2024\/12\/Vacinacao-Salvador-Arquivo-Foto-Lucas-Moura-Secom-PMS.jpg\" \/>\n\t<meta property=\"og:image:width\" content=\"1000\" \/>\n\t<meta property=\"og:image:height\" content=\"667\" \/>\n\t<meta property=\"og:image:type\" content=\"image\/jpeg\" \/>\n<meta name=\"author\" content=\"BRUNA CARVALHO\" \/>\n<meta name=\"twitter:card\" content=\"summary_large_image\" \/>\n<meta name=\"twitter:label1\" content=\"Escrito por\" \/>\n\t<meta name=\"twitter:data1\" content=\"BRUNA CARVALHO\" \/>\n\t<meta name=\"twitter:label2\" content=\"Est. tempo de leitura\" \/>\n\t<meta name=\"twitter:data2\" content=\"2 minutos\" \/>\n<script type=\"application\/ld+json\" class=\"yoast-schema-graph\">{\"@context\":\"https:\/\/schema.org\",\"@graph\":[{\"@type\":\"Article\",\"@id\":\"https:\/\/bahiaeconomica.com.br\/wp\/2024\/12\/09\/prefeitura-instala-ponto-fixo-de-vacinacao-no-salvador-shopping\/#article\",\"isPartOf\":{\"@id\":\"https:\/\/bahiaeconomica.com.br\/wp\/2024\/12\/09\/prefeitura-instala-ponto-fixo-de-vacinacao-no-salvador-shopping\/\"},\"author\":{\"name\":\"BRUNA CARVALHO\",\"@id\":\"https:\/\/bahiaeconomica.com.br\/wp\/#\/schema\/person\/9310b0e591f5979f6f99773eac5804e6\"},\"headline\":\"PREFEITURA INSTALA PONTO FIXO DE VACINA\u00c7\u00c3O NO SALVADOR SHOPPING\",\"datePublished\":\"2024-12-09T11:05:52+00:00\",\"dateModified\":\"2024-12-09T11:05:52+00:00\",\"mainEntityOfPage\":{\"@id\":\"https:\/\/bahiaeconomica.com.br\/wp\/2024\/12\/09\/prefeitura-instala-ponto-fixo-de-vacinacao-no-salvador-shopping\/\"},\"wordCount\":243,\"publisher\":{\"@id\":\"https:\/\/bahiaeconomica.com.br\/wp\/#organization\"},\"keywords\":[\"posto\",\"salvador shopping\",\"Vacina\u00e7\u00e3o\"],\"articleSection\":[\"Sa\u00fade \/ Educa\u00e7\u00e3o\"],\"inLanguage\":\"pt-BR\"},{\"@type\":\"WebPage\",\"@id\":\"https:\/\/bahiaeconomica.com.br\/wp\/2024\/12\/09\/prefeitura-instala-ponto-fixo-de-vacinacao-no-salvador-shopping\/\",\"url\":\"https:\/\/bahiaeconomica.com.br\/wp\/2024\/12\/09\/prefeitura-instala-ponto-fixo-de-vacinacao-no-salvador-shopping\/\",\"name\":\"PREFEITURA INSTALA PONTO FIXO DE VACINA\u00c7\u00c3O NO SALVADOR SHOPPING - Bahia Economica\",\"isPartOf\":{\"@id\":\"https:\/\/bahiaeconomica.com.br\/wp\/#website\"},\"datePublished\":\"2024-12-09T11:05:52+00:00\",\"dateModified\":\"2024-12-09T11:05:52+00:00\",\"description\":\"O maior portal de Economia da Bahia Sa\u00fade \/ Educa\u00e7\u00e3o Bahia Economica espa\u00e7o \u00e9 fixo e funcionar\u00e1 de segunda a sexta\",\"breadcrumb\":{\"@id\":\"https:\/\/bahiaeconomica.com.br\/wp\/2024\/12\/09\/prefeitura-instala-ponto-fixo-de-vacinacao-no-salvador-shopping\/#breadcrumb\"},\"inLanguage\":\"pt-BR\",\"potentialAction\":[{\"@type\":\"ReadAction\",\"target\":[\"https:\/\/bahiaeconomica.com.br\/wp\/2024\/12\/09\/prefeitura-instala-ponto-fixo-de-vacinacao-no-salvador-shopping\/\"]}]},{\"@type\":\"BreadcrumbList\",\"@id\":\"https:\/\/bahiaeconomica.com.br\/wp\/2024\/12\/09\/prefeitura-instala-ponto-fixo-de-vacinacao-no-salvador-shopping\/#breadcrumb\",\"itemListElement\":[{\"@type\":\"ListItem\",\"position\":1,\"name\":\"In\u00edcio\",\"item\":\"https:\/\/bahiaeconomica.com.br\/wp\/\"},{\"@type\":\"ListItem\",\"position\":2,\"name\":\"PREFEITURA INSTALA PONTO FIXO DE VACINA\u00c7\u00c3O NO SALVADOR SHOPPING\"}]},{\"@type\":\"WebSite\",\"@id\":\"https:\/\/bahiaeconomica.com.br\/wp\/#website\",\"url\":\"https:\/\/bahiaeconomica.com.br\/wp\/\",\"name\":\"Bahia Economica\",\"description\":\"O maior portal de Economia da Bahia\",\"publisher\":{\"@id\":\"https:\/\/bahiaeconomica.com.br\/wp\/#organization\"},\"potentialAction\":[{\"@type\":\"SearchAction\",\"target\":{\"@type\":\"EntryPoint\",\"urlTemplate\":\"https:\/\/bahiaeconomica.com.br\/wp\/?s={search_term_string}\"},\"query-input\":\"required name=search_term_string\"}],\"inLanguage\":\"pt-BR\"},{\"@type\":\"Organization\",\"@id\":\"https:\/\/bahiaeconomica.com.br\/wp\/#organization\",\"name\":\"Bahia Econ\u00f4mica\",\"url\":\"https:\/\/bahiaeconomica.com.br\/wp\/\",\"logo\":{\"@type\":\"ImageObject\",\"inLanguage\":\"pt-BR\",\"@id\":\"https:\/\/bahiaeconomica.com.br\/wp\/#\/schema\/logo\/image\/\",\"url\":\"https:\/\/bahiaeconomica.com.br\/wp\/wp-content\/uploads\/2020\/12\/cropped-BE.png\",\"contentUrl\":\"https:\/\/bahiaeconomica.com.br\/wp\/wp-content\/uploads\/2020\/12\/cropped-BE.png\",\"width\":512,\"height\":512,\"caption\":\"Bahia Econ\u00f4mica\"},\"image\":{\"@id\":\"https:\/\/bahiaeconomica.com.br\/wp\/#\/schema\/logo\/image\/\"},\"sameAs\":[\"https:\/\/www.facebook.com\/bahiaeconomica\"]},{\"@type\":\"Person\",\"@id\":\"https:\/\/bahiaeconomica.com.br\/wp\/#\/schema\/person\/9310b0e591f5979f6f99773eac5804e6\",\"name\":\"BRUNA CARVALHO\",\"sameAs\":[\"http:\/\/www.bahiaeconomica.com.br\"],\"url\":\"https:\/\/bahiaeconomica.com.br\/wp\/author\/bruna\/\"}]}<\/script>\n<!-- \/ Yoast SEO plugin. -->","yoast_head_json":{"title":"PREFEITURA INSTALA PONTO FIXO DE VACINA\u00c7\u00c3O NO SALVADOR SHOPPING - Bahia Economica","description":"O maior portal de Economia da Bahia Sa\u00fade \/ Educa\u00e7\u00e3o Bahia Economica espa\u00e7o \u00e9 fixo e funcionar\u00e1 de segunda a sexta","robots":{"index":"index","follow":"follow","max-snippet":"max-snippet:-1","max-image-preview":"max-image-preview:large","max-video-preview":"max-video-preview:-1"},"canonical":"https:\/\/bahiaeconomica.com.br\/wp\/2024\/12\/09\/prefeitura-instala-ponto-fixo-de-vacinacao-no-salvador-shopping\/","og_locale":"pt_BR","og_type":"article","og_title":"PREFEITURA INSTALA PONTO FIXO DE VACINA\u00c7\u00c3O NO SALVADOR SHOPPING - Bahia Economica","og_description":"O maior portal de Economia da Bahia Sa\u00fade \/ Educa\u00e7\u00e3o Bahia Economica espa\u00e7o \u00e9 fixo e funcionar\u00e1 de segunda a sexta","og_url":"https:\/\/bahiaeconomica.com.br\/wp\/2024\/12\/09\/prefeitura-instala-ponto-fixo-de-vacinacao-no-salvador-shopping\/","og_site_name":"Bahia Economica","article_publisher":"https:\/\/www.facebook.com\/bahiaeconomica","article_published_time":"2024-12-09T11:05:52+00:00","og_image":[{"width":1000,"height":667,"url":"https:\/\/bahiaeconomica.com.br\/wp\/wp-content\/uploads\/2024\/12\/Vacinacao-Salvador-Arquivo-Foto-Lucas-Moura-Secom-PMS.jpg","type":"image\/jpeg"}],"author":"BRUNA CARVALHO","twitter_card":"summary_large_image","twitter_misc":{"Escrito por":"BRUNA CARVALHO","Est. tempo de leitura":"2 minutos"},"schema":{"@context":"https:\/\/schema.org","@graph":[{"@type":"Article","@id":"https:\/\/bahiaeconomica.com.br\/wp\/2024\/12\/09\/prefeitura-instala-ponto-fixo-de-vacinacao-no-salvador-shopping\/#article","isPartOf":{"@id":"https:\/\/bahiaeconomica.com.br\/wp\/2024\/12\/09\/prefeitura-instala-ponto-fixo-de-vacinacao-no-salvador-shopping\/"},"author":{"name":"BRUNA CARVALHO","@id":"https:\/\/bahiaeconomica.com.br\/wp\/#\/schema\/person\/9310b0e591f5979f6f99773eac5804e6"},"headline":"PREFEITURA INSTALA PONTO FIXO DE VACINA\u00c7\u00c3O NO SALVADOR SHOPPING","datePublished":"2024-12-09T11:05:52+00:00","dateModified":"2024-12-09T11:05:52+00:00","mainEntityOfPage":{"@id":"https:\/\/bahiaeconomica.com.br\/wp\/2024\/12\/09\/prefeitura-instala-ponto-fixo-de-vacinacao-no-salvador-shopping\/"},"wordCount":243,"publisher":{"@id":"https:\/\/bahiaeconomica.com.br\/wp\/#organization"},"keywords":["posto","salvador shopping","Vacina\u00e7\u00e3o"],"articleSection":["Sa\u00fade \/ Educa\u00e7\u00e3o"],"inLanguage":"pt-BR"},{"@type":"WebPage","@id":"https:\/\/bahiaeconomica.com.br\/wp\/2024\/12\/09\/prefeitura-instala-ponto-fixo-de-vacinacao-no-salvador-shopping\/","url":"https:\/\/bahiaeconomica.com.br\/wp\/2024\/12\/09\/prefeitura-instala-ponto-fixo-de-vacinacao-no-salvador-shopping\/","name":"PREFEITURA INSTALA PONTO FIXO DE VACINA\u00c7\u00c3O NO SALVADOR SHOPPING - Bahia Economica","isPartOf":{"@id":"https:\/\/bahiaeconomica.com.br\/wp\/#website"},"datePublished":"2024-12-09T11:05:52+00:00","dateModified":"2024-12-09T11:05:52+00:00","description":"O maior portal de Economia da Bahia Sa\u00fade \/ Educa\u00e7\u00e3o Bahia Economica espa\u00e7o \u00e9 fixo e funcionar\u00e1 de segunda a sexta","breadcrumb":{"@id":"https:\/\/bahiaeconomica.com.br\/wp\/2024\/12\/09\/prefeitura-instala-ponto-fixo-de-vacinacao-no-salvador-shopping\/#breadcrumb"},"inLanguage":"pt-BR","potentialAction":[{"@type":"ReadAction","target":["https:\/\/bahiaeconomica.com.br\/wp\/2024\/12\/09\/prefeitura-instala-ponto-fixo-de-vacinacao-no-salvador-shopping\/"]}]},{"@type":"BreadcrumbList","@id":"https:\/\/bahiaeconomica.com.br\/wp\/2024\/12\/09\/prefeitura-instala-ponto-fixo-de-vacinacao-no-salvador-shopping\/#breadcrumb","itemListElement":[{"@type":"ListItem","position":1,"name":"In\u00edcio","item":"https:\/\/bahiaeconomica.com.br\/wp\/"},{"@type":"ListItem","position":2,"name":"PREFEITURA INSTALA PONTO FIXO DE VACINA\u00c7\u00c3O NO SALVADOR SHOPPING"}]},{"@type":"WebSite","@id":"https:\/\/bahiaeconomica.com.br\/wp\/#website","url":"https:\/\/bahiaeconomica.com.br\/wp\/","name":"Bahia Economica","description":"O maior portal de Economia da Bahia","publisher":{"@id":"https:\/\/bahiaeconomica.com.br\/wp\/#organization"},"potentialAction":[{"@type":"SearchAction","target":{"@type":"EntryPoint","urlTemplate":"https:\/\/bahiaeconomica.com.br\/wp\/?s={search_term_string}"},"query-input":"required name=search_term_string"}],"inLanguage":"pt-BR"},{"@type":"Organization","@id":"https:\/\/bahiaeconomica.com.br\/wp\/#organization","name":"Bahia Econ\u00f4mica","url":"https:\/\/bahiaeconomica.com.br\/wp\/","logo":{"@type":"ImageObject","inLanguage":"pt-BR","@id":"https:\/\/bahiaeconomica.com.br\/wp\/#\/schema\/logo\/image\/","url":"https:\/\/bahiaeconomica.com.br\/wp\/wp-content\/uploads\/2020\/12\/cropped-BE.png","contentUrl":"https:\/\/bahiaeconomica.com.br\/wp\/wp-content\/uploads\/2020\/12\/cropped-BE.png","width":512,"height":512,"caption":"Bahia Econ\u00f4mica"},"image":{"@id":"https:\/\/bahiaeconomica.com.br\/wp\/#\/schema\/logo\/image\/"},"sameAs":["https:\/\/www.facebook.com\/bahiaeconomica"]},{"@type":"Person","@id":"https:\/\/bahiaeconomica.com.br\/wp\/#\/schema\/person\/9310b0e591f5979f6f99773eac5804e6","name":"BRUNA CARVALHO","sameAs":["http:\/\/www.bahiaeconomica.com.br"],"url":"https:\/\/bahiaeconomica.com.br\/wp\/author\/bruna\/"}]}},"views":13,"_links":{"self":[{"href":"https:\/\/bahiaeconomica.com.br\/wp\/wp-json\/wp\/v2\/posts\/864920"}],"collection":[{"href":"https:\/\/bahiaeconomica.com.br\/wp\/wp-json\/wp\/v2\/posts"}],"about":[{"href":"https:\/\/bahiaeconomica.com.br\/wp\/wp-json\/wp\/v2\/types\/post"}],"author":[{"embeddable":true,"href":"https:\/\/bahiaeconomica.com.br\/wp\/wp-json\/wp\/v2\/users\/20"}],"replies":[{"embeddable":true,"href":"https:\/\/bahiaeconomica.com.br\/wp\/wp-json\/wp\/v2\/comments?post=864920"}],"version-history":[{"count":1,"href":"https:\/\/bahiaeconomica.com.br\/wp\/wp-json\/wp\/v2\/posts\/864920\/revisions"}],"predecessor-version":[{"id":864924,"href":"https:\/\/bahiaeconomica.com.br\/wp\/wp-json\/wp\/v2\/posts\/864920\/revisions\/864924"}],"wp:featuredmedia":[{"embeddable":true,"href":"https:\/\/bahiaeconomica.com.br\/wp\/wp-json\/wp\/v2\/media\/864923"}],"wp:attachment":[{"href":"https:\/\/bahiaeconomica.com.br\/wp\/wp-json\/wp\/v2\/media?parent=864920"}],"wp:term":[{"taxonomy":"category","embeddable":true,"href":"https:\/\/bahiaeconomica.com.br\/wp\/wp-json\/wp\/v2\/categories?post=864920"},{"taxonomy":"post_tag","embeddable":true,"href":"https:\/\/bahiaeconomica.com.br\/wp\/wp-json\/wp\/v2\/tags?post=864920"}],"curies":[{"name":"wp","href":"https:\/\/api.w.org\/{rel}","templated":true}]}}