{"id":864788,"date":"2024-12-06T17:45:43","date_gmt":"2024-12-06T20:45:43","guid":{"rendered":"https:\/\/bahiaeconomica.com.br\/wp\/?p=864788"},"modified":"2024-12-06T17:45:43","modified_gmt":"2024-12-06T20:45:43","slug":"conselho-estadual-de-turismo-comemora-resultados-da-bahia-no-setor-em-balanco-anual","status":"publish","type":"post","link":"https:\/\/bahiaeconomica.com.br\/wp\/2024\/12\/06\/conselho-estadual-de-turismo-comemora-resultados-da-bahia-no-setor-em-balanco-anual\/","title":{"rendered":"CONSELHO ESTADUAL DE TURISMO COMEMORA RESULTADOS DA BAHIA NO SETOR EM BALAN\u00c7O ANUAL"},"content":{"rendered":"<div>O clima foi de comemora\u00e7\u00e3o, na \u00faltima reuni\u00e3o do ano do Conselho Estadual de Turismo (Contur), realizada na quinta-feira (5), no audit\u00f3rio da Secretaria de Turismo da Bahia (Setur-BA), em Salvador. A pasta, que preside o colegiado, apresentou um balan\u00e7o positivo das atividades nas 13 zonas tur\u00edsticas baianas, em 2024.<\/div>\n<div><\/div>\n<div>O titular da Setur-BA, Maur\u00edcio Bacelar, destacou o crescimento cont\u00ednuo em viagens para a Bahia, acima da m\u00e9dia nacional, e a lideran\u00e7a do estado entre os turistas estrangeiros que procuram o Nordeste. &#8220;Os bons resultados deste ano s\u00e3o reflexos da atua\u00e7\u00e3o do Governo do Estado, com a colabora\u00e7\u00e3o dos outros agentes do turismo, em a\u00e7\u00f5es estrat\u00e9gicas para a atra\u00e7\u00e3o de visitantes e o aumento do tempo de perman\u00eancia deles nos destinos. Fizemos capacita\u00e7\u00e3o e qualifica\u00e7\u00e3o de m\u00e3o de obra, obras estruturantes e promo\u00e7\u00e3o dos atrativos da Bahia, no Brasil e no exterior. Atuamos, tamb\u00e9m, na capta\u00e7\u00e3o de voos e diversifica\u00e7\u00e3o da oferta de experi\u00eancias&#8221;, explicou o secret\u00e1rio.<\/div>\n<div><\/div>\n<div>A apresenta\u00e7\u00e3o mostrou que, segundo a Ag\u00eancia Nacional de Avia\u00e7\u00e3o Civil (Anac), de janeiro a outubro de 2024, os voos para a Bahia tiveram taxa de ocupa\u00e7\u00e3o superior a 80%, e o fluxo nos aeroportos baianos foi de 8,9 milh\u00f5es de passageiros, o maior do Norte e Nordeste. Mais de 40% dos visitantes estrangeiros que procuram destinos nordestinos come\u00e7am os passeios pela Bahia, de acordo com dados da Pol\u00edcia Federal e do Minist\u00e9rio do Turismo.<\/div>\n<div><\/div>\n<div>&#8220;Os resultados podem ser comprovados nas ruas. Ao andar por Salvador e outras cidades baianas, podemos ver que, efetivamente, estamos recebendo mais turistas internacionais. O destaque do ano foi a conquista do voo Paris-Salvador, da Air France&#8221;, relatou o presidente da Associa\u00e7\u00e3o Brasileira das Ag\u00eancias de Viagens na Bahia (Abav-BA), Jean Paul Gonze.<\/div>\n<div><\/div>\n<div>Para o diretor de Rela\u00e7\u00f5es Institucionais da se\u00e7\u00e3o baiana da Associa\u00e7\u00e3o Brasileira da Ind\u00fastria de Hot\u00e9is (Abih-BA), Thiago Sena, &#8220;a Bahia vive um excelente momento, e esperamos continuar avan\u00e7ando, com iniciativas que tragam ainda mais turistas para o nosso estado&#8221;.<\/div>\n<div><\/div>\n<div>&#8220;As a\u00e7\u00f5es est\u00e3o sendo bem-sucedidas e hoje vimos resultados concretos, apresentados pelo secret\u00e1rio. Temos o desafio de continuar a crescer&#8221;, completou o presidente-executivo da Associa\u00e7\u00e3o Brasileira de Bares e Restaurantes na Bahia (Abrasel-BA), Luiz Henrique do Amaral.<\/div>\n<div><\/div>\n<div>O Contur \u00e9 formado por representantes do Governo do Estado, de entidades p\u00fablicas e privadas que atuam no turismo e de categorias profissionais do setor.<\/div>\n","protected":false},"excerpt":{"rendered":"<p>O clima foi de comemora\u00e7\u00e3o, na \u00faltima reuni\u00e3o do ano do Conselho Estadual de Turismo (Contur), realizada na quinta-feira (5), no audit\u00f3rio da Secretaria de Turismo da Bahia (Setur-BA), em Salvador. A pasta, que preside o colegiado, apresentou um balan\u00e7o positivo das atividades nas 13 zonas tur\u00edsticas baianas, em 2024. O titular da Setur-BA, Maur\u00edcio [&hellip;]<\/p>\n","protected":false},"author":22,"featured_media":864813,"comment_status":"closed","ping_status":"closed","sticky":false,"template":"","format":"standard","meta":[],"categories":[3],"tags":[85,1741,5017,442],"acf":[],"yoast_head":"<!-- This site is optimized with the Yoast SEO plugin v20.8 - https:\/\/yoast.com\/wordpress\/plugins\/seo\/ -->\n<title>CONSELHO ESTADUAL DE TURISMO COMEMORA RESULTADOS DA BAHIA NO SETOR EM BALAN\u00c7O ANUAL - Bahia Economica<\/title>\n<meta name=\"description\" content=\"O maior portal de Economia da Bahia ECONOMIA \/ POL\u00cdTICA Bahia Economica\" \/>\n<meta name=\"robots\" content=\"index, follow, max-snippet:-1, max-image-preview:large, max-video-preview:-1\" \/>\n<link rel=\"canonical\" href=\"https:\/\/bahiaeconomica.com.br\/wp\/2024\/12\/06\/conselho-estadual-de-turismo-comemora-resultados-da-bahia-no-setor-em-balanco-anual\/\" \/>\n<meta property=\"og:locale\" content=\"pt_BR\" \/>\n<meta property=\"og:type\" content=\"article\" \/>\n<meta property=\"og:title\" content=\"CONSELHO ESTADUAL DE TURISMO COMEMORA RESULTADOS DA BAHIA NO SETOR EM BALAN\u00c7O ANUAL - Bahia Economica\" \/>\n<meta property=\"og:description\" content=\"O maior portal de Economia da Bahia ECONOMIA \/ POL\u00cdTICA Bahia Economica\" \/>\n<meta property=\"og:url\" content=\"https:\/\/bahiaeconomica.com.br\/wp\/2024\/12\/06\/conselho-estadual-de-turismo-comemora-resultados-da-bahia-no-setor-em-balanco-anual\/\" \/>\n<meta property=\"og:site_name\" content=\"Bahia Economica\" \/>\n<meta property=\"article:publisher\" content=\"https:\/\/www.facebook.com\/bahiaeconomica\" \/>\n<meta property=\"article:published_time\" content=\"2024-12-06T20:45:43+00:00\" \/>\n<meta property=\"og:image\" content=\"https:\/\/bahiaeconomica.com.br\/wp\/wp-content\/uploads\/2024\/12\/Conselho-Estadual-de-Turismo-comemora-resultados-da-Bahia-no-setor-em-balanco-anual-Foto-Tatiana-Azeviche-Ascom-SeturBA.png\" \/>\n\t<meta property=\"og:image:width\" content=\"1600\" \/>\n\t<meta property=\"og:image:height\" content=\"900\" \/>\n\t<meta property=\"og:image:type\" content=\"image\/png\" \/>\n<meta name=\"author\" content=\"Matheus Souza\" \/>\n<meta name=\"twitter:card\" content=\"summary_large_image\" \/>\n<meta name=\"twitter:label1\" content=\"Escrito por\" \/>\n\t<meta name=\"twitter:data1\" content=\"Matheus Souza\" \/>\n\t<meta name=\"twitter:label2\" content=\"Est. tempo de leitura\" \/>\n\t<meta name=\"twitter:data2\" content=\"3 minutos\" \/>\n<script type=\"application\/ld+json\" class=\"yoast-schema-graph\">{\"@context\":\"https:\/\/schema.org\",\"@graph\":[{\"@type\":\"Article\",\"@id\":\"https:\/\/bahiaeconomica.com.br\/wp\/2024\/12\/06\/conselho-estadual-de-turismo-comemora-resultados-da-bahia-no-setor-em-balanco-anual\/#article\",\"isPartOf\":{\"@id\":\"https:\/\/bahiaeconomica.com.br\/wp\/2024\/12\/06\/conselho-estadual-de-turismo-comemora-resultados-da-bahia-no-setor-em-balanco-anual\/\"},\"author\":{\"name\":\"Matheus Souza\",\"@id\":\"https:\/\/bahiaeconomica.com.br\/wp\/#\/schema\/person\/3304d50cfd32353c7d08c39066638997\"},\"headline\":\"CONSELHO ESTADUAL DE TURISMO COMEMORA RESULTADOS DA BAHIA NO SETOR EM BALAN\u00c7O ANUAL\",\"datePublished\":\"2024-12-06T20:45:43+00:00\",\"dateModified\":\"2024-12-06T20:45:43+00:00\",\"mainEntityOfPage\":{\"@id\":\"https:\/\/bahiaeconomica.com.br\/wp\/2024\/12\/06\/conselho-estadual-de-turismo-comemora-resultados-da-bahia-no-setor-em-balanco-anual\/\"},\"wordCount\":439,\"publisher\":{\"@id\":\"https:\/\/bahiaeconomica.com.br\/wp\/#organization\"},\"keywords\":[\"Bahia\",\"conselho\",\"resultados\",\"Turismo\"],\"articleSection\":[\"ECONOMIA \/ POL\u00cdTICA\"],\"inLanguage\":\"pt-BR\"},{\"@type\":\"WebPage\",\"@id\":\"https:\/\/bahiaeconomica.com.br\/wp\/2024\/12\/06\/conselho-estadual-de-turismo-comemora-resultados-da-bahia-no-setor-em-balanco-anual\/\",\"url\":\"https:\/\/bahiaeconomica.com.br\/wp\/2024\/12\/06\/conselho-estadual-de-turismo-comemora-resultados-da-bahia-no-setor-em-balanco-anual\/\",\"name\":\"CONSELHO ESTADUAL DE TURISMO COMEMORA RESULTADOS DA BAHIA NO SETOR EM BALAN\u00c7O ANUAL - Bahia Economica\",\"isPartOf\":{\"@id\":\"https:\/\/bahiaeconomica.com.br\/wp\/#website\"},\"datePublished\":\"2024-12-06T20:45:43+00:00\",\"dateModified\":\"2024-12-06T20:45:43+00:00\",\"description\":\"O maior portal de Economia da Bahia ECONOMIA \/ POL\u00cdTICA Bahia Economica\",\"breadcrumb\":{\"@id\":\"https:\/\/bahiaeconomica.com.br\/wp\/2024\/12\/06\/conselho-estadual-de-turismo-comemora-resultados-da-bahia-no-setor-em-balanco-anual\/#breadcrumb\"},\"inLanguage\":\"pt-BR\",\"potentialAction\":[{\"@type\":\"ReadAction\",\"target\":[\"https:\/\/bahiaeconomica.com.br\/wp\/2024\/12\/06\/conselho-estadual-de-turismo-comemora-resultados-da-bahia-no-setor-em-balanco-anual\/\"]}]},{\"@type\":\"BreadcrumbList\",\"@id\":\"https:\/\/bahiaeconomica.com.br\/wp\/2024\/12\/06\/conselho-estadual-de-turismo-comemora-resultados-da-bahia-no-setor-em-balanco-anual\/#breadcrumb\",\"itemListElement\":[{\"@type\":\"ListItem\",\"position\":1,\"name\":\"In\u00edcio\",\"item\":\"https:\/\/bahiaeconomica.com.br\/wp\/\"},{\"@type\":\"ListItem\",\"position\":2,\"name\":\"CONSELHO ESTADUAL DE TURISMO COMEMORA RESULTADOS DA BAHIA NO SETOR EM BALAN\u00c7O ANUAL\"}]},{\"@type\":\"WebSite\",\"@id\":\"https:\/\/bahiaeconomica.com.br\/wp\/#website\",\"url\":\"https:\/\/bahiaeconomica.com.br\/wp\/\",\"name\":\"Bahia Economica\",\"description\":\"O maior portal de Economia da Bahia\",\"publisher\":{\"@id\":\"https:\/\/bahiaeconomica.com.br\/wp\/#organization\"},\"potentialAction\":[{\"@type\":\"SearchAction\",\"target\":{\"@type\":\"EntryPoint\",\"urlTemplate\":\"https:\/\/bahiaeconomica.com.br\/wp\/?s={search_term_string}\"},\"query-input\":\"required name=search_term_string\"}],\"inLanguage\":\"pt-BR\"},{\"@type\":\"Organization\",\"@id\":\"https:\/\/bahiaeconomica.com.br\/wp\/#organization\",\"name\":\"Bahia Econ\u00f4mica\",\"url\":\"https:\/\/bahiaeconomica.com.br\/wp\/\",\"logo\":{\"@type\":\"ImageObject\",\"inLanguage\":\"pt-BR\",\"@id\":\"https:\/\/bahiaeconomica.com.br\/wp\/#\/schema\/logo\/image\/\",\"url\":\"https:\/\/bahiaeconomica.com.br\/wp\/wp-content\/uploads\/2020\/12\/cropped-BE.png\",\"contentUrl\":\"https:\/\/bahiaeconomica.com.br\/wp\/wp-content\/uploads\/2020\/12\/cropped-BE.png\",\"width\":512,\"height\":512,\"caption\":\"Bahia Econ\u00f4mica\"},\"image\":{\"@id\":\"https:\/\/bahiaeconomica.com.br\/wp\/#\/schema\/logo\/image\/\"},\"sameAs\":[\"https:\/\/www.facebook.com\/bahiaeconomica\"]},{\"@type\":\"Person\",\"@id\":\"https:\/\/bahiaeconomica.com.br\/wp\/#\/schema\/person\/3304d50cfd32353c7d08c39066638997\",\"name\":\"Matheus Souza\",\"sameAs\":[\"http:\/\/www.bahiaeconomica.com.br\"],\"url\":\"https:\/\/bahiaeconomica.com.br\/wp\/author\/matheus-souza\/\"}]}<\/script>\n<!-- \/ Yoast SEO plugin. -->","yoast_head_json":{"title":"CONSELHO ESTADUAL DE TURISMO COMEMORA RESULTADOS DA BAHIA NO SETOR EM BALAN\u00c7O ANUAL - Bahia Economica","description":"O maior portal de Economia da Bahia ECONOMIA \/ POL\u00cdTICA Bahia Economica","robots":{"index":"index","follow":"follow","max-snippet":"max-snippet:-1","max-image-preview":"max-image-preview:large","max-video-preview":"max-video-preview:-1"},"canonical":"https:\/\/bahiaeconomica.com.br\/wp\/2024\/12\/06\/conselho-estadual-de-turismo-comemora-resultados-da-bahia-no-setor-em-balanco-anual\/","og_locale":"pt_BR","og_type":"article","og_title":"CONSELHO ESTADUAL DE TURISMO COMEMORA RESULTADOS DA BAHIA NO SETOR EM BALAN\u00c7O ANUAL - Bahia Economica","og_description":"O maior portal de Economia da Bahia ECONOMIA \/ POL\u00cdTICA Bahia Economica","og_url":"https:\/\/bahiaeconomica.com.br\/wp\/2024\/12\/06\/conselho-estadual-de-turismo-comemora-resultados-da-bahia-no-setor-em-balanco-anual\/","og_site_name":"Bahia Economica","article_publisher":"https:\/\/www.facebook.com\/bahiaeconomica","article_published_time":"2024-12-06T20:45:43+00:00","og_image":[{"width":1600,"height":900,"url":"https:\/\/bahiaeconomica.com.br\/wp\/wp-content\/uploads\/2024\/12\/Conselho-Estadual-de-Turismo-comemora-resultados-da-Bahia-no-setor-em-balanco-anual-Foto-Tatiana-Azeviche-Ascom-SeturBA.png","type":"image\/png"}],"author":"Matheus Souza","twitter_card":"summary_large_image","twitter_misc":{"Escrito por":"Matheus Souza","Est. tempo de leitura":"3 minutos"},"schema":{"@context":"https:\/\/schema.org","@graph":[{"@type":"Article","@id":"https:\/\/bahiaeconomica.com.br\/wp\/2024\/12\/06\/conselho-estadual-de-turismo-comemora-resultados-da-bahia-no-setor-em-balanco-anual\/#article","isPartOf":{"@id":"https:\/\/bahiaeconomica.com.br\/wp\/2024\/12\/06\/conselho-estadual-de-turismo-comemora-resultados-da-bahia-no-setor-em-balanco-anual\/"},"author":{"name":"Matheus Souza","@id":"https:\/\/bahiaeconomica.com.br\/wp\/#\/schema\/person\/3304d50cfd32353c7d08c39066638997"},"headline":"CONSELHO ESTADUAL DE TURISMO COMEMORA RESULTADOS DA BAHIA NO SETOR EM BALAN\u00c7O ANUAL","datePublished":"2024-12-06T20:45:43+00:00","dateModified":"2024-12-06T20:45:43+00:00","mainEntityOfPage":{"@id":"https:\/\/bahiaeconomica.com.br\/wp\/2024\/12\/06\/conselho-estadual-de-turismo-comemora-resultados-da-bahia-no-setor-em-balanco-anual\/"},"wordCount":439,"publisher":{"@id":"https:\/\/bahiaeconomica.com.br\/wp\/#organization"},"keywords":["Bahia","conselho","resultados","Turismo"],"articleSection":["ECONOMIA \/ POL\u00cdTICA"],"inLanguage":"pt-BR"},{"@type":"WebPage","@id":"https:\/\/bahiaeconomica.com.br\/wp\/2024\/12\/06\/conselho-estadual-de-turismo-comemora-resultados-da-bahia-no-setor-em-balanco-anual\/","url":"https:\/\/bahiaeconomica.com.br\/wp\/2024\/12\/06\/conselho-estadual-de-turismo-comemora-resultados-da-bahia-no-setor-em-balanco-anual\/","name":"CONSELHO ESTADUAL DE TURISMO COMEMORA RESULTADOS DA BAHIA NO SETOR EM BALAN\u00c7O ANUAL - Bahia Economica","isPartOf":{"@id":"https:\/\/bahiaeconomica.com.br\/wp\/#website"},"datePublished":"2024-12-06T20:45:43+00:00","dateModified":"2024-12-06T20:45:43+00:00","description":"O maior portal de Economia da Bahia ECONOMIA \/ POL\u00cdTICA Bahia Economica","breadcrumb":{"@id":"https:\/\/bahiaeconomica.com.br\/wp\/2024\/12\/06\/conselho-estadual-de-turismo-comemora-resultados-da-bahia-no-setor-em-balanco-anual\/#breadcrumb"},"inLanguage":"pt-BR","potentialAction":[{"@type":"ReadAction","target":["https:\/\/bahiaeconomica.com.br\/wp\/2024\/12\/06\/conselho-estadual-de-turismo-comemora-resultados-da-bahia-no-setor-em-balanco-anual\/"]}]},{"@type":"BreadcrumbList","@id":"https:\/\/bahiaeconomica.com.br\/wp\/2024\/12\/06\/conselho-estadual-de-turismo-comemora-resultados-da-bahia-no-setor-em-balanco-anual\/#breadcrumb","itemListElement":[{"@type":"ListItem","position":1,"name":"In\u00edcio","item":"https:\/\/bahiaeconomica.com.br\/wp\/"},{"@type":"ListItem","position":2,"name":"CONSELHO ESTADUAL DE TURISMO COMEMORA RESULTADOS DA BAHIA NO SETOR EM BALAN\u00c7O ANUAL"}]},{"@type":"WebSite","@id":"https:\/\/bahiaeconomica.com.br\/wp\/#website","url":"https:\/\/bahiaeconomica.com.br\/wp\/","name":"Bahia Economica","description":"O maior portal de Economia da Bahia","publisher":{"@id":"https:\/\/bahiaeconomica.com.br\/wp\/#organization"},"potentialAction":[{"@type":"SearchAction","target":{"@type":"EntryPoint","urlTemplate":"https:\/\/bahiaeconomica.com.br\/wp\/?s={search_term_string}"},"query-input":"required name=search_term_string"}],"inLanguage":"pt-BR"},{"@type":"Organization","@id":"https:\/\/bahiaeconomica.com.br\/wp\/#organization","name":"Bahia Econ\u00f4mica","url":"https:\/\/bahiaeconomica.com.br\/wp\/","logo":{"@type":"ImageObject","inLanguage":"pt-BR","@id":"https:\/\/bahiaeconomica.com.br\/wp\/#\/schema\/logo\/image\/","url":"https:\/\/bahiaeconomica.com.br\/wp\/wp-content\/uploads\/2020\/12\/cropped-BE.png","contentUrl":"https:\/\/bahiaeconomica.com.br\/wp\/wp-content\/uploads\/2020\/12\/cropped-BE.png","width":512,"height":512,"caption":"Bahia Econ\u00f4mica"},"image":{"@id":"https:\/\/bahiaeconomica.com.br\/wp\/#\/schema\/logo\/image\/"},"sameAs":["https:\/\/www.facebook.com\/bahiaeconomica"]},{"@type":"Person","@id":"https:\/\/bahiaeconomica.com.br\/wp\/#\/schema\/person\/3304d50cfd32353c7d08c39066638997","name":"Matheus Souza","sameAs":["http:\/\/www.bahiaeconomica.com.br"],"url":"https:\/\/bahiaeconomica.com.br\/wp\/author\/matheus-souza\/"}]}},"views":7,"_links":{"self":[{"href":"https:\/\/bahiaeconomica.com.br\/wp\/wp-json\/wp\/v2\/posts\/864788"}],"collection":[{"href":"https:\/\/bahiaeconomica.com.br\/wp\/wp-json\/wp\/v2\/posts"}],"about":[{"href":"https:\/\/bahiaeconomica.com.br\/wp\/wp-json\/wp\/v2\/types\/post"}],"author":[{"embeddable":true,"href":"https:\/\/bahiaeconomica.com.br\/wp\/wp-json\/wp\/v2\/users\/22"}],"replies":[{"embeddable":true,"href":"https:\/\/bahiaeconomica.com.br\/wp\/wp-json\/wp\/v2\/comments?post=864788"}],"version-history":[{"count":1,"href":"https:\/\/bahiaeconomica.com.br\/wp\/wp-json\/wp\/v2\/posts\/864788\/revisions"}],"predecessor-version":[{"id":864814,"href":"https:\/\/bahiaeconomica.com.br\/wp\/wp-json\/wp\/v2\/posts\/864788\/revisions\/864814"}],"wp:featuredmedia":[{"embeddable":true,"href":"https:\/\/bahiaeconomica.com.br\/wp\/wp-json\/wp\/v2\/media\/864813"}],"wp:attachment":[{"href":"https:\/\/bahiaeconomica.com.br\/wp\/wp-json\/wp\/v2\/media?parent=864788"}],"wp:term":[{"taxonomy":"category","embeddable":true,"href":"https:\/\/bahiaeconomica.com.br\/wp\/wp-json\/wp\/v2\/categories?post=864788"},{"taxonomy":"post_tag","embeddable":true,"href":"https:\/\/bahiaeconomica.com.br\/wp\/wp-json\/wp\/v2\/tags?post=864788"}],"curies":[{"name":"wp","href":"https:\/\/api.w.org\/{rel}","templated":true}]}}