{"id":864722,"date":"2024-12-06T15:58:46","date_gmt":"2024-12-06T18:58:46","guid":{"rendered":"https:\/\/bahiaeconomica.com.br\/wp\/?p=864722"},"modified":"2024-12-06T15:58:46","modified_gmt":"2024-12-06T18:58:46","slug":"sudene-e-pnud-estabelecem-metas-de-acoes-para-2025","status":"publish","type":"post","link":"https:\/\/bahiaeconomica.com.br\/wp\/2024\/12\/06\/sudene-e-pnud-estabelecem-metas-de-acoes-para-2025\/","title":{"rendered":"SUDENE E PNUD ESTABELECEM METAS DE A\u00c7\u00d5ES PARA 2025"},"content":{"rendered":"<p>A Sudene, o Programa das Na\u00e7\u00f5es Unidas para o Desenvolvimento (Pnud) e a Ag\u00eancia Brasileira de Coopera\u00e7\u00e3o (ABC) estabeleceram as metas para a atua\u00e7\u00e3o conjunta em 2025. Entre as a\u00e7\u00f5es previstas, est\u00e3o a atualiza\u00e7\u00e3o da carteira de projetos estruturantes do Plano Regional de Desenvolvimento do Nordeste (PRDNE) e a constru\u00e7\u00e3o de uma plataforma de monitoramento dessas iniciativas. \u00c9 parte do esfor\u00e7o da Superintend\u00eancia do Desenvolvimento do Nordeste a cria\u00e7\u00e3o de um laborat\u00f3rio a cria\u00e7\u00e3o de um observat\u00f3rio para acompanhamento das pol\u00edticas p\u00fablicas em sua \u00e1rea de atua\u00e7\u00e3o.<\/p>\n<p>As tr\u00eas institui\u00e7\u00f5es se re\u00fanem anualmente para avaliar o andamento da parceria, com balan\u00e7o das a\u00e7\u00f5es em andamento e planejar os pr\u00f3ximos passos. &#8220;Em 2024, destaco as a\u00e7\u00f5es voltadas para os setores de cal\u00e7ados e confec\u00e7\u00f5es da \u00e1rea de atua\u00e7\u00e3o da Sudene e o apoio \u00e0 rede de munic\u00edpios do G52 (munic\u00edpios polo do Nordeste)&#8221;, apontou o diretor de Planejamento e Articula\u00e7\u00e3o de Pol\u00edticas, \u00c1lvaro Ribeiro.<\/p>\n<p>Tamb\u00e9m foram elaborados estudos de complexidade econ\u00f4mica e planos de a\u00e7\u00e3o estrat\u00e9gica para o desenvolvimento sustent\u00e1vel das Bacias Hidrogr\u00e1ficas do Rio Parna\u00edba, Rio S\u00e3o Francisco e \u00e1rea de abrang\u00eancia do Projeto de Integra\u00e7\u00e3o do Rio S\u00e3o Francisco (PISF), al\u00e9m a carteira de Projetos Estruturadores para o munic\u00edpio de Feira de Santana (BA), com horizonte de implementa\u00e7\u00e3o at\u00e9 2035.<\/p>\n<p>De acordo com o coordenador de Planos, Programas e Projetos da Sudene, Renato Vaz, da Coordena\u00e7\u00e3o Geral de Coopera\u00e7\u00e3o e Articula\u00e7\u00e3o de Pol\u00edticas da Diretoria de Planejamento, a parceria com o Pnud e a ABC agrega conhecimento e capacidade institucional \u00e0 Autarquia. &#8220;O Pnud \u00e9 um parceiro que tem muita expertise, melhores pr\u00e1ticas, metodologias e capacidade de articula\u00e7\u00e3o com parceiros internacionais, contribuindo de maneira valorosa para que a Sudene alcance sua miss\u00e3o institucional&#8221;, comentou.<\/p>\n<p>Na abertura da reuni\u00e3o, a economista Tania Bacelar apresentou uma an\u00e1lise pr\u00e9via o estudo, liderado por ela, sobre Fundo de Desenvolvimento do Nordeste (FDNE), um dos principais instrumentos de a\u00e7\u00e3o da Sudene. H\u00e1 uma possibilidade de que de ampliar a coopera\u00e7\u00e3o com o Pnud na perspectiva de fortalecer o financiamento para o desenvolvimento sustent\u00e1vel do Nordeste.<\/p>\n<p>O diretor de Administra\u00e7\u00e3o da Sudene, Jos\u00e9 Lindoso, ressaltou a import\u00e2ncia de aperfei\u00e7oamento cont\u00ednuo dos instrumentos de financiamento da Autarquia. &#8220;\u00c9 uma determina\u00e7\u00e3o do presidente Lula em democratizar o acesso a cr\u00e9dito e, nos \u00faltimos anos, os recursos do FDNE, por exemplo, foram destinados em grande medida para a energia renov\u00e1vel. Embora seja uma destina\u00e7\u00e3o estrat\u00e9gica para os recursos, precisamos responder os demais desafios da Regi\u00e3o&#8221;, disse.<\/p>\n<p>Para a Maristela Baioni, representante-residente assistente e coordenadora da Unidade de Programa, do Pnud, a reuni\u00e3o foi bastante prof\u00edcua. &#8220;Tivemos v\u00e1rias ideias positivas e grande possibilidade de estruturar um suporte maior para o desenvolvimento do Nordeste, buscando tanto alavancar recursos nacionais e internacionais para apoiarmos a transi\u00e7\u00e3o para um desenvolvimento justo, inclusivo economicamente rent\u00e1vel, inclusive do ponto de vista social&#8221;, afirmou<\/p>\n<p>As duas institui\u00e7\u00f5es firmaram um acordo de coopera\u00e7\u00e3o t\u00e9cnica em 2017, buscando a realiza\u00e7\u00e3o de a\u00e7\u00f5es vinculadas \u00e0 Agenda 2030, com seus objetivos de desenvolvimento sustent\u00e1vel. &#8220;Esse \u00e9 um projeto muito promissor e estamos bastante animados com a nova possibilidade de ampliar a parceria e fortalecer os la\u00e7os de coopera\u00e7\u00e3o entre as tr\u00eas institui\u00e7\u00f5es&#8221;, comentou Maristela Baioni.<\/p>\n<p>&nbsp;<\/p>\n<p>Foto: Elvis Aleluia\/ Sudene<\/p>\n","protected":false},"excerpt":{"rendered":"<p>A Sudene, o Programa das Na\u00e7\u00f5es Unidas para o Desenvolvimento (Pnud) e a Ag\u00eancia Brasileira de Coopera\u00e7\u00e3o (ABC) estabeleceram as metas para a atua\u00e7\u00e3o conjunta em 2025. Entre as a\u00e7\u00f5es previstas, est\u00e3o a atualiza\u00e7\u00e3o da carteira de projetos estruturantes do Plano Regional de Desenvolvimento do Nordeste (PRDNE) e a constru\u00e7\u00e3o de uma plataforma de monitoramento [&hellip;]<\/p>\n","protected":false},"author":22,"featured_media":751315,"comment_status":"closed","ping_status":"closed","sticky":false,"template":"","format":"standard","meta":[],"categories":[3],"tags":[6011,1846,3452,8782],"acf":[],"yoast_head":"<!-- This site is optimized with the Yoast SEO plugin v20.8 - https:\/\/yoast.com\/wordpress\/plugins\/seo\/ -->\n<title>SUDENE E PNUD ESTABELECEM METAS DE A\u00c7\u00d5ES PARA 2025 - Bahia Economica<\/title>\n<meta name=\"description\" content=\"O maior portal de Economia da Bahia ECONOMIA \/ POL\u00cdTICA Bahia Economica\" \/>\n<meta name=\"robots\" content=\"index, follow, max-snippet:-1, max-image-preview:large, max-video-preview:-1\" \/>\n<link rel=\"canonical\" href=\"https:\/\/bahiaeconomica.com.br\/wp\/2024\/12\/06\/sudene-e-pnud-estabelecem-metas-de-acoes-para-2025\/\" \/>\n<meta property=\"og:locale\" content=\"pt_BR\" \/>\n<meta property=\"og:type\" content=\"article\" \/>\n<meta property=\"og:title\" content=\"SUDENE E PNUD ESTABELECEM METAS DE A\u00c7\u00d5ES PARA 2025 - Bahia Economica\" \/>\n<meta property=\"og:description\" content=\"O maior portal de Economia da Bahia ECONOMIA \/ POL\u00cdTICA Bahia Economica\" \/>\n<meta property=\"og:url\" content=\"https:\/\/bahiaeconomica.com.br\/wp\/2024\/12\/06\/sudene-e-pnud-estabelecem-metas-de-acoes-para-2025\/\" \/>\n<meta property=\"og:site_name\" content=\"Bahia Economica\" \/>\n<meta property=\"article:publisher\" content=\"https:\/\/www.facebook.com\/bahiaeconomica\" \/>\n<meta property=\"article:published_time\" content=\"2024-12-06T18:58:46+00:00\" \/>\n<meta property=\"og:image\" content=\"https:\/\/bahiaeconomica.com.br\/wp\/wp-content\/uploads\/2023\/07\/Sudene01.jpg\" \/>\n\t<meta property=\"og:image:width\" content=\"748\" \/>\n\t<meta property=\"og:image:height\" content=\"436\" \/>\n\t<meta property=\"og:image:type\" content=\"image\/jpeg\" \/>\n<meta name=\"author\" content=\"Matheus Souza\" \/>\n<meta name=\"twitter:card\" content=\"summary_large_image\" \/>\n<meta name=\"twitter:label1\" content=\"Escrito por\" \/>\n\t<meta name=\"twitter:data1\" content=\"Matheus Souza\" \/>\n\t<meta name=\"twitter:label2\" content=\"Est. tempo de leitura\" \/>\n\t<meta name=\"twitter:data2\" content=\"3 minutos\" \/>\n<script type=\"application\/ld+json\" class=\"yoast-schema-graph\">{\"@context\":\"https:\/\/schema.org\",\"@graph\":[{\"@type\":\"Article\",\"@id\":\"https:\/\/bahiaeconomica.com.br\/wp\/2024\/12\/06\/sudene-e-pnud-estabelecem-metas-de-acoes-para-2025\/#article\",\"isPartOf\":{\"@id\":\"https:\/\/bahiaeconomica.com.br\/wp\/2024\/12\/06\/sudene-e-pnud-estabelecem-metas-de-acoes-para-2025\/\"},\"author\":{\"name\":\"Matheus Souza\",\"@id\":\"https:\/\/bahiaeconomica.com.br\/wp\/#\/schema\/person\/3304d50cfd32353c7d08c39066638997\"},\"headline\":\"SUDENE E PNUD ESTABELECEM METAS DE A\u00c7\u00d5ES PARA 2025\",\"datePublished\":\"2024-12-06T18:58:46+00:00\",\"dateModified\":\"2024-12-06T18:58:46+00:00\",\"mainEntityOfPage\":{\"@id\":\"https:\/\/bahiaeconomica.com.br\/wp\/2024\/12\/06\/sudene-e-pnud-estabelecem-metas-de-acoes-para-2025\/\"},\"wordCount\":611,\"publisher\":{\"@id\":\"https:\/\/bahiaeconomica.com.br\/wp\/#organization\"},\"keywords\":[\"2025\",\"a\u00e7\u00f5es\",\"PNUD\",\"Sudene\"],\"articleSection\":[\"ECONOMIA \/ POL\u00cdTICA\"],\"inLanguage\":\"pt-BR\"},{\"@type\":\"WebPage\",\"@id\":\"https:\/\/bahiaeconomica.com.br\/wp\/2024\/12\/06\/sudene-e-pnud-estabelecem-metas-de-acoes-para-2025\/\",\"url\":\"https:\/\/bahiaeconomica.com.br\/wp\/2024\/12\/06\/sudene-e-pnud-estabelecem-metas-de-acoes-para-2025\/\",\"name\":\"SUDENE E PNUD ESTABELECEM METAS DE A\u00c7\u00d5ES PARA 2025 - Bahia Economica\",\"isPartOf\":{\"@id\":\"https:\/\/bahiaeconomica.com.br\/wp\/#website\"},\"datePublished\":\"2024-12-06T18:58:46+00:00\",\"dateModified\":\"2024-12-06T18:58:46+00:00\",\"description\":\"O maior portal de Economia da Bahia ECONOMIA \/ POL\u00cdTICA Bahia Economica\",\"breadcrumb\":{\"@id\":\"https:\/\/bahiaeconomica.com.br\/wp\/2024\/12\/06\/sudene-e-pnud-estabelecem-metas-de-acoes-para-2025\/#breadcrumb\"},\"inLanguage\":\"pt-BR\",\"potentialAction\":[{\"@type\":\"ReadAction\",\"target\":[\"https:\/\/bahiaeconomica.com.br\/wp\/2024\/12\/06\/sudene-e-pnud-estabelecem-metas-de-acoes-para-2025\/\"]}]},{\"@type\":\"BreadcrumbList\",\"@id\":\"https:\/\/bahiaeconomica.com.br\/wp\/2024\/12\/06\/sudene-e-pnud-estabelecem-metas-de-acoes-para-2025\/#breadcrumb\",\"itemListElement\":[{\"@type\":\"ListItem\",\"position\":1,\"name\":\"In\u00edcio\",\"item\":\"https:\/\/bahiaeconomica.com.br\/wp\/\"},{\"@type\":\"ListItem\",\"position\":2,\"name\":\"SUDENE E PNUD ESTABELECEM METAS DE A\u00c7\u00d5ES PARA 2025\"}]},{\"@type\":\"WebSite\",\"@id\":\"https:\/\/bahiaeconomica.com.br\/wp\/#website\",\"url\":\"https:\/\/bahiaeconomica.com.br\/wp\/\",\"name\":\"Bahia Economica\",\"description\":\"O maior portal de Economia da Bahia\",\"publisher\":{\"@id\":\"https:\/\/bahiaeconomica.com.br\/wp\/#organization\"},\"potentialAction\":[{\"@type\":\"SearchAction\",\"target\":{\"@type\":\"EntryPoint\",\"urlTemplate\":\"https:\/\/bahiaeconomica.com.br\/wp\/?s={search_term_string}\"},\"query-input\":\"required name=search_term_string\"}],\"inLanguage\":\"pt-BR\"},{\"@type\":\"Organization\",\"@id\":\"https:\/\/bahiaeconomica.com.br\/wp\/#organization\",\"name\":\"Bahia Econ\u00f4mica\",\"url\":\"https:\/\/bahiaeconomica.com.br\/wp\/\",\"logo\":{\"@type\":\"ImageObject\",\"inLanguage\":\"pt-BR\",\"@id\":\"https:\/\/bahiaeconomica.com.br\/wp\/#\/schema\/logo\/image\/\",\"url\":\"https:\/\/bahiaeconomica.com.br\/wp\/wp-content\/uploads\/2020\/12\/cropped-BE.png\",\"contentUrl\":\"https:\/\/bahiaeconomica.com.br\/wp\/wp-content\/uploads\/2020\/12\/cropped-BE.png\",\"width\":512,\"height\":512,\"caption\":\"Bahia Econ\u00f4mica\"},\"image\":{\"@id\":\"https:\/\/bahiaeconomica.com.br\/wp\/#\/schema\/logo\/image\/\"},\"sameAs\":[\"https:\/\/www.facebook.com\/bahiaeconomica\"]},{\"@type\":\"Person\",\"@id\":\"https:\/\/bahiaeconomica.com.br\/wp\/#\/schema\/person\/3304d50cfd32353c7d08c39066638997\",\"name\":\"Matheus Souza\",\"sameAs\":[\"http:\/\/www.bahiaeconomica.com.br\"],\"url\":\"https:\/\/bahiaeconomica.com.br\/wp\/author\/matheus-souza\/\"}]}<\/script>\n<!-- \/ Yoast SEO plugin. -->","yoast_head_json":{"title":"SUDENE E PNUD ESTABELECEM METAS DE A\u00c7\u00d5ES PARA 2025 - Bahia Economica","description":"O maior portal de Economia da Bahia ECONOMIA \/ POL\u00cdTICA Bahia Economica","robots":{"index":"index","follow":"follow","max-snippet":"max-snippet:-1","max-image-preview":"max-image-preview:large","max-video-preview":"max-video-preview:-1"},"canonical":"https:\/\/bahiaeconomica.com.br\/wp\/2024\/12\/06\/sudene-e-pnud-estabelecem-metas-de-acoes-para-2025\/","og_locale":"pt_BR","og_type":"article","og_title":"SUDENE E PNUD ESTABELECEM METAS DE A\u00c7\u00d5ES PARA 2025 - Bahia Economica","og_description":"O maior portal de Economia da Bahia ECONOMIA \/ POL\u00cdTICA Bahia Economica","og_url":"https:\/\/bahiaeconomica.com.br\/wp\/2024\/12\/06\/sudene-e-pnud-estabelecem-metas-de-acoes-para-2025\/","og_site_name":"Bahia Economica","article_publisher":"https:\/\/www.facebook.com\/bahiaeconomica","article_published_time":"2024-12-06T18:58:46+00:00","og_image":[{"width":748,"height":436,"url":"https:\/\/bahiaeconomica.com.br\/wp\/wp-content\/uploads\/2023\/07\/Sudene01.jpg","type":"image\/jpeg"}],"author":"Matheus Souza","twitter_card":"summary_large_image","twitter_misc":{"Escrito por":"Matheus Souza","Est. tempo de leitura":"3 minutos"},"schema":{"@context":"https:\/\/schema.org","@graph":[{"@type":"Article","@id":"https:\/\/bahiaeconomica.com.br\/wp\/2024\/12\/06\/sudene-e-pnud-estabelecem-metas-de-acoes-para-2025\/#article","isPartOf":{"@id":"https:\/\/bahiaeconomica.com.br\/wp\/2024\/12\/06\/sudene-e-pnud-estabelecem-metas-de-acoes-para-2025\/"},"author":{"name":"Matheus Souza","@id":"https:\/\/bahiaeconomica.com.br\/wp\/#\/schema\/person\/3304d50cfd32353c7d08c39066638997"},"headline":"SUDENE E PNUD ESTABELECEM METAS DE A\u00c7\u00d5ES PARA 2025","datePublished":"2024-12-06T18:58:46+00:00","dateModified":"2024-12-06T18:58:46+00:00","mainEntityOfPage":{"@id":"https:\/\/bahiaeconomica.com.br\/wp\/2024\/12\/06\/sudene-e-pnud-estabelecem-metas-de-acoes-para-2025\/"},"wordCount":611,"publisher":{"@id":"https:\/\/bahiaeconomica.com.br\/wp\/#organization"},"keywords":["2025","a\u00e7\u00f5es","PNUD","Sudene"],"articleSection":["ECONOMIA \/ POL\u00cdTICA"],"inLanguage":"pt-BR"},{"@type":"WebPage","@id":"https:\/\/bahiaeconomica.com.br\/wp\/2024\/12\/06\/sudene-e-pnud-estabelecem-metas-de-acoes-para-2025\/","url":"https:\/\/bahiaeconomica.com.br\/wp\/2024\/12\/06\/sudene-e-pnud-estabelecem-metas-de-acoes-para-2025\/","name":"SUDENE E PNUD ESTABELECEM METAS DE A\u00c7\u00d5ES PARA 2025 - Bahia Economica","isPartOf":{"@id":"https:\/\/bahiaeconomica.com.br\/wp\/#website"},"datePublished":"2024-12-06T18:58:46+00:00","dateModified":"2024-12-06T18:58:46+00:00","description":"O maior portal de Economia da Bahia ECONOMIA \/ POL\u00cdTICA Bahia Economica","breadcrumb":{"@id":"https:\/\/bahiaeconomica.com.br\/wp\/2024\/12\/06\/sudene-e-pnud-estabelecem-metas-de-acoes-para-2025\/#breadcrumb"},"inLanguage":"pt-BR","potentialAction":[{"@type":"ReadAction","target":["https:\/\/bahiaeconomica.com.br\/wp\/2024\/12\/06\/sudene-e-pnud-estabelecem-metas-de-acoes-para-2025\/"]}]},{"@type":"BreadcrumbList","@id":"https:\/\/bahiaeconomica.com.br\/wp\/2024\/12\/06\/sudene-e-pnud-estabelecem-metas-de-acoes-para-2025\/#breadcrumb","itemListElement":[{"@type":"ListItem","position":1,"name":"In\u00edcio","item":"https:\/\/bahiaeconomica.com.br\/wp\/"},{"@type":"ListItem","position":2,"name":"SUDENE E PNUD ESTABELECEM METAS DE A\u00c7\u00d5ES PARA 2025"}]},{"@type":"WebSite","@id":"https:\/\/bahiaeconomica.com.br\/wp\/#website","url":"https:\/\/bahiaeconomica.com.br\/wp\/","name":"Bahia Economica","description":"O maior portal de Economia da Bahia","publisher":{"@id":"https:\/\/bahiaeconomica.com.br\/wp\/#organization"},"potentialAction":[{"@type":"SearchAction","target":{"@type":"EntryPoint","urlTemplate":"https:\/\/bahiaeconomica.com.br\/wp\/?s={search_term_string}"},"query-input":"required name=search_term_string"}],"inLanguage":"pt-BR"},{"@type":"Organization","@id":"https:\/\/bahiaeconomica.com.br\/wp\/#organization","name":"Bahia Econ\u00f4mica","url":"https:\/\/bahiaeconomica.com.br\/wp\/","logo":{"@type":"ImageObject","inLanguage":"pt-BR","@id":"https:\/\/bahiaeconomica.com.br\/wp\/#\/schema\/logo\/image\/","url":"https:\/\/bahiaeconomica.com.br\/wp\/wp-content\/uploads\/2020\/12\/cropped-BE.png","contentUrl":"https:\/\/bahiaeconomica.com.br\/wp\/wp-content\/uploads\/2020\/12\/cropped-BE.png","width":512,"height":512,"caption":"Bahia Econ\u00f4mica"},"image":{"@id":"https:\/\/bahiaeconomica.com.br\/wp\/#\/schema\/logo\/image\/"},"sameAs":["https:\/\/www.facebook.com\/bahiaeconomica"]},{"@type":"Person","@id":"https:\/\/bahiaeconomica.com.br\/wp\/#\/schema\/person\/3304d50cfd32353c7d08c39066638997","name":"Matheus Souza","sameAs":["http:\/\/www.bahiaeconomica.com.br"],"url":"https:\/\/bahiaeconomica.com.br\/wp\/author\/matheus-souza\/"}]}},"views":20,"_links":{"self":[{"href":"https:\/\/bahiaeconomica.com.br\/wp\/wp-json\/wp\/v2\/posts\/864722"}],"collection":[{"href":"https:\/\/bahiaeconomica.com.br\/wp\/wp-json\/wp\/v2\/posts"}],"about":[{"href":"https:\/\/bahiaeconomica.com.br\/wp\/wp-json\/wp\/v2\/types\/post"}],"author":[{"embeddable":true,"href":"https:\/\/bahiaeconomica.com.br\/wp\/wp-json\/wp\/v2\/users\/22"}],"replies":[{"embeddable":true,"href":"https:\/\/bahiaeconomica.com.br\/wp\/wp-json\/wp\/v2\/comments?post=864722"}],"version-history":[{"count":1,"href":"https:\/\/bahiaeconomica.com.br\/wp\/wp-json\/wp\/v2\/posts\/864722\/revisions"}],"predecessor-version":[{"id":864725,"href":"https:\/\/bahiaeconomica.com.br\/wp\/wp-json\/wp\/v2\/posts\/864722\/revisions\/864725"}],"wp:featuredmedia":[{"embeddable":true,"href":"https:\/\/bahiaeconomica.com.br\/wp\/wp-json\/wp\/v2\/media\/751315"}],"wp:attachment":[{"href":"https:\/\/bahiaeconomica.com.br\/wp\/wp-json\/wp\/v2\/media?parent=864722"}],"wp:term":[{"taxonomy":"category","embeddable":true,"href":"https:\/\/bahiaeconomica.com.br\/wp\/wp-json\/wp\/v2\/categories?post=864722"},{"taxonomy":"post_tag","embeddable":true,"href":"https:\/\/bahiaeconomica.com.br\/wp\/wp-json\/wp\/v2\/tags?post=864722"}],"curies":[{"name":"wp","href":"https:\/\/api.w.org\/{rel}","templated":true}]}}